{"id":25184,"date":"2009-09-01T18:51:28","date_gmt":"2009-09-01T16:51:28","guid":{"rendered":"http:\/\/www.visit-ulcinj.com\/blog\/?p=25184"},"modified":"2009-09-01T18:51:28","modified_gmt":"2009-09-01T16:51:28","slug":"sezon-i-frytshem-turistik-per-ulqin","status":"publish","type":"post","link":"https:\/\/www.visit-ulcinj.com\/blog\/2009\/09\/01\/sezon-i-frytshem-turistik-per-ulqin\/","title":{"rendered":"Sezon i frytsh\u00ebm turistik p\u00ebr Ulqin"},"content":{"rendered":"<p><a href=\"http:\/\/www.visit-ulcinj.com\/blog\/wp-content\/uploads\/2009\/08\/Zbritje-per-pushime-ne-Ulqin.jpg\"><img loading=\"lazy\" class=\"alignleft size-full wp-image-24814\" title=\"Zbritje per pushime ne Ulqin\" src=\"http:\/\/www.visit-ulcinj.com\/blog\/wp-content\/uploads\/2009\/08\/Zbritje-per-pushime-ne-Ulqin.jpg\" alt=\"Zbritje per pushime ne Ulqin\" width=\"580\" height=\"400\" \/><\/a>Pas mbylljes s\u00eb sezonit turistik n\u00eb Ulqin, akomodimi, ushqimi dhe sh\u00ebrbimet do t\u00eb jen\u00eb 20-30 p\u00ebr qind m\u00eb lir\u00eb se gjat\u00eb korrikut dhe gushtit<br \/>\nKesaj vere n\u00eb Ulqin jan\u00eb d\u00ebgjuar gjuh\u00eb t\u00eb ndryshme, q\u00eb tregon se ai kishte nj\u00eb struktur\u00eb tjet\u00ebr t\u00eb turist\u00ebve, t\u00eb cil\u00ebt n\u00eb num\u00ebr rekord erdh\u00ebn nga vendet e rajonit, por edhe nga Evropa. Numri i tyre ishte 13 p\u00ebr qind m\u00eb i lart\u00eb se vjet n\u00eb fund t\u00eb gushtit, shkruan e p\u00ebrditshmja podgoricase \u201cPobjeda\u201d.<\/p>\n<p>Zakonisht n\u00eb fund t\u00eb gushtit, p\u00ebr shkak t\u00eb fillimit t\u00eb vitit t\u00eb ri shkollor, bie numri i mysafir\u00ebve. Mir\u00ebpo, kjo sivjet nuk po v\u00ebrehet n\u00eb Ulqin. Sipas t\u00eb dh\u00ebnave zyrtare n\u00eb k\u00ebt\u00eb komun\u00eb pushojn\u00eb rreth 20 mij\u00eb turist\u00eb t\u00eb regjistruar.<\/p>\n<p>\u201cPas qershorit e majit t\u00eb mir\u00eb, n\u00eb korrik \u00ebsht\u00eb v\u00ebrejtur nj\u00eb r\u00ebnie e leht\u00eb. Filluan dit\u00ebt me shi. Mir\u00ebpo, kah fundi i k\u00ebtij muaji gjendja u p\u00ebrmir\u00ebsua dhe gjendje e till\u00eb vazhdon edhe tash. Gushti n\u00eb nj\u00eb m\u00ebnyr\u00eb ka kompensuar minuset e muajve t\u00eb m\u00ebhersh\u00ebm\u201d, ka deklaruar Vaso Radoviq, p\u00ebrgjegj\u00ebs p\u00ebr Ekonomi dhe Zhvillim n\u00eb Ulqin.<\/p>\n<p>Me v\u00ebrejtjen se n\u00eb k\u00ebt\u00eb komun\u00eb q\u00ebndron edhe nj\u00eb num\u00ebr i madh i turist\u00ebve q\u00eb nuk regjistrohen, ai shton se k\u00ebtu ka m\u00eb shum\u00eb mysafir\u00eb se q\u00eb tregojn\u00eb shifrat zyrtare.<\/p>\n<p>\u201cNa g\u00ebzon prania kaq e madhe e mysafir\u00ebve. K\u00ebsaj vere mysafir\u00ebt nga Kosova nuk dominojn\u00eb si ka ndodhur n\u00eb dy dekadat e fundit, pasi q\u00eb kan\u00eb ardhur shum\u00eb turist\u00eb nga Bosnja, Serbia dhe nga vendet e tjera t\u00eb rajonit\u201d, shton Radoviq.<\/p>\n<p>Mir\u00ebpo, nuk ka qen\u00eb i vog\u00ebl as numri i turist\u00ebve nga Shqip\u00ebria. Radoviq thot\u00eb se n\u00eb vendkalimin kufitar n\u00eb Sukobin\u00eb, brenda dit\u00eb kan\u00eb kaluar nga 8.500 veta. Jan\u00eb evidentuar 21 autobus\u00eb p\u00ebrplot turist\u00eb q\u00eb nga ky vendkalim kan\u00eb hyr\u00eb n\u00eb Mal t\u00eb Zi.<\/p>\n<p>Sado q\u00eb Ulqini ka munges\u00eb t\u00eb kapaciteteve hoteliere t\u00eb standardit t\u00eb lart\u00eb, oferta e sivjetme i \u00ebsht\u00eb p\u00ebrgjigjur k\u00ebrkes\u00ebs. Ajo \u00ebsht\u00eb begatuar me nj\u00eb num\u00ebr t\u00eb madh t\u00eb objekteve t\u00eb reja hoteliere dhe apartamenteve n\u00eb sht\u00ebpit\u00eb private, posa\u00e7\u00ebrisht p\u00ebrgjat\u00eb Plazhit t\u00eb Madh.<\/p>\n<p>Ka shpres\u00eb se n\u00eb Ulqin sezoni turistik do t\u00eb jet\u00eb m\u00eb i gjat\u00eb p\u00ebr shkak t\u00eb koh\u00ebs s\u00eb mir\u00eb q\u00eb po mbret\u00ebron. Zyrtar\u00ebt e k\u00ebsaj komune edhe pas gushtit shpresojn\u00eb se do t\u00eb vijn\u00eb turist\u00eb t\u00eb tjer\u00eb, pasi q\u00eb akomodimi, ushqimi dhe sh\u00ebrbimet do t\u00eb jen\u00eb 20-30 p\u00ebr qind m\u00eb lir\u00eb se gjat\u00eb korrikut dhe gushtit, shkruan \u201cPobjeda\u201d.<\/p>\n<p><strong>Gazeta Express<\/strong><\/p>\n<p><strong><!--YouTube Error: bad URL entered--><br \/>\n<\/strong><\/p>\n<p><strong><br \/>\n<\/strong><\/p>\n","protected":false},"excerpt":{"rendered":"<p>Pas mbylljes s\u00eb sezonit turistik n\u00eb Ulqin, akomodimi, ushqimi dhe sh\u00ebrbimet do t\u00eb jen\u00eb 20-30 p\u00ebr qind m\u00eb lir\u00eb se gjat\u00eb korrikut dhe gushtit Kesaj vere n\u00eb Ulqin jan\u00eb d\u00ebgjuar gjuh\u00eb t\u00eb ndryshme, q\u00eb tregon se ai kishte nj\u00eb struktur\u00eb tjet\u00ebr t\u00eb turist\u00ebve, t\u00eb cil\u00ebt n\u00eb num\u00ebr rekord erdh\u00ebn nga vendet e rajonit, por edhe [&hellip;]<\/p>\n","protected":false},"author":1,"featured_media":0,"comment_status":"open","ping_status":"closed","sticky":false,"template":"","format":"standard","meta":{"spay_email":"","jetpack_publicize_message":"","jetpack_is_tweetstorm":false,"jetpack_publicize_feature_enabled":true},"categories":[15],"tags":[95,22016,12323,200,18,2782],"jetpack_publicize_connections":[],"yoast_head":"<!-- This site is optimized with the Yoast SEO plugin v19.1 - https:\/\/yoast.com\/wordpress\/plugins\/seo\/ -->\n<title>Sezon i frytsh\u00ebm turistik p\u00ebr Ulqin - Lajme nga Ulqini<\/title>\n<meta name=\"description\" content=\"Pas mbylljes s\u00eb sezonit turistik n\u00eb Ulqin, akomodimi, ushqimi dhe sh\u00ebrbimet do t\u00eb jen\u00eb 20-30 p\u00ebr qind m\u00eb lir\u00eb se gjat\u00eb korrikut dhe gushtit Kesaj vere n\u00eb\" \/>\n<meta name=\"robots\" content=\"index, follow, max-snippet:-1, max-image-preview:large, max-video-preview:-1\" \/>\n<link rel=\"canonical\" href=\"https:\/\/www.visit-ulcinj.com\/blog\/2009\/09\/01\/sezon-i-frytshem-turistik-per-ulqin\/\" \/>\n<meta property=\"og:locale\" content=\"en_US\" \/>\n<meta property=\"og:type\" content=\"article\" \/>\n<meta property=\"og:title\" content=\"Sezon i frytsh\u00ebm turistik p\u00ebr Ulqin - Lajme nga Ulqini\" \/>\n<meta property=\"og:description\" content=\"Pas mbylljes s\u00eb sezonit turistik n\u00eb Ulqin, akomodimi, ushqimi dhe sh\u00ebrbimet do t\u00eb jen\u00eb 20-30 p\u00ebr qind m\u00eb lir\u00eb se gjat\u00eb korrikut dhe gushtit Kesaj vere n\u00eb\" \/>\n<meta property=\"og:url\" content=\"https:\/\/www.visit-ulcinj.com\/blog\/2009\/09\/01\/sezon-i-frytshem-turistik-per-ulqin\/\" \/>\n<meta property=\"og:site_name\" content=\"Lajme nga Ulqini\" \/>\n<meta property=\"article:published_time\" content=\"2009-09-01T16:51:28+00:00\" \/>\n<meta property=\"og:image\" content=\"http:\/\/www.visit-ulcinj.com\/blog\/wp-content\/uploads\/2009\/08\/Zbritje-per-pushime-ne-Ulqin.jpg\" \/>\n<meta name=\"twitter:label1\" content=\"Written by\" \/>\n\t<meta name=\"twitter:data1\" content=\"ulqini\" \/>\n\t<meta name=\"twitter:label2\" content=\"Est. reading time\" \/>\n\t<meta name=\"twitter:data2\" content=\"2 minutes\" \/>\n<script type=\"application\/ld+json\" class=\"yoast-schema-graph\">{\"@context\":\"https:\/\/schema.org\",\"@graph\":[{\"@type\":\"WebSite\",\"@id\":\"https:\/\/www.visit-ulcinj.com\/blog\/#website\",\"url\":\"https:\/\/www.visit-ulcinj.com\/blog\/\",\"name\":\"Lajme nga Ulqini\",\"description\":\"Lajme,Vijesti,Ulqini,Ulqin,Crna Gora,Mali i Zi\",\"potentialAction\":[{\"@type\":\"SearchAction\",\"target\":{\"@type\":\"EntryPoint\",\"urlTemplate\":\"https:\/\/www.visit-ulcinj.com\/blog\/?s={search_term_string}\"},\"query-input\":\"required name=search_term_string\"}],\"inLanguage\":\"en-US\"},{\"@type\":\"ImageObject\",\"inLanguage\":\"en-US\",\"@id\":\"https:\/\/www.visit-ulcinj.com\/blog\/2009\/09\/01\/sezon-i-frytshem-turistik-per-ulqin\/#primaryimage\",\"url\":\"https:\/\/www.visit-ulcinj.com\/blog\/wp-content\/uploads\/2009\/08\/Zbritje-per-pushime-ne-Ulqin.jpg\",\"contentUrl\":\"https:\/\/www.visit-ulcinj.com\/blog\/wp-content\/uploads\/2009\/08\/Zbritje-per-pushime-ne-Ulqin.jpg\",\"width\":\"800\",\"height\":\"400\"},{\"@type\":\"WebPage\",\"@id\":\"https:\/\/www.visit-ulcinj.com\/blog\/2009\/09\/01\/sezon-i-frytshem-turistik-per-ulqin\/#webpage\",\"url\":\"https:\/\/www.visit-ulcinj.com\/blog\/2009\/09\/01\/sezon-i-frytshem-turistik-per-ulqin\/\",\"name\":\"Sezon i frytsh\u00ebm turistik p\u00ebr Ulqin - Lajme nga Ulqini\",\"isPartOf\":{\"@id\":\"https:\/\/www.visit-ulcinj.com\/blog\/#website\"},\"primaryImageOfPage\":{\"@id\":\"https:\/\/www.visit-ulcinj.com\/blog\/2009\/09\/01\/sezon-i-frytshem-turistik-per-ulqin\/#primaryimage\"},\"datePublished\":\"2009-09-01T16:51:28+00:00\",\"dateModified\":\"2009-09-01T16:51:28+00:00\",\"author\":{\"@id\":\"https:\/\/www.visit-ulcinj.com\/blog\/#\/schema\/person\/dcab619c614d3038751c63bc2aadc06d\"},\"description\":\"Pas mbylljes s\u00eb sezonit turistik n\u00eb Ulqin, akomodimi, ushqimi dhe sh\u00ebrbimet do t\u00eb jen\u00eb 20-30 p\u00ebr qind m\u00eb lir\u00eb se gjat\u00eb korrikut dhe gushtit Kesaj vere n\u00eb\",\"breadcrumb\":{\"@id\":\"https:\/\/www.visit-ulcinj.com\/blog\/2009\/09\/01\/sezon-i-frytshem-turistik-per-ulqin\/#breadcrumb\"},\"inLanguage\":\"en-US\",\"potentialAction\":[{\"@type\":\"ReadAction\",\"target\":[\"https:\/\/www.visit-ulcinj.com\/blog\/2009\/09\/01\/sezon-i-frytshem-turistik-per-ulqin\/\"]}]},{\"@type\":\"BreadcrumbList\",\"@id\":\"https:\/\/www.visit-ulcinj.com\/blog\/2009\/09\/01\/sezon-i-frytshem-turistik-per-ulqin\/#breadcrumb\",\"itemListElement\":[{\"@type\":\"ListItem\",\"position\":1,\"name\":\"Sezon i frytsh\u00ebm turistik p\u00ebr Ulqin\"}]},{\"@type\":\"Person\",\"@id\":\"https:\/\/www.visit-ulcinj.com\/blog\/#\/schema\/person\/dcab619c614d3038751c63bc2aadc06d\",\"name\":\"ulqini\",\"sameAs\":[\"http:\/\/www.visit-ulcinj.com\"],\"url\":\"https:\/\/www.visit-ulcinj.com\/blog\/author\/admin\/\"}]}<\/script>\n<!-- \/ Yoast SEO plugin. -->","yoast_head_json":{"title":"Sezon i frytsh\u00ebm turistik p\u00ebr Ulqin - Lajme nga Ulqini","description":"Pas mbylljes s\u00eb sezonit turistik n\u00eb Ulqin, akomodimi, ushqimi dhe sh\u00ebrbimet do t\u00eb jen\u00eb 20-30 p\u00ebr qind m\u00eb lir\u00eb se gjat\u00eb korrikut dhe gushtit Kesaj vere n\u00eb","robots":{"index":"index","follow":"follow","max-snippet":"max-snippet:-1","max-image-preview":"max-image-preview:large","max-video-preview":"max-video-preview:-1"},"canonical":"https:\/\/www.visit-ulcinj.com\/blog\/2009\/09\/01\/sezon-i-frytshem-turistik-per-ulqin\/","og_locale":"en_US","og_type":"article","og_title":"Sezon i frytsh\u00ebm turistik p\u00ebr Ulqin - Lajme nga Ulqini","og_description":"Pas mbylljes s\u00eb sezonit turistik n\u00eb Ulqin, akomodimi, ushqimi dhe sh\u00ebrbimet do t\u00eb jen\u00eb 20-30 p\u00ebr qind m\u00eb lir\u00eb se gjat\u00eb korrikut dhe gushtit Kesaj vere n\u00eb","og_url":"https:\/\/www.visit-ulcinj.com\/blog\/2009\/09\/01\/sezon-i-frytshem-turistik-per-ulqin\/","og_site_name":"Lajme nga Ulqini","article_published_time":"2009-09-01T16:51:28+00:00","og_image":[{"url":"http:\/\/www.visit-ulcinj.com\/blog\/wp-content\/uploads\/2009\/08\/Zbritje-per-pushime-ne-Ulqin.jpg"}],"twitter_misc":{"Written by":"ulqini","Est. reading time":"2 minutes"},"schema":{"@context":"https:\/\/schema.org","@graph":[{"@type":"WebSite","@id":"https:\/\/www.visit-ulcinj.com\/blog\/#website","url":"https:\/\/www.visit-ulcinj.com\/blog\/","name":"Lajme nga Ulqini","description":"Lajme,Vijesti,Ulqini,Ulqin,Crna Gora,Mali i Zi","potentialAction":[{"@type":"SearchAction","target":{"@type":"EntryPoint","urlTemplate":"https:\/\/www.visit-ulcinj.com\/blog\/?s={search_term_string}"},"query-input":"required name=search_term_string"}],"inLanguage":"en-US"},{"@type":"ImageObject","inLanguage":"en-US","@id":"https:\/\/www.visit-ulcinj.com\/blog\/2009\/09\/01\/sezon-i-frytshem-turistik-per-ulqin\/#primaryimage","url":"https:\/\/www.visit-ulcinj.com\/blog\/wp-content\/uploads\/2009\/08\/Zbritje-per-pushime-ne-Ulqin.jpg","contentUrl":"https:\/\/www.visit-ulcinj.com\/blog\/wp-content\/uploads\/2009\/08\/Zbritje-per-pushime-ne-Ulqin.jpg","width":"800","height":"400"},{"@type":"WebPage","@id":"https:\/\/www.visit-ulcinj.com\/blog\/2009\/09\/01\/sezon-i-frytshem-turistik-per-ulqin\/#webpage","url":"https:\/\/www.visit-ulcinj.com\/blog\/2009\/09\/01\/sezon-i-frytshem-turistik-per-ulqin\/","name":"Sezon i frytsh\u00ebm turistik p\u00ebr Ulqin - Lajme nga Ulqini","isPartOf":{"@id":"https:\/\/www.visit-ulcinj.com\/blog\/#website"},"primaryImageOfPage":{"@id":"https:\/\/www.visit-ulcinj.com\/blog\/2009\/09\/01\/sezon-i-frytshem-turistik-per-ulqin\/#primaryimage"},"datePublished":"2009-09-01T16:51:28+00:00","dateModified":"2009-09-01T16:51:28+00:00","author":{"@id":"https:\/\/www.visit-ulcinj.com\/blog\/#\/schema\/person\/dcab619c614d3038751c63bc2aadc06d"},"description":"Pas mbylljes s\u00eb sezonit turistik n\u00eb Ulqin, akomodimi, ushqimi dhe sh\u00ebrbimet do t\u00eb jen\u00eb 20-30 p\u00ebr qind m\u00eb lir\u00eb se gjat\u00eb korrikut dhe gushtit Kesaj vere n\u00eb","breadcrumb":{"@id":"https:\/\/www.visit-ulcinj.com\/blog\/2009\/09\/01\/sezon-i-frytshem-turistik-per-ulqin\/#breadcrumb"},"inLanguage":"en-US","potentialAction":[{"@type":"ReadAction","target":["https:\/\/www.visit-ulcinj.com\/blog\/2009\/09\/01\/sezon-i-frytshem-turistik-per-ulqin\/"]}]},{"@type":"BreadcrumbList","@id":"https:\/\/www.visit-ulcinj.com\/blog\/2009\/09\/01\/sezon-i-frytshem-turistik-per-ulqin\/#breadcrumb","itemListElement":[{"@type":"ListItem","position":1,"name":"Sezon i frytsh\u00ebm turistik p\u00ebr Ulqin"}]},{"@type":"Person","@id":"https:\/\/www.visit-ulcinj.com\/blog\/#\/schema\/person\/dcab619c614d3038751c63bc2aadc06d","name":"ulqini","sameAs":["http:\/\/www.visit-ulcinj.com"],"url":"https:\/\/www.visit-ulcinj.com\/blog\/author\/admin\/"}]}},"jetpack_featured_media_url":"","jetpack_sharing_enabled":true,"jetpack_shortlink":"https:\/\/wp.me\/pe6lTn-6yc","_links":{"self":[{"href":"https:\/\/www.visit-ulcinj.com\/blog\/wp-json\/wp\/v2\/posts\/25184"}],"collection":[{"href":"https:\/\/www.visit-ulcinj.com\/blog\/wp-json\/wp\/v2\/posts"}],"about":[{"href":"https:\/\/www.visit-ulcinj.com\/blog\/wp-json\/wp\/v2\/types\/post"}],"author":[{"embeddable":true,"href":"https:\/\/www.visit-ulcinj.com\/blog\/wp-json\/wp\/v2\/users\/1"}],"replies":[{"embeddable":true,"href":"https:\/\/www.visit-ulcinj.com\/blog\/wp-json\/wp\/v2\/comments?post=25184"}],"version-history":[{"count":0,"href":"https:\/\/www.visit-ulcinj.com\/blog\/wp-json\/wp\/v2\/posts\/25184\/revisions"}],"wp:attachment":[{"href":"https:\/\/www.visit-ulcinj.com\/blog\/wp-json\/wp\/v2\/media?parent=25184"}],"wp:term":[{"taxonomy":"category","embeddable":true,"href":"https:\/\/www.visit-ulcinj.com\/blog\/wp-json\/wp\/v2\/categories?post=25184"},{"taxonomy":"post_tag","embeddable":true,"href":"https:\/\/www.visit-ulcinj.com\/blog\/wp-json\/wp\/v2\/tags?post=25184"}],"curies":[{"name":"wp","href":"https:\/\/api.w.org\/{rel}","templated":true}]}}