{"id":2519,"date":"2008-08-16T12:08:15","date_gmt":"2008-08-16T17:08:15","guid":{"rendered":"http:\/\/www.visit-ulcinj.com\/blog\/?p=2519"},"modified":"2009-08-23T16:08:45","modified_gmt":"2009-08-23T14:08:45","slug":"vratili-se-paradajz-turisti","status":"publish","type":"post","link":"https:\/\/www.visit-ulcinj.com\/blog\/2008\/08\/16\/vratili-se-paradajz-turisti\/","title":{"rendered":"Vratili se &#8220;paradajz&#8221; turisti"},"content":{"rendered":"<p><a href=\"http:\/\/www.visit-ulcinj.com\/blog\/wp-content\/uploads\/2008\/01\/ulcinj-city-beach.jpg\"><img loading=\"lazy\" class=\"alignleft\" title=\"Vratili se paradajz turisti\" src=\"http:\/\/www.visit-ulcinj.com\/blog\/wp-content\/uploads\/2008\/01\/ulcinj-city-beach.jpg\" alt=\"\" width=\"336\" height=\"252\" \/><\/a>Od po?etka avgusta turisti?ka sezona je poprimila pravi tok u dve najju\u017enije crnogorske op\u0161tine \u2013 Baru i Ulcinju&#8230;<br \/>\nKada se uvidelo da od takozvanog elitnog turizma nema ni\u0161ta, makar za ovu sezonu, kriterijumi su popustili i sada su dobrodo\u0161li i \u201eparadajz\u201d turisti. A da su turisti iz Srbije nagrnuli na more svedo?e gu\u017eve na grani?nim prelazima, puni vozovi i autobusi, posebno oni sa Kosova i Metohije, ?ije je odredi\u0161te Ulcinj. Statistika ka\u017ee da u Ulcinju boravi oko 17.000 gostiju, \u0161to je za 12 odsto manje nego pro\u0161le godine, ali procenjuje se da je ovde makar dvostruko vi\u0161e turista.<br \/>\nMnogi vlasnici kreveta u privatnom sme\u0161taju dr\u017eali su doskoro cene po osam evra za le\u017eaj, ali kada su videli da je vrag odneo \u0161alu i da nemaju gostiju spustili su ih na \u0161est evra. Sa avgustovskom najezdom turista ponovo razmi\u0161ljaju da podignu cenu. Ina?e, le\u017eaj staje od pet do petnaest evra.<br \/>\n?injenica je, ka\u017ee nam jedan sutomorski privatnik, da se mnoge njegove kolege \u017eale da im nije puna ku?a, ali ne pominju da su u odnosu na pro\u0161lu godinu pro\u0161irili kapacitete dogra?uju?i apartmane zaradom upravo od turizma, i da u stvari imaju gostiju kao i pro\u0161le godine. Na\u0161 sagovornik obja\u0161njava zbog ?ega su podbacili predsezona i jul.<br \/>\nU Baru je ovog leta, posle mnogo godina, bilo problema i sa sme?em. Smetli\u0161te ?afe na magistralnom putu ka Ulcinju, zatvoreno je, pa se sme?e, neredovno, transportuje do Podgorice. Prepuni kontejneri \u2013 slika je na koju Barani i njihovi gosti, izgleda, moraju da se navikavaju do izgradnje regionalne deponije na Mo\u017euri.<br \/>\nO?igledno, pro?i ?e jo\u0161 leta dok Bar postane prava turisti?ka destinacija. Jer, u jednoj od anketa gosti su se \u017ealili na nizak nivo komunalne higijene, vidljiv problem kanalizacije, nedovoljan broj tu\u0161eva, nedostatak kabina za presvla?enje, nepostojanje toaleta i potpuno neadekvatne uslove u kojima se slu\u017ei hrana u ugostiteljskim objektima.<br \/>\nU najatraktivnijem ulcinjskom letovali\u0161tu ostrvu Ada Bojana, protekli vikend do?ekalo je 317 gostiju, a ovo nudisti?ko naselje ima 350 le\u017eajeva. Nudista je najvi\u0161e iz Srbije, ali ih ima i iz Nema?ke, Poljske, ?e\u0161ke, Rusije i Ma?arske.<br \/>\nMi\u0161o ?au\u0161evi?, vlasnik sportskog centra \u201eBelvi\u201d na Velikoj pla\u017ei, kazao nam je da je sude?i po registracionim oznakama automobila evidentno da ovog leta u Ulcinju boravi vi\u0161e gostiju iz Srbije, Makedonije i Bosne i Hercegovine nego minulih godina. U blizini njegovog sportskog centra nalazi se ?a?ansko odmarali\u0161te, formirano jo\u0161 u vreme kada su se Ulcinj i ?a?ak pobratimili i ovog leta to odmarali\u0161te bilo je punije nego prethodnih.<br \/>\n<strong>Autor: Milan Vujovi?<br \/>\nIzvor: Politika<\/strong><\/p>\n<!-- vimeo error: not a vimeo video -->\n","protected":false},"excerpt":{"rendered":"<p><img loading=\"lazy\" class=\"alignleft\" title=\"Vratili se paradajz turisti\" src=\"http:\/\/www.visit-ulcinj.com\/blog\/wp-content\/uploads\/2008\/01\/ulcinj-city-beach.jpg\" alt=\"\" width=\"140\" height=\"140\" \/><\/p>\n","protected":false},"author":1,"featured_media":0,"comment_status":"open","ping_status":"closed","sticky":false,"template":"","format":"standard","meta":{"spay_email":"","jetpack_publicize_message":"","jetpack_is_tweetstorm":false,"jetpack_publicize_feature_enabled":true},"categories":[12,15],"tags":[19],"jetpack_publicize_connections":[],"yoast_head":"<!-- This site is optimized with the Yoast SEO plugin v19.1 - https:\/\/yoast.com\/wordpress\/plugins\/seo\/ -->\n<title>Vratili se &quot;paradajz&quot; turisti - Lajme nga Ulqini<\/title>\n<meta name=\"robots\" content=\"index, follow, max-snippet:-1, max-image-preview:large, max-video-preview:-1\" \/>\n<link rel=\"canonical\" href=\"https:\/\/www.visit-ulcinj.com\/blog\/2008\/08\/16\/vratili-se-paradajz-turisti\/\" \/>\n<meta property=\"og:locale\" content=\"en_US\" \/>\n<meta property=\"og:type\" content=\"article\" \/>\n<meta property=\"og:title\" content=\"Vratili se &quot;paradajz&quot; turisti - Lajme nga Ulqini\" \/>\n<meta property=\"og:url\" content=\"https:\/\/www.visit-ulcinj.com\/blog\/2008\/08\/16\/vratili-se-paradajz-turisti\/\" \/>\n<meta property=\"og:site_name\" content=\"Lajme nga Ulqini\" \/>\n<meta property=\"article:published_time\" content=\"2008-08-16T17:08:15+00:00\" \/>\n<meta property=\"article:modified_time\" content=\"2009-08-23T14:08:45+00:00\" \/>\n<meta property=\"og:image\" content=\"http:\/\/www.visit-ulcinj.com\/blog\/wp-content\/uploads\/2008\/01\/ulcinj-city-beach.jpg\" \/>\n<meta name=\"twitter:label1\" content=\"Written by\" \/>\n\t<meta name=\"twitter:data1\" content=\"ulqini\" \/>\n\t<meta name=\"twitter:label2\" content=\"Est. reading time\" \/>\n\t<meta name=\"twitter:data2\" content=\"2 minutes\" \/>\n<script type=\"application\/ld+json\" class=\"yoast-schema-graph\">{\"@context\":\"https:\/\/schema.org\",\"@graph\":[{\"@type\":\"WebSite\",\"@id\":\"https:\/\/www.visit-ulcinj.com\/blog\/#website\",\"url\":\"https:\/\/www.visit-ulcinj.com\/blog\/\",\"name\":\"Lajme nga Ulqini\",\"description\":\"Lajme,Vijesti,Ulqini,Ulqin,Crna Gora,Mali i Zi\",\"potentialAction\":[{\"@type\":\"SearchAction\",\"target\":{\"@type\":\"EntryPoint\",\"urlTemplate\":\"https:\/\/www.visit-ulcinj.com\/blog\/?s={search_term_string}\"},\"query-input\":\"required name=search_term_string\"}],\"inLanguage\":\"en-US\"},{\"@type\":\"ImageObject\",\"inLanguage\":\"en-US\",\"@id\":\"https:\/\/www.visit-ulcinj.com\/blog\/2008\/08\/16\/vratili-se-paradajz-turisti\/#primaryimage\",\"url\":\"http:\/\/www.visit-ulcinj.com\/blog\/wp-content\/uploads\/2008\/01\/ulcinj-city-beach.jpg\",\"contentUrl\":\"http:\/\/www.visit-ulcinj.com\/blog\/wp-content\/uploads\/2008\/01\/ulcinj-city-beach.jpg\"},{\"@type\":\"WebPage\",\"@id\":\"https:\/\/www.visit-ulcinj.com\/blog\/2008\/08\/16\/vratili-se-paradajz-turisti\/#webpage\",\"url\":\"https:\/\/www.visit-ulcinj.com\/blog\/2008\/08\/16\/vratili-se-paradajz-turisti\/\",\"name\":\"Vratili se \\\"paradajz\\\" turisti - Lajme nga Ulqini\",\"isPartOf\":{\"@id\":\"https:\/\/www.visit-ulcinj.com\/blog\/#website\"},\"primaryImageOfPage\":{\"@id\":\"https:\/\/www.visit-ulcinj.com\/blog\/2008\/08\/16\/vratili-se-paradajz-turisti\/#primaryimage\"},\"datePublished\":\"2008-08-16T17:08:15+00:00\",\"dateModified\":\"2009-08-23T14:08:45+00:00\",\"author\":{\"@id\":\"https:\/\/www.visit-ulcinj.com\/blog\/#\/schema\/person\/dcab619c614d3038751c63bc2aadc06d\"},\"breadcrumb\":{\"@id\":\"https:\/\/www.visit-ulcinj.com\/blog\/2008\/08\/16\/vratili-se-paradajz-turisti\/#breadcrumb\"},\"inLanguage\":\"en-US\",\"potentialAction\":[{\"@type\":\"ReadAction\",\"target\":[\"https:\/\/www.visit-ulcinj.com\/blog\/2008\/08\/16\/vratili-se-paradajz-turisti\/\"]}]},{\"@type\":\"BreadcrumbList\",\"@id\":\"https:\/\/www.visit-ulcinj.com\/blog\/2008\/08\/16\/vratili-se-paradajz-turisti\/#breadcrumb\",\"itemListElement\":[{\"@type\":\"ListItem\",\"position\":1,\"name\":\"Vratili se &#8220;paradajz&#8221; turisti\"}]},{\"@type\":\"Person\",\"@id\":\"https:\/\/www.visit-ulcinj.com\/blog\/#\/schema\/person\/dcab619c614d3038751c63bc2aadc06d\",\"name\":\"ulqini\",\"sameAs\":[\"http:\/\/www.visit-ulcinj.com\"],\"url\":\"https:\/\/www.visit-ulcinj.com\/blog\/author\/admin\/\"}]}<\/script>\n<!-- \/ Yoast SEO plugin. -->","yoast_head_json":{"title":"Vratili se \"paradajz\" turisti - Lajme nga Ulqini","robots":{"index":"index","follow":"follow","max-snippet":"max-snippet:-1","max-image-preview":"max-image-preview:large","max-video-preview":"max-video-preview:-1"},"canonical":"https:\/\/www.visit-ulcinj.com\/blog\/2008\/08\/16\/vratili-se-paradajz-turisti\/","og_locale":"en_US","og_type":"article","og_title":"Vratili se \"paradajz\" turisti - Lajme nga Ulqini","og_url":"https:\/\/www.visit-ulcinj.com\/blog\/2008\/08\/16\/vratili-se-paradajz-turisti\/","og_site_name":"Lajme nga Ulqini","article_published_time":"2008-08-16T17:08:15+00:00","article_modified_time":"2009-08-23T14:08:45+00:00","og_image":[{"url":"http:\/\/www.visit-ulcinj.com\/blog\/wp-content\/uploads\/2008\/01\/ulcinj-city-beach.jpg"}],"twitter_misc":{"Written by":"ulqini","Est. reading time":"2 minutes"},"schema":{"@context":"https:\/\/schema.org","@graph":[{"@type":"WebSite","@id":"https:\/\/www.visit-ulcinj.com\/blog\/#website","url":"https:\/\/www.visit-ulcinj.com\/blog\/","name":"Lajme nga Ulqini","description":"Lajme,Vijesti,Ulqini,Ulqin,Crna Gora,Mali i Zi","potentialAction":[{"@type":"SearchAction","target":{"@type":"EntryPoint","urlTemplate":"https:\/\/www.visit-ulcinj.com\/blog\/?s={search_term_string}"},"query-input":"required name=search_term_string"}],"inLanguage":"en-US"},{"@type":"ImageObject","inLanguage":"en-US","@id":"https:\/\/www.visit-ulcinj.com\/blog\/2008\/08\/16\/vratili-se-paradajz-turisti\/#primaryimage","url":"http:\/\/www.visit-ulcinj.com\/blog\/wp-content\/uploads\/2008\/01\/ulcinj-city-beach.jpg","contentUrl":"http:\/\/www.visit-ulcinj.com\/blog\/wp-content\/uploads\/2008\/01\/ulcinj-city-beach.jpg"},{"@type":"WebPage","@id":"https:\/\/www.visit-ulcinj.com\/blog\/2008\/08\/16\/vratili-se-paradajz-turisti\/#webpage","url":"https:\/\/www.visit-ulcinj.com\/blog\/2008\/08\/16\/vratili-se-paradajz-turisti\/","name":"Vratili se \"paradajz\" turisti - Lajme nga Ulqini","isPartOf":{"@id":"https:\/\/www.visit-ulcinj.com\/blog\/#website"},"primaryImageOfPage":{"@id":"https:\/\/www.visit-ulcinj.com\/blog\/2008\/08\/16\/vratili-se-paradajz-turisti\/#primaryimage"},"datePublished":"2008-08-16T17:08:15+00:00","dateModified":"2009-08-23T14:08:45+00:00","author":{"@id":"https:\/\/www.visit-ulcinj.com\/blog\/#\/schema\/person\/dcab619c614d3038751c63bc2aadc06d"},"breadcrumb":{"@id":"https:\/\/www.visit-ulcinj.com\/blog\/2008\/08\/16\/vratili-se-paradajz-turisti\/#breadcrumb"},"inLanguage":"en-US","potentialAction":[{"@type":"ReadAction","target":["https:\/\/www.visit-ulcinj.com\/blog\/2008\/08\/16\/vratili-se-paradajz-turisti\/"]}]},{"@type":"BreadcrumbList","@id":"https:\/\/www.visit-ulcinj.com\/blog\/2008\/08\/16\/vratili-se-paradajz-turisti\/#breadcrumb","itemListElement":[{"@type":"ListItem","position":1,"name":"Vratili se &#8220;paradajz&#8221; turisti"}]},{"@type":"Person","@id":"https:\/\/www.visit-ulcinj.com\/blog\/#\/schema\/person\/dcab619c614d3038751c63bc2aadc06d","name":"ulqini","sameAs":["http:\/\/www.visit-ulcinj.com"],"url":"https:\/\/www.visit-ulcinj.com\/blog\/author\/admin\/"}]}},"jetpack_featured_media_url":"","jetpack_sharing_enabled":true,"jetpack_shortlink":"https:\/\/wp.me\/pe6lTn-ED","_links":{"self":[{"href":"https:\/\/www.visit-ulcinj.com\/blog\/wp-json\/wp\/v2\/posts\/2519"}],"collection":[{"href":"https:\/\/www.visit-ulcinj.com\/blog\/wp-json\/wp\/v2\/posts"}],"about":[{"href":"https:\/\/www.visit-ulcinj.com\/blog\/wp-json\/wp\/v2\/types\/post"}],"author":[{"embeddable":true,"href":"https:\/\/www.visit-ulcinj.com\/blog\/wp-json\/wp\/v2\/users\/1"}],"replies":[{"embeddable":true,"href":"https:\/\/www.visit-ulcinj.com\/blog\/wp-json\/wp\/v2\/comments?post=2519"}],"version-history":[{"count":0,"href":"https:\/\/www.visit-ulcinj.com\/blog\/wp-json\/wp\/v2\/posts\/2519\/revisions"}],"wp:attachment":[{"href":"https:\/\/www.visit-ulcinj.com\/blog\/wp-json\/wp\/v2\/media?parent=2519"}],"wp:term":[{"taxonomy":"category","embeddable":true,"href":"https:\/\/www.visit-ulcinj.com\/blog\/wp-json\/wp\/v2\/categories?post=2519"},{"taxonomy":"post_tag","embeddable":true,"href":"https:\/\/www.visit-ulcinj.com\/blog\/wp-json\/wp\/v2\/tags?post=2519"}],"curies":[{"name":"wp","href":"https:\/\/api.w.org\/{rel}","templated":true}]}}