{"id":25192,"date":"2009-09-01T20:10:22","date_gmt":"2009-09-01T18:10:22","guid":{"rendered":"http:\/\/www.visit-ulcinj.com\/blog\/?p=25192"},"modified":"2009-09-01T20:13:01","modified_gmt":"2009-09-01T18:13:01","slug":"mesazhet-e-termetitvetem-dashuria-eshte-fuqi","status":"publish","type":"post","link":"https:\/\/www.visit-ulcinj.com\/blog\/2009\/09\/01\/mesazhet-e-termetitvetem-dashuria-eshte-fuqi\/","title":{"rendered":"Mesazhet e t\u00ebrmetit: Vet\u00ebm dashuria \u00ebsht\u00eb fuqi"},"content":{"rendered":"<p><a href=\"http:\/\/www.wbseismicmaps.org\/images\/signal.gif\"><img loading=\"lazy\" class=\"alignleft\" src=\"http:\/\/www.wbseismicmaps.org\/images\/signal.gif\" alt=\"\" width=\"580\" height=\"200\" \/><\/a>N\u00eb Ulqin t\u00eb premt\u00ebn q\u00eb shkoi u sh\u00ebnua nj\u00eb termet i fuqish\u00ebm. M\u00eb i fuqishmi pas t\u00ebrmetit katastrofik t\u00eb 15 prillit 1979. Shqet\u00ebsimi \u00ebsht\u00eb b\u00ebr\u00eb gjendje e zakonshme, mir\u00ebpo pakkush mendon p\u00ebr mesazhet e k\u00ebsaj dridhjeje t\u00eb fuqishme t\u00eb tok\u00ebs.<br \/>\nKy gjith\u00ebsesi ka qen\u00eb t\u00ebrmeti m\u00eb i fuqish\u00ebm n\u00eb Ulqin prej vitit 1979 e k\u00ebndej. Ulqinak\u00ebt dhe klient\u00ebt e tyre kan\u00eb qen\u00eb t\u00eb shqet\u00ebsuar me arsye, kan\u00eb dalur nga sht\u00ebpit\u00eb dhe banesat e tyre, disa vrapuan drejt livadheve, sidomos p\u00ebr shkak se dridhja zgjati nj\u00eb koh\u00eb relativisht t\u00eb gjat\u00eb. Ekzistonte edhe frika nga cunami!? Disa turist\u00eb braktis\u00ebn n\u00eb panik Ulqinin. Shqet\u00ebsimi hyri nd\u00ebr njer\u00ebz. Shum\u00eb prej tyre pyesin me mosbesim n\u00ebse do t\u00eb ket\u00eb edhe dridhje t\u00eb tjera m\u00eb t\u00eb fuqishme. P\u00ebrndryshe, tashm\u00eb disa dit\u00eb toka po dridhet. Dhe e gjith\u00eb kjo rreth Ulqinit!<br \/>\nMir\u00ebpo, nuk ka arsye p\u00ebr frik\u00eb, sidomos jo p\u00ebr panik. Nevojitet kujdes, por n\u00eb radh\u00eb t\u00eb par\u00eb duhet t\u00eb mendojm\u00eb p\u00ebr fuqin\u00eb q\u00eb \u00ebsht\u00eb n\u00eb gjendje p\u00ebr nj\u00eb moment t\u00eb zhduk\u00eb \u00e7do gj\u00eb nga faqja e dheut. K\u00ebsaj fuqie nuk mund t\u2019i kund\u00ebrvihet askush. Kjo fuqi \u00ebsht\u00eb m\u00eb e fort\u00eb se cilado tjet\u00ebr. (Zot i madh, sa qesharake dhe e mjer\u00eb duket fuqia e k\u00ebtyre t\u00eb fuqishm\u00ebve ton\u00eb t\u00eb vet\u00ebquajtur t\u00eb vdeksh\u00ebm krahasuar me k\u00ebt\u00eb fuqi. Edhe ne, njer\u00ebzit e vegj\u00ebl, harrojm\u00eb se jemi t\u00eb vdeksh\u00ebm, e dita dit\u00ebs vdesin njer\u00ebz t\u00eb rinj q\u00eb nuk i kan\u00eb mbushur as 20 vite!?).<br \/>\nAs ky qytet\u00ebrim i yni nuk mban mend m\u00eb shum\u00eb se tet\u00eb mij\u00eb vite!? Sa e sa qytet\u00ebrime kan\u00eb qen\u00eb m\u00eb t\u00eb p\u00ebrparuara se ky i yni, e sot as q\u00eb p\u00ebrmenden fare. Nga ato nuk ka mbetur as gur mbi gur, as nj\u00eb shenj\u00eb sado e vog\u00ebl e fuqis\u00eb s\u00eb tyre, e kan\u00eb qen\u00eb m\u00eb t\u00eb fuqishme dhe m\u00eb t\u00eb p\u00ebrparuara se civilizimi yn\u00eb! P\u00ebr shembull, Platoni shkruan se Atlantida e madhe \u00ebsht\u00eb zhdukur gjat\u00eb \u201cnj\u00eb dite t\u00eb vetme dhe nat\u00ebs vijuese shkat\u00ebrrimtare\u201d. Historiani anglez Luis Spens n\u00eb vitin 1926 n\u00eb librin e tij \u201cHistoria e Atlantid\u00ebs\u201d vjen n\u00eb p\u00ebrfundim se ajo u shkat\u00ebrrua p\u00ebr shkaqe morale! Pik\u00ebrisht p\u00ebr k\u00ebt\u00eb arsye shkat\u00ebrrohen t\u00eb gjitha qytet\u00ebrimet: p\u00ebr shkak t\u00eb imoralitetit, g\u00ebnjeshtr\u00ebs, arroganc\u00ebs, lakmis\u00eb. E gjith\u00eb kjo shkakton \u00e7rregullim n\u00eb tok\u00eb dhe n\u00eb det dhe k\u00ebt\u00eb natyra nuk mund ta duroj\u00eb.<br \/>\nNe dekada me rradh\u00eb po zhvillojm\u00eb luft\u00eb kund\u00ebr natyr\u00ebs dhe s\u00eb k\u00ebndejmi nuk kemi m\u00eb mb\u00ebshtetjen e saj p\u00ebr zhvillim. N\u00eb k\u00ebt\u00eb luft\u00eb ne do t\u00eb deklasohemi. Pasoja m\u00eb evidente e k\u00ebsaj lufte t\u00eb pakuptimt\u00eb \u00ebsht\u00eb zhdukja e Ad\u00ebs. Ajo thelb\u00ebsisht \u00ebsht\u00eb duke u zhdukur, \u00e7do dit\u00eb po na rr\u00ebmbehet ngapak, p\u00ebr shkak se n\u00eb k\u00ebt\u00eb ishull hyjnor \u00e7\u2019prej vitit 1973 lul\u00ebzon imoraliteti. K\u00ebt\u00eb nuk e b\u00ebjn\u00eb as shtaz\u00ebt. Dhe akoma tentojn\u00eb<\/p>\n<p>t\u00eb na bindin se kjo \u00ebsht\u00eb moderne dhe civilizuese. E pra, nuk \u00ebsht\u00eb dhe nuk mund t\u00eb jet\u00eb! Ashtu si\u00e7 nuk \u00ebsht\u00eb normale q\u00eb njer\u00ebzit t\u00eb g\u00ebnjejn\u00eb dhe t\u00eb vjedhin vazhdimisht dhe q\u00eb k\u00ebt\u00eb ta paraqesin si mend\u00ebsi kulmore. Dhe q\u00eb t\u00eb tjer\u00ebve t\u2019ua b\u00ebjn\u00eb at\u00eb q\u00eb nuk do t\u00eb d\u00ebshironin q\u00eb t\u2019u b\u00ebhet atyre.<br \/>\nPrandaj frikohem q\u00eb kemi arritur pik\u00ebn e fundit pas t\u00eb cil\u00ebs nuk ka kurr\u00ebfar\u00eb shenjash q\u00eb kjo anije do t\u00eb mund t\u00eb vazhdoj\u00eb lundrimin. Kemi arritur deri n\u00eb fund. Ose do t\u00eb fundosemi ose disi do t\u00eb mbledhim forcat p\u00ebr ta kthyer anijen nga kursi i gabuar n\u00eb rrug\u00eb t\u00eb mir\u00ebfillt\u00eb, n\u00eb rrug\u00ebn e drejt\u00eb.<br \/>\nMir\u00ebpo, ne jemi d\u00ebshmitar\u00eb t\u00eb faktit q\u00eb kjo katarz\u00eb po p\u00ebrparon me ngadal\u00ebsi. N\u00eb m\u00ebnyr\u00eb q\u00eb njer\u00ebzit t\u00eb zgjohen nga gjumi, p\u00ebr ta kuptuar m\u00eb n\u00eb fund se \u00e7far\u00eb po nodh\u00eb, nevojitet di\u00e7ka e madhe p\u00ebr t\u00eb brohur menj\u00ebher\u00eb n\u00eb k\u00ebmb\u00eb, sepse t\u00eb gjitha k\u00ebto vdekje t\u00eb parakohshme, t\u00eb gjitha k\u00ebto fatkeq\u00ebsi, i gjith\u00eb ky shkat\u00ebrrim, si duket nuk mund t\u2019i sensibilizojn\u00eb. Kur shohin se si po zhduket edhe bukuroshja Ada (nj\u00eb gj\u00eb e till\u00eb nes\u00ebr do t\u00eb ndodh\u00eb me Plazhin e Madh), i nj\u00ebjti proces ka p\u00ebrfshir\u00eb Pyllin e Pishave, tashm\u00eb 30 vite po b\u00ebhet ekocid ndaj ullisht\u00ebs n\u00eb Valdanos, njer\u00ebzit vet\u00ebm rrudhin me krah\u00eb. Disa nuk duan t\u2019i besojn\u00eb as kamer\u00ebs. P\u00ebr k\u00ebt\u00eb arsye t\u00ebrmeti ra n\u00eb dit\u00ebn e par\u00eb t\u00eb muajit t\u00eb madh\u00ebrish\u00ebm t\u00eb Ramazanit, muajit t\u00eb m\u00ebshir\u00ebsis\u00eb dhe faljes! Askush nuk mund t\u00eb thot\u00eb se nuk e ka ndier, se nuk e ka ndier k\u00ebt\u00eb ushtim\u00eb t\u00eb hatashme q\u00eb erdhi nga deti. Mesazhi tani na jepet n\u00eb m\u00ebnyr\u00eb t\u00eb fuqishme p\u00ebr ta pyetur m\u00eb n\u00eb fund vetveten: kush jemi, p\u00ebrse jemi krijuar dhe p\u00ebrgjith\u00ebsisht ku jemi duke shkuar.<br \/>\nP\u00ebr fat t\u00eb mir\u00eb, ende \u00e7do gj\u00eb nuk \u00ebsht\u00eb humbur pa kthim. T\u00ebrmeti ka qen\u00eb i nj\u00eb fuqie t\u00eb till\u00eb nga e cila nuk \u00ebsht\u00eb shkat\u00ebrruar asgj\u00eb.<br \/>\nM\u00eb n\u00eb fund, t\u00eb kthehemi n\u00eb rrug\u00ebn nga e cila vet\u00eb ne dhe n\u00eb d\u00ebmin ton\u00eb kemi devijuar: t\u00eb kemi q\u00ebllime fisnike, t\u00eb vendosim paqe me vetveten, me shoq\u00ebrin\u00eb dhe natyr\u00ebn, t\u00eb b\u00ebjm\u00eb vepra t\u00eb mira, t\u00eb jemi t\u00eb m\u00ebshirsh\u00ebm, t\u00eb p\u00ebrhapim dashurin\u00eb. Kjo gjith\u00ebher\u00eb paguhet. Dhe mos keni frik\u00eb! Sepse, vet\u00ebm dashuria, respektivisht Zoti, \u00ebsht\u00eb fuqi, \u00e7do gj\u00eb tjet\u00ebr, \u00ebsht\u00eb dhun\u00eb!<\/p>\n<p><strong>Mustafa Canka<br \/>\nKoha Javore<\/strong><\/p>\n<p><strong><!--YouTube Error: bad URL entered--><br \/>\n<\/strong><\/p>\n","protected":false},"excerpt":{"rendered":"<p>N\u00eb Ulqin t\u00eb premt\u00ebn q\u00eb shkoi u sh\u00ebnua nj\u00eb termet i fuqish\u00ebm. M\u00eb i fuqishmi pas t\u00ebrmetit katastrofik t\u00eb 15 prillit 1979. Shqet\u00ebsimi \u00ebsht\u00eb b\u00ebr\u00eb gjendje e zakonshme, mir\u00ebpo pakkush mendon p\u00ebr mesazhet e k\u00ebsaj dridhjeje t\u00eb fuqishme t\u00eb tok\u00ebs. Ky gjith\u00ebsesi ka qen\u00eb t\u00ebrmeti m\u00eb i fuqish\u00ebm n\u00eb Ulqin prej vitit 1979 e k\u00ebndej. [&hellip;]<\/p>\n","protected":false},"author":1,"featured_media":0,"comment_status":"open","ping_status":"closed","sticky":false,"template":"","format":"standard","meta":{"spay_email":"","jetpack_publicize_message":"","jetpack_is_tweetstorm":false,"jetpack_publicize_feature_enabled":true},"categories":[11],"tags":[12325],"jetpack_publicize_connections":[],"yoast_head":"<!-- This site is optimized with the Yoast SEO plugin v19.1 - https:\/\/yoast.com\/wordpress\/plugins\/seo\/ -->\n<title>Mesazhet e t\u00ebrmetit: Vet\u00ebm dashuria \u00ebsht\u00eb fuqi - Lajme nga Ulqini<\/title>\n<meta name=\"description\" content=\"N\u00eb Ulqin t\u00eb premt\u00ebn q\u00eb shkoi u sh\u00ebnua nj\u00eb termet i fuqish\u00ebm. M\u00eb i fuqishmi pas t\u00ebrmetit katastrofik t\u00eb 15 prillit 1979. Shqet\u00ebsimi \u00ebsht\u00eb b\u00ebr\u00eb gjendje e\" \/>\n<meta name=\"robots\" content=\"index, follow, max-snippet:-1, max-image-preview:large, max-video-preview:-1\" \/>\n<link rel=\"canonical\" href=\"https:\/\/www.visit-ulcinj.com\/blog\/2009\/09\/01\/mesazhet-e-termetitvetem-dashuria-eshte-fuqi\/\" \/>\n<meta property=\"og:locale\" content=\"en_US\" \/>\n<meta property=\"og:type\" content=\"article\" \/>\n<meta property=\"og:title\" content=\"Mesazhet e t\u00ebrmetit: Vet\u00ebm dashuria \u00ebsht\u00eb fuqi - Lajme nga Ulqini\" \/>\n<meta property=\"og:description\" content=\"N\u00eb Ulqin t\u00eb premt\u00ebn q\u00eb shkoi u sh\u00ebnua nj\u00eb termet i fuqish\u00ebm. M\u00eb i fuqishmi pas t\u00ebrmetit katastrofik t\u00eb 15 prillit 1979. Shqet\u00ebsimi \u00ebsht\u00eb b\u00ebr\u00eb gjendje e\" \/>\n<meta property=\"og:url\" content=\"https:\/\/www.visit-ulcinj.com\/blog\/2009\/09\/01\/mesazhet-e-termetitvetem-dashuria-eshte-fuqi\/\" \/>\n<meta property=\"og:site_name\" content=\"Lajme nga Ulqini\" \/>\n<meta property=\"article:published_time\" content=\"2009-09-01T18:10:22+00:00\" \/>\n<meta property=\"article:modified_time\" content=\"2009-09-01T18:13:01+00:00\" \/>\n<meta property=\"og:image\" content=\"http:\/\/www.wbseismicmaps.org\/images\/signal.gif\" \/>\n<meta name=\"twitter:label1\" content=\"Written by\" \/>\n\t<meta name=\"twitter:data1\" content=\"ulqini\" \/>\n\t<meta name=\"twitter:label2\" content=\"Est. reading time\" \/>\n\t<meta name=\"twitter:data2\" content=\"5 minutes\" \/>\n<script type=\"application\/ld+json\" class=\"yoast-schema-graph\">{\"@context\":\"https:\/\/schema.org\",\"@graph\":[{\"@type\":\"WebSite\",\"@id\":\"https:\/\/www.visit-ulcinj.com\/blog\/#website\",\"url\":\"https:\/\/www.visit-ulcinj.com\/blog\/\",\"name\":\"Lajme nga Ulqini\",\"description\":\"Lajme,Vijesti,Ulqini,Ulqin,Crna Gora,Mali i Zi\",\"potentialAction\":[{\"@type\":\"SearchAction\",\"target\":{\"@type\":\"EntryPoint\",\"urlTemplate\":\"https:\/\/www.visit-ulcinj.com\/blog\/?s={search_term_string}\"},\"query-input\":\"required name=search_term_string\"}],\"inLanguage\":\"en-US\"},{\"@type\":\"ImageObject\",\"inLanguage\":\"en-US\",\"@id\":\"https:\/\/www.visit-ulcinj.com\/blog\/2009\/09\/01\/mesazhet-e-termetitvetem-dashuria-eshte-fuqi\/#primaryimage\",\"url\":\"http:\/\/www.wbseismicmaps.org\/images\/signal.gif\",\"contentUrl\":\"http:\/\/www.wbseismicmaps.org\/images\/signal.gif\"},{\"@type\":\"WebPage\",\"@id\":\"https:\/\/www.visit-ulcinj.com\/blog\/2009\/09\/01\/mesazhet-e-termetitvetem-dashuria-eshte-fuqi\/#webpage\",\"url\":\"https:\/\/www.visit-ulcinj.com\/blog\/2009\/09\/01\/mesazhet-e-termetitvetem-dashuria-eshte-fuqi\/\",\"name\":\"Mesazhet e t\u00ebrmetit: Vet\u00ebm dashuria \u00ebsht\u00eb fuqi - Lajme nga Ulqini\",\"isPartOf\":{\"@id\":\"https:\/\/www.visit-ulcinj.com\/blog\/#website\"},\"primaryImageOfPage\":{\"@id\":\"https:\/\/www.visit-ulcinj.com\/blog\/2009\/09\/01\/mesazhet-e-termetitvetem-dashuria-eshte-fuqi\/#primaryimage\"},\"datePublished\":\"2009-09-01T18:10:22+00:00\",\"dateModified\":\"2009-09-01T18:13:01+00:00\",\"author\":{\"@id\":\"https:\/\/www.visit-ulcinj.com\/blog\/#\/schema\/person\/dcab619c614d3038751c63bc2aadc06d\"},\"description\":\"N\u00eb Ulqin t\u00eb premt\u00ebn q\u00eb shkoi u sh\u00ebnua nj\u00eb termet i fuqish\u00ebm. M\u00eb i fuqishmi pas t\u00ebrmetit katastrofik t\u00eb 15 prillit 1979. Shqet\u00ebsimi \u00ebsht\u00eb b\u00ebr\u00eb gjendje e\",\"breadcrumb\":{\"@id\":\"https:\/\/www.visit-ulcinj.com\/blog\/2009\/09\/01\/mesazhet-e-termetitvetem-dashuria-eshte-fuqi\/#breadcrumb\"},\"inLanguage\":\"en-US\",\"potentialAction\":[{\"@type\":\"ReadAction\",\"target\":[\"https:\/\/www.visit-ulcinj.com\/blog\/2009\/09\/01\/mesazhet-e-termetitvetem-dashuria-eshte-fuqi\/\"]}]},{\"@type\":\"BreadcrumbList\",\"@id\":\"https:\/\/www.visit-ulcinj.com\/blog\/2009\/09\/01\/mesazhet-e-termetitvetem-dashuria-eshte-fuqi\/#breadcrumb\",\"itemListElement\":[{\"@type\":\"ListItem\",\"position\":1,\"name\":\"Mesazhet e t\u00ebrmetit: Vet\u00ebm dashuria \u00ebsht\u00eb fuqi\"}]},{\"@type\":\"Person\",\"@id\":\"https:\/\/www.visit-ulcinj.com\/blog\/#\/schema\/person\/dcab619c614d3038751c63bc2aadc06d\",\"name\":\"ulqini\",\"sameAs\":[\"http:\/\/www.visit-ulcinj.com\"],\"url\":\"https:\/\/www.visit-ulcinj.com\/blog\/author\/admin\/\"}]}<\/script>\n<!-- \/ Yoast SEO plugin. -->","yoast_head_json":{"title":"Mesazhet e t\u00ebrmetit: Vet\u00ebm dashuria \u00ebsht\u00eb fuqi - Lajme nga Ulqini","description":"N\u00eb Ulqin t\u00eb premt\u00ebn q\u00eb shkoi u sh\u00ebnua nj\u00eb termet i fuqish\u00ebm. M\u00eb i fuqishmi pas t\u00ebrmetit katastrofik t\u00eb 15 prillit 1979. Shqet\u00ebsimi \u00ebsht\u00eb b\u00ebr\u00eb gjendje e","robots":{"index":"index","follow":"follow","max-snippet":"max-snippet:-1","max-image-preview":"max-image-preview:large","max-video-preview":"max-video-preview:-1"},"canonical":"https:\/\/www.visit-ulcinj.com\/blog\/2009\/09\/01\/mesazhet-e-termetitvetem-dashuria-eshte-fuqi\/","og_locale":"en_US","og_type":"article","og_title":"Mesazhet e t\u00ebrmetit: Vet\u00ebm dashuria \u00ebsht\u00eb fuqi - Lajme nga Ulqini","og_description":"N\u00eb Ulqin t\u00eb premt\u00ebn q\u00eb shkoi u sh\u00ebnua nj\u00eb termet i fuqish\u00ebm. M\u00eb i fuqishmi pas t\u00ebrmetit katastrofik t\u00eb 15 prillit 1979. Shqet\u00ebsimi \u00ebsht\u00eb b\u00ebr\u00eb gjendje e","og_url":"https:\/\/www.visit-ulcinj.com\/blog\/2009\/09\/01\/mesazhet-e-termetitvetem-dashuria-eshte-fuqi\/","og_site_name":"Lajme nga Ulqini","article_published_time":"2009-09-01T18:10:22+00:00","article_modified_time":"2009-09-01T18:13:01+00:00","og_image":[{"url":"http:\/\/www.wbseismicmaps.org\/images\/signal.gif"}],"twitter_misc":{"Written by":"ulqini","Est. reading time":"5 minutes"},"schema":{"@context":"https:\/\/schema.org","@graph":[{"@type":"WebSite","@id":"https:\/\/www.visit-ulcinj.com\/blog\/#website","url":"https:\/\/www.visit-ulcinj.com\/blog\/","name":"Lajme nga Ulqini","description":"Lajme,Vijesti,Ulqini,Ulqin,Crna Gora,Mali i Zi","potentialAction":[{"@type":"SearchAction","target":{"@type":"EntryPoint","urlTemplate":"https:\/\/www.visit-ulcinj.com\/blog\/?s={search_term_string}"},"query-input":"required name=search_term_string"}],"inLanguage":"en-US"},{"@type":"ImageObject","inLanguage":"en-US","@id":"https:\/\/www.visit-ulcinj.com\/blog\/2009\/09\/01\/mesazhet-e-termetitvetem-dashuria-eshte-fuqi\/#primaryimage","url":"http:\/\/www.wbseismicmaps.org\/images\/signal.gif","contentUrl":"http:\/\/www.wbseismicmaps.org\/images\/signal.gif"},{"@type":"WebPage","@id":"https:\/\/www.visit-ulcinj.com\/blog\/2009\/09\/01\/mesazhet-e-termetitvetem-dashuria-eshte-fuqi\/#webpage","url":"https:\/\/www.visit-ulcinj.com\/blog\/2009\/09\/01\/mesazhet-e-termetitvetem-dashuria-eshte-fuqi\/","name":"Mesazhet e t\u00ebrmetit: Vet\u00ebm dashuria \u00ebsht\u00eb fuqi - Lajme nga Ulqini","isPartOf":{"@id":"https:\/\/www.visit-ulcinj.com\/blog\/#website"},"primaryImageOfPage":{"@id":"https:\/\/www.visit-ulcinj.com\/blog\/2009\/09\/01\/mesazhet-e-termetitvetem-dashuria-eshte-fuqi\/#primaryimage"},"datePublished":"2009-09-01T18:10:22+00:00","dateModified":"2009-09-01T18:13:01+00:00","author":{"@id":"https:\/\/www.visit-ulcinj.com\/blog\/#\/schema\/person\/dcab619c614d3038751c63bc2aadc06d"},"description":"N\u00eb Ulqin t\u00eb premt\u00ebn q\u00eb shkoi u sh\u00ebnua nj\u00eb termet i fuqish\u00ebm. M\u00eb i fuqishmi pas t\u00ebrmetit katastrofik t\u00eb 15 prillit 1979. Shqet\u00ebsimi \u00ebsht\u00eb b\u00ebr\u00eb gjendje e","breadcrumb":{"@id":"https:\/\/www.visit-ulcinj.com\/blog\/2009\/09\/01\/mesazhet-e-termetitvetem-dashuria-eshte-fuqi\/#breadcrumb"},"inLanguage":"en-US","potentialAction":[{"@type":"ReadAction","target":["https:\/\/www.visit-ulcinj.com\/blog\/2009\/09\/01\/mesazhet-e-termetitvetem-dashuria-eshte-fuqi\/"]}]},{"@type":"BreadcrumbList","@id":"https:\/\/www.visit-ulcinj.com\/blog\/2009\/09\/01\/mesazhet-e-termetitvetem-dashuria-eshte-fuqi\/#breadcrumb","itemListElement":[{"@type":"ListItem","position":1,"name":"Mesazhet e t\u00ebrmetit: Vet\u00ebm dashuria \u00ebsht\u00eb fuqi"}]},{"@type":"Person","@id":"https:\/\/www.visit-ulcinj.com\/blog\/#\/schema\/person\/dcab619c614d3038751c63bc2aadc06d","name":"ulqini","sameAs":["http:\/\/www.visit-ulcinj.com"],"url":"https:\/\/www.visit-ulcinj.com\/blog\/author\/admin\/"}]}},"jetpack_featured_media_url":"","jetpack_sharing_enabled":true,"jetpack_shortlink":"https:\/\/wp.me\/pe6lTn-6yk","_links":{"self":[{"href":"https:\/\/www.visit-ulcinj.com\/blog\/wp-json\/wp\/v2\/posts\/25192"}],"collection":[{"href":"https:\/\/www.visit-ulcinj.com\/blog\/wp-json\/wp\/v2\/posts"}],"about":[{"href":"https:\/\/www.visit-ulcinj.com\/blog\/wp-json\/wp\/v2\/types\/post"}],"author":[{"embeddable":true,"href":"https:\/\/www.visit-ulcinj.com\/blog\/wp-json\/wp\/v2\/users\/1"}],"replies":[{"embeddable":true,"href":"https:\/\/www.visit-ulcinj.com\/blog\/wp-json\/wp\/v2\/comments?post=25192"}],"version-history":[{"count":0,"href":"https:\/\/www.visit-ulcinj.com\/blog\/wp-json\/wp\/v2\/posts\/25192\/revisions"}],"wp:attachment":[{"href":"https:\/\/www.visit-ulcinj.com\/blog\/wp-json\/wp\/v2\/media?parent=25192"}],"wp:term":[{"taxonomy":"category","embeddable":true,"href":"https:\/\/www.visit-ulcinj.com\/blog\/wp-json\/wp\/v2\/categories?post=25192"},{"taxonomy":"post_tag","embeddable":true,"href":"https:\/\/www.visit-ulcinj.com\/blog\/wp-json\/wp\/v2\/tags?post=25192"}],"curies":[{"name":"wp","href":"https:\/\/api.w.org\/{rel}","templated":true}]}}