{"id":25198,"date":"2009-09-01T20:42:34","date_gmt":"2009-09-01T18:42:34","guid":{"rendered":"http:\/\/www.visit-ulcinj.com\/blog\/?p=25198"},"modified":"2009-09-01T20:53:42","modified_gmt":"2009-09-01T18:53:42","slug":"interviste-me-myftiun-e-malit-te-zi-ef-haxhi-jusuf-gjokaj","status":"publish","type":"post","link":"https:\/\/www.visit-ulcinj.com\/blog\/2009\/09\/01\/interviste-me-myftiun-e-malit-te-zi-ef-haxhi-jusuf-gjokaj\/","title":{"rendered":"Intervist\u00eb me Myftiun e Malit t\u00eb Zi Ef.Haxhi Jusuf Gjokaj"},"content":{"rendered":"<p><strong><a href=\"http:\/\/www.visit-ulcinj.com\/blog\/wp-content\/uploads\/2009\/09\/Haxhi-Jusuf-Gjokaj.1.jpg\"><img loading=\"lazy\" class=\"alignleft size-full wp-image-25200\" title=\"Haxhi Jusuf Gjokaj.1\" src=\"http:\/\/www.visit-ulcinj.com\/blog\/wp-content\/uploads\/2009\/09\/Haxhi-Jusuf-Gjokaj.1.jpg\" alt=\"Haxhi Jusuf Gjokaj.1\" width=\"400\" height=\"617\" \/><\/a>Ramazani \u00ebsht\u00eb rifreskim i besimit<\/strong><br \/>\n<strong>Koha javore:<\/strong> Zot\u00ebri Myfti, a mund t\u00eb na thuani di\u00e7ka p\u00ebr r\u00ebnd\u00ebsin\u00eb e muajit t\u00eb Ramazanit?<\/p>\n<p><strong>J.Gjokaj: <\/strong>Muaji i Ramazanit \u00ebsht\u00eb muaj i madh\u00ebruar, muaj i dashuris\u00eb ndaj Allahut xh.sh., muaji i ibadetit-adhurimit t\u00eb Allahut xh.sh., \u00ebsht\u00eb muaji q\u00eb t\u00eb gjith\u00eb mysliman\u00ebt n\u00eb t\u00ebr\u00eb bot\u00ebn agj\u00ebrojn\u00eb n\u00eb nj\u00eb koh\u00eb t\u00eb caktuar.<br \/>\nP\u00ebr vler\u00ebn dhe r\u00ebnd\u00ebsin\u00eb e k\u00ebti muaji Allahu xh.sh. n\u00eb Kur\u2019an thot\u00eb: \u201c N\u00eb muajin e Ramazanit ka filluar shpallja (zbritja) e Kur\u2019anit, i cili \u00ebsht\u00eb udh\u00ebrr\u00ebfyes i njer\u00ebzve dhe dokument i qart\u00eb i rrug\u00ebs s\u00eb drejt\u00eb, q\u00eb e dallon t\u00eb mir\u00ebn prej t\u00eb keqes. Kush prej jush gjat\u00eb k\u00ebtij muaji \u00ebsht\u00eb te sht\u00ebpia le ta kaloj\u00eb n\u00eb agj\u00ebrim, e n\u00ebse s\u00ebmuret ose q\u00ebllon n\u00eb udh\u00ebtim le t\u2019i z\u00ebv\u00ebnd\u00ebsoj\u00eb (me agj\u00ebrim) ato dit\u00eb pas Ramazanit. Allahu don q\u00eb t\u00eb na leht\u00ebsoj\u00eb dhe jo t\u00eb na e v\u00ebshtir\u00ebsoj\u00eb q\u00eb numrin e caktuar t\u00eb dit\u00ebve ta plot\u00ebsoni dhe q\u00eb Allahun ta madh\u00ebroni p\u00ebr at\u00eb q\u00eb na tregoi rrug\u00ebn e drejt\u00eb, t\u00eb jeni fal\u00ebnderues.\u201d<\/p>\n<p><strong>Koha javore:<\/strong> Zot\u00ebri Myfti, na tregoni di\u00e7ka p\u00ebr zanafill\u00ebn e agj\u00ebrimit?<\/p>\n<p><strong>J. Gjokaj:<\/strong> P\u00ebr besimtar\u00ebt e besimit islam \u00ebsht\u00eb e qart\u00eb se vjen nga Kur\u2019ani fam\u00eblart\u00eb. N\u00eb ajetin 184 t\u00eb sures Bekare thuhet: \u201c. O ju q\u00eb besuat, agj\u00ebrimi u \u00ebsht\u00eb b\u00ebr\u00eb obligim sikurse q\u00eb ishte obligim edhe i atyre q\u00eb ishin para jush, k\u00ebshtu q\u00eb t\u00eb b\u00ebheni t\u00eb devotsh\u00ebm.\u201d (El-Bekare:183)<br \/>\nPra \u00ebsht\u00eb e qart\u00eb se Kur\u2019ani na jep t\u00eb kuptojm\u00eb historikun e agj\u00ebrimit edhe p\u00ebr popujt e tjer\u00eb para Muhammedit a.s. q\u00eb don t\u00eb thot\u00eb se edhe pejgamber\u00ebt tjer\u00eb e kan\u00eb pasur t\u00eb shpallur si obligim agj\u00ebrimin.<\/p>\n<p><strong>Koha jvore:<\/strong> Na tregoni di\u00e7ka m\u00eb tep\u00ebr p\u00ebr menyr\u00ebn e agj\u00ebrimit n\u00eb fen\u00eb Islame dhe obligimet q\u00eb i ka besimtari n\u00eb k\u00ebt\u00eb muaj?<br \/>\n<strong>J. Gjokaj:<\/strong> Agj\u00ebrimi i muajit t\u00eb Ramazanit \u00ebsht\u00eb nj\u00ebra nd\u00ebr pes\u00eb shtyllat themelore t\u00eb islamit. Ai q\u00eb e refuzon (nuk e beson) konsiderohet mosbesimtar, kurse kush nuk e agj\u00ebron p\u00ebr shkaqe t\u00eb tjera t\u00eb paarsyeshme \u00ebsht\u00eb gjynahqar-m\u00ebkatar. Pra, agj\u00ebrimi \u00ebsht\u00eb b\u00ebr\u00eb obligim me fjal\u00ebn e Allahut xh.sh. dhe me fjal\u00ebn e t\u00eb d\u00ebrguarit Muhammedit a.s. si shpjegues i Kur\u2019anit dhe besimit islam. Agj\u00ebrimi fillon para lindjes s\u00eb diellit dhe p\u00ebrfundon me p\u00ebr\u00ebndimin e diellit. Gjat\u00eb k\u00ebsaj kohe p\u00ebr besimtarin jan\u00eb rrept\u00ebsisht t\u00eb ndaluara: ushqimi, pirja, duhani, marr\u00ebdh\u00ebniet seksuale. Q\u00ebllimi i agj\u00ebrimit \u00ebsht\u00eb p\u00ebr t\u00eb treguar besnik\u00ebrin\u00eb dhe p\u00ebrkushtimin ndaj Allahut xh.sh. \u00c7do i rritur i sh\u00ebndosh\u00eb, mysliman e myslimane \u00ebsht\u00eb i obliguar t\u00eb agj\u00ebroj\u00eb. Para se t\u00eb filloj\u00eb agj\u00ebrimi duhet b\u00ebr\u00eb nijet (t\u00eb shprehet vendimi p\u00ebr t\u00eb agj\u00ebruar). Mjafton q\u00eb ky vendim t\u00eb jet\u00eb me zem\u00ebr dhe bindje t\u00eb plot\u00eb.<br \/>\nRamazani \u00ebsht\u00eb muaji i lutjeve, bamir\u00ebsis\u00eb, rifreskim i besimit, p\u00ebrforcimit t\u00eb marr\u00ebdh\u00ebnieve farefisnore, fqinj\u00ebsore dhe miq\u00ebsore p\u00ebrmes iftareve t\u00eb p\u00ebrbashk\u00ebta.<br \/>\nGjat\u00eb k\u00ebti muaji falet edhe namazi i Teravive, nat\u00ebn pas namazit t\u00eb jacis\u00eb. Sipas tradit\u00ebs s\u00eb Muhammedit a.s. Sufuri \u00ebsht\u00eb koha n\u00eb t\u00eb cil\u00ebn ushqehemi dhe p\u00ebrgatitemi p\u00ebr agj\u00ebrim si dhe koha kur b\u00ebjm\u00eb nijetin.<br \/>\nIftari \u00ebsht\u00eb momenti kur duhet t\u00eb nd\u00ebrpritet agj\u00ebrimi dhe b\u00ebhet duke e fal\u00ebnderuar Allahun xh.sh. q\u00eb na ka mund\u00ebsuar q\u00eb ti kryejm\u00eb obligimet ndaj Tij dhe t\u00eb shprehim mir\u00ebnjohje ndaj mir\u00ebsive t\u00eb Tij. Pos dobive shpirt\u00ebrore nga agj\u00ebrimi kemi edhe dobi trupore disa prej t\u00eb cilave i ka v\u00ebrtetuar edhe medicina bashk\u00ebkohore. Muhammedi a.s. ka th\u00ebn\u00eb: \u201c Sikur t\u00eb dinin besimtar\u00ebt sa dobi ka prej agj\u00ebrimit do t\u00eb d\u00ebshironin t\u00eb ishte i t\u00ebr\u00eb viti Ramazan\u201d.<\/p>\n<p><strong>Koha javore: <\/strong>Pasi q\u00eb n\u00eb k\u00ebt\u00eb muaj \u00ebsht\u00eb edhe nata Lejletul Kad\u00ebr e cila ka nj\u00eb r\u00ebnd\u00ebsi t\u00eb ve\u00e7ant\u00eb p\u00ebr agj\u00ebruesit, na tregoni di\u00e7ka m\u00eb shum\u00eb p\u00ebr k\u00ebt\u00eb nat\u00eb?<\/p>\n<p><strong>J. Gjokaj:<\/strong> P\u00ebr r\u00ebnd\u00ebsin\u00eb e k\u00ebsaj nate ka folur Allahu xh.sh. n\u00eb Kur\u2019an: <a href=\"http:\/\/www.visit-ulcinj.com\/blog\/wp-content\/uploads\/2009\/09\/Haxhi-Jusuf-Gjokaj.jpg\"><img loading=\"lazy\" class=\"alignright size-full wp-image-25199\" title=\"Haxhi Jusuf Gjokaj\" src=\"http:\/\/www.visit-ulcinj.com\/blog\/wp-content\/uploads\/2009\/09\/Haxhi-Jusuf-Gjokaj.jpg\" alt=\"Haxhi Jusuf Gjokaj\" width=\"300\" height=\"284\" \/><\/a>\u201cPasha Librin sqarues (Kur\u2019anin)! Ne e zbrit\u00ebm at\u00eb n\u00eb nj\u00eb nat\u00eb t\u00eb bekuar (n\u00eb nat\u00ebn e begatshme t\u00eb kadrit). Ne d\u00ebshiruam tzu t\u00ebrheqim v\u00ebrejtjen, e njer\u00ebzit t\u00eb jen\u00eb t\u00eb gatsh\u00ebm. N\u00eb at\u00eb (nat\u00eb) zgjidhet \u00e7do \u00e7\u00ebshtje n\u00eb m\u00ebnyr\u00eb t\u00eb prer\u00eb.\u201d (Ed-Duhan:1-4)<br \/>\nN\u00eb Kur\u2019an n\u00eb kaptin\u00ebn Kad\u00ebr Allahu xh.sh. thot\u00eb: \u201c Ne e zbrit\u00ebm at\u00eb (Kurzanin) n\u00eb Nat\u00ebn e Kadrit. E \u00e7zt\u00eb b\u00ebri ty t\u00eb dish se \u00e7z\u00ebsht\u00eb Nata e Kadrit? Nata e Kadrit \u00ebsht\u00eb m\u00eb e r\u00ebnd\u00ebsishme se nj\u00eb mij\u00eb muaj!\u201d (Kadr:1-3)<br \/>\nAllahu xh.sh. n\u00eb k\u00ebt\u00eb kaptin\u00eb (Kadr) don t\u00eb ju thot\u00eb besimtar\u00ebve se obligimet q\u00eb i kryejn\u00eb ndaj Allahut xh.sh.; me gjith\u00eb v\u00ebshtir\u00ebsit\u00eb si\u00e7 jan\u00eb nxeht\u00ebsia, lodhja trupore dhe shpirt\u00ebr\u00ebre pa dyshim se do t\u00eb shp\u00ebrblehen shum\u00ebfish. Allahu xh.sh. me k\u00ebt\u00eb sure na b\u00ebn t\u00eb ditur se \u00ebsht\u00eb i k\u00ebnaqur me besimtar\u00eb dhe e spjegon qart\u00eb shp\u00ebrblimin.<br \/>\nP\u00ebr t\u00eb folur p\u00ebr muajin e bekuar t\u00eb Ramazanit nuk mjafton nj\u00eb intervist\u00eb, sepse p\u00ebrmasat e dobive t\u00eb tij i tejkalojn\u00eb dimesionet e t\u00eb kuptuarit ton\u00eb. P\u00ebrve\u00e7 t\u00eb mirave n\u00eb k\u00ebt\u00eb bot\u00eb, shp\u00ebrblimet m\u00eb t\u00eb m\u00ebdha do t\u00eb jen\u00eb inshAllah n\u00eb bot\u00ebn e amshueshme.<\/p>\n<p><strong>Koha Javore<\/strong><br \/>\n<strong>Ka nisur grumbullimi i mjeteve financiare p\u00ebr nd\u00ebrtimin e xhamis\u00eb n\u00eb Fush\u00eb t\u00eb Ulqinit.<\/strong><\/p>\n<p>Xhamia do t\u00eb jet\u00eb shum\u00eb funksionale: 1 mij\u00eb vende p\u00ebr falje, vend p\u00ebr mir\u00ebmbajtjen dhe pregaditjen e xhenazes (gasulhanja), mejtep, bibliotek\u00eb,sall\u00eb, kafiteri, vende p\u00ebr parkim etj.<br \/>\nDeri m\u00eb tash \u00ebsht\u00eb bler\u00eb trolli i xhamis\u00eb dhe \u00ebsht\u00eb punuar projekti ideor.Lusim Allahun Fuqiplot\u00eb q\u00eb \u00e7do ndihm\u00eb tuaj\u00ebn ta radhis\u00eb n\u00eb vepra t\u00eb mira.<\/p>\n<p><strong>BASHK\u00cbSIJA ISLAME E ULQINIT<\/strong><\/p>\n<p><a href=\"http:\/\/www.visit-ulcinj.com\/blog\/wp-content\/uploads\/2008\/08\/bashkesija-islame-e-ulqinit.gif\"><img loading=\"lazy\" class=\"size-medium wp-image-2842 alignright\" title=\"bashkesija-islame-e-ulqinit\" src=\"http:\/\/www.visit-ulcinj.com\/blog\/wp-content\/uploads\/2008\/08\/bashkesija-islame-e-ulqinit.gif\" alt=\"Bashkesija Islame e Uqinit\" width=\"117\" height=\"114\" \/><\/a><\/p>\n<p><strong>Xhirollogaria:510-12295-15<\/strong><\/p>\n<p><strong>Informatat n\u00eb tel\/fax:<br \/>\nTel\/fax:+382 30 413-257<br \/>\nMobil :+382 69 037-681<br \/>\nMobil :+382 69 473-400<\/strong><\/p>\n<p style=\"text-align: center;\">\n<p style=\"text-align: left;\"><!--YouTube Error: bad URL entered--><\/p>\n<p style=\"text-align: center;\">\n","protected":false},"excerpt":{"rendered":"<p>Ramazani \u00ebsht\u00eb rifreskim i besimit Koha javore: Zot\u00ebri Myfti, a mund t\u00eb na thuani di\u00e7ka p\u00ebr r\u00ebnd\u00ebsin\u00eb e muajit t\u00eb Ramazanit? J.Gjokaj: Muaji i Ramazanit \u00ebsht\u00eb muaj i madh\u00ebruar, muaj i dashuris\u00eb ndaj Allahut xh.sh., muaji i ibadetit-adhurimit t\u00eb Allahut xh.sh., \u00ebsht\u00eb muaji q\u00eb t\u00eb gjith\u00eb mysliman\u00ebt n\u00eb t\u00ebr\u00eb bot\u00ebn agj\u00ebrojn\u00eb n\u00eb nj\u00eb koh\u00eb t\u00eb [&hellip;]<\/p>\n","protected":false},"author":1,"featured_media":0,"comment_status":"open","ping_status":"closed","sticky":false,"template":"","format":"standard","meta":{"spay_email":"","jetpack_publicize_message":"","jetpack_is_tweetstorm":false,"jetpack_publicize_feature_enabled":true},"categories":[5],"tags":[12326],"jetpack_publicize_connections":[],"yoast_head":"<!-- This site is optimized with the Yoast SEO plugin v19.1 - https:\/\/yoast.com\/wordpress\/plugins\/seo\/ -->\n<title>Intervist\u00eb me Myftiun e Malit t\u00eb Zi Ef.Haxhi Jusuf Gjokaj - Lajme nga Ulqini<\/title>\n<meta name=\"description\" content=\"Ramazani \u00ebsht\u00eb rifreskim i besimit Koha javore: Zot\u00ebri Myfti, a mund t\u00eb na thuani di\u00e7ka p\u00ebr r\u00ebnd\u00ebsin\u00eb e muajit t\u00eb Ramazanit? J.Gjokaj: Muaji i Ramazanit\" \/>\n<meta name=\"robots\" content=\"index, follow, max-snippet:-1, max-image-preview:large, max-video-preview:-1\" \/>\n<link rel=\"canonical\" href=\"https:\/\/www.visit-ulcinj.com\/blog\/2009\/09\/01\/interviste-me-myftiun-e-malit-te-zi-ef-haxhi-jusuf-gjokaj\/\" \/>\n<meta property=\"og:locale\" content=\"en_US\" \/>\n<meta property=\"og:type\" content=\"article\" \/>\n<meta property=\"og:title\" content=\"Intervist\u00eb me Myftiun e Malit t\u00eb Zi Ef.Haxhi Jusuf Gjokaj - Lajme nga Ulqini\" \/>\n<meta property=\"og:description\" content=\"Ramazani \u00ebsht\u00eb rifreskim i besimit Koha javore: Zot\u00ebri Myfti, a mund t\u00eb na thuani di\u00e7ka p\u00ebr r\u00ebnd\u00ebsin\u00eb e muajit t\u00eb Ramazanit? J.Gjokaj: Muaji i Ramazanit\" \/>\n<meta property=\"og:url\" content=\"https:\/\/www.visit-ulcinj.com\/blog\/2009\/09\/01\/interviste-me-myftiun-e-malit-te-zi-ef-haxhi-jusuf-gjokaj\/\" \/>\n<meta property=\"og:site_name\" content=\"Lajme nga Ulqini\" \/>\n<meta property=\"article:published_time\" content=\"2009-09-01T18:42:34+00:00\" \/>\n<meta property=\"article:modified_time\" content=\"2009-09-01T18:53:42+00:00\" \/>\n<meta property=\"og:image\" content=\"http:\/\/www.visit-ulcinj.com\/blog\/wp-content\/uploads\/2009\/09\/Haxhi-Jusuf-Gjokaj.1.jpg\" \/>\n<meta name=\"twitter:label1\" content=\"Written by\" \/>\n\t<meta name=\"twitter:data1\" content=\"ulqini\" \/>\n\t<meta name=\"twitter:label2\" content=\"Est. reading time\" \/>\n\t<meta name=\"twitter:data2\" content=\"5 minutes\" \/>\n<script type=\"application\/ld+json\" class=\"yoast-schema-graph\">{\"@context\":\"https:\/\/schema.org\",\"@graph\":[{\"@type\":\"WebSite\",\"@id\":\"https:\/\/www.visit-ulcinj.com\/blog\/#website\",\"url\":\"https:\/\/www.visit-ulcinj.com\/blog\/\",\"name\":\"Lajme nga Ulqini\",\"description\":\"Lajme,Vijesti,Ulqini,Ulqin,Crna Gora,Mali i Zi\",\"potentialAction\":[{\"@type\":\"SearchAction\",\"target\":{\"@type\":\"EntryPoint\",\"urlTemplate\":\"https:\/\/www.visit-ulcinj.com\/blog\/?s={search_term_string}\"},\"query-input\":\"required name=search_term_string\"}],\"inLanguage\":\"en-US\"},{\"@type\":\"ImageObject\",\"inLanguage\":\"en-US\",\"@id\":\"https:\/\/www.visit-ulcinj.com\/blog\/2009\/09\/01\/interviste-me-myftiun-e-malit-te-zi-ef-haxhi-jusuf-gjokaj\/#primaryimage\",\"url\":\"https:\/\/www.visit-ulcinj.com\/blog\/wp-content\/uploads\/2009\/09\/Haxhi-Jusuf-Gjokaj.1.jpg\",\"contentUrl\":\"https:\/\/www.visit-ulcinj.com\/blog\/wp-content\/uploads\/2009\/09\/Haxhi-Jusuf-Gjokaj.1.jpg\",\"width\":\"424\",\"height\":\"639\"},{\"@type\":\"WebPage\",\"@id\":\"https:\/\/www.visit-ulcinj.com\/blog\/2009\/09\/01\/interviste-me-myftiun-e-malit-te-zi-ef-haxhi-jusuf-gjokaj\/#webpage\",\"url\":\"https:\/\/www.visit-ulcinj.com\/blog\/2009\/09\/01\/interviste-me-myftiun-e-malit-te-zi-ef-haxhi-jusuf-gjokaj\/\",\"name\":\"Intervist\u00eb me Myftiun e Malit t\u00eb Zi Ef.Haxhi Jusuf Gjokaj - Lajme nga Ulqini\",\"isPartOf\":{\"@id\":\"https:\/\/www.visit-ulcinj.com\/blog\/#website\"},\"primaryImageOfPage\":{\"@id\":\"https:\/\/www.visit-ulcinj.com\/blog\/2009\/09\/01\/interviste-me-myftiun-e-malit-te-zi-ef-haxhi-jusuf-gjokaj\/#primaryimage\"},\"datePublished\":\"2009-09-01T18:42:34+00:00\",\"dateModified\":\"2009-09-01T18:53:42+00:00\",\"author\":{\"@id\":\"https:\/\/www.visit-ulcinj.com\/blog\/#\/schema\/person\/dcab619c614d3038751c63bc2aadc06d\"},\"description\":\"Ramazani \u00ebsht\u00eb rifreskim i besimit Koha javore: Zot\u00ebri Myfti, a mund t\u00eb na thuani di\u00e7ka p\u00ebr r\u00ebnd\u00ebsin\u00eb e muajit t\u00eb Ramazanit? J.Gjokaj: Muaji i Ramazanit\",\"breadcrumb\":{\"@id\":\"https:\/\/www.visit-ulcinj.com\/blog\/2009\/09\/01\/interviste-me-myftiun-e-malit-te-zi-ef-haxhi-jusuf-gjokaj\/#breadcrumb\"},\"inLanguage\":\"en-US\",\"potentialAction\":[{\"@type\":\"ReadAction\",\"target\":[\"https:\/\/www.visit-ulcinj.com\/blog\/2009\/09\/01\/interviste-me-myftiun-e-malit-te-zi-ef-haxhi-jusuf-gjokaj\/\"]}]},{\"@type\":\"BreadcrumbList\",\"@id\":\"https:\/\/www.visit-ulcinj.com\/blog\/2009\/09\/01\/interviste-me-myftiun-e-malit-te-zi-ef-haxhi-jusuf-gjokaj\/#breadcrumb\",\"itemListElement\":[{\"@type\":\"ListItem\",\"position\":1,\"name\":\"Intervist\u00eb me Myftiun e Malit t\u00eb Zi Ef.Haxhi Jusuf Gjokaj\"}]},{\"@type\":\"Person\",\"@id\":\"https:\/\/www.visit-ulcinj.com\/blog\/#\/schema\/person\/dcab619c614d3038751c63bc2aadc06d\",\"name\":\"ulqini\",\"sameAs\":[\"http:\/\/www.visit-ulcinj.com\"],\"url\":\"https:\/\/www.visit-ulcinj.com\/blog\/author\/admin\/\"}]}<\/script>\n<!-- \/ Yoast SEO plugin. -->","yoast_head_json":{"title":"Intervist\u00eb me Myftiun e Malit t\u00eb Zi Ef.Haxhi Jusuf Gjokaj - Lajme nga Ulqini","description":"Ramazani \u00ebsht\u00eb rifreskim i besimit Koha javore: Zot\u00ebri Myfti, a mund t\u00eb na thuani di\u00e7ka p\u00ebr r\u00ebnd\u00ebsin\u00eb e muajit t\u00eb Ramazanit? J.Gjokaj: Muaji i Ramazanit","robots":{"index":"index","follow":"follow","max-snippet":"max-snippet:-1","max-image-preview":"max-image-preview:large","max-video-preview":"max-video-preview:-1"},"canonical":"https:\/\/www.visit-ulcinj.com\/blog\/2009\/09\/01\/interviste-me-myftiun-e-malit-te-zi-ef-haxhi-jusuf-gjokaj\/","og_locale":"en_US","og_type":"article","og_title":"Intervist\u00eb me Myftiun e Malit t\u00eb Zi Ef.Haxhi Jusuf Gjokaj - Lajme nga Ulqini","og_description":"Ramazani \u00ebsht\u00eb rifreskim i besimit Koha javore: Zot\u00ebri Myfti, a mund t\u00eb na thuani di\u00e7ka p\u00ebr r\u00ebnd\u00ebsin\u00eb e muajit t\u00eb Ramazanit? J.Gjokaj: Muaji i Ramazanit","og_url":"https:\/\/www.visit-ulcinj.com\/blog\/2009\/09\/01\/interviste-me-myftiun-e-malit-te-zi-ef-haxhi-jusuf-gjokaj\/","og_site_name":"Lajme nga Ulqini","article_published_time":"2009-09-01T18:42:34+00:00","article_modified_time":"2009-09-01T18:53:42+00:00","og_image":[{"url":"http:\/\/www.visit-ulcinj.com\/blog\/wp-content\/uploads\/2009\/09\/Haxhi-Jusuf-Gjokaj.1.jpg"}],"twitter_misc":{"Written by":"ulqini","Est. reading time":"5 minutes"},"schema":{"@context":"https:\/\/schema.org","@graph":[{"@type":"WebSite","@id":"https:\/\/www.visit-ulcinj.com\/blog\/#website","url":"https:\/\/www.visit-ulcinj.com\/blog\/","name":"Lajme nga Ulqini","description":"Lajme,Vijesti,Ulqini,Ulqin,Crna Gora,Mali i Zi","potentialAction":[{"@type":"SearchAction","target":{"@type":"EntryPoint","urlTemplate":"https:\/\/www.visit-ulcinj.com\/blog\/?s={search_term_string}"},"query-input":"required name=search_term_string"}],"inLanguage":"en-US"},{"@type":"ImageObject","inLanguage":"en-US","@id":"https:\/\/www.visit-ulcinj.com\/blog\/2009\/09\/01\/interviste-me-myftiun-e-malit-te-zi-ef-haxhi-jusuf-gjokaj\/#primaryimage","url":"https:\/\/www.visit-ulcinj.com\/blog\/wp-content\/uploads\/2009\/09\/Haxhi-Jusuf-Gjokaj.1.jpg","contentUrl":"https:\/\/www.visit-ulcinj.com\/blog\/wp-content\/uploads\/2009\/09\/Haxhi-Jusuf-Gjokaj.1.jpg","width":"424","height":"639"},{"@type":"WebPage","@id":"https:\/\/www.visit-ulcinj.com\/blog\/2009\/09\/01\/interviste-me-myftiun-e-malit-te-zi-ef-haxhi-jusuf-gjokaj\/#webpage","url":"https:\/\/www.visit-ulcinj.com\/blog\/2009\/09\/01\/interviste-me-myftiun-e-malit-te-zi-ef-haxhi-jusuf-gjokaj\/","name":"Intervist\u00eb me Myftiun e Malit t\u00eb Zi Ef.Haxhi Jusuf Gjokaj - Lajme nga Ulqini","isPartOf":{"@id":"https:\/\/www.visit-ulcinj.com\/blog\/#website"},"primaryImageOfPage":{"@id":"https:\/\/www.visit-ulcinj.com\/blog\/2009\/09\/01\/interviste-me-myftiun-e-malit-te-zi-ef-haxhi-jusuf-gjokaj\/#primaryimage"},"datePublished":"2009-09-01T18:42:34+00:00","dateModified":"2009-09-01T18:53:42+00:00","author":{"@id":"https:\/\/www.visit-ulcinj.com\/blog\/#\/schema\/person\/dcab619c614d3038751c63bc2aadc06d"},"description":"Ramazani \u00ebsht\u00eb rifreskim i besimit Koha javore: Zot\u00ebri Myfti, a mund t\u00eb na thuani di\u00e7ka p\u00ebr r\u00ebnd\u00ebsin\u00eb e muajit t\u00eb Ramazanit? J.Gjokaj: Muaji i Ramazanit","breadcrumb":{"@id":"https:\/\/www.visit-ulcinj.com\/blog\/2009\/09\/01\/interviste-me-myftiun-e-malit-te-zi-ef-haxhi-jusuf-gjokaj\/#breadcrumb"},"inLanguage":"en-US","potentialAction":[{"@type":"ReadAction","target":["https:\/\/www.visit-ulcinj.com\/blog\/2009\/09\/01\/interviste-me-myftiun-e-malit-te-zi-ef-haxhi-jusuf-gjokaj\/"]}]},{"@type":"BreadcrumbList","@id":"https:\/\/www.visit-ulcinj.com\/blog\/2009\/09\/01\/interviste-me-myftiun-e-malit-te-zi-ef-haxhi-jusuf-gjokaj\/#breadcrumb","itemListElement":[{"@type":"ListItem","position":1,"name":"Intervist\u00eb me Myftiun e Malit t\u00eb Zi Ef.Haxhi Jusuf Gjokaj"}]},{"@type":"Person","@id":"https:\/\/www.visit-ulcinj.com\/blog\/#\/schema\/person\/dcab619c614d3038751c63bc2aadc06d","name":"ulqini","sameAs":["http:\/\/www.visit-ulcinj.com"],"url":"https:\/\/www.visit-ulcinj.com\/blog\/author\/admin\/"}]}},"jetpack_featured_media_url":"","jetpack_sharing_enabled":true,"jetpack_shortlink":"https:\/\/wp.me\/pe6lTn-6yq","_links":{"self":[{"href":"https:\/\/www.visit-ulcinj.com\/blog\/wp-json\/wp\/v2\/posts\/25198"}],"collection":[{"href":"https:\/\/www.visit-ulcinj.com\/blog\/wp-json\/wp\/v2\/posts"}],"about":[{"href":"https:\/\/www.visit-ulcinj.com\/blog\/wp-json\/wp\/v2\/types\/post"}],"author":[{"embeddable":true,"href":"https:\/\/www.visit-ulcinj.com\/blog\/wp-json\/wp\/v2\/users\/1"}],"replies":[{"embeddable":true,"href":"https:\/\/www.visit-ulcinj.com\/blog\/wp-json\/wp\/v2\/comments?post=25198"}],"version-history":[{"count":0,"href":"https:\/\/www.visit-ulcinj.com\/blog\/wp-json\/wp\/v2\/posts\/25198\/revisions"}],"wp:attachment":[{"href":"https:\/\/www.visit-ulcinj.com\/blog\/wp-json\/wp\/v2\/media?parent=25198"}],"wp:term":[{"taxonomy":"category","embeddable":true,"href":"https:\/\/www.visit-ulcinj.com\/blog\/wp-json\/wp\/v2\/categories?post=25198"},{"taxonomy":"post_tag","embeddable":true,"href":"https:\/\/www.visit-ulcinj.com\/blog\/wp-json\/wp\/v2\/tags?post=25198"}],"curies":[{"name":"wp","href":"https:\/\/api.w.org\/{rel}","templated":true}]}}