{"id":252,"date":"2008-01-24T09:43:56","date_gmt":"2008-01-24T14:43:56","guid":{"rendered":"http:\/\/www.visit-ulcinj.com\/blog\/2008\/01\/24\/george-clooney-dhe-sharon-stone-kunder-pavaresise-se-kosoves\/"},"modified":"2008-02-12T19:38:09","modified_gmt":"2008-02-13T00:38:09","slug":"george-clooney-dhe-sharon-stone-kunder-pavaresise-se-kosoves","status":"publish","type":"post","link":"https:\/\/www.visit-ulcinj.com\/blog\/2008\/01\/24\/george-clooney-dhe-sharon-stone-kunder-pavaresise-se-kosoves\/","title":{"rendered":"George Clooney dhe Sharon Stone, kund\u00ebr pavar\u00ebsis\u00eb s\u00eb Kosov\u00ebs"},"content":{"rendered":"<p><a href=\"http:\/\/www.visit-ulcinj.com\/blog\/2008\/01\/24\/george-clooney-dhe-sharon-stone-kunder-pavaresise-se-kosoves\/george-clooney-sharon-stone\/\" rel=\"attachment wp-att-253\" title=\"George Clooney-Sharon Stone\"><img loading=\"lazy\" src=\"http:\/\/www.visit-ulcinj.com\/blog\/wp-content\/uploads\/2008\/01\/stone.jpg\" alt=\"George Clooney-Sharon Stone\" align=\"left\" height=\"124\" hspace=\"2\" vspace=\"2\" width=\"143\" \/><\/a>Aktori i famsh\u00ebm i Hollywoodit, George Clooney, ka b\u00ebr\u00eb t\u00eb ditur se, bashk\u00eb me koleg\u00ebt e tij, do t\u00eb organizoj nj\u00eb protest\u00eb kund\u00ebr shpalljes s\u00eb nj\u00ebanshme t\u00eb pavar\u00ebsis\u00eb s\u00eb Kosov\u00ebs. \u201cS\u00eb shpejti, bashk\u00eb me kolegen time, Sharon Stone,<!--more--> dhe miqt\u00eb e saj nga f\u00ebmij\u00ebria, q\u00eb kan\u00eb prejardhje serbe, do t\u00eb organizojn\u00eb nj\u00eb protest\u00eb p\u00ebr shkak t\u00eb p\u00ebrpjekjes s\u00eb Kosov\u00ebs p\u00ebr ta shpallur pavar\u00ebsin\u00eb\u201d, ka th\u00ebn\u00eb aktori amerikan p\u00ebr gazet\u00ebn serbe t\u00eb Franfurtit \u201cVreme\u201d. Edhe aktorja Stone, dit\u00eb m\u00eb par\u00eb n\u00eb nj\u00eb intervist\u00eb p\u00ebr t\u00eb p\u00ebrjavshm\u00ebn serbe \u201cEvropa\u201d, ka paralajm\u00ebruar mund\u00ebsin\u00eb e organizimit t\u00eb nj\u00eb lloj proteste kund\u00ebr pavar\u00ebsis\u00eb s\u00eb Kosov\u00ebs. Madje aktorja ka dh\u00ebn\u00eb edhe detaje nga f\u00ebmij\u00ebra e saj, duke shpjeguar se \u00ebsht\u00eb rritur me f\u00ebmij\u00ebt e nj\u00eb familje serbe, q\u00eb i kishte n\u00eb fqinj\u00ebsi &#8211; e t\u00eb cil\u00ebt edhe e kan\u00eb furnizuar \u201cme fakte\u201d p\u00ebr ngjarjet e fundit n\u00eb Kosov\u00eb. Megjithat\u00eb, Stone ka th\u00ebn\u00eb se lobi kosovar \u00ebsht\u00eb shum\u00eb i fort\u00eb n\u00eb SHBA. &#8220;Lobi kosovar \u00ebsht\u00eb shum\u00eb i fort\u00eb, nd\u00ebrsa fatkeq\u00ebsish edhe interesat amerikane jan\u00eb n\u00eb an\u00ebn e tyre. T\u00eb presim p\u00ebrfundimin e bisedimeve dhe t\u00eb shohim se \u00e7ka mund t\u00eb organizohet\u201d, ishte shprehur ajo.<\/p>\n<p>Gazeta Lajm<\/p>\n<p><a href=\"http:\/\/www.visit-ulcinj.com\/blog\/2008\/01\/24\/clooneys%e2%80%99jam-kunder-kosoves\/george-clooney\/\" rel=\"attachment wp-att-254\" title=\"George Clooney\"><img loading=\"lazy\" src=\"http:\/\/www.visit-ulcinj.com\/blog\/wp-content\/uploads\/2008\/01\/george-clooney.jpg\" alt=\"George Clooney\" align=\"left\" height=\"111\" hspace=\"2\" vspace=\"2\" width=\"129\" \/><\/a>Thashethemet e fundit se George Clooney \u00ebsht\u00eb kund\u00ebr pavar\u00ebsis\u00eb s\u00eb Kosov\u00ebs jan\u00eb mohuar nga z\u00ebdh\u00ebn\u00ebsi i tij, q\u00eb ka treguar se ato kan\u00eb qen\u00eb thjesht propagand\u00eb e shtypit serb. N\u00eb nj\u00eb deklarat\u00eb dh\u00ebn\u00eb t\u00eb p\u00ebrditshmes Koha Ditore, z\u00ebdh\u00ebn\u00ebsi i Clooneyt, Stan Rosenfile, ka mohuar se aktori ka folur ndonj\u00ebher\u00eb p\u00ebr t\u00eb ardhmen e Kosov\u00ebs dhe as q\u00eb ka autorizuar dik\u00eb t\u00eb flas\u00eb n\u00eb em\u00ebr t\u00eb tij. \u201cSapo fola me George. Ai tha se nuk ka l\u00ebshuar ndonj\u00eb deklarat\u00eb dhe nuk ka autorizuar ask\u00ebnd p\u00ebr t\u00eb l\u00ebshuar deklarat\u00eb t\u00eb till\u00eb n\u00eb em\u00ebr t\u00eb tij\u201d, \u00ebsht\u00eb p\u00ebrgjigjur Rosenfield n\u00eb pyetjen q\u00eb gazeta kosovare ia ka parashtruar atij p\u00ebrmes e-mailit zyrtar. Lajmi se Clooney dhe Sharon Stone d\u00ebshirojn\u00eb t\u00eb organizojn\u00eb nj\u00eb protest\u00eb kund\u00ebr pavar\u00ebsis\u00eb s\u00eb Kosov\u00ebs, duket se nuk kan\u00eb qen\u00eb gj\u00eb tjet\u00ebr, p\u00ebrve\u00e7se nj\u00eb propagand\u00eb tashm\u00eb e njohur e mediave serbe.<\/p>\n<p>Koha Ditore<\/p>\n","protected":false},"excerpt":{"rendered":"<p><img loading=\"lazy\" src=\"http:\/\/www.visit-ulcinj.com\/blog\/wp-content\/uploads\/2008\/01\/stone.jpg\" alt=\"George Clooney-Sharon Stone\" height=\"140\" width=\"140\" \/><\/p>\n","protected":false},"author":1,"featured_media":0,"comment_status":"open","ping_status":"closed","sticky":false,"template":"","format":"standard","meta":{"spay_email":"","jetpack_publicize_message":"","jetpack_is_tweetstorm":false,"jetpack_publicize_feature_enabled":true},"categories":[12],"tags":[1232,737,740,738,743,739],"jetpack_publicize_connections":[],"yoast_head":"<!-- This site is optimized with the Yoast SEO plugin v19.1 - https:\/\/yoast.com\/wordpress\/plugins\/seo\/ -->\n<title>George Clooney dhe Sharon Stone, kund\u00ebr pavar\u00ebsis\u00eb s\u00eb Kosov\u00ebs - Lajme nga Ulqini<\/title>\n<meta name=\"robots\" content=\"index, follow, max-snippet:-1, max-image-preview:large, max-video-preview:-1\" \/>\n<link rel=\"canonical\" href=\"https:\/\/www.visit-ulcinj.com\/blog\/2008\/01\/24\/george-clooney-dhe-sharon-stone-kunder-pavaresise-se-kosoves\/\" \/>\n<meta property=\"og:locale\" content=\"en_US\" \/>\n<meta property=\"og:type\" content=\"article\" \/>\n<meta property=\"og:title\" content=\"George Clooney dhe Sharon Stone, kund\u00ebr pavar\u00ebsis\u00eb s\u00eb Kosov\u00ebs - Lajme nga Ulqini\" \/>\n<meta property=\"og:url\" content=\"https:\/\/www.visit-ulcinj.com\/blog\/2008\/01\/24\/george-clooney-dhe-sharon-stone-kunder-pavaresise-se-kosoves\/\" \/>\n<meta property=\"og:site_name\" content=\"Lajme nga Ulqini\" \/>\n<meta property=\"article:published_time\" content=\"2008-01-24T14:43:56+00:00\" \/>\n<meta property=\"article:modified_time\" content=\"2008-02-13T00:38:09+00:00\" \/>\n<meta property=\"og:image\" content=\"http:\/\/www.visit-ulcinj.com\/blog\/wp-content\/uploads\/2008\/01\/stone.jpg\" \/>\n<meta name=\"twitter:label1\" content=\"Written by\" \/>\n\t<meta name=\"twitter:data1\" content=\"ulqini\" \/>\n\t<meta name=\"twitter:label2\" content=\"Est. reading time\" \/>\n\t<meta name=\"twitter:data2\" content=\"2 minutes\" \/>\n<script type=\"application\/ld+json\" class=\"yoast-schema-graph\">{\"@context\":\"https:\/\/schema.org\",\"@graph\":[{\"@type\":\"WebSite\",\"@id\":\"https:\/\/www.visit-ulcinj.com\/blog\/#website\",\"url\":\"https:\/\/www.visit-ulcinj.com\/blog\/\",\"name\":\"Lajme nga Ulqini\",\"description\":\"Lajme,Vijesti,Ulqini,Ulqin,Crna Gora,Mali i Zi\",\"potentialAction\":[{\"@type\":\"SearchAction\",\"target\":{\"@type\":\"EntryPoint\",\"urlTemplate\":\"https:\/\/www.visit-ulcinj.com\/blog\/?s={search_term_string}\"},\"query-input\":\"required name=search_term_string\"}],\"inLanguage\":\"en-US\"},{\"@type\":\"ImageObject\",\"inLanguage\":\"en-US\",\"@id\":\"https:\/\/www.visit-ulcinj.com\/blog\/2008\/01\/24\/george-clooney-dhe-sharon-stone-kunder-pavaresise-se-kosoves\/#primaryimage\",\"url\":\"http:\/\/www.visit-ulcinj.com\/blog\/wp-content\/uploads\/2008\/01\/stone.jpg\",\"contentUrl\":\"http:\/\/www.visit-ulcinj.com\/blog\/wp-content\/uploads\/2008\/01\/stone.jpg\"},{\"@type\":\"WebPage\",\"@id\":\"https:\/\/www.visit-ulcinj.com\/blog\/2008\/01\/24\/george-clooney-dhe-sharon-stone-kunder-pavaresise-se-kosoves\/#webpage\",\"url\":\"https:\/\/www.visit-ulcinj.com\/blog\/2008\/01\/24\/george-clooney-dhe-sharon-stone-kunder-pavaresise-se-kosoves\/\",\"name\":\"George Clooney dhe Sharon Stone, kund\u00ebr pavar\u00ebsis\u00eb s\u00eb Kosov\u00ebs - Lajme nga Ulqini\",\"isPartOf\":{\"@id\":\"https:\/\/www.visit-ulcinj.com\/blog\/#website\"},\"primaryImageOfPage\":{\"@id\":\"https:\/\/www.visit-ulcinj.com\/blog\/2008\/01\/24\/george-clooney-dhe-sharon-stone-kunder-pavaresise-se-kosoves\/#primaryimage\"},\"datePublished\":\"2008-01-24T14:43:56+00:00\",\"dateModified\":\"2008-02-13T00:38:09+00:00\",\"author\":{\"@id\":\"https:\/\/www.visit-ulcinj.com\/blog\/#\/schema\/person\/dcab619c614d3038751c63bc2aadc06d\"},\"breadcrumb\":{\"@id\":\"https:\/\/www.visit-ulcinj.com\/blog\/2008\/01\/24\/george-clooney-dhe-sharon-stone-kunder-pavaresise-se-kosoves\/#breadcrumb\"},\"inLanguage\":\"en-US\",\"potentialAction\":[{\"@type\":\"ReadAction\",\"target\":[\"https:\/\/www.visit-ulcinj.com\/blog\/2008\/01\/24\/george-clooney-dhe-sharon-stone-kunder-pavaresise-se-kosoves\/\"]}]},{\"@type\":\"BreadcrumbList\",\"@id\":\"https:\/\/www.visit-ulcinj.com\/blog\/2008\/01\/24\/george-clooney-dhe-sharon-stone-kunder-pavaresise-se-kosoves\/#breadcrumb\",\"itemListElement\":[{\"@type\":\"ListItem\",\"position\":1,\"name\":\"George Clooney dhe Sharon Stone, kund\u00ebr pavar\u00ebsis\u00eb s\u00eb Kosov\u00ebs\"}]},{\"@type\":\"Person\",\"@id\":\"https:\/\/www.visit-ulcinj.com\/blog\/#\/schema\/person\/dcab619c614d3038751c63bc2aadc06d\",\"name\":\"ulqini\",\"sameAs\":[\"http:\/\/www.visit-ulcinj.com\"],\"url\":\"https:\/\/www.visit-ulcinj.com\/blog\/author\/admin\/\"}]}<\/script>\n<!-- \/ Yoast SEO plugin. -->","yoast_head_json":{"title":"George Clooney dhe Sharon Stone, kund\u00ebr pavar\u00ebsis\u00eb s\u00eb Kosov\u00ebs - Lajme nga Ulqini","robots":{"index":"index","follow":"follow","max-snippet":"max-snippet:-1","max-image-preview":"max-image-preview:large","max-video-preview":"max-video-preview:-1"},"canonical":"https:\/\/www.visit-ulcinj.com\/blog\/2008\/01\/24\/george-clooney-dhe-sharon-stone-kunder-pavaresise-se-kosoves\/","og_locale":"en_US","og_type":"article","og_title":"George Clooney dhe Sharon Stone, kund\u00ebr pavar\u00ebsis\u00eb s\u00eb Kosov\u00ebs - Lajme nga Ulqini","og_url":"https:\/\/www.visit-ulcinj.com\/blog\/2008\/01\/24\/george-clooney-dhe-sharon-stone-kunder-pavaresise-se-kosoves\/","og_site_name":"Lajme nga Ulqini","article_published_time":"2008-01-24T14:43:56+00:00","article_modified_time":"2008-02-13T00:38:09+00:00","og_image":[{"url":"http:\/\/www.visit-ulcinj.com\/blog\/wp-content\/uploads\/2008\/01\/stone.jpg"}],"twitter_misc":{"Written by":"ulqini","Est. reading time":"2 minutes"},"schema":{"@context":"https:\/\/schema.org","@graph":[{"@type":"WebSite","@id":"https:\/\/www.visit-ulcinj.com\/blog\/#website","url":"https:\/\/www.visit-ulcinj.com\/blog\/","name":"Lajme nga Ulqini","description":"Lajme,Vijesti,Ulqini,Ulqin,Crna Gora,Mali i Zi","potentialAction":[{"@type":"SearchAction","target":{"@type":"EntryPoint","urlTemplate":"https:\/\/www.visit-ulcinj.com\/blog\/?s={search_term_string}"},"query-input":"required name=search_term_string"}],"inLanguage":"en-US"},{"@type":"ImageObject","inLanguage":"en-US","@id":"https:\/\/www.visit-ulcinj.com\/blog\/2008\/01\/24\/george-clooney-dhe-sharon-stone-kunder-pavaresise-se-kosoves\/#primaryimage","url":"http:\/\/www.visit-ulcinj.com\/blog\/wp-content\/uploads\/2008\/01\/stone.jpg","contentUrl":"http:\/\/www.visit-ulcinj.com\/blog\/wp-content\/uploads\/2008\/01\/stone.jpg"},{"@type":"WebPage","@id":"https:\/\/www.visit-ulcinj.com\/blog\/2008\/01\/24\/george-clooney-dhe-sharon-stone-kunder-pavaresise-se-kosoves\/#webpage","url":"https:\/\/www.visit-ulcinj.com\/blog\/2008\/01\/24\/george-clooney-dhe-sharon-stone-kunder-pavaresise-se-kosoves\/","name":"George Clooney dhe Sharon Stone, kund\u00ebr pavar\u00ebsis\u00eb s\u00eb Kosov\u00ebs - Lajme nga Ulqini","isPartOf":{"@id":"https:\/\/www.visit-ulcinj.com\/blog\/#website"},"primaryImageOfPage":{"@id":"https:\/\/www.visit-ulcinj.com\/blog\/2008\/01\/24\/george-clooney-dhe-sharon-stone-kunder-pavaresise-se-kosoves\/#primaryimage"},"datePublished":"2008-01-24T14:43:56+00:00","dateModified":"2008-02-13T00:38:09+00:00","author":{"@id":"https:\/\/www.visit-ulcinj.com\/blog\/#\/schema\/person\/dcab619c614d3038751c63bc2aadc06d"},"breadcrumb":{"@id":"https:\/\/www.visit-ulcinj.com\/blog\/2008\/01\/24\/george-clooney-dhe-sharon-stone-kunder-pavaresise-se-kosoves\/#breadcrumb"},"inLanguage":"en-US","potentialAction":[{"@type":"ReadAction","target":["https:\/\/www.visit-ulcinj.com\/blog\/2008\/01\/24\/george-clooney-dhe-sharon-stone-kunder-pavaresise-se-kosoves\/"]}]},{"@type":"BreadcrumbList","@id":"https:\/\/www.visit-ulcinj.com\/blog\/2008\/01\/24\/george-clooney-dhe-sharon-stone-kunder-pavaresise-se-kosoves\/#breadcrumb","itemListElement":[{"@type":"ListItem","position":1,"name":"George Clooney dhe Sharon Stone, kund\u00ebr pavar\u00ebsis\u00eb s\u00eb Kosov\u00ebs"}]},{"@type":"Person","@id":"https:\/\/www.visit-ulcinj.com\/blog\/#\/schema\/person\/dcab619c614d3038751c63bc2aadc06d","name":"ulqini","sameAs":["http:\/\/www.visit-ulcinj.com"],"url":"https:\/\/www.visit-ulcinj.com\/blog\/author\/admin\/"}]}},"jetpack_featured_media_url":"","jetpack_sharing_enabled":true,"jetpack_shortlink":"https:\/\/wp.me\/pe6lTn-44","_links":{"self":[{"href":"https:\/\/www.visit-ulcinj.com\/blog\/wp-json\/wp\/v2\/posts\/252"}],"collection":[{"href":"https:\/\/www.visit-ulcinj.com\/blog\/wp-json\/wp\/v2\/posts"}],"about":[{"href":"https:\/\/www.visit-ulcinj.com\/blog\/wp-json\/wp\/v2\/types\/post"}],"author":[{"embeddable":true,"href":"https:\/\/www.visit-ulcinj.com\/blog\/wp-json\/wp\/v2\/users\/1"}],"replies":[{"embeddable":true,"href":"https:\/\/www.visit-ulcinj.com\/blog\/wp-json\/wp\/v2\/comments?post=252"}],"version-history":[{"count":0,"href":"https:\/\/www.visit-ulcinj.com\/blog\/wp-json\/wp\/v2\/posts\/252\/revisions"}],"wp:attachment":[{"href":"https:\/\/www.visit-ulcinj.com\/blog\/wp-json\/wp\/v2\/media?parent=252"}],"wp:term":[{"taxonomy":"category","embeddable":true,"href":"https:\/\/www.visit-ulcinj.com\/blog\/wp-json\/wp\/v2\/categories?post=252"},{"taxonomy":"post_tag","embeddable":true,"href":"https:\/\/www.visit-ulcinj.com\/blog\/wp-json\/wp\/v2\/tags?post=252"}],"curies":[{"name":"wp","href":"https:\/\/api.w.org\/{rel}","templated":true}]}}