{"id":25206,"date":"2009-09-01T23:11:04","date_gmt":"2009-09-01T21:11:04","guid":{"rendered":"http:\/\/www.visit-ulcinj.com\/blog\/?p=25206"},"modified":"2009-09-01T23:11:04","modified_gmt":"2009-09-01T21:11:04","slug":"arta-bajrami-martesa-te-ben-te-ndjehesh-ndryshe","status":"publish","type":"post","link":"https:\/\/www.visit-ulcinj.com\/blog\/2009\/09\/01\/arta-bajrami-martesa-te-ben-te-ndjehesh-ndryshe\/","title":{"rendered":"Arta Bajrami: Martesa t\u00eb b\u00ebn t\u00eb ndjehesh ndryshe"},"content":{"rendered":"<p><a href=\"http:\/\/www.visit-ulcinj.com\/blog\/wp-content\/uploads\/2009\/09\/Arta-Bajrami.2.JPG\"><img loading=\"lazy\" class=\"alignleft size-full wp-image-25207\" title=\"Arta Bajrami.2\" src=\"http:\/\/www.visit-ulcinj.com\/blog\/wp-content\/uploads\/2009\/09\/Arta-Bajrami.2.JPG\" alt=\"Arta Bajrami.2\" width=\"578\" height=\"1079\" \/><\/a>Pas nj\u00eb periudhe bashk\u00ebjetese me Xhimin, k\u00ebng\u00ebtarja Arta Bajrami ka kuror\u00ebzuar lidhjen e saj me martes\u00eb. Gjat\u00eb nj\u00eb bisede q\u00eb &#8220;Infopress&#8221; zhvilloi me t\u00eb, k\u00ebng\u00ebtarja ka pohuar se k\u00ebto dit\u00eb ajo \u00ebsht\u00eb kuror\u00ebzuar edhe n\u00eb komun\u00eb, duke e b\u00ebr\u00eb k\u00ebshtu edhe m\u00eb zyrtare martes\u00ebn e saj me Xhimi Sekiraq\u00ebn. &#8220;Dit\u00eb m\u00eb par\u00eb jemi kuror\u00ebzuar edhe zyrtarisht dhe t\u00eb them t\u00eb drejt\u00ebn po ndihem mir\u00eb. Ndon\u00ebse me Xhimin kemi koh\u00eb q\u00eb bashk\u00ebjetojm\u00eb, tashm\u00eb \u00ebsht\u00eb kryer edhe ai formaliteti me martes\u00eb. Gjithsesi me martes\u00eb, e tash edhe me kuror\u00ebzimin po e ndjej nj\u00eb ndryshim tek vetja dhe po ndihem shum\u00eb mir\u00eb&#8221;, tregon Arta.<\/p>\n<p><strong>Nj\u00eb ceremoni martesore e thjesht\u00eb<\/strong><\/p>\n<p><a href=\"http:\/\/www.visit-ulcinj.com\/blog\/wp-content\/uploads\/2009\/09\/Arta-Bajrami.1.JPG\"><img loading=\"lazy\" class=\"alignleft size-full wp-image-25208\" title=\"Arta Bajrami.1\" src=\"http:\/\/www.visit-ulcinj.com\/blog\/wp-content\/uploads\/2009\/09\/Arta-Bajrami.1.JPG\" alt=\"Arta Bajrami.1\" width=\"584\" height=\"684\" \/><\/a>N\u00eb nj\u00eb ceremoni t\u00eb thjesht\u00eb, n\u00eb pranin\u00eb e dy familjeve Bajrami dhe Sekiraqa, fundi i muajit korrik pati sh\u00ebnuar kuror\u00ebzimin me martes\u00eb t\u00eb k\u00ebng\u00ebtares Arta Bajramit dhe Xhimi Sekiraq\u00ebs. E nd\u00ebrsa ceremonia martesore \u00ebsht\u00eb vler\u00ebsuar nga shum\u00eb media si nj\u00eb martes\u00eb n\u00eb fsheht\u00ebsi t\u00eb plot\u00eb, protagonist\u00ebt e k\u00ebtij kuror\u00ebzimi nuk mendojn\u00eb q\u00eb ishte e till\u00eb, p\u00ebrkund\u00ebr faktit q\u00eb gjith\u00e7ka \u00ebsht\u00eb zhvilluar pa ndonj\u00eb &#8216;zhurm\u00eb&#8217; t\u00eb madhe.<\/p>\n<p>&#8220;S&#8217;di a ka qen\u00eb fsheht\u00ebsi apo jo p\u00ebr njer\u00ebzit, por mund t\u00eb them se martes\u00ebn e kemi realizuar shum\u00eb shpejt p\u00ebr shkak t\u00eb angazhimeve t\u00eb shumta q\u00eb un\u00eb kam pasur rreth muzik\u00ebs dhe udh\u00ebtimeve t\u00eb shumta q\u00eb m\u00eb \u00ebsht\u00eb dashur t&#8217;i realizoj jasht\u00eb shtetit, e q\u00eb kishin t\u00eb b\u00ebnin me muzik\u00eb&#8221;, pohon Arta duke theksuar se deri sa kan\u00eb vendosur p\u00ebr nj\u00eb koh\u00eb shum\u00eb t\u00eb shkurt\u00ebr p\u00ebr dat\u00ebn e martes\u00ebs, nuk e kan\u00eb par\u00eb t\u00eb arsyeshme q\u00eb t\u00eb b\u00ebjn\u00eb ndonj\u00eb ceremoni madh\u00ebshtore.<\/p>\n<p>Angazhimet e shumta rreth muzik\u00ebs dhe udh\u00ebtimeve t\u00eb shumta n\u00ebp\u00ebr vende t\u00eb ndryshme t\u00eb Kosov\u00ebs si dhe jasht\u00eb shtetit, shmang\u00ebn mund\u00ebsin\u00eb p\u00ebr t\u00eb organizuar ndonj\u00eb ceremoni madh\u00ebshtore, por si\u00e7 duket edhe Arta nuk ka dashur ndonj\u00eb organizim m\u00eb t\u00eb madh. &#8220;E pranishme gjat\u00eb martes\u00ebs son\u00eb ka qen\u00eb familja ime dhe familja e Xhimit dhe nuk ka pasur t\u00eb ftuar t\u00eb tjer\u00eb. Ka qen\u00eb nj\u00eb dasm\u00eb e thjesht\u00eb, por edhe pa u p\u00ebrfshir\u00eb n\u00eb traditat apo ceremoni t\u00eb shumta, t\u00eb cilat praktikohen n\u00ebp\u00ebr dasmat tona. Nuk kemi dashur t\u00eb organizojm\u00eb di\u00e7ka t\u00eb madhe. Mendoj q\u00eb ashtu si\u00e7 ka qen\u00eb, ka qen\u00eb mjaft e bukur&#8221;, tregon ajo.<\/p>\n<p><strong>Xhimi m\u00eb kupton shum\u00eb<\/strong><\/p>\n<p><a href=\"http:\/\/www.visit-ulcinj.com\/blog\/wp-content\/uploads\/2009\/09\/Arta-Bajrami.jpg\"><img loading=\"lazy\" class=\"alignleft size-full wp-image-25209\" title=\"Arta Bajrami\" src=\"http:\/\/www.visit-ulcinj.com\/blog\/wp-content\/uploads\/2009\/09\/Arta-Bajrami.jpg\" alt=\"Arta Bajrami\" width=\"524\" height=\"725\" \/><\/a>P\u00ebrndryshe dita m\u00eb e bukur e \u00e7do vajze si\u00e7 \u00ebsht\u00eb martesa, edhe p\u00ebr Art\u00ebn ishte shum\u00eb e ve\u00e7ant\u00eb. Me nj\u00eb fustan t\u00eb bardh\u00eb t\u00eb cilin k\u00ebng\u00ebtarja kishte koh\u00eb q\u00eb e kishte bler\u00eb n\u00eb Gjermani dhe nj\u00eb shnd\u00ebrrim total n\u00eb brune, ajo ishte shfaqur para t\u00eb zgjedhurit t\u00eb saj dit\u00ebn e ceremonis\u00eb.<\/p>\n<p>&#8220;Fustanin e kam bler\u00eb n\u00eb Gjermani dhe \u00ebsht\u00eb nj\u00eb fustan shum\u00eb i bukur. M\u00eb ka p\u00eblqyer fustani, por kam qen\u00eb e k\u00ebnaqur edhe si jam dukur at\u00eb dit\u00eb. Ka qen\u00eb nj\u00eb dit\u00eb e ve\u00e7ant\u00eb p\u00ebr mua. Gjat\u00eb martes\u00ebs un\u00eb kam veshur fustanin e bardh\u00eb, nd\u00ebrsa Xhimi si nj\u00eb dh\u00ebnd\u00ebr \u00ebsht\u00eb veshur me kostum t\u00eb zi. Nd\u00ebrsa ceremonia \u00ebsht\u00eb organizuar n\u00eb sht\u00ebpin\u00eb e Xhimit&#8221;, rr\u00ebfen Arta p\u00ebr dit\u00ebn e saj m\u00eb t\u00eb lumtur.<\/p>\n<p>&#8220;Gjithsesi me martes\u00eb po e ndjej nj\u00eb ndryshim tek vetja, sepse jet\u00ebn q\u00eb jam m\u00ebsuar ta kem tek prind\u00ebrit e mi, po dallon nga kjo e tashmja. Tash \u00ebsht\u00eb m\u00eb ndryshe, jo pse nuk ndihem e lir\u00eb apo di\u00e7ka t\u00eb till\u00eb, por vet martesa t\u00eb b\u00ebn t\u00eb ndihesh m\u00eb ndryshe. Me Xhimin kalojm\u00eb shum\u00eb mir\u00eb. M\u00eb kupton shum\u00eb&#8221;, tregon Arta p\u00ebr jet\u00ebn e re pran\u00eb bashk\u00ebshortit.<\/p>\n<p><strong>Melihate Gashi<br \/>\nInfopress<\/strong><\/p>\n<!--YouTube Error: bad URL entered-->\n","protected":false},"excerpt":{"rendered":"<p>Pas nj\u00eb periudhe bashk\u00ebjetese me Xhimin, k\u00ebng\u00ebtarja Arta Bajrami ka kuror\u00ebzuar lidhjen e saj me martes\u00eb. Gjat\u00eb nj\u00eb bisede q\u00eb &#8220;Infopress&#8221; zhvilloi me t\u00eb, k\u00ebng\u00ebtarja ka pohuar se k\u00ebto dit\u00eb ajo \u00ebsht\u00eb kuror\u00ebzuar edhe n\u00eb komun\u00eb, duke e b\u00ebr\u00eb k\u00ebshtu edhe m\u00eb zyrtare martes\u00ebn e saj me Xhimi Sekiraq\u00ebn. &#8220;Dit\u00eb m\u00eb par\u00eb jemi kuror\u00ebzuar edhe [&hellip;]<\/p>\n","protected":false},"author":1,"featured_media":0,"comment_status":"open","ping_status":"closed","sticky":false,"template":"","format":"standard","meta":{"spay_email":"","jetpack_publicize_message":"","jetpack_is_tweetstorm":false,"jetpack_publicize_feature_enabled":true},"categories":[1],"tags":[4955],"jetpack_publicize_connections":[],"yoast_head":"<!-- This site is optimized with the Yoast SEO plugin v19.1 - https:\/\/yoast.com\/wordpress\/plugins\/seo\/ -->\n<title>Arta Bajrami: Martesa t\u00eb b\u00ebn t\u00eb ndjehesh ndryshe - Lajme nga Ulqini<\/title>\n<meta name=\"description\" content=\"Pas nj\u00eb periudhe bashk\u00ebjetese me Xhimin, k\u00ebng\u00ebtarja Arta Bajrami ka kuror\u00ebzuar lidhjen e saj me martes\u00eb. Gjat\u00eb nj\u00eb bisede q\u00eb &quot;Infopress&quot; zhvilloi me t\u00eb,\" \/>\n<meta name=\"robots\" content=\"index, follow, max-snippet:-1, max-image-preview:large, max-video-preview:-1\" \/>\n<link rel=\"canonical\" href=\"https:\/\/www.visit-ulcinj.com\/blog\/2009\/09\/01\/arta-bajrami-martesa-te-ben-te-ndjehesh-ndryshe\/\" \/>\n<meta property=\"og:locale\" content=\"en_US\" \/>\n<meta property=\"og:type\" content=\"article\" \/>\n<meta property=\"og:title\" content=\"Arta Bajrami: Martesa t\u00eb b\u00ebn t\u00eb ndjehesh ndryshe - Lajme nga Ulqini\" \/>\n<meta property=\"og:description\" content=\"Pas nj\u00eb periudhe bashk\u00ebjetese me Xhimin, k\u00ebng\u00ebtarja Arta Bajrami ka kuror\u00ebzuar lidhjen e saj me martes\u00eb. Gjat\u00eb nj\u00eb bisede q\u00eb &quot;Infopress&quot; zhvilloi me t\u00eb,\" \/>\n<meta property=\"og:url\" content=\"https:\/\/www.visit-ulcinj.com\/blog\/2009\/09\/01\/arta-bajrami-martesa-te-ben-te-ndjehesh-ndryshe\/\" \/>\n<meta property=\"og:site_name\" content=\"Lajme nga Ulqini\" \/>\n<meta property=\"article:published_time\" content=\"2009-09-01T21:11:04+00:00\" \/>\n<meta property=\"og:image\" content=\"http:\/\/www.visit-ulcinj.com\/blog\/wp-content\/uploads\/2009\/09\/Arta-Bajrami.2.JPG\" \/>\n<meta name=\"twitter:label1\" content=\"Written by\" \/>\n\t<meta name=\"twitter:data1\" content=\"ulqini\" \/>\n\t<meta name=\"twitter:label2\" content=\"Est. reading time\" \/>\n\t<meta name=\"twitter:data2\" content=\"3 minutes\" \/>\n<script type=\"application\/ld+json\" class=\"yoast-schema-graph\">{\"@context\":\"https:\/\/schema.org\",\"@graph\":[{\"@type\":\"WebSite\",\"@id\":\"https:\/\/www.visit-ulcinj.com\/blog\/#website\",\"url\":\"https:\/\/www.visit-ulcinj.com\/blog\/\",\"name\":\"Lajme nga Ulqini\",\"description\":\"Lajme,Vijesti,Ulqini,Ulqin,Crna Gora,Mali i Zi\",\"potentialAction\":[{\"@type\":\"SearchAction\",\"target\":{\"@type\":\"EntryPoint\",\"urlTemplate\":\"https:\/\/www.visit-ulcinj.com\/blog\/?s={search_term_string}\"},\"query-input\":\"required name=search_term_string\"}],\"inLanguage\":\"en-US\"},{\"@type\":\"ImageObject\",\"inLanguage\":\"en-US\",\"@id\":\"https:\/\/www.visit-ulcinj.com\/blog\/2009\/09\/01\/arta-bajrami-martesa-te-ben-te-ndjehesh-ndryshe\/#primaryimage\",\"url\":\"http:\/\/www.visit-ulcinj.com\/blog\/wp-content\/uploads\/2009\/09\/Arta-Bajrami.2.JPG\",\"contentUrl\":\"http:\/\/www.visit-ulcinj.com\/blog\/wp-content\/uploads\/2009\/09\/Arta-Bajrami.2.JPG\"},{\"@type\":\"WebPage\",\"@id\":\"https:\/\/www.visit-ulcinj.com\/blog\/2009\/09\/01\/arta-bajrami-martesa-te-ben-te-ndjehesh-ndryshe\/#webpage\",\"url\":\"https:\/\/www.visit-ulcinj.com\/blog\/2009\/09\/01\/arta-bajrami-martesa-te-ben-te-ndjehesh-ndryshe\/\",\"name\":\"Arta Bajrami: Martesa t\u00eb b\u00ebn t\u00eb ndjehesh ndryshe - Lajme nga Ulqini\",\"isPartOf\":{\"@id\":\"https:\/\/www.visit-ulcinj.com\/blog\/#website\"},\"primaryImageOfPage\":{\"@id\":\"https:\/\/www.visit-ulcinj.com\/blog\/2009\/09\/01\/arta-bajrami-martesa-te-ben-te-ndjehesh-ndryshe\/#primaryimage\"},\"datePublished\":\"2009-09-01T21:11:04+00:00\",\"dateModified\":\"2009-09-01T21:11:04+00:00\",\"author\":{\"@id\":\"https:\/\/www.visit-ulcinj.com\/blog\/#\/schema\/person\/dcab619c614d3038751c63bc2aadc06d\"},\"description\":\"Pas nj\u00eb periudhe bashk\u00ebjetese me Xhimin, k\u00ebng\u00ebtarja Arta Bajrami ka kuror\u00ebzuar lidhjen e saj me martes\u00eb. Gjat\u00eb nj\u00eb bisede q\u00eb \\\"Infopress\\\" zhvilloi me t\u00eb,\",\"breadcrumb\":{\"@id\":\"https:\/\/www.visit-ulcinj.com\/blog\/2009\/09\/01\/arta-bajrami-martesa-te-ben-te-ndjehesh-ndryshe\/#breadcrumb\"},\"inLanguage\":\"en-US\",\"potentialAction\":[{\"@type\":\"ReadAction\",\"target\":[\"https:\/\/www.visit-ulcinj.com\/blog\/2009\/09\/01\/arta-bajrami-martesa-te-ben-te-ndjehesh-ndryshe\/\"]}]},{\"@type\":\"BreadcrumbList\",\"@id\":\"https:\/\/www.visit-ulcinj.com\/blog\/2009\/09\/01\/arta-bajrami-martesa-te-ben-te-ndjehesh-ndryshe\/#breadcrumb\",\"itemListElement\":[{\"@type\":\"ListItem\",\"position\":1,\"name\":\"Arta Bajrami: Martesa t\u00eb b\u00ebn t\u00eb ndjehesh ndryshe\"}]},{\"@type\":\"Person\",\"@id\":\"https:\/\/www.visit-ulcinj.com\/blog\/#\/schema\/person\/dcab619c614d3038751c63bc2aadc06d\",\"name\":\"ulqini\",\"sameAs\":[\"http:\/\/www.visit-ulcinj.com\"],\"url\":\"https:\/\/www.visit-ulcinj.com\/blog\/author\/admin\/\"}]}<\/script>\n<!-- \/ Yoast SEO plugin. -->","yoast_head_json":{"title":"Arta Bajrami: Martesa t\u00eb b\u00ebn t\u00eb ndjehesh ndryshe - Lajme nga Ulqini","description":"Pas nj\u00eb periudhe bashk\u00ebjetese me Xhimin, k\u00ebng\u00ebtarja Arta Bajrami ka kuror\u00ebzuar lidhjen e saj me martes\u00eb. Gjat\u00eb nj\u00eb bisede q\u00eb \"Infopress\" zhvilloi me t\u00eb,","robots":{"index":"index","follow":"follow","max-snippet":"max-snippet:-1","max-image-preview":"max-image-preview:large","max-video-preview":"max-video-preview:-1"},"canonical":"https:\/\/www.visit-ulcinj.com\/blog\/2009\/09\/01\/arta-bajrami-martesa-te-ben-te-ndjehesh-ndryshe\/","og_locale":"en_US","og_type":"article","og_title":"Arta Bajrami: Martesa t\u00eb b\u00ebn t\u00eb ndjehesh ndryshe - Lajme nga Ulqini","og_description":"Pas nj\u00eb periudhe bashk\u00ebjetese me Xhimin, k\u00ebng\u00ebtarja Arta Bajrami ka kuror\u00ebzuar lidhjen e saj me martes\u00eb. Gjat\u00eb nj\u00eb bisede q\u00eb \"Infopress\" zhvilloi me t\u00eb,","og_url":"https:\/\/www.visit-ulcinj.com\/blog\/2009\/09\/01\/arta-bajrami-martesa-te-ben-te-ndjehesh-ndryshe\/","og_site_name":"Lajme nga Ulqini","article_published_time":"2009-09-01T21:11:04+00:00","og_image":[{"url":"http:\/\/www.visit-ulcinj.com\/blog\/wp-content\/uploads\/2009\/09\/Arta-Bajrami.2.JPG"}],"twitter_misc":{"Written by":"ulqini","Est. reading time":"3 minutes"},"schema":{"@context":"https:\/\/schema.org","@graph":[{"@type":"WebSite","@id":"https:\/\/www.visit-ulcinj.com\/blog\/#website","url":"https:\/\/www.visit-ulcinj.com\/blog\/","name":"Lajme nga Ulqini","description":"Lajme,Vijesti,Ulqini,Ulqin,Crna Gora,Mali i Zi","potentialAction":[{"@type":"SearchAction","target":{"@type":"EntryPoint","urlTemplate":"https:\/\/www.visit-ulcinj.com\/blog\/?s={search_term_string}"},"query-input":"required name=search_term_string"}],"inLanguage":"en-US"},{"@type":"ImageObject","inLanguage":"en-US","@id":"https:\/\/www.visit-ulcinj.com\/blog\/2009\/09\/01\/arta-bajrami-martesa-te-ben-te-ndjehesh-ndryshe\/#primaryimage","url":"http:\/\/www.visit-ulcinj.com\/blog\/wp-content\/uploads\/2009\/09\/Arta-Bajrami.2.JPG","contentUrl":"http:\/\/www.visit-ulcinj.com\/blog\/wp-content\/uploads\/2009\/09\/Arta-Bajrami.2.JPG"},{"@type":"WebPage","@id":"https:\/\/www.visit-ulcinj.com\/blog\/2009\/09\/01\/arta-bajrami-martesa-te-ben-te-ndjehesh-ndryshe\/#webpage","url":"https:\/\/www.visit-ulcinj.com\/blog\/2009\/09\/01\/arta-bajrami-martesa-te-ben-te-ndjehesh-ndryshe\/","name":"Arta Bajrami: Martesa t\u00eb b\u00ebn t\u00eb ndjehesh ndryshe - Lajme nga Ulqini","isPartOf":{"@id":"https:\/\/www.visit-ulcinj.com\/blog\/#website"},"primaryImageOfPage":{"@id":"https:\/\/www.visit-ulcinj.com\/blog\/2009\/09\/01\/arta-bajrami-martesa-te-ben-te-ndjehesh-ndryshe\/#primaryimage"},"datePublished":"2009-09-01T21:11:04+00:00","dateModified":"2009-09-01T21:11:04+00:00","author":{"@id":"https:\/\/www.visit-ulcinj.com\/blog\/#\/schema\/person\/dcab619c614d3038751c63bc2aadc06d"},"description":"Pas nj\u00eb periudhe bashk\u00ebjetese me Xhimin, k\u00ebng\u00ebtarja Arta Bajrami ka kuror\u00ebzuar lidhjen e saj me martes\u00eb. Gjat\u00eb nj\u00eb bisede q\u00eb \"Infopress\" zhvilloi me t\u00eb,","breadcrumb":{"@id":"https:\/\/www.visit-ulcinj.com\/blog\/2009\/09\/01\/arta-bajrami-martesa-te-ben-te-ndjehesh-ndryshe\/#breadcrumb"},"inLanguage":"en-US","potentialAction":[{"@type":"ReadAction","target":["https:\/\/www.visit-ulcinj.com\/blog\/2009\/09\/01\/arta-bajrami-martesa-te-ben-te-ndjehesh-ndryshe\/"]}]},{"@type":"BreadcrumbList","@id":"https:\/\/www.visit-ulcinj.com\/blog\/2009\/09\/01\/arta-bajrami-martesa-te-ben-te-ndjehesh-ndryshe\/#breadcrumb","itemListElement":[{"@type":"ListItem","position":1,"name":"Arta Bajrami: Martesa t\u00eb b\u00ebn t\u00eb ndjehesh ndryshe"}]},{"@type":"Person","@id":"https:\/\/www.visit-ulcinj.com\/blog\/#\/schema\/person\/dcab619c614d3038751c63bc2aadc06d","name":"ulqini","sameAs":["http:\/\/www.visit-ulcinj.com"],"url":"https:\/\/www.visit-ulcinj.com\/blog\/author\/admin\/"}]}},"jetpack_featured_media_url":"","jetpack_sharing_enabled":true,"jetpack_shortlink":"https:\/\/wp.me\/pe6lTn-6yy","_links":{"self":[{"href":"https:\/\/www.visit-ulcinj.com\/blog\/wp-json\/wp\/v2\/posts\/25206"}],"collection":[{"href":"https:\/\/www.visit-ulcinj.com\/blog\/wp-json\/wp\/v2\/posts"}],"about":[{"href":"https:\/\/www.visit-ulcinj.com\/blog\/wp-json\/wp\/v2\/types\/post"}],"author":[{"embeddable":true,"href":"https:\/\/www.visit-ulcinj.com\/blog\/wp-json\/wp\/v2\/users\/1"}],"replies":[{"embeddable":true,"href":"https:\/\/www.visit-ulcinj.com\/blog\/wp-json\/wp\/v2\/comments?post=25206"}],"version-history":[{"count":0,"href":"https:\/\/www.visit-ulcinj.com\/blog\/wp-json\/wp\/v2\/posts\/25206\/revisions"}],"wp:attachment":[{"href":"https:\/\/www.visit-ulcinj.com\/blog\/wp-json\/wp\/v2\/media?parent=25206"}],"wp:term":[{"taxonomy":"category","embeddable":true,"href":"https:\/\/www.visit-ulcinj.com\/blog\/wp-json\/wp\/v2\/categories?post=25206"},{"taxonomy":"post_tag","embeddable":true,"href":"https:\/\/www.visit-ulcinj.com\/blog\/wp-json\/wp\/v2\/tags?post=25206"}],"curies":[{"name":"wp","href":"https:\/\/api.w.org\/{rel}","templated":true}]}}