{"id":25212,"date":"2009-09-02T11:37:58","date_gmt":"2009-09-02T09:37:58","guid":{"rendered":"http:\/\/www.visit-ulcinj.com\/blog\/?p=25212"},"modified":"2009-09-02T11:37:58","modified_gmt":"2009-09-02T09:37:58","slug":"ada-bojana-ponovo-hit-sezone","status":"publish","type":"post","link":"https:\/\/www.visit-ulcinj.com\/blog\/2009\/09\/02\/ada-bojana-ponovo-hit-sezone\/","title":{"rendered":"Ada Bojana ponovo hit sezone"},"content":{"rendered":"<p><strong><a href=\"http:\/\/www.visit-ulcinj.com\/blog\/wp-content\/uploads\/2009\/09\/HTP-Ulcinjska-rivijera.jpg\"><img loading=\"lazy\" class=\"alignleft size-full wp-image-25213\" title=\"HTP Ulcinjska rivijera\" src=\"http:\/\/www.visit-ulcinj.com\/blog\/wp-content\/uploads\/2009\/09\/HTP-Ulcinjska-rivijera.jpg\" alt=\"HTP Ulcinjska rivijera\" width=\"580\" height=\"400\" \/><\/a>U HTP &#8220;Ulcinjska rivijera&#8221; o?ekuju nastavak dobre posjete i u septembru<\/strong><br \/>\nUlcinj, 1. septembra-Najve?e Hotelsko turisti?ko preduze?e u Ulcinju uspje\u0161no se oporavlja poslije izlaska iz ste?aja i ove godine bilje\u017ei dobru popunjenost kapaciteta te s razlogom u tom kolektivu o?ekuju uspje\u0161nu poslovnu godinu. Nakon dobro obavljenih priprema i agresivnije i organizovanije promocije svoje ponude, ova sezona je rezultirala boljom popunjeno\u0161?u kapaciteta, \u0161to zna?i i ve?im profitom.<\/p>\n<p>&#8211; Ovu sezonu, \u0161to se ti?e kvaliteta ponude, odr\u017eavanje objekata i pro\u0161irenje kapaciteta, do?ekali smo spremniji. U ponudi smo imali Hotel &#8220;Belvi&#8221; sa skoro u cjelosti rekonstruisanih 740 kreveta, hotel &#8220;Olimpik&#8221; u kojem smo uredili bazen i saune. Posebno osvje\u017eenje na\u0161e ponude su potpuno rekonstruisane popularne &#8220;crvene ku?ice&#8221; na Adi, koje su bile prva i najve?a atrakcija na tom turisti?kom naselju, a koje su bile dotrajale i ve? du\u017ei period nijesu bile u upotrebi, ka\u017ee Radomir &#8211; Mikan Zec, direktor HTP Ulcinjska rivijera.<\/p>\n<p>Tako je, zahvaljuju?i obnovi tih ku?ica sa 150 le\u017eajeva, Ada sa ukupno 670 kreveta postala posebni hit ovogodi\u0161nje sezone u na\u0161em najju\u017enijem ljetovali\u0161tu. Njihovim povratkom u ponudi ova oaza mira u kojoj u\u017eivaju ljubitelji &#8220;evinog kostima&#8221; ponovo je povratila dio svog starog imid\u017ea.<\/p>\n<p>&#8211; I pored nevolja koje nas prate od globalne ekonomske krize do nezgoda sa zemljotresom, uspijevamo da i dalje radimo punim kapacitetima. Danas u na\u0161im objektima na Velikoj pla\u017ei i Adi boravi 1000 gostiju, \u0161to je, moram priznati, izvanredan uspjeh, nagla\u0161ava Zec i najavljuje produ\u017eenje sezone i u narednom mjesecu.<\/p>\n<p>Ada je ove sezone dostupna ne samo onima koji \u017eele da se kupaju i sun?aju bez tekstila na sebi, ve? i ostalima, tako \u0161to je dio pla\u017ee ogra?en i rezervisan isklju?ivo za naturiste koji su na Adi na\u0161li svoj pravi raj za potpuni u\u017eitak. Ovo naselje o?ekuje dobru posjetu i u septembru, dok ?e hoteli na Velikoj Pla\u017ei, po rije?ima direktora Zeca, pored znatnog broja agencijskih gostiju i individualaca tokom narednog mjeseca ugostiti u?esnike radni?kih sportskih igara koje se tradicionalno odr\u017eavaju tu zahvaljuju?i dobrim sportskim sadr\u017eajima i objektima koji im pru\u017eaju uslove za sve vrste takmi?enja.<\/p>\n<p>&#8211; I pored toga, \u0161to na\u0161 najve?i inostrani partner &#8220;Nekerman&#8221; vi\u0161e nije prisutan u Crnoj Gori mi smo uspjeli da dio kapaciteta punimo turistima iz zapadne Evrope podsredstvom tur-operatora &#8220;Obene&#8221; i ITS, ali nijesmo odustali od nastojanja da ponovo vratimo &#8220;Nekerman&#8221; koji je za Ulcinj bio najzna?ajniji, isti?u u &#8220;Ulcinjskoj rivijeri&#8221; u kojoj posebnu pa\u017enju posve?uju i politici cijena.<\/p>\n<p>Ve? su u primjeni postezonske cijene, koje su 20 do 30 odsto ni\u017ee od onih u julu i avgustu, a koje su tako?e bile veoma povoljne. Naime, ulcinjski hotelijeri su svojim gostima davali poseban stimulans tako \u0161to su za boravak od sedam dana odobravali popust pet odsto, a onima koji su njihovi gosti bili vi\u0161e od 10 dana taj popust je iznosio 10 odsto, dok su djeci sa roditeljima omogu?ili besplatan boravak. Sada, u postezoni popust do sedam dana je 10, a preko 10 dana 15 odsto, \u0161to je veoma povoljno, naro?ito kada se ima u vidu osjetno pobolj\u0161anje kvaliteta ponude koji je rezultirao time da nije zabilje\u017eena ni jedna primjedba niti \u017ealba gostiju u objektima HTP Ulcinjska rivijera u proteklom periodu sezone.<\/p>\n<p><strong>Dobra ponuda za sportiste<\/strong><\/p>\n<p><a href=\"http:\/\/www.visit-ulcinj.com\/blog\/wp-content\/uploads\/2009\/09\/ulcinjska_rivijera_header.jpg\"><img loading=\"lazy\" class=\"alignleft size-full wp-image-25214\" title=\"ulcinjska_rivijera_header\" src=\"http:\/\/www.visit-ulcinj.com\/blog\/wp-content\/uploads\/2009\/09\/ulcinjska_rivijera_header.jpg\" alt=\"ulcinjska_rivijera_header\" width=\"337\" height=\"133\" srcset=\"https:\/\/www.visit-ulcinj.com\/blog\/wp-content\/uploads\/2009\/09\/ulcinjska_rivijera_header.jpg 337w, https:\/\/www.visit-ulcinj.com\/blog\/wp-content\/uploads\/2009\/09\/ulcinjska_rivijera_header-300x118.jpg 300w\" sizes=\"(max-width: 337px) 100vw, 337px\" \/><\/a>HTP &#8220;Ulcinjska rivijera&#8221; veliku nadu pola\u017ee u dobru popunjenost svojih kapaciteta u periodu van glavne turisti?ke sezone. Ovo preduze?e raspola\u017ee sa sportskim terenima i sadr\u017eajima koji pru\u017eaju izuzetno dobre uslove za pripremu sportista u toku jeseni, u zimskom periodu i na prolje?e.<\/p>\n<p>Na Velikoj pla\u017ei su tereni za odbojku, ko\u0161arku, rukomet i druge male sportove, a tu su i fudbalski tereni kao i 12 teniskih igrali\u0161ta, koji tek ?ekaju svoju punu valorizaciju kroz sportski turizam.<\/p>\n<p><strong>N.Perkovi?<br \/>\n<a href=\"http:\/\/www.pobjeda.co.me\/citanje.php?datum=2009-09-03&amp;id=170361\" target=\"_blank\">Pobjeda<\/a><\/strong><\/p>\n<!--YouTube Error: bad URL entered-->\n","protected":false},"excerpt":{"rendered":"<p>U HTP &#8220;Ulcinjska rivijera&#8221; o?ekuju nastavak dobre posjete i u septembru Ulcinj, 1. septembra-Najve?e Hotelsko turisti?ko preduze?e u Ulcinju uspje\u0161no se oporavlja poslije izlaska iz ste?aja i ove godine bilje\u017ei dobru popunjenost kapaciteta te s razlogom u tom kolektivu o?ekuju uspje\u0161nu poslovnu godinu. Nakon dobro obavljenih priprema i agresivnije i organizovanije promocije svoje ponude, ova [&hellip;]<\/p>\n","protected":false},"author":1,"featured_media":0,"comment_status":"open","ping_status":"closed","sticky":false,"template":"","format":"standard","meta":{"spay_email":"","jetpack_publicize_message":"","jetpack_is_tweetstorm":false,"jetpack_publicize_feature_enabled":true},"categories":[15],"tags":[138,12328,808,250,12327,2723],"jetpack_publicize_connections":[],"yoast_head":"<!-- This site is optimized with the Yoast SEO plugin v19.1 - https:\/\/yoast.com\/wordpress\/plugins\/seo\/ -->\n<title>Ada Bojana ponovo hit sezone - Lajme nga Ulqini<\/title>\n<meta name=\"description\" content=\"U HTP &quot;Ulcinjska rivijera&quot; o?ekuju nastavak dobre posjete i u septembru Ulcinj, 1. septembra-Najve?e Hotelsko turisti?ko preduze?e u Ulcinju uspje\u0161no se\" \/>\n<meta name=\"robots\" content=\"index, follow, max-snippet:-1, max-image-preview:large, max-video-preview:-1\" \/>\n<link rel=\"canonical\" href=\"https:\/\/www.visit-ulcinj.com\/blog\/2009\/09\/02\/ada-bojana-ponovo-hit-sezone\/\" \/>\n<meta property=\"og:locale\" content=\"en_US\" \/>\n<meta property=\"og:type\" content=\"article\" \/>\n<meta property=\"og:title\" content=\"Ada Bojana ponovo hit sezone - Lajme nga Ulqini\" \/>\n<meta property=\"og:description\" content=\"U HTP &quot;Ulcinjska rivijera&quot; o?ekuju nastavak dobre posjete i u septembru Ulcinj, 1. septembra-Najve?e Hotelsko turisti?ko preduze?e u Ulcinju uspje\u0161no se\" \/>\n<meta property=\"og:url\" content=\"https:\/\/www.visit-ulcinj.com\/blog\/2009\/09\/02\/ada-bojana-ponovo-hit-sezone\/\" \/>\n<meta property=\"og:site_name\" content=\"Lajme nga Ulqini\" \/>\n<meta property=\"article:published_time\" content=\"2009-09-02T09:37:58+00:00\" \/>\n<meta property=\"og:image\" content=\"http:\/\/www.visit-ulcinj.com\/blog\/wp-content\/uploads\/2009\/09\/HTP-Ulcinjska-rivijera.jpg\" \/>\n<meta name=\"twitter:label1\" content=\"Written by\" \/>\n\t<meta name=\"twitter:data1\" content=\"ulqini\" \/>\n\t<meta name=\"twitter:label2\" content=\"Est. reading time\" \/>\n\t<meta name=\"twitter:data2\" content=\"3 minutes\" \/>\n<script type=\"application\/ld+json\" class=\"yoast-schema-graph\">{\"@context\":\"https:\/\/schema.org\",\"@graph\":[{\"@type\":\"WebSite\",\"@id\":\"https:\/\/www.visit-ulcinj.com\/blog\/#website\",\"url\":\"https:\/\/www.visit-ulcinj.com\/blog\/\",\"name\":\"Lajme nga Ulqini\",\"description\":\"Lajme,Vijesti,Ulqini,Ulqin,Crna Gora,Mali i Zi\",\"potentialAction\":[{\"@type\":\"SearchAction\",\"target\":{\"@type\":\"EntryPoint\",\"urlTemplate\":\"https:\/\/www.visit-ulcinj.com\/blog\/?s={search_term_string}\"},\"query-input\":\"required name=search_term_string\"}],\"inLanguage\":\"en-US\"},{\"@type\":\"ImageObject\",\"inLanguage\":\"en-US\",\"@id\":\"https:\/\/www.visit-ulcinj.com\/blog\/2009\/09\/02\/ada-bojana-ponovo-hit-sezone\/#primaryimage\",\"url\":\"https:\/\/www.visit-ulcinj.com\/blog\/wp-content\/uploads\/2009\/09\/HTP-Ulcinjska-rivijera.jpg\",\"contentUrl\":\"https:\/\/www.visit-ulcinj.com\/blog\/wp-content\/uploads\/2009\/09\/HTP-Ulcinjska-rivijera.jpg\",\"width\":\"1000\",\"height\":\"400\"},{\"@type\":\"WebPage\",\"@id\":\"https:\/\/www.visit-ulcinj.com\/blog\/2009\/09\/02\/ada-bojana-ponovo-hit-sezone\/#webpage\",\"url\":\"https:\/\/www.visit-ulcinj.com\/blog\/2009\/09\/02\/ada-bojana-ponovo-hit-sezone\/\",\"name\":\"Ada Bojana ponovo hit sezone - Lajme nga Ulqini\",\"isPartOf\":{\"@id\":\"https:\/\/www.visit-ulcinj.com\/blog\/#website\"},\"primaryImageOfPage\":{\"@id\":\"https:\/\/www.visit-ulcinj.com\/blog\/2009\/09\/02\/ada-bojana-ponovo-hit-sezone\/#primaryimage\"},\"datePublished\":\"2009-09-02T09:37:58+00:00\",\"dateModified\":\"2009-09-02T09:37:58+00:00\",\"author\":{\"@id\":\"https:\/\/www.visit-ulcinj.com\/blog\/#\/schema\/person\/dcab619c614d3038751c63bc2aadc06d\"},\"description\":\"U HTP \\\"Ulcinjska rivijera\\\" o?ekuju nastavak dobre posjete i u septembru Ulcinj, 1. septembra-Najve?e Hotelsko turisti?ko preduze?e u Ulcinju uspje\u0161no se\",\"breadcrumb\":{\"@id\":\"https:\/\/www.visit-ulcinj.com\/blog\/2009\/09\/02\/ada-bojana-ponovo-hit-sezone\/#breadcrumb\"},\"inLanguage\":\"en-US\",\"potentialAction\":[{\"@type\":\"ReadAction\",\"target\":[\"https:\/\/www.visit-ulcinj.com\/blog\/2009\/09\/02\/ada-bojana-ponovo-hit-sezone\/\"]}]},{\"@type\":\"BreadcrumbList\",\"@id\":\"https:\/\/www.visit-ulcinj.com\/blog\/2009\/09\/02\/ada-bojana-ponovo-hit-sezone\/#breadcrumb\",\"itemListElement\":[{\"@type\":\"ListItem\",\"position\":1,\"name\":\"Ada Bojana ponovo hit sezone\"}]},{\"@type\":\"Person\",\"@id\":\"https:\/\/www.visit-ulcinj.com\/blog\/#\/schema\/person\/dcab619c614d3038751c63bc2aadc06d\",\"name\":\"ulqini\",\"sameAs\":[\"http:\/\/www.visit-ulcinj.com\"],\"url\":\"https:\/\/www.visit-ulcinj.com\/blog\/author\/admin\/\"}]}<\/script>\n<!-- \/ Yoast SEO plugin. -->","yoast_head_json":{"title":"Ada Bojana ponovo hit sezone - Lajme nga Ulqini","description":"U HTP \"Ulcinjska rivijera\" o?ekuju nastavak dobre posjete i u septembru Ulcinj, 1. septembra-Najve?e Hotelsko turisti?ko preduze?e u Ulcinju uspje\u0161no se","robots":{"index":"index","follow":"follow","max-snippet":"max-snippet:-1","max-image-preview":"max-image-preview:large","max-video-preview":"max-video-preview:-1"},"canonical":"https:\/\/www.visit-ulcinj.com\/blog\/2009\/09\/02\/ada-bojana-ponovo-hit-sezone\/","og_locale":"en_US","og_type":"article","og_title":"Ada Bojana ponovo hit sezone - Lajme nga Ulqini","og_description":"U HTP \"Ulcinjska rivijera\" o?ekuju nastavak dobre posjete i u septembru Ulcinj, 1. septembra-Najve?e Hotelsko turisti?ko preduze?e u Ulcinju uspje\u0161no se","og_url":"https:\/\/www.visit-ulcinj.com\/blog\/2009\/09\/02\/ada-bojana-ponovo-hit-sezone\/","og_site_name":"Lajme nga Ulqini","article_published_time":"2009-09-02T09:37:58+00:00","og_image":[{"url":"http:\/\/www.visit-ulcinj.com\/blog\/wp-content\/uploads\/2009\/09\/HTP-Ulcinjska-rivijera.jpg"}],"twitter_misc":{"Written by":"ulqini","Est. reading time":"3 minutes"},"schema":{"@context":"https:\/\/schema.org","@graph":[{"@type":"WebSite","@id":"https:\/\/www.visit-ulcinj.com\/blog\/#website","url":"https:\/\/www.visit-ulcinj.com\/blog\/","name":"Lajme nga Ulqini","description":"Lajme,Vijesti,Ulqini,Ulqin,Crna Gora,Mali i Zi","potentialAction":[{"@type":"SearchAction","target":{"@type":"EntryPoint","urlTemplate":"https:\/\/www.visit-ulcinj.com\/blog\/?s={search_term_string}"},"query-input":"required name=search_term_string"}],"inLanguage":"en-US"},{"@type":"ImageObject","inLanguage":"en-US","@id":"https:\/\/www.visit-ulcinj.com\/blog\/2009\/09\/02\/ada-bojana-ponovo-hit-sezone\/#primaryimage","url":"https:\/\/www.visit-ulcinj.com\/blog\/wp-content\/uploads\/2009\/09\/HTP-Ulcinjska-rivijera.jpg","contentUrl":"https:\/\/www.visit-ulcinj.com\/blog\/wp-content\/uploads\/2009\/09\/HTP-Ulcinjska-rivijera.jpg","width":"1000","height":"400"},{"@type":"WebPage","@id":"https:\/\/www.visit-ulcinj.com\/blog\/2009\/09\/02\/ada-bojana-ponovo-hit-sezone\/#webpage","url":"https:\/\/www.visit-ulcinj.com\/blog\/2009\/09\/02\/ada-bojana-ponovo-hit-sezone\/","name":"Ada Bojana ponovo hit sezone - Lajme nga Ulqini","isPartOf":{"@id":"https:\/\/www.visit-ulcinj.com\/blog\/#website"},"primaryImageOfPage":{"@id":"https:\/\/www.visit-ulcinj.com\/blog\/2009\/09\/02\/ada-bojana-ponovo-hit-sezone\/#primaryimage"},"datePublished":"2009-09-02T09:37:58+00:00","dateModified":"2009-09-02T09:37:58+00:00","author":{"@id":"https:\/\/www.visit-ulcinj.com\/blog\/#\/schema\/person\/dcab619c614d3038751c63bc2aadc06d"},"description":"U HTP \"Ulcinjska rivijera\" o?ekuju nastavak dobre posjete i u septembru Ulcinj, 1. septembra-Najve?e Hotelsko turisti?ko preduze?e u Ulcinju uspje\u0161no se","breadcrumb":{"@id":"https:\/\/www.visit-ulcinj.com\/blog\/2009\/09\/02\/ada-bojana-ponovo-hit-sezone\/#breadcrumb"},"inLanguage":"en-US","potentialAction":[{"@type":"ReadAction","target":["https:\/\/www.visit-ulcinj.com\/blog\/2009\/09\/02\/ada-bojana-ponovo-hit-sezone\/"]}]},{"@type":"BreadcrumbList","@id":"https:\/\/www.visit-ulcinj.com\/blog\/2009\/09\/02\/ada-bojana-ponovo-hit-sezone\/#breadcrumb","itemListElement":[{"@type":"ListItem","position":1,"name":"Ada Bojana ponovo hit sezone"}]},{"@type":"Person","@id":"https:\/\/www.visit-ulcinj.com\/blog\/#\/schema\/person\/dcab619c614d3038751c63bc2aadc06d","name":"ulqini","sameAs":["http:\/\/www.visit-ulcinj.com"],"url":"https:\/\/www.visit-ulcinj.com\/blog\/author\/admin\/"}]}},"jetpack_featured_media_url":"","jetpack_sharing_enabled":true,"jetpack_shortlink":"https:\/\/wp.me\/pe6lTn-6yE","_links":{"self":[{"href":"https:\/\/www.visit-ulcinj.com\/blog\/wp-json\/wp\/v2\/posts\/25212"}],"collection":[{"href":"https:\/\/www.visit-ulcinj.com\/blog\/wp-json\/wp\/v2\/posts"}],"about":[{"href":"https:\/\/www.visit-ulcinj.com\/blog\/wp-json\/wp\/v2\/types\/post"}],"author":[{"embeddable":true,"href":"https:\/\/www.visit-ulcinj.com\/blog\/wp-json\/wp\/v2\/users\/1"}],"replies":[{"embeddable":true,"href":"https:\/\/www.visit-ulcinj.com\/blog\/wp-json\/wp\/v2\/comments?post=25212"}],"version-history":[{"count":0,"href":"https:\/\/www.visit-ulcinj.com\/blog\/wp-json\/wp\/v2\/posts\/25212\/revisions"}],"wp:attachment":[{"href":"https:\/\/www.visit-ulcinj.com\/blog\/wp-json\/wp\/v2\/media?parent=25212"}],"wp:term":[{"taxonomy":"category","embeddable":true,"href":"https:\/\/www.visit-ulcinj.com\/blog\/wp-json\/wp\/v2\/categories?post=25212"},{"taxonomy":"post_tag","embeddable":true,"href":"https:\/\/www.visit-ulcinj.com\/blog\/wp-json\/wp\/v2\/tags?post=25212"}],"curies":[{"name":"wp","href":"https:\/\/api.w.org\/{rel}","templated":true}]}}