{"id":25217,"date":"2009-09-02T12:33:10","date_gmt":"2009-09-02T10:33:10","guid":{"rendered":"http:\/\/www.visit-ulcinj.com\/blog\/?p=25217"},"modified":"2009-09-02T12:33:10","modified_gmt":"2009-09-02T10:33:10","slug":"hajdinaga-ulcinj-povratio-goste-iz-bosnesezona-bolja-od-prethodne","status":"publish","type":"post","link":"https:\/\/www.visit-ulcinj.com\/blog\/2009\/09\/02\/hajdinaga-ulcinj-povratio-goste-iz-bosnesezona-bolja-od-prethodne\/","title":{"rendered":"Hajdinaga: Ulcinj povratio goste iz Bosne,sezona bolja od prethodne"},"content":{"rendered":"<p><a href=\"http:\/\/www.visit-ulcinj.com\/blog\/wp-content\/uploads\/2009\/09\/Gzim-Hajdinaga_Ulcinj-povratio-goste-iz-Bosne.jpg\"><img loading=\"lazy\" class=\"alignleft size-full wp-image-25219\" title=\"Gzim Hajdinaga_Ulcinj povratio goste iz Bosne\" src=\"http:\/\/www.visit-ulcinj.com\/blog\/wp-content\/uploads\/2009\/09\/Gzim-Hajdinaga_Ulcinj-povratio-goste-iz-Bosne.jpg\" alt=\"Gzim Hajdinaga_Ulcinj povratio goste iz Bosne\" width=\"580\" height=\"332\" \/><\/a><\/p>\n<p>Turisti?ka sezona u Ulcinju je bolja od prethodne, po rije?ima presjednika op\u0161tine Gzima Hajdinage, i dodao da je to gledano u procentima izme?u 10 i 20 odsto.<br \/>\nUprkos globalnoj krizi i ki\u0161nom julu, avgustovska posjeta je bila dobra pa se danas na Ulcinjskim pla\u017eama mo\u017ee vidjeti veliki broj gostiju.<\/p>\n<p>Hajdinaga je za Radio-televiziju Crne Gore rekao da je veoma zadovoljan tokom sezone i da smatra da je ponuda Ulcinja ove godine bila dobro predstavljena, kako na tradicionalnom tr\u017ei\u0161tu tako i na novima. Ulcinj je prezentiran prije po?etka sezone od Budve pa sve do Tirane, uz pomo? turisti?ke organizacije i resornog ministarstva.<\/p>\n<p>U ovoj godini je Ulcinj posjetio veliki broj turista iz Poljske, ?e\u0161ke, Slova?ke, Ma?arske, Rumunije, Italije i drugih zapadnih zemalja, \u0161to zna?i da se kona?no vra?aju stari gosti koji su nekad ?esto vi?ani na Ulcinjskim pla\u017eama. Ono \u0161to Hajdinaga izdvaja je da su kona?no, poslije 20 godina, uspjeli da vrate i goste iz Bosne, koji su ove sezone bili najbrojniji poslije Kosovara.<\/p>\n<p>Trenutno Ulcinju nedostaju hoteli visoke kategorije. Na izgradnju hotela Mediteran i Galeb se ve? du\u017ee vrijeme ?eka, na \u0161to Hajdinaga dodaje da, iako u nemogu?nosti da uti?e na rad investitora i izvo?a?a, \u017eeljno i\u0161?ekuje po?etak njihovog rada.<\/p>\n<p>U bliskoj budu?nosti se o?ekuje izgradnja male luke Kacemaj u Starom gradu sa 60-ak vezova za ?amce, izgradnja sportske sale i krajem oktobra po?etak radova na novom mostu koji bi i\u0161ao preko Port Milene i koji bi lak\u0161e povezao centar grada sa kupali\u0161nim dijelom.<br \/>\n<strong><br \/>\nRTCG<\/strong><\/p>\n<p><strong><!--YouTube Error: bad URL entered--><br \/>\n<\/strong><\/p>\n","protected":false},"excerpt":{"rendered":"<p>Turisti?ka sezona u Ulcinju je bolja od prethodne, po rije?ima presjednika op\u0161tine Gzima Hajdinage, i dodao da je to gledano u procentima izme?u 10 i 20 odsto. Uprkos globalnoj krizi i ki\u0161nom julu, avgustovska posjeta je bila dobra pa se danas na Ulcinjskim pla\u017eama mo\u017ee vidjeti veliki broj gostiju. Hajdinaga je za Radio-televiziju Crne Gore [&hellip;]<\/p>\n","protected":false},"author":1,"featured_media":0,"comment_status":"open","ping_status":"closed","sticky":false,"template":"","format":"standard","meta":{"spay_email":"","jetpack_publicize_message":"","jetpack_is_tweetstorm":false,"jetpack_publicize_feature_enabled":true},"categories":[8337],"tags":[10808,140,10807,12334,9147,12330,12333,12332,12331,12329,2781],"jetpack_publicize_connections":[],"yoast_head":"<!-- This site is optimized with the Yoast SEO plugin v19.1 - https:\/\/yoast.com\/wordpress\/plugins\/seo\/ -->\n<title>Hajdinaga: Ulcinj povratio goste iz Bosne,sezona bolja od prethodne - Lajme nga Ulqini<\/title>\n<meta name=\"description\" content=\"Turisti?ka sezona u Ulcinju je bolja od prethodne, po rije?ima presjednika op\u0161tine Gzima Hajdinage, i dodao da je to gledano u procentima izme?u 10 i 20\" \/>\n<meta name=\"robots\" content=\"index, follow, max-snippet:-1, max-image-preview:large, max-video-preview:-1\" \/>\n<link rel=\"canonical\" href=\"https:\/\/www.visit-ulcinj.com\/blog\/2009\/09\/02\/hajdinaga-ulcinj-povratio-goste-iz-bosnesezona-bolja-od-prethodne\/\" \/>\n<meta property=\"og:locale\" content=\"en_US\" \/>\n<meta property=\"og:type\" content=\"article\" \/>\n<meta property=\"og:title\" content=\"Hajdinaga: Ulcinj povratio goste iz Bosne,sezona bolja od prethodne - Lajme nga Ulqini\" \/>\n<meta property=\"og:description\" content=\"Turisti?ka sezona u Ulcinju je bolja od prethodne, po rije?ima presjednika op\u0161tine Gzima Hajdinage, i dodao da je to gledano u procentima izme?u 10 i 20\" \/>\n<meta property=\"og:url\" content=\"https:\/\/www.visit-ulcinj.com\/blog\/2009\/09\/02\/hajdinaga-ulcinj-povratio-goste-iz-bosnesezona-bolja-od-prethodne\/\" \/>\n<meta property=\"og:site_name\" content=\"Lajme nga Ulqini\" \/>\n<meta property=\"article:published_time\" content=\"2009-09-02T10:33:10+00:00\" \/>\n<meta property=\"og:image\" content=\"http:\/\/www.visit-ulcinj.com\/blog\/wp-content\/uploads\/2009\/09\/Gzim-Hajdinaga_Ulcinj-povratio-goste-iz-Bosne.jpg\" \/>\n<meta name=\"twitter:label1\" content=\"Written by\" \/>\n\t<meta name=\"twitter:data1\" content=\"ulqini\" \/>\n\t<meta name=\"twitter:label2\" content=\"Est. reading time\" \/>\n\t<meta name=\"twitter:data2\" content=\"1 minute\" \/>\n<script type=\"application\/ld+json\" class=\"yoast-schema-graph\">{\"@context\":\"https:\/\/schema.org\",\"@graph\":[{\"@type\":\"WebSite\",\"@id\":\"https:\/\/www.visit-ulcinj.com\/blog\/#website\",\"url\":\"https:\/\/www.visit-ulcinj.com\/blog\/\",\"name\":\"Lajme nga Ulqini\",\"description\":\"Lajme,Vijesti,Ulqini,Ulqin,Crna Gora,Mali i Zi\",\"potentialAction\":[{\"@type\":\"SearchAction\",\"target\":{\"@type\":\"EntryPoint\",\"urlTemplate\":\"https:\/\/www.visit-ulcinj.com\/blog\/?s={search_term_string}\"},\"query-input\":\"required name=search_term_string\"}],\"inLanguage\":\"en-US\"},{\"@type\":\"ImageObject\",\"inLanguage\":\"en-US\",\"@id\":\"https:\/\/www.visit-ulcinj.com\/blog\/2009\/09\/02\/hajdinaga-ulcinj-povratio-goste-iz-bosnesezona-bolja-od-prethodne\/#primaryimage\",\"url\":\"https:\/\/www.visit-ulcinj.com\/blog\/wp-content\/uploads\/2009\/09\/Gzim-Hajdinaga_Ulcinj-povratio-goste-iz-Bosne.jpg\",\"contentUrl\":\"https:\/\/www.visit-ulcinj.com\/blog\/wp-content\/uploads\/2009\/09\/Gzim-Hajdinaga_Ulcinj-povratio-goste-iz-Bosne.jpg\",\"width\":\"953\",\"height\":\"332\"},{\"@type\":\"WebPage\",\"@id\":\"https:\/\/www.visit-ulcinj.com\/blog\/2009\/09\/02\/hajdinaga-ulcinj-povratio-goste-iz-bosnesezona-bolja-od-prethodne\/#webpage\",\"url\":\"https:\/\/www.visit-ulcinj.com\/blog\/2009\/09\/02\/hajdinaga-ulcinj-povratio-goste-iz-bosnesezona-bolja-od-prethodne\/\",\"name\":\"Hajdinaga: Ulcinj povratio goste iz Bosne,sezona bolja od prethodne - Lajme nga Ulqini\",\"isPartOf\":{\"@id\":\"https:\/\/www.visit-ulcinj.com\/blog\/#website\"},\"primaryImageOfPage\":{\"@id\":\"https:\/\/www.visit-ulcinj.com\/blog\/2009\/09\/02\/hajdinaga-ulcinj-povratio-goste-iz-bosnesezona-bolja-od-prethodne\/#primaryimage\"},\"datePublished\":\"2009-09-02T10:33:10+00:00\",\"dateModified\":\"2009-09-02T10:33:10+00:00\",\"author\":{\"@id\":\"https:\/\/www.visit-ulcinj.com\/blog\/#\/schema\/person\/dcab619c614d3038751c63bc2aadc06d\"},\"description\":\"Turisti?ka sezona u Ulcinju je bolja od prethodne, po rije?ima presjednika op\u0161tine Gzima Hajdinage, i dodao da je to gledano u procentima izme?u 10 i 20\",\"breadcrumb\":{\"@id\":\"https:\/\/www.visit-ulcinj.com\/blog\/2009\/09\/02\/hajdinaga-ulcinj-povratio-goste-iz-bosnesezona-bolja-od-prethodne\/#breadcrumb\"},\"inLanguage\":\"en-US\",\"potentialAction\":[{\"@type\":\"ReadAction\",\"target\":[\"https:\/\/www.visit-ulcinj.com\/blog\/2009\/09\/02\/hajdinaga-ulcinj-povratio-goste-iz-bosnesezona-bolja-od-prethodne\/\"]}]},{\"@type\":\"BreadcrumbList\",\"@id\":\"https:\/\/www.visit-ulcinj.com\/blog\/2009\/09\/02\/hajdinaga-ulcinj-povratio-goste-iz-bosnesezona-bolja-od-prethodne\/#breadcrumb\",\"itemListElement\":[{\"@type\":\"ListItem\",\"position\":1,\"name\":\"Hajdinaga: Ulcinj povratio goste iz Bosne,sezona bolja od prethodne\"}]},{\"@type\":\"Person\",\"@id\":\"https:\/\/www.visit-ulcinj.com\/blog\/#\/schema\/person\/dcab619c614d3038751c63bc2aadc06d\",\"name\":\"ulqini\",\"sameAs\":[\"http:\/\/www.visit-ulcinj.com\"],\"url\":\"https:\/\/www.visit-ulcinj.com\/blog\/author\/admin\/\"}]}<\/script>\n<!-- \/ Yoast SEO plugin. -->","yoast_head_json":{"title":"Hajdinaga: Ulcinj povratio goste iz Bosne,sezona bolja od prethodne - Lajme nga Ulqini","description":"Turisti?ka sezona u Ulcinju je bolja od prethodne, po rije?ima presjednika op\u0161tine Gzima Hajdinage, i dodao da je to gledano u procentima izme?u 10 i 20","robots":{"index":"index","follow":"follow","max-snippet":"max-snippet:-1","max-image-preview":"max-image-preview:large","max-video-preview":"max-video-preview:-1"},"canonical":"https:\/\/www.visit-ulcinj.com\/blog\/2009\/09\/02\/hajdinaga-ulcinj-povratio-goste-iz-bosnesezona-bolja-od-prethodne\/","og_locale":"en_US","og_type":"article","og_title":"Hajdinaga: Ulcinj povratio goste iz Bosne,sezona bolja od prethodne - Lajme nga Ulqini","og_description":"Turisti?ka sezona u Ulcinju je bolja od prethodne, po rije?ima presjednika op\u0161tine Gzima Hajdinage, i dodao da je to gledano u procentima izme?u 10 i 20","og_url":"https:\/\/www.visit-ulcinj.com\/blog\/2009\/09\/02\/hajdinaga-ulcinj-povratio-goste-iz-bosnesezona-bolja-od-prethodne\/","og_site_name":"Lajme nga Ulqini","article_published_time":"2009-09-02T10:33:10+00:00","og_image":[{"url":"http:\/\/www.visit-ulcinj.com\/blog\/wp-content\/uploads\/2009\/09\/Gzim-Hajdinaga_Ulcinj-povratio-goste-iz-Bosne.jpg"}],"twitter_misc":{"Written by":"ulqini","Est. reading time":"1 minute"},"schema":{"@context":"https:\/\/schema.org","@graph":[{"@type":"WebSite","@id":"https:\/\/www.visit-ulcinj.com\/blog\/#website","url":"https:\/\/www.visit-ulcinj.com\/blog\/","name":"Lajme nga Ulqini","description":"Lajme,Vijesti,Ulqini,Ulqin,Crna Gora,Mali i Zi","potentialAction":[{"@type":"SearchAction","target":{"@type":"EntryPoint","urlTemplate":"https:\/\/www.visit-ulcinj.com\/blog\/?s={search_term_string}"},"query-input":"required name=search_term_string"}],"inLanguage":"en-US"},{"@type":"ImageObject","inLanguage":"en-US","@id":"https:\/\/www.visit-ulcinj.com\/blog\/2009\/09\/02\/hajdinaga-ulcinj-povratio-goste-iz-bosnesezona-bolja-od-prethodne\/#primaryimage","url":"https:\/\/www.visit-ulcinj.com\/blog\/wp-content\/uploads\/2009\/09\/Gzim-Hajdinaga_Ulcinj-povratio-goste-iz-Bosne.jpg","contentUrl":"https:\/\/www.visit-ulcinj.com\/blog\/wp-content\/uploads\/2009\/09\/Gzim-Hajdinaga_Ulcinj-povratio-goste-iz-Bosne.jpg","width":"953","height":"332"},{"@type":"WebPage","@id":"https:\/\/www.visit-ulcinj.com\/blog\/2009\/09\/02\/hajdinaga-ulcinj-povratio-goste-iz-bosnesezona-bolja-od-prethodne\/#webpage","url":"https:\/\/www.visit-ulcinj.com\/blog\/2009\/09\/02\/hajdinaga-ulcinj-povratio-goste-iz-bosnesezona-bolja-od-prethodne\/","name":"Hajdinaga: Ulcinj povratio goste iz Bosne,sezona bolja od prethodne - Lajme nga Ulqini","isPartOf":{"@id":"https:\/\/www.visit-ulcinj.com\/blog\/#website"},"primaryImageOfPage":{"@id":"https:\/\/www.visit-ulcinj.com\/blog\/2009\/09\/02\/hajdinaga-ulcinj-povratio-goste-iz-bosnesezona-bolja-od-prethodne\/#primaryimage"},"datePublished":"2009-09-02T10:33:10+00:00","dateModified":"2009-09-02T10:33:10+00:00","author":{"@id":"https:\/\/www.visit-ulcinj.com\/blog\/#\/schema\/person\/dcab619c614d3038751c63bc2aadc06d"},"description":"Turisti?ka sezona u Ulcinju je bolja od prethodne, po rije?ima presjednika op\u0161tine Gzima Hajdinage, i dodao da je to gledano u procentima izme?u 10 i 20","breadcrumb":{"@id":"https:\/\/www.visit-ulcinj.com\/blog\/2009\/09\/02\/hajdinaga-ulcinj-povratio-goste-iz-bosnesezona-bolja-od-prethodne\/#breadcrumb"},"inLanguage":"en-US","potentialAction":[{"@type":"ReadAction","target":["https:\/\/www.visit-ulcinj.com\/blog\/2009\/09\/02\/hajdinaga-ulcinj-povratio-goste-iz-bosnesezona-bolja-od-prethodne\/"]}]},{"@type":"BreadcrumbList","@id":"https:\/\/www.visit-ulcinj.com\/blog\/2009\/09\/02\/hajdinaga-ulcinj-povratio-goste-iz-bosnesezona-bolja-od-prethodne\/#breadcrumb","itemListElement":[{"@type":"ListItem","position":1,"name":"Hajdinaga: Ulcinj povratio goste iz Bosne,sezona bolja od prethodne"}]},{"@type":"Person","@id":"https:\/\/www.visit-ulcinj.com\/blog\/#\/schema\/person\/dcab619c614d3038751c63bc2aadc06d","name":"ulqini","sameAs":["http:\/\/www.visit-ulcinj.com"],"url":"https:\/\/www.visit-ulcinj.com\/blog\/author\/admin\/"}]}},"jetpack_featured_media_url":"","jetpack_sharing_enabled":true,"jetpack_shortlink":"https:\/\/wp.me\/pe6lTn-6yJ","_links":{"self":[{"href":"https:\/\/www.visit-ulcinj.com\/blog\/wp-json\/wp\/v2\/posts\/25217"}],"collection":[{"href":"https:\/\/www.visit-ulcinj.com\/blog\/wp-json\/wp\/v2\/posts"}],"about":[{"href":"https:\/\/www.visit-ulcinj.com\/blog\/wp-json\/wp\/v2\/types\/post"}],"author":[{"embeddable":true,"href":"https:\/\/www.visit-ulcinj.com\/blog\/wp-json\/wp\/v2\/users\/1"}],"replies":[{"embeddable":true,"href":"https:\/\/www.visit-ulcinj.com\/blog\/wp-json\/wp\/v2\/comments?post=25217"}],"version-history":[{"count":0,"href":"https:\/\/www.visit-ulcinj.com\/blog\/wp-json\/wp\/v2\/posts\/25217\/revisions"}],"wp:attachment":[{"href":"https:\/\/www.visit-ulcinj.com\/blog\/wp-json\/wp\/v2\/media?parent=25217"}],"wp:term":[{"taxonomy":"category","embeddable":true,"href":"https:\/\/www.visit-ulcinj.com\/blog\/wp-json\/wp\/v2\/categories?post=25217"},{"taxonomy":"post_tag","embeddable":true,"href":"https:\/\/www.visit-ulcinj.com\/blog\/wp-json\/wp\/v2\/tags?post=25217"}],"curies":[{"name":"wp","href":"https:\/\/api.w.org\/{rel}","templated":true}]}}