{"id":25242,"date":"2009-09-02T21:24:00","date_gmt":"2009-09-02T19:24:00","guid":{"rendered":"http:\/\/www.visit-ulcinj.com\/blog\/?p=25242"},"modified":"2009-09-08T08:09:58","modified_gmt":"2009-09-08T06:09:58","slug":"kollomza-behet-me-kishe-te-re","status":"publish","type":"post","link":"https:\/\/www.visit-ulcinj.com\/blog\/2009\/09\/02\/kollomza-behet-me-kishe-te-re\/","title":{"rendered":"Kollomza b\u00ebhet me kish\u00eb t\u00eb re"},"content":{"rendered":"<p><a href=\"http:\/\/www.visit-ulcinj.com\/blog\/wp-content\/uploads\/2009\/09\/Kisha-_Shen-Maria_Kollomze_Ulqin.jpg\"><img loading=\"lazy\" class=\"alignleft size-full wp-image-25243\" title=\"Kisha _Shen Maria_Kollomze_Ulqin\" src=\"http:\/\/www.visit-ulcinj.com\/blog\/wp-content\/uploads\/2009\/09\/Kisha-_Shen-Maria_Kollomze_Ulqin.jpg\" alt=\"Kisha _Shen Maria_Kollomze_Ulqin\" width=\"580\" height=\"400\" \/><\/a>Bekimin, inaugurimin dhe shugurimin e k\u00ebtij objekti t\u00eb vog\u00ebl, por t\u00eb bukur, i cili n\u00eb gjuh\u00ebn e fes\u00eb quhet tempulli ose sht\u00ebpia e Zotit, solemnisht e b\u00ebri arqipeshkvi i Tivarit monsinjor Zef Gashi, pik\u00ebrisht dit\u00ebn e fest\u00ebs t\u00eb t\u00eb ngjiturit t\u00eb Zoj\u00ebs n\u00eb qiell.<\/p>\n<p>Besimtar\u00ebt katolik\u00eb t\u00eb fshatit Kollomz\u00eb nga data 15 gusht 2009 u b\u00ebn\u00eb me kish\u00eb t\u00eb re t\u00eb \u201cSh\u00ebn Maris\u00eb\u201d dhe tash e tujte nuk do t\u00eb ndjekin mesh\u00ebn shenjte n\u00eb barak\u00ebn e vjet\u00ebr t\u00eb nd\u00ebrtuar para 3o vjet\u00ebsh. Bekimin, inaugurimin dhe shugurimin e k\u00ebtij objekti t\u00eb vog\u00ebl, por t\u00eb bukur, i cili n\u00eb gjuh\u00ebn e fes\u00eb quhet tempulli ose sht\u00ebpia e Zotit, solemnisht e b\u00ebri arqipeshkvi i Tivarit monsinjor Zef Gashi, pik\u00ebrisht dit\u00ebn e fest\u00ebs t\u00eb t\u00eb ngjiturit t\u00eb Zoj\u00ebs n\u00eb qiell.<br \/>\nN\u00eb k\u00ebt\u00eb kremte fetare , n\u00eb nj\u00eb atmosfer\u00eb v\u00ebllaz\u00ebrore, mor\u00ebn pjes\u00eb nj\u00eb num\u00ebr i madh i besimtar\u00ebsh katolik\u00eb, famullitar\u00eb nga Ulqini, Tuzi e Tivari, p\u00ebrfaq\u00ebsues t\u00eb komuniteteve fetare t\u00eb Komun\u00ebs s\u00eb Ulqinit, kryemimami i Bashk\u00ebsis\u00eb Islame, Rexhep Lika, peshkopi ortodoks, Radojica Bozhoviq, zyrtar\u00ebt m\u00eb lart\u00eb vendor\u00eb, kryetari i KU G\u00ebzim Hajdinaga, n\u00ebnkryetari Nail Rexha, kryeparlamentari Muhamet Nika, n\u00ebnkryetari i komun\u00ebs, me bashk\u00ebpun\u00ebtor\u00ebt e tyre, deputeti i Partis\u00eb Demokratike t\u00eb Socialist\u00ebve Luigj Shkreli, p\u00ebrfaq\u00ebsuesit e subjekteve politke shqitare: Nazif Cungu, lider i Forc\u00ebs s\u00eb Re Demokratike &#8211; Forca dhe Ali Rexha lideri i Partis\u00eb s\u00eb Prosperitetit Demokratik si dhe t\u00eb<br \/>\nftuar t\u00eb tjer\u00eb t\u00eb besimeve t\u00eb ndryshme. Interesimi i qytetar\u00ebve p\u00ebr t\u00eb marr\u00eb pjes\u00eb n\u00eb hapjen solemne t\u00eb k\u00ebsaj kish\u00eb ka qen\u00eb aq i madh saq\u00eb shumica e tyre ceremonin\u00eb solemne e p\u00ebrcoll\u00ebn n\u00eb oborrin e kish\u00ebs, sepse kisha e re ishte e vog\u00ebl p\u00ebr ti pranuar t\u00eb gjith\u00eb.<br \/>\nArqipeshkvi i Tivarit, monsinjor Zef Gashi n\u00eb fjal\u00ebn e bekimit, pasi fal\u00ebnderoi besimtar\u00ebt, donator\u00ebt dhe t\u00eb gjith\u00eb t\u00eb pranishmit, theksoi<br \/>\nr\u00ebnd\u00ebsin\u00eb e nd\u00ebrtimit t\u00eb kish\u00ebs dhe fal\u00ebnderoi donator\u00ebt.. \u201cNd\u00ebrtimi i k\u00ebsaj kish\u00eb e cila i dedikohet Zoj\u00ebs s\u00eb bekueme me titull \u201c T\u00eb ngjiturit n\u00eb qiell\u201d u nd\u00ebrtua me ndihm\u00ebn e Zotit dhe t\u00eb njer\u00ebzve (besimtar\u00ebve) bamir\u00eb t\u00eb cil\u00ebt nuk kursyen mundin, djers\u00ebn as xhepin e<br \/>\ntyre. Arqipeshkvi Gashi me k\u00ebt\u00eb rast b\u00ebri t\u00eb ditur se famullitari i deritash\u00ebm n\u00eb famullin\u00eb e Kollomz\u00ebs dhe v\u00ebllai i tij, famullitar n\u00eb famulllin\u00eb e i Sh\u00ebngjergjit pas pun\u00ebs jasht\u00ebzakonisht t\u00eb suksesshme trivje\u00e7are pastorale nuk do t\u00eb sh\u00ebrbejn\u00eb n\u00eb k\u00ebto famulli dhe se ata do t\u00eb z\u00ebvend\u00ebsohen me meshtar\u00ebt e rinj, sapo t\u00eb shuguruar,dom Gabrielin dhe dom Palushin. \u201c Ndonj\u00ebher\u00eb ata q\u00eb jan\u00eb t\u00eb suksessh\u00ebm n\u00eb ndonji\u00eb vend nuk duhet l\u00ebn\u00eb gjat\u00eb aty, por duhet t\u00eb tranferohen n\u00eb nj\u00eb vend tjet\u00ebr me t\u00eb vetmin q\u00ebllim q\u00eb edhe atje t\u00eb arrijn\u00eb suksese e t\u00eb b\u00ebjn\u00eb pun\u00eb t\u00eb m\u00ebdha dhe t\u00eb mira, si\u00e7 kan\u00eb b\u00ebr\u00eb n\u00eb rastin konkret binjak\u00ebt dom Alberti dhe dom Roberti Jakaj \u201c, u shpreh Gashi., duke i fal\u00ebnderuar k\u00ebta famullitar\u00eb p\u00ebr<br \/>\nkontributin e tyre t\u00eb madh dhe me vler\u00eb gjat\u00eb pun\u00ebs s\u00eb tyre trevje\u00e7are pastorale n\u00eb famullit\u00eb e Ulqinit.<br \/>\nAkti solemn i bekimit, shugurimit dhe p\u00ebrurimit t\u00eb k\u00ebtij objekti fetar u shoq\u00ebrua me mesh\u00ebn shenjte p\u00ebr t\u00eb vijuar m\u00eb pas me fjal\u00ebn p\u00ebrsh\u00ebndet\u00ebse t\u00eb dom Albert Jankaj, faumllitar i k\u00ebsaj famullie dhe realizues i k\u00ebtij projekti. Dom Alberti, duke ua uruar besimtar\u00ebve t\u00eb Kollomz\u00ebs ta g\u00ebzojn\u00eb kish\u00ebn e tyre fal\u00ebnderoi arqipeshkvin e Tivarit monsinjor Zef<br \/>\nGashin me bekimin apostolik t\u00eb t\u00eb cilit u mund\u00ebsua nd\u00ebrtimi i k\u00ebsaj kish\u00eb dhe donator\u00ebt e shumt\u00eb vendor\u00eb, n\u00eb ve\u00e7anti ata n\u00eb diapsor\u00eb. \u201cArqipeshkvi q\u00eb kur erdhi me sh\u00ebrbim n\u00eb Arqipeshkvin\u00eb e Tivarit gjithmon\u00eb ka th\u00ebn\u00eb se Kollomza e meriton nj\u00eb tempull t\u00eb Zotit. Ai me but\u00ebsin\u00eb dhe me mir\u00ebsin\u00eb e tij ka ardh\u00eb dhe i ka p\u00ebrcjell\u00eb punimet n\u00eb nd\u00ebrtimin e kish\u00ebs dhe me bekimin e tij apostolik kemi filluar dhe kemi p\u00ebrfunduar n\u00eb em\u00ebr t\u00eb Zotit<br \/>\nk\u00ebt\u00eb tempull t\u00eb shenjt\u00eb, fal\u00eb donator\u00ebve kollomzian, bratician, sal\u00e7ian dhe krythian q\u00eb jetojn\u00eb dhe veprojn\u00eb n\u00eb diaspor\u00eb, n\u00eb Amerik\u00eb, Australi, dhe Gjermani\u201d, tha dom Alberti, duke i fal\u00ebnderuar t\u00eb gjith\u00eb njer\u00ebzit vullnetmir\u00eb q\u00eb n\u00eb nj\u00eb form\u00eb ose tjet\u00ebr kan\u00eb kontribur n\u00eb nd\u00ebrtimin e kish\u00ebs, numri i t\u00eb cil\u00ebve nuk \u00ebsht\u00eb i vog\u00ebl.<br \/>\nN\u00eb list\u00ebn e publikuar t\u00eb K\u00ebshillit t\u00eb kish\u00ebs figuron se donator\u00ebt vendor\u00eb kan\u00eb dh\u00ebn\u00eb 20.445 euro, donator\u00ebt nga Nju-Jorku 52.720 $, donator\u00ebt nga \u00c7ikago 14.960 $, donator\u00ebt nga Australia 6020 $, kurse donator\u00ebt nga Gjermania, 6900 euro. Sipas fjal\u00ebve t\u00eb dom Alberitit Komuna e Ulqinit, respektivisht kryetari Hajdinaga ka dh\u00ebn\u00eb 2000 euro, kurse Forca e Re Demokratike-Forca 400 euro. \u201cP\u00ebrve\u00e7 k\u00ebtyre donacioneve nd\u00ebrtimin e kish\u00ebs me pun\u00eb vullnetare e kan\u00eb ndihmuar edhe shum\u00eb individ\u00eb t\u00eb tjer\u00eb, p\u00ebrfaq\u00ebsues t\u00eb disa institucioneve komunale. Truallin p\u00ebr nd\u00ebrtimin e kish\u00ebs, t\u00eb cil\u00ebn e ka projektuar Aleksand\u00ebr Daboviqi, e ka dhuruar falas Kola i \u00c7ek\u00ebs Nilloviq dhe vajza e tij Mara, tha dom Alberti.<br \/>\nPas mesh\u00ebs solemne n\u00eb em\u00ebr t\u00eb K\u00ebshillit t\u00eb kish\u00ebs foli Gjergj Daboviqi, n\u00eb em\u00ebr t\u00eb Komun\u00ebs s\u00eb Ulqinit, G\u00ebzim Hajdinaga, pastaj deputeti Luigj Shkreli, kryemimami i Ulqinit dhe peshkopi ortodoks. Solemniteti u mbyll me nj\u00eb koktej t\u00eb pasur me pije, \u00ebmb\u00eblsira, e specilaitetete nga kuzhina vendase.<\/p>\n<p><strong>Gj.Gjonaj<br \/>\nKoha Javore<\/strong><\/p>\n<p><strong>\n\t\t<style type=\"text\/css\">\n\t\t\t#gallery-1 {\n\t\t\t\tmargin: auto;\n\t\t\t}\n\t\t\t#gallery-1 .gallery-item {\n\t\t\t\tfloat: left;\n\t\t\t\tmargin-top: 10px;\n\t\t\t\ttext-align: center;\n\t\t\t\twidth: 33%;\n\t\t\t}\n\t\t\t#gallery-1 img {\n\t\t\t\tborder: 2px solid #cfcfcf;\n\t\t\t}\n\t\t\t#gallery-1 .gallery-caption {\n\t\t\t\tmargin-left: 0;\n\t\t\t}\n\t\t\t\/* see gallery_shortcode() in wp-includes\/media.php *\/\n\t\t<\/style>\n\t\t<div id='gallery-1' class='gallery galleryid-25242 gallery-columns-3 gallery-size-thumbnail'><dl class='gallery-item'>\n\t\t\t<dt class='gallery-icon landscape'>\n\t\t\t\t<a href='https:\/\/www.visit-ulcinj.com\/blog\/wp-content\/uploads\/2009\/09\/Kisha-_Shen-Maria_Kollomze_Ulqin.jpg'><img width=\"150\" height=\"150\" src=\"https:\/\/www.visit-ulcinj.com\/blog\/wp-content\/uploads\/2009\/09\/Kisha-_Shen-Maria_Kollomze_Ulqin-150x150.jpg\" class=\"attachment-thumbnail size-thumbnail\" alt=\"\" loading=\"lazy\" \/><\/a>\n\t\t\t<\/dt><\/dl><dl class='gallery-item'>\n\t\t\t<dt class='gallery-icon landscape'>\n\t\t\t\t<a href='https:\/\/www.visit-ulcinj.com\/blog\/wp-content\/uploads\/2009\/09\/Kisha-_Shen-Maria_Kollomze_Ulqin.1.jpg'><img width=\"150\" height=\"150\" src=\"https:\/\/www.visit-ulcinj.com\/blog\/wp-content\/uploads\/2009\/09\/Kisha-_Shen-Maria_Kollomze_Ulqin.1-150x150.jpg\" class=\"attachment-thumbnail size-thumbnail\" alt=\"\" loading=\"lazy\" \/><\/a>\n\t\t\t<\/dt><\/dl><dl class='gallery-item'>\n\t\t\t<dt class='gallery-icon landscape'>\n\t\t\t\t<a href='https:\/\/www.visit-ulcinj.com\/blog\/wp-content\/uploads\/2009\/09\/Kisha-_Shen-Maria_Kollomze_Ulqin.2.jpg'><img width=\"150\" height=\"150\" src=\"https:\/\/www.visit-ulcinj.com\/blog\/wp-content\/uploads\/2009\/09\/Kisha-_Shen-Maria_Kollomze_Ulqin.2-150x150.jpg\" class=\"attachment-thumbnail size-thumbnail\" alt=\"\" loading=\"lazy\" \/><\/a>\n\t\t\t<\/dt><\/dl><br style=\"clear: both\" \/><dl class='gallery-item'>\n\t\t\t<dt class='gallery-icon landscape'>\n\t\t\t\t<a href='https:\/\/www.visit-ulcinj.com\/blog\/wp-content\/uploads\/2009\/09\/Pamje-gjate-ndertimit-te-Kishes-ne-Kullomze_ulqin.jpg'><img width=\"150\" height=\"150\" src=\"https:\/\/www.visit-ulcinj.com\/blog\/wp-content\/uploads\/2009\/09\/Pamje-gjate-ndertimit-te-Kishes-ne-Kullomze_ulqin-150x150.jpg\" class=\"attachment-thumbnail size-thumbnail\" alt=\"\" loading=\"lazy\" \/><\/a>\n\t\t\t<\/dt><\/dl><dl class='gallery-item'>\n\t\t\t<dt class='gallery-icon landscape'>\n\t\t\t\t<a href='https:\/\/www.visit-ulcinj.com\/blog\/wp-content\/uploads\/2009\/09\/Pamje-gjate-ndertimit-te-Kishes-ne-Kullomze_ulqin.1.jpg'><img width=\"150\" height=\"150\" src=\"https:\/\/www.visit-ulcinj.com\/blog\/wp-content\/uploads\/2009\/09\/Pamje-gjate-ndertimit-te-Kishes-ne-Kullomze_ulqin.1-150x150.jpg\" class=\"attachment-thumbnail size-thumbnail\" alt=\"\" loading=\"lazy\" \/><\/a>\n\t\t\t<\/dt><\/dl><dl class='gallery-item'>\n\t\t\t<dt class='gallery-icon landscape'>\n\t\t\t\t<a href='https:\/\/www.visit-ulcinj.com\/blog\/wp-content\/uploads\/2009\/09\/Pamje-gjate-ndertimit-te-Kishes-ne-Kullomze_ulqin.2.jpg'><img width=\"150\" height=\"150\" src=\"https:\/\/www.visit-ulcinj.com\/blog\/wp-content\/uploads\/2009\/09\/Pamje-gjate-ndertimit-te-Kishes-ne-Kullomze_ulqin.2-150x150.jpg\" class=\"attachment-thumbnail size-thumbnail\" alt=\"\" loading=\"lazy\" \/><\/a>\n\t\t\t<\/dt><\/dl><br style=\"clear: both\" \/><dl class='gallery-item'>\n\t\t\t<dt class='gallery-icon landscape'>\n\t\t\t\t<a href='https:\/\/www.visit-ulcinj.com\/blog\/wp-content\/uploads\/2009\/09\/Pamje-gjate-ndertimit-te-Kishes-ne-Kullomze_ulqin.3.jpg'><img width=\"150\" height=\"150\" src=\"https:\/\/www.visit-ulcinj.com\/blog\/wp-content\/uploads\/2009\/09\/Pamje-gjate-ndertimit-te-Kishes-ne-Kullomze_ulqin.3-150x150.jpg\" class=\"attachment-thumbnail size-thumbnail\" alt=\"\" loading=\"lazy\" \/><\/a>\n\t\t\t<\/dt><\/dl><dl class='gallery-item'>\n\t\t\t<dt class='gallery-icon landscape'>\n\t\t\t\t<a href='https:\/\/www.visit-ulcinj.com\/blog\/wp-content\/uploads\/2009\/09\/Pamje-gjate-ndertimit-te-Kishes-ne-Kullomze_ulqin.4.jpg'><img width=\"150\" height=\"150\" src=\"https:\/\/www.visit-ulcinj.com\/blog\/wp-content\/uploads\/2009\/09\/Pamje-gjate-ndertimit-te-Kishes-ne-Kullomze_ulqin.4-150x150.jpg\" class=\"attachment-thumbnail size-thumbnail\" alt=\"\" loading=\"lazy\" \/><\/a>\n\t\t\t<\/dt><\/dl><dl class='gallery-item'>\n\t\t\t<dt class='gallery-icon landscape'>\n\t\t\t\t<a href='https:\/\/www.visit-ulcinj.com\/blog\/wp-content\/uploads\/2009\/09\/Pamje-gjate-ndertimit-te-Kishes-ne-Kullomze_ulqin.5.jpg'><img width=\"150\" height=\"150\" src=\"https:\/\/www.visit-ulcinj.com\/blog\/wp-content\/uploads\/2009\/09\/Pamje-gjate-ndertimit-te-Kishes-ne-Kullomze_ulqin.5-150x150.jpg\" class=\"attachment-thumbnail size-thumbnail\" alt=\"\" loading=\"lazy\" \/><\/a>\n\t\t\t<\/dt><\/dl><br style=\"clear: both\" \/><dl class='gallery-item'>\n\t\t\t<dt class='gallery-icon landscape'>\n\t\t\t\t<a href='https:\/\/www.visit-ulcinj.com\/blog\/wp-content\/uploads\/2009\/09\/Pamje-gjate-ndertimit-te-Kishes-ne-Kullomze_ulqin.6.jpg'><img width=\"150\" height=\"150\" src=\"https:\/\/www.visit-ulcinj.com\/blog\/wp-content\/uploads\/2009\/09\/Pamje-gjate-ndertimit-te-Kishes-ne-Kullomze_ulqin.6-150x150.jpg\" class=\"attachment-thumbnail size-thumbnail\" alt=\"\" loading=\"lazy\" \/><\/a>\n\t\t\t<\/dt><\/dl><dl class='gallery-item'>\n\t\t\t<dt class='gallery-icon portrait'>\n\t\t\t\t<a href='https:\/\/www.visit-ulcinj.com\/blog\/wp-content\/uploads\/2009\/09\/Pamje-gjate-ndertimit-te-Kishes-ne-Kullomze_ulqin.7.jpg'><img width=\"150\" height=\"150\" src=\"https:\/\/www.visit-ulcinj.com\/blog\/wp-content\/uploads\/2009\/09\/Pamje-gjate-ndertimit-te-Kishes-ne-Kullomze_ulqin.7-150x150.jpg\" class=\"attachment-thumbnail size-thumbnail\" alt=\"\" loading=\"lazy\" \/><\/a>\n\t\t\t<\/dt><\/dl><dl class='gallery-item'>\n\t\t\t<dt class='gallery-icon portrait'>\n\t\t\t\t<a href='https:\/\/www.visit-ulcinj.com\/blog\/wp-content\/uploads\/2009\/09\/Pamje-gjate-ndertimit-te-Kishes-ne-Kullomze_ulqin.8.jpg'><img width=\"150\" height=\"150\" src=\"https:\/\/www.visit-ulcinj.com\/blog\/wp-content\/uploads\/2009\/09\/Pamje-gjate-ndertimit-te-Kishes-ne-Kullomze_ulqin.8-150x150.jpg\" class=\"attachment-thumbnail size-thumbnail\" alt=\"\" loading=\"lazy\" \/><\/a>\n\t\t\t<\/dt><\/dl><br style=\"clear: both\" \/><dl class='gallery-item'>\n\t\t\t<dt class='gallery-icon landscape'>\n\t\t\t\t<a href='https:\/\/www.visit-ulcinj.com\/blog\/wp-content\/uploads\/2009\/09\/Pamje-gjate-ndertimit-te-Kishes-ne-Kullomze_ulqin.9.jpg'><img width=\"150\" height=\"150\" src=\"https:\/\/www.visit-ulcinj.com\/blog\/wp-content\/uploads\/2009\/09\/Pamje-gjate-ndertimit-te-Kishes-ne-Kullomze_ulqin.9-150x150.jpg\" class=\"attachment-thumbnail size-thumbnail\" alt=\"\" loading=\"lazy\" \/><\/a>\n\t\t\t<\/dt><\/dl><dl class='gallery-item'>\n\t\t\t<dt class='gallery-icon landscape'>\n\t\t\t\t<a href='https:\/\/www.visit-ulcinj.com\/blog\/wp-content\/uploads\/2009\/09\/Pamje-gjate-ndertimit-te-Kishes-ne-Kullomze_ulqin.10.jpg'><img width=\"150\" height=\"150\" src=\"https:\/\/www.visit-ulcinj.com\/blog\/wp-content\/uploads\/2009\/09\/Pamje-gjate-ndertimit-te-Kishes-ne-Kullomze_ulqin.10-150x150.jpg\" class=\"attachment-thumbnail size-thumbnail\" alt=\"\" loading=\"lazy\" \/><\/a>\n\t\t\t<\/dt><\/dl><dl class='gallery-item'>\n\t\t\t<dt class='gallery-icon landscape'>\n\t\t\t\t<a href='https:\/\/www.visit-ulcinj.com\/blog\/wp-content\/uploads\/2009\/09\/Pamje-gjate-ndertimit-te-Kishes-ne-Kullomze_ulqin.11.jpg'><img width=\"150\" height=\"150\" src=\"https:\/\/www.visit-ulcinj.com\/blog\/wp-content\/uploads\/2009\/09\/Pamje-gjate-ndertimit-te-Kishes-ne-Kullomze_ulqin.11-150x150.jpg\" class=\"attachment-thumbnail size-thumbnail\" alt=\"\" loading=\"lazy\" \/><\/a>\n\t\t\t<\/dt><\/dl><br style=\"clear: both\" \/><dl class='gallery-item'>\n\t\t\t<dt class='gallery-icon landscape'>\n\t\t\t\t<a href='https:\/\/www.visit-ulcinj.com\/blog\/wp-content\/uploads\/2009\/09\/Pamje-gjate-ndertimit-te-Kishes-ne-Kullomze_ulqin.12.jpg'><img width=\"150\" height=\"150\" src=\"https:\/\/www.visit-ulcinj.com\/blog\/wp-content\/uploads\/2009\/09\/Pamje-gjate-ndertimit-te-Kishes-ne-Kullomze_ulqin.12-150x150.jpg\" class=\"attachment-thumbnail size-thumbnail\" alt=\"\" loading=\"lazy\" \/><\/a>\n\t\t\t<\/dt><\/dl><dl class='gallery-item'>\n\t\t\t<dt class='gallery-icon landscape'>\n\t\t\t\t<a href='https:\/\/www.visit-ulcinj.com\/blog\/wp-content\/uploads\/2009\/09\/Pamje-gjate-ndertimit-te-Kishes-ne-Kullomze_ulqin.13.jpg'><img width=\"150\" height=\"150\" src=\"https:\/\/www.visit-ulcinj.com\/blog\/wp-content\/uploads\/2009\/09\/Pamje-gjate-ndertimit-te-Kishes-ne-Kullomze_ulqin.13-150x150.jpg\" class=\"attachment-thumbnail size-thumbnail\" alt=\"\" loading=\"lazy\" \/><\/a>\n\t\t\t<\/dt><\/dl><dl class='gallery-item'>\n\t\t\t<dt class='gallery-icon landscape'>\n\t\t\t\t<a href='https:\/\/www.visit-ulcinj.com\/blog\/wp-content\/uploads\/2009\/09\/Pamje-gjate-ndertimit-te-Kishes-ne-Kullomze_ulqin.14.jpg'><img width=\"150\" height=\"150\" src=\"https:\/\/www.visit-ulcinj.com\/blog\/wp-content\/uploads\/2009\/09\/Pamje-gjate-ndertimit-te-Kishes-ne-Kullomze_ulqin.14-150x150.jpg\" class=\"attachment-thumbnail size-thumbnail\" alt=\"\" loading=\"lazy\" \/><\/a>\n\t\t\t<\/dt><\/dl><br style=\"clear: both\" \/><dl class='gallery-item'>\n\t\t\t<dt class='gallery-icon landscape'>\n\t\t\t\t<a href='https:\/\/www.visit-ulcinj.com\/blog\/wp-content\/uploads\/2009\/09\/Pamje-gjate-ndertimit-te-Kishes-ne-Kullomze_ulqin.15.jpg'><img width=\"150\" height=\"150\" src=\"https:\/\/www.visit-ulcinj.com\/blog\/wp-content\/uploads\/2009\/09\/Pamje-gjate-ndertimit-te-Kishes-ne-Kullomze_ulqin.15-150x150.jpg\" class=\"attachment-thumbnail size-thumbnail\" alt=\"\" loading=\"lazy\" \/><\/a>\n\t\t\t<\/dt><\/dl><dl class='gallery-item'>\n\t\t\t<dt class='gallery-icon landscape'>\n\t\t\t\t<a href='https:\/\/www.visit-ulcinj.com\/blog\/wp-content\/uploads\/2009\/09\/Pamje-gjate-ndertimit-te-Kishes-ne-Kullomze_ulqin.16.jpg'><img width=\"150\" height=\"150\" src=\"https:\/\/www.visit-ulcinj.com\/blog\/wp-content\/uploads\/2009\/09\/Pamje-gjate-ndertimit-te-Kishes-ne-Kullomze_ulqin.16-150x150.jpg\" class=\"attachment-thumbnail size-thumbnail\" alt=\"\" loading=\"lazy\" \/><\/a>\n\t\t\t<\/dt><\/dl><dl class='gallery-item'>\n\t\t\t<dt class='gallery-icon landscape'>\n\t\t\t\t<a href='https:\/\/www.visit-ulcinj.com\/blog\/wp-content\/uploads\/2009\/09\/Pamje-gjate-ndertimit-te-Kishes-ne-Kullomze_ulqin.17.jpg'><img width=\"150\" height=\"150\" src=\"https:\/\/www.visit-ulcinj.com\/blog\/wp-content\/uploads\/2009\/09\/Pamje-gjate-ndertimit-te-Kishes-ne-Kullomze_ulqin.17-150x150.jpg\" class=\"attachment-thumbnail size-thumbnail\" alt=\"\" loading=\"lazy\" \/><\/a>\n\t\t\t<\/dt><\/dl><br style=\"clear: both\" \/>\n\t\t<\/div>\n<br \/>\n<\/strong><\/p>\n","protected":false},"excerpt":{"rendered":"<p>Bekimin, inaugurimin dhe shugurimin e k\u00ebtij objekti t\u00eb vog\u00ebl, por t\u00eb bukur, i cili n\u00eb gjuh\u00ebn e fes\u00eb quhet tempulli ose sht\u00ebpia e Zotit, solemnisht e b\u00ebri arqipeshkvi i Tivarit monsinjor Zef Gashi, pik\u00ebrisht dit\u00ebn e fest\u00ebs t\u00eb t\u00eb ngjiturit t\u00eb Zoj\u00ebs n\u00eb qiell. Besimtar\u00ebt katolik\u00eb t\u00eb fshatit Kollomz\u00eb nga data 15 gusht 2009 u [&hellip;]<\/p>\n","protected":false},"author":1,"featured_media":0,"comment_status":"open","ping_status":"closed","sticky":false,"template":"","format":"standard","meta":{"spay_email":"","jetpack_publicize_message":"","jetpack_is_tweetstorm":false,"jetpack_publicize_feature_enabled":true},"categories":[11],"tags":[12352,12341,714,12340,12349,12353,12339,12343,12348,12346,12351,12342,12347,12350,12344,12345,4444,200],"jetpack_publicize_connections":[],"yoast_head":"<!-- This site is optimized with the Yoast SEO plugin v19.1 - https:\/\/yoast.com\/wordpress\/plugins\/seo\/ -->\n<title>Kollomza b\u00ebhet me kish\u00eb t\u00eb re - Lajme nga Ulqini<\/title>\n<meta name=\"description\" content=\"Bekimin, inaugurimin dhe shugurimin e k\u00ebtij objekti t\u00eb vog\u00ebl, por t\u00eb bukur, i cili n\u00eb gjuh\u00ebn e fes\u00eb quhet tempulli ose sht\u00ebpia e Zotit, solemnisht e b\u00ebri\" \/>\n<meta name=\"robots\" content=\"index, follow, max-snippet:-1, max-image-preview:large, max-video-preview:-1\" \/>\n<link rel=\"canonical\" href=\"https:\/\/www.visit-ulcinj.com\/blog\/2009\/09\/02\/kollomza-behet-me-kishe-te-re\/\" \/>\n<meta property=\"og:locale\" content=\"en_US\" \/>\n<meta property=\"og:type\" content=\"article\" \/>\n<meta property=\"og:title\" content=\"Kollomza b\u00ebhet me kish\u00eb t\u00eb re - Lajme nga Ulqini\" \/>\n<meta property=\"og:description\" content=\"Bekimin, inaugurimin dhe shugurimin e k\u00ebtij objekti t\u00eb vog\u00ebl, por t\u00eb bukur, i cili n\u00eb gjuh\u00ebn e fes\u00eb quhet tempulli ose sht\u00ebpia e Zotit, solemnisht e b\u00ebri\" \/>\n<meta property=\"og:url\" content=\"https:\/\/www.visit-ulcinj.com\/blog\/2009\/09\/02\/kollomza-behet-me-kishe-te-re\/\" \/>\n<meta property=\"og:site_name\" content=\"Lajme nga Ulqini\" \/>\n<meta property=\"article:published_time\" content=\"2009-09-02T19:24:00+00:00\" \/>\n<meta property=\"article:modified_time\" content=\"2009-09-08T06:09:58+00:00\" \/>\n<meta property=\"og:image\" content=\"https:\/\/www.visit-ulcinj.com\/blog\/wp-content\/uploads\/2009\/09\/Kisha-_Shen-Maria_Kollomze_Ulqin-150x150.jpg\" \/>\n<meta name=\"twitter:label1\" content=\"Written by\" \/>\n\t<meta name=\"twitter:data1\" content=\"ulqini\" \/>\n\t<meta name=\"twitter:label2\" content=\"Est. reading time\" \/>\n\t<meta name=\"twitter:data2\" content=\"5 minutes\" \/>\n<script type=\"application\/ld+json\" class=\"yoast-schema-graph\">{\"@context\":\"https:\/\/schema.org\",\"@graph\":[{\"@type\":\"WebSite\",\"@id\":\"https:\/\/www.visit-ulcinj.com\/blog\/#website\",\"url\":\"https:\/\/www.visit-ulcinj.com\/blog\/\",\"name\":\"Lajme nga Ulqini\",\"description\":\"Lajme,Vijesti,Ulqini,Ulqin,Crna Gora,Mali i Zi\",\"potentialAction\":[{\"@type\":\"SearchAction\",\"target\":{\"@type\":\"EntryPoint\",\"urlTemplate\":\"https:\/\/www.visit-ulcinj.com\/blog\/?s={search_term_string}\"},\"query-input\":\"required name=search_term_string\"}],\"inLanguage\":\"en-US\"},{\"@type\":\"ImageObject\",\"inLanguage\":\"en-US\",\"@id\":\"https:\/\/www.visit-ulcinj.com\/blog\/2009\/09\/02\/kollomza-behet-me-kishe-te-re\/#primaryimage\",\"url\":\"https:\/\/www.visit-ulcinj.com\/blog\/wp-content\/uploads\/2009\/09\/Kisha-_Shen-Maria_Kollomze_Ulqin.jpg\",\"contentUrl\":\"https:\/\/www.visit-ulcinj.com\/blog\/wp-content\/uploads\/2009\/09\/Kisha-_Shen-Maria_Kollomze_Ulqin.jpg\",\"width\":\"604\",\"height\":\"453\"},{\"@type\":\"WebPage\",\"@id\":\"https:\/\/www.visit-ulcinj.com\/blog\/2009\/09\/02\/kollomza-behet-me-kishe-te-re\/#webpage\",\"url\":\"https:\/\/www.visit-ulcinj.com\/blog\/2009\/09\/02\/kollomza-behet-me-kishe-te-re\/\",\"name\":\"Kollomza b\u00ebhet me kish\u00eb t\u00eb re - Lajme nga Ulqini\",\"isPartOf\":{\"@id\":\"https:\/\/www.visit-ulcinj.com\/blog\/#website\"},\"primaryImageOfPage\":{\"@id\":\"https:\/\/www.visit-ulcinj.com\/blog\/2009\/09\/02\/kollomza-behet-me-kishe-te-re\/#primaryimage\"},\"datePublished\":\"2009-09-02T19:24:00+00:00\",\"dateModified\":\"2009-09-08T06:09:58+00:00\",\"author\":{\"@id\":\"https:\/\/www.visit-ulcinj.com\/blog\/#\/schema\/person\/dcab619c614d3038751c63bc2aadc06d\"},\"description\":\"Bekimin, inaugurimin dhe shugurimin e k\u00ebtij objekti t\u00eb vog\u00ebl, por t\u00eb bukur, i cili n\u00eb gjuh\u00ebn e fes\u00eb quhet tempulli ose sht\u00ebpia e Zotit, solemnisht e b\u00ebri\",\"breadcrumb\":{\"@id\":\"https:\/\/www.visit-ulcinj.com\/blog\/2009\/09\/02\/kollomza-behet-me-kishe-te-re\/#breadcrumb\"},\"inLanguage\":\"en-US\",\"potentialAction\":[{\"@type\":\"ReadAction\",\"target\":[\"https:\/\/www.visit-ulcinj.com\/blog\/2009\/09\/02\/kollomza-behet-me-kishe-te-re\/\"]}]},{\"@type\":\"BreadcrumbList\",\"@id\":\"https:\/\/www.visit-ulcinj.com\/blog\/2009\/09\/02\/kollomza-behet-me-kishe-te-re\/#breadcrumb\",\"itemListElement\":[{\"@type\":\"ListItem\",\"position\":1,\"name\":\"Kollomza b\u00ebhet me kish\u00eb t\u00eb re\"}]},{\"@type\":\"Person\",\"@id\":\"https:\/\/www.visit-ulcinj.com\/blog\/#\/schema\/person\/dcab619c614d3038751c63bc2aadc06d\",\"name\":\"ulqini\",\"sameAs\":[\"http:\/\/www.visit-ulcinj.com\"],\"url\":\"https:\/\/www.visit-ulcinj.com\/blog\/author\/admin\/\"}]}<\/script>\n<!-- \/ Yoast SEO plugin. -->","yoast_head_json":{"title":"Kollomza b\u00ebhet me kish\u00eb t\u00eb re - Lajme nga Ulqini","description":"Bekimin, inaugurimin dhe shugurimin e k\u00ebtij objekti t\u00eb vog\u00ebl, por t\u00eb bukur, i cili n\u00eb gjuh\u00ebn e fes\u00eb quhet tempulli ose sht\u00ebpia e Zotit, solemnisht e b\u00ebri","robots":{"index":"index","follow":"follow","max-snippet":"max-snippet:-1","max-image-preview":"max-image-preview:large","max-video-preview":"max-video-preview:-1"},"canonical":"https:\/\/www.visit-ulcinj.com\/blog\/2009\/09\/02\/kollomza-behet-me-kishe-te-re\/","og_locale":"en_US","og_type":"article","og_title":"Kollomza b\u00ebhet me kish\u00eb t\u00eb re - Lajme nga Ulqini","og_description":"Bekimin, inaugurimin dhe shugurimin e k\u00ebtij objekti t\u00eb vog\u00ebl, por t\u00eb bukur, i cili n\u00eb gjuh\u00ebn e fes\u00eb quhet tempulli ose sht\u00ebpia e Zotit, solemnisht e b\u00ebri","og_url":"https:\/\/www.visit-ulcinj.com\/blog\/2009\/09\/02\/kollomza-behet-me-kishe-te-re\/","og_site_name":"Lajme nga Ulqini","article_published_time":"2009-09-02T19:24:00+00:00","article_modified_time":"2009-09-08T06:09:58+00:00","og_image":[{"url":"https:\/\/www.visit-ulcinj.com\/blog\/wp-content\/uploads\/2009\/09\/Kisha-_Shen-Maria_Kollomze_Ulqin-150x150.jpg"}],"twitter_misc":{"Written by":"ulqini","Est. reading time":"5 minutes"},"schema":{"@context":"https:\/\/schema.org","@graph":[{"@type":"WebSite","@id":"https:\/\/www.visit-ulcinj.com\/blog\/#website","url":"https:\/\/www.visit-ulcinj.com\/blog\/","name":"Lajme nga Ulqini","description":"Lajme,Vijesti,Ulqini,Ulqin,Crna Gora,Mali i Zi","potentialAction":[{"@type":"SearchAction","target":{"@type":"EntryPoint","urlTemplate":"https:\/\/www.visit-ulcinj.com\/blog\/?s={search_term_string}"},"query-input":"required name=search_term_string"}],"inLanguage":"en-US"},{"@type":"ImageObject","inLanguage":"en-US","@id":"https:\/\/www.visit-ulcinj.com\/blog\/2009\/09\/02\/kollomza-behet-me-kishe-te-re\/#primaryimage","url":"https:\/\/www.visit-ulcinj.com\/blog\/wp-content\/uploads\/2009\/09\/Kisha-_Shen-Maria_Kollomze_Ulqin.jpg","contentUrl":"https:\/\/www.visit-ulcinj.com\/blog\/wp-content\/uploads\/2009\/09\/Kisha-_Shen-Maria_Kollomze_Ulqin.jpg","width":"604","height":"453"},{"@type":"WebPage","@id":"https:\/\/www.visit-ulcinj.com\/blog\/2009\/09\/02\/kollomza-behet-me-kishe-te-re\/#webpage","url":"https:\/\/www.visit-ulcinj.com\/blog\/2009\/09\/02\/kollomza-behet-me-kishe-te-re\/","name":"Kollomza b\u00ebhet me kish\u00eb t\u00eb re - Lajme nga Ulqini","isPartOf":{"@id":"https:\/\/www.visit-ulcinj.com\/blog\/#website"},"primaryImageOfPage":{"@id":"https:\/\/www.visit-ulcinj.com\/blog\/2009\/09\/02\/kollomza-behet-me-kishe-te-re\/#primaryimage"},"datePublished":"2009-09-02T19:24:00+00:00","dateModified":"2009-09-08T06:09:58+00:00","author":{"@id":"https:\/\/www.visit-ulcinj.com\/blog\/#\/schema\/person\/dcab619c614d3038751c63bc2aadc06d"},"description":"Bekimin, inaugurimin dhe shugurimin e k\u00ebtij objekti t\u00eb vog\u00ebl, por t\u00eb bukur, i cili n\u00eb gjuh\u00ebn e fes\u00eb quhet tempulli ose sht\u00ebpia e Zotit, solemnisht e b\u00ebri","breadcrumb":{"@id":"https:\/\/www.visit-ulcinj.com\/blog\/2009\/09\/02\/kollomza-behet-me-kishe-te-re\/#breadcrumb"},"inLanguage":"en-US","potentialAction":[{"@type":"ReadAction","target":["https:\/\/www.visit-ulcinj.com\/blog\/2009\/09\/02\/kollomza-behet-me-kishe-te-re\/"]}]},{"@type":"BreadcrumbList","@id":"https:\/\/www.visit-ulcinj.com\/blog\/2009\/09\/02\/kollomza-behet-me-kishe-te-re\/#breadcrumb","itemListElement":[{"@type":"ListItem","position":1,"name":"Kollomza b\u00ebhet me kish\u00eb t\u00eb re"}]},{"@type":"Person","@id":"https:\/\/www.visit-ulcinj.com\/blog\/#\/schema\/person\/dcab619c614d3038751c63bc2aadc06d","name":"ulqini","sameAs":["http:\/\/www.visit-ulcinj.com"],"url":"https:\/\/www.visit-ulcinj.com\/blog\/author\/admin\/"}]}},"jetpack_featured_media_url":"","jetpack_sharing_enabled":true,"jetpack_shortlink":"https:\/\/wp.me\/pe6lTn-6z8","_links":{"self":[{"href":"https:\/\/www.visit-ulcinj.com\/blog\/wp-json\/wp\/v2\/posts\/25242"}],"collection":[{"href":"https:\/\/www.visit-ulcinj.com\/blog\/wp-json\/wp\/v2\/posts"}],"about":[{"href":"https:\/\/www.visit-ulcinj.com\/blog\/wp-json\/wp\/v2\/types\/post"}],"author":[{"embeddable":true,"href":"https:\/\/www.visit-ulcinj.com\/blog\/wp-json\/wp\/v2\/users\/1"}],"replies":[{"embeddable":true,"href":"https:\/\/www.visit-ulcinj.com\/blog\/wp-json\/wp\/v2\/comments?post=25242"}],"version-history":[{"count":0,"href":"https:\/\/www.visit-ulcinj.com\/blog\/wp-json\/wp\/v2\/posts\/25242\/revisions"}],"wp:attachment":[{"href":"https:\/\/www.visit-ulcinj.com\/blog\/wp-json\/wp\/v2\/media?parent=25242"}],"wp:term":[{"taxonomy":"category","embeddable":true,"href":"https:\/\/www.visit-ulcinj.com\/blog\/wp-json\/wp\/v2\/categories?post=25242"},{"taxonomy":"post_tag","embeddable":true,"href":"https:\/\/www.visit-ulcinj.com\/blog\/wp-json\/wp\/v2\/tags?post=25242"}],"curies":[{"name":"wp","href":"https:\/\/api.w.org\/{rel}","templated":true}]}}