{"id":25250,"date":"2009-09-02T22:17:15","date_gmt":"2009-09-02T20:17:15","guid":{"rendered":"http:\/\/www.visit-ulcinj.com\/blog\/?p=25250"},"modified":"2009-09-02T22:17:15","modified_gmt":"2009-09-02T20:17:15","slug":"%e2%80%9cotrant%e2%80%9d-i-e-fillon-keq-kampionatin","status":"publish","type":"post","link":"https:\/\/www.visit-ulcinj.com\/blog\/2009\/09\/02\/%e2%80%9cotrant%e2%80%9d-i-e-fillon-keq-kampionatin\/","title":{"rendered":"\u201cOtrant\u201d-i e fillon keq kampionatin"},"content":{"rendered":"<p><strong><a href=\"http:\/\/www.visit-ulcinj.com\/blog\/wp-content\/uploads\/2009\/09\/Klubi-Futbollistik-\u201cOtrant\u201d.jpg\"><img loading=\"lazy\" class=\"alignleft size-full wp-image-25251\" title=\"Klubi Futbollistik \u201cOtrant\u201d\" src=\"http:\/\/www.visit-ulcinj.com\/blog\/wp-content\/uploads\/2009\/09\/Klubi-Futbollistik-\u201cOtrant\u201d.jpg\" alt=\"Klubi Futbollistik \u201cOtrant\u201d\" width=\"231\" height=\"362\" \/><\/a>KF \u201cOtrant\u201d ka fituar vet\u00ebm nj\u00eb pik\u00eb n\u00eb dy jav\u00ebt e para t\u00eb lig\u00ebs s\u00eb dyt\u00eb t\u00eb Malit t\u00eb Zi<\/strong><\/p>\n<address><strong>Rezultati i dob\u00ebt i \u201cOtrant\u201d-it n\u00eb dy jav\u00ebt e para mund t\u2019i atribuohet edhe p\u00ebrgatitjeve jo t\u00eb mira dhe t\u00eb shkurtra, t\u00eb cilat kan\u00eb filluar vet\u00ebm 15 dit\u00eb para fillimit t\u00eb kampionatit.<\/strong><\/address>\n<address><strong>Ekipi ka ndryshuar ndjesh\u00ebm nga ai i vitit t\u00eb kaluar kur \u201cOtrant\u201d-i zuri vendin e kat\u00ebrt dhe me pak m\u00eb tep\u00ebr fat mbase mund t\u00eb kualifikohej n\u00eb barazh e mbase t\u00eb futej edhe n\u00eb Lig\u00ebn e Par\u00eb t\u00eb Malit t\u00eb Zi. Trajneri Safet Kaleziq thot\u00eb se synimi kryesor k\u00ebt\u00eb vit \u00ebsht\u00eb q\u00ebndrimi n\u00eb lig\u00eb.<\/strong><\/address>\n<p>Ulqin &#8211; Ekipi i \u201cOtrant\u201d-it nga Ulqini e ka filluar keq sezonin e ri n\u00eb Lig\u00ebn e Dyt\u00eb t\u00eb Malit t\u00eb Zi pasi q\u00eb n\u00eb dy ndeshjet e para, t\u00eb dy t\u00eb luajtura n\u00eb fush\u00ebn e vet, ka arritur t\u00eb fitoj\u00eb vet\u00ebm nj\u00eb pik\u00eb. Por n\u00ebse barazimi me \u201cTivari\u201d-n me rezultatin 0:0, n\u00eb jav\u00ebn e par\u00eb t\u00eb Lig\u00ebs, mund t\u00eb cil\u00ebsohet si sukses, humbja ndaj ekipit t\u00eb Gucis\u00eb ka qen\u00eb e papritur dhe i ka zhg\u00ebnjyer t\u00eb gjith\u00eb.<br \/>\nTrajneri Safet Kaleziq thot\u00eb se t\u00eb dy ndeshjet e para t\u00eb kampionatit p\u00ebr t\u00eb p\u00ebrb\u00ebjn\u00eb befasi.<br \/>\n\u201cKund\u00ebr ekipit t\u00eb fort\u00eb t\u00eb \u201cTivari\u201d-t nuk kam pritur se do t\u00eb tregojm\u00eb loj\u00eb aq t\u00eb mir\u00eb dhe t\u00eb fitojm\u00eb nj\u00eb pik\u00eb. Sipas meje, \u201cTivari\u201d \u00ebsht\u00eb tani p\u00ebr tani ekipi m\u00eb i fort\u00eb n\u00eb Lig\u00ebn e Dyt\u00eb dhe mendoj se do t\u00eb b\u00ebhet an\u00ebtar i Lig\u00ebs s\u00eb Par\u00eb. Kjo pik\u00eb ka qen\u00eb befasi e k\u00ebndshme\u201d, thot\u00eb ai.<br \/>\nPor Kaleziq e cil\u00ebson si befasi jo t\u00eb k\u00ebndshme humbjen ndaj \u201cIbar\u201d-it me rezultatin 0:1 n\u00eb jav\u00ebn e dyt\u00eb t\u00eb kampionatit.<br \/>\n\u201cMendoj se Ibar \u00ebsht\u00eb ekipi m\u00eb i dob\u00ebt n\u00eb Lig\u00eb. Por me ndeshje luftarake dhe me mbrojtje ku kan\u00eb marr\u00eb pjes\u00eb t\u00eb dhjet\u00eb lojtar\u00ebt kan\u00eb arritur t\u00eb na befasojn\u00eb. Mendoj se shum\u00eb nga lojtar\u00ebt tan\u00eb e kan\u00eb n\u00ebn\u00e7muar ekipin e \u201cIbar\u201d-it. Ndon\u00ebse kan\u00eb dh\u00ebn\u00eb \u00e7do gj\u00eb nga vetja dhe kan\u00eb luftuar n\u00eb m\u00ebnyr\u00eb maksimale, nuk kemi arritur t\u00eb p\u00ebrmbysim rezultatin\u201d, thot\u00eb ai.<br \/>\nRezultati i dob\u00ebt i \u201cOtrant\u201d-it n\u00eb dy jav\u00ebt e para mund t\u2019i atribuohet edhe p\u00ebrgatitjeve jo t\u00eb mira dhe t\u00eb shkurtra, t\u00eb cilat kan\u00eb filluar vet\u00ebm 15 dit\u00eb para fillimit t\u00eb kampionatit.<br \/>\n\u201cMe vones\u00eb i kemi filluar p\u00ebrgatitjet p\u00ebr sezonin e vjesht\u00ebs. \u00cbsht\u00eb e ditur tashm\u00eb se n\u00eb Ulqin \u00ebsht\u00eb v\u00ebshtir\u00eb t\u2019i grumbullosh lojtar\u00ebt gjat\u00eb ver\u00ebs sepse t\u00eb gjith\u00eb punojn\u00eb. Prandaj n\u00eb situat\u00ebn kur klubi nuk ka para, p\u00ebrkund\u00ebr dashuris\u00eb ndaj futbollit, njer\u00ebzit duhet t\u00eb sigurojn\u00eb ekzistenc\u00ebn\u201d, thot\u00eb Kaleziq.<br \/>\n<a href=\"http:\/\/www.visit-ulcinj.com\/blog\/wp-content\/uploads\/2009\/09\/FK_OTRANT-ULCINJ.jpg\"><img loading=\"lazy\" class=\"alignleft size-full wp-image-25252\" title=\"FK_OTRANT` ULCINJ\" src=\"http:\/\/www.visit-ulcinj.com\/blog\/wp-content\/uploads\/2009\/09\/FK_OTRANT-ULCINJ.jpg\" alt=\"FK_OTRANT` ULCINJ\" width=\"580\" height=\"400\" \/><\/a>Klubi Futbollistik \u201cOtrant\u201d po kalon n\u00ebp\u00ebr nj\u00eb periudh\u00eb krize financiare. Jozyrtarisht m\u00ebsohet se nj\u00eb pjes\u00eb e obligimeve ndaj lojtar\u00ebve dhe obligimeve t\u00eb tjera nuk jan\u00eb paguar as p\u00ebr vitin e kaluar.<br \/>\nEkipi ka ndryshuar ndjesh\u00ebm nga ai i vitit t\u00eb kaluar kur \u201cOtrant\u201d-i zuri vendin e kat\u00ebrt dhe me pak m\u00eb tep\u00ebr fat mbase mund t\u00eb kualifikohej n\u00eb barazh e mbase t\u00eb futej edhe n\u00eb Lig\u00ebn e Par\u00eb t\u00eb Malit t\u00eb Zi.<br \/>\nK\u00ebshtu nga ekipi p\u00ebr shkak t\u00eb problemeve financiare jan\u00eb larguar t\u00eb gjitha p\u00ebrforcimet e vitit t\u00eb kaluar, si Kasapi, Camaj, Vokshi, Popoviq, Vllahoviq, Alkoviq, Rai\u00e7koviq, Bozhoviq, portieri Akoviq, nd\u00ebrsa ekipit i jan\u00eb bashkuar portieri Daciq, pastaj lojtar\u00ebt Mariq, Janjusheviq, Deliq, Vlaisavleviq, si dhe \u00ebsht\u00eb rikthyer sulmuesi Mario Ka\u00e7inari, kurse nga ekipi i futbollit t\u00eb vog\u00ebl \u201cTeuta\u201d ekipit i jan\u00eb bashkangjitur Gurzakoviq dhe Ko\u00e7oviq.<br \/>\n\u201cMegjith\u00eb respektin e madh m\u00eb duhet t\u00eb them se k\u00ebta lojtar\u00eb nuk jan\u00eb n\u00eb rangun e lojtar\u00ebve t\u00eb cil\u00ebt jan\u00eb larguar nga klubi\u201d, pranon trajneri Kaleziq.<br \/>\nP\u00ebr k\u00ebt\u00eb arsye b\u00ebrtham\u00ebn e ekipit sivjet e p\u00ebrb\u00ebjn\u00eb n\u00eb p\u00ebrgjith\u00ebsi lojtar\u00ebt nga Ulqini.<br \/>\nTrajneri Kaleziq \u00ebsht\u00eb i vet\u00ebdijsh\u00ebm dhe e pranon se ky kontigjent lojtar\u00ebsh \u00ebsht\u00eb shum\u00eb m\u00eb i dob\u00ebt se ai i vitit t\u00eb kaluar.<br \/>\n\u201cEkipi i sivjetsh\u00ebm \u00ebsht\u00eb shum\u00eb m\u00eb i dob\u00ebt sesa vitin e kaluar, por tregojn\u00eb disiplin\u00eb dhe d\u00ebshir\u00eb p\u00ebr pun\u00eb\u201d, thot\u00eb ai.<br \/>\n<a href=\"http:\/\/www.visit-ulcinj.com\/blog\/wp-content\/uploads\/2009\/09\/FK-OTRANT-ULCINJ.1.jpg\"><img loading=\"lazy\" class=\"alignleft size-full wp-image-25253\" title=\"FK-OTRANT` ULCINJ.1\" src=\"http:\/\/www.visit-ulcinj.com\/blog\/wp-content\/uploads\/2009\/09\/FK-OTRANT-ULCINJ.1.jpg\" alt=\"FK-OTRANT` ULCINJ.1\" width=\"580\" height=\"400\" \/><\/a><br \/>\n<strong>Sipas tij, synimi kryesor k\u00ebt\u00eb vit \u00ebsht\u00eb q\u00ebndrimi n\u00eb lig\u00eb.<\/strong><br \/>\nN\u00eb jav\u00ebn e tret\u00eb t\u00eb Lig\u00ebs s\u00eb Dyt\u00eb t\u00eb Malit t\u00eb Zi, \u201cOtrant\u201d-i do t\u00eb jet\u00eb mysafir i \u201cIbar\u201d-it n\u00eb Rozhaj\u00eb. Trajneri Kaleziq premton se n\u00eb k\u00ebt\u00eb ndeshje do t\u00eb k\u00ebrkojn\u00eb t\u00eb korrin fitoren e par\u00eb.<br \/>\n\u201cNuk do t\u00eb shkojm\u00eb t\u00eb mbrohemi, por do t\u00eb p\u00ebrpiqemi t\u00eb fitojm\u00eb t\u00eb tri pik\u00ebt\u201d, thot\u00eb ai.<br \/>\nKaleziq shpreson se me kalimin e koh\u00ebs ekipi i tij do t\u00eb gjej\u00eb form\u00ebn e duhur.<br \/>\n\u201cShpresoj q\u00eb n\u00eb periudh\u00ebn e ardhshme ekipi do t\u00eb arrij\u00eb form\u00ebn dhe s\u00eb shpejti presim rezultate t\u00eb mira\u201d, p\u00ebrfundon trajneri i \u201cOtrant\u201d-it.<br \/>\n<strong>I.Kallaba<br \/>\nKoha Javore<\/strong><\/p>\n<p><strong><!--YouTube Error: bad URL entered--><br \/>\n<\/strong><\/p>\n","protected":false},"excerpt":{"rendered":"<p>KF \u201cOtrant\u201d ka fituar vet\u00ebm nj\u00eb pik\u00eb n\u00eb dy jav\u00ebt e para t\u00eb lig\u00ebs s\u00eb dyt\u00eb t\u00eb Malit t\u00eb Zi Rezultati i dob\u00ebt i \u201cOtrant\u201d-it n\u00eb dy jav\u00ebt e para mund t\u2019i atribuohet edhe p\u00ebrgatitjeve jo t\u00eb mira dhe t\u00eb shkurtra, t\u00eb cilat kan\u00eb filluar vet\u00ebm 15 dit\u00eb para fillimit t\u00eb kampionatit. Ekipi ka ndryshuar [&hellip;]<\/p>\n","protected":false},"author":1,"featured_media":0,"comment_status":"open","ping_status":"closed","sticky":false,"template":"","format":"standard","meta":{"spay_email":"","jetpack_publicize_message":"","jetpack_is_tweetstorm":false,"jetpack_publicize_feature_enabled":true},"categories":[3],"tags":[12360,12362,3279,12367,12370,12366,12356,12355,12365,12358,12363,12364,12361,12369,12354,12368,12359,12357],"jetpack_publicize_connections":[],"yoast_head":"<!-- This site is optimized with the Yoast SEO plugin v19.1 - https:\/\/yoast.com\/wordpress\/plugins\/seo\/ -->\n<title>\u201cOtrant\u201d-i e fillon keq kampionatin - Lajme nga Ulqini<\/title>\n<meta name=\"description\" content=\"KF \u201cOtrant\u201d ka fituar vet\u00ebm nj\u00eb pik\u00eb n\u00eb dy jav\u00ebt e para t\u00eb lig\u00ebs s\u00eb dyt\u00eb t\u00eb Malit t\u00eb Zi Rezultati i dob\u00ebt i \u201cOtrant\u201d-it n\u00eb dy jav\u00ebt e para mund t\u2019i\" \/>\n<meta name=\"robots\" content=\"index, follow, max-snippet:-1, max-image-preview:large, max-video-preview:-1\" \/>\n<link rel=\"canonical\" href=\"https:\/\/www.visit-ulcinj.com\/blog\/2009\/09\/02\/\u201cotrant\u201d-i-e-fillon-keq-kampionatin\/\" \/>\n<meta property=\"og:locale\" content=\"en_US\" \/>\n<meta property=\"og:type\" content=\"article\" \/>\n<meta property=\"og:title\" content=\"\u201cOtrant\u201d-i e fillon keq kampionatin - Lajme nga Ulqini\" \/>\n<meta property=\"og:description\" content=\"KF \u201cOtrant\u201d ka fituar vet\u00ebm nj\u00eb pik\u00eb n\u00eb dy jav\u00ebt e para t\u00eb lig\u00ebs s\u00eb dyt\u00eb t\u00eb Malit t\u00eb Zi Rezultati i dob\u00ebt i \u201cOtrant\u201d-it n\u00eb dy jav\u00ebt e para mund t\u2019i\" \/>\n<meta property=\"og:url\" content=\"https:\/\/www.visit-ulcinj.com\/blog\/2009\/09\/02\/\u201cotrant\u201d-i-e-fillon-keq-kampionatin\/\" \/>\n<meta property=\"og:site_name\" content=\"Lajme nga Ulqini\" \/>\n<meta property=\"article:published_time\" content=\"2009-09-02T20:17:15+00:00\" \/>\n<meta property=\"og:image\" content=\"http:\/\/www.visit-ulcinj.com\/blog\/wp-content\/uploads\/2009\/09\/FK_OTRANT-ULCINJ.jpg\" \/>\n<meta name=\"twitter:label1\" content=\"Written by\" \/>\n\t<meta name=\"twitter:data1\" content=\"ulqini\" \/>\n\t<meta name=\"twitter:label2\" content=\"Est. reading time\" \/>\n\t<meta name=\"twitter:data2\" content=\"4 minutes\" \/>\n<script type=\"application\/ld+json\" class=\"yoast-schema-graph\">{\"@context\":\"https:\/\/schema.org\",\"@graph\":[{\"@type\":\"WebSite\",\"@id\":\"https:\/\/www.visit-ulcinj.com\/blog\/#website\",\"url\":\"https:\/\/www.visit-ulcinj.com\/blog\/\",\"name\":\"Lajme nga Ulqini\",\"description\":\"Lajme,Vijesti,Ulqini,Ulqin,Crna Gora,Mali i Zi\",\"potentialAction\":[{\"@type\":\"SearchAction\",\"target\":{\"@type\":\"EntryPoint\",\"urlTemplate\":\"https:\/\/www.visit-ulcinj.com\/blog\/?s={search_term_string}\"},\"query-input\":\"required name=search_term_string\"}],\"inLanguage\":\"en-US\"},{\"@type\":\"ImageObject\",\"inLanguage\":\"en-US\",\"@id\":\"https:\/\/www.visit-ulcinj.com\/blog\/2009\/09\/02\/%e2%80%9cotrant%e2%80%9d-i-e-fillon-keq-kampionatin\/#primaryimage\",\"url\":\"https:\/\/www.visit-ulcinj.com\/blog\/wp-content\/uploads\/2009\/09\/FK_OTRANT-ULCINJ.jpg\",\"contentUrl\":\"https:\/\/www.visit-ulcinj.com\/blog\/wp-content\/uploads\/2009\/09\/FK_OTRANT-ULCINJ.jpg\",\"width\":\"604\",\"height\":\"453\"},{\"@type\":\"WebPage\",\"@id\":\"https:\/\/www.visit-ulcinj.com\/blog\/2009\/09\/02\/%e2%80%9cotrant%e2%80%9d-i-e-fillon-keq-kampionatin\/#webpage\",\"url\":\"https:\/\/www.visit-ulcinj.com\/blog\/2009\/09\/02\/%e2%80%9cotrant%e2%80%9d-i-e-fillon-keq-kampionatin\/\",\"name\":\"\u201cOtrant\u201d-i e fillon keq kampionatin - Lajme nga Ulqini\",\"isPartOf\":{\"@id\":\"https:\/\/www.visit-ulcinj.com\/blog\/#website\"},\"primaryImageOfPage\":{\"@id\":\"https:\/\/www.visit-ulcinj.com\/blog\/2009\/09\/02\/%e2%80%9cotrant%e2%80%9d-i-e-fillon-keq-kampionatin\/#primaryimage\"},\"datePublished\":\"2009-09-02T20:17:15+00:00\",\"dateModified\":\"2009-09-02T20:17:15+00:00\",\"author\":{\"@id\":\"https:\/\/www.visit-ulcinj.com\/blog\/#\/schema\/person\/dcab619c614d3038751c63bc2aadc06d\"},\"description\":\"KF \u201cOtrant\u201d ka fituar vet\u00ebm nj\u00eb pik\u00eb n\u00eb dy jav\u00ebt e para t\u00eb lig\u00ebs s\u00eb dyt\u00eb t\u00eb Malit t\u00eb Zi Rezultati i dob\u00ebt i \u201cOtrant\u201d-it n\u00eb dy jav\u00ebt e para mund t\u2019i\",\"breadcrumb\":{\"@id\":\"https:\/\/www.visit-ulcinj.com\/blog\/2009\/09\/02\/%e2%80%9cotrant%e2%80%9d-i-e-fillon-keq-kampionatin\/#breadcrumb\"},\"inLanguage\":\"en-US\",\"potentialAction\":[{\"@type\":\"ReadAction\",\"target\":[\"https:\/\/www.visit-ulcinj.com\/blog\/2009\/09\/02\/%e2%80%9cotrant%e2%80%9d-i-e-fillon-keq-kampionatin\/\"]}]},{\"@type\":\"BreadcrumbList\",\"@id\":\"https:\/\/www.visit-ulcinj.com\/blog\/2009\/09\/02\/%e2%80%9cotrant%e2%80%9d-i-e-fillon-keq-kampionatin\/#breadcrumb\",\"itemListElement\":[{\"@type\":\"ListItem\",\"position\":1,\"name\":\"\u201cOtrant\u201d-i e fillon keq kampionatin\"}]},{\"@type\":\"Person\",\"@id\":\"https:\/\/www.visit-ulcinj.com\/blog\/#\/schema\/person\/dcab619c614d3038751c63bc2aadc06d\",\"name\":\"ulqini\",\"sameAs\":[\"http:\/\/www.visit-ulcinj.com\"],\"url\":\"https:\/\/www.visit-ulcinj.com\/blog\/author\/admin\/\"}]}<\/script>\n<!-- \/ Yoast SEO plugin. -->","yoast_head_json":{"title":"\u201cOtrant\u201d-i e fillon keq kampionatin - Lajme nga Ulqini","description":"KF \u201cOtrant\u201d ka fituar vet\u00ebm nj\u00eb pik\u00eb n\u00eb dy jav\u00ebt e para t\u00eb lig\u00ebs s\u00eb dyt\u00eb t\u00eb Malit t\u00eb Zi Rezultati i dob\u00ebt i \u201cOtrant\u201d-it n\u00eb dy jav\u00ebt e para mund t\u2019i","robots":{"index":"index","follow":"follow","max-snippet":"max-snippet:-1","max-image-preview":"max-image-preview:large","max-video-preview":"max-video-preview:-1"},"canonical":"https:\/\/www.visit-ulcinj.com\/blog\/2009\/09\/02\/\u201cotrant\u201d-i-e-fillon-keq-kampionatin\/","og_locale":"en_US","og_type":"article","og_title":"\u201cOtrant\u201d-i e fillon keq kampionatin - Lajme nga Ulqini","og_description":"KF \u201cOtrant\u201d ka fituar vet\u00ebm nj\u00eb pik\u00eb n\u00eb dy jav\u00ebt e para t\u00eb lig\u00ebs s\u00eb dyt\u00eb t\u00eb Malit t\u00eb Zi Rezultati i dob\u00ebt i \u201cOtrant\u201d-it n\u00eb dy jav\u00ebt e para mund t\u2019i","og_url":"https:\/\/www.visit-ulcinj.com\/blog\/2009\/09\/02\/\u201cotrant\u201d-i-e-fillon-keq-kampionatin\/","og_site_name":"Lajme nga Ulqini","article_published_time":"2009-09-02T20:17:15+00:00","og_image":[{"url":"http:\/\/www.visit-ulcinj.com\/blog\/wp-content\/uploads\/2009\/09\/FK_OTRANT-ULCINJ.jpg"}],"twitter_misc":{"Written by":"ulqini","Est. reading time":"4 minutes"},"schema":{"@context":"https:\/\/schema.org","@graph":[{"@type":"WebSite","@id":"https:\/\/www.visit-ulcinj.com\/blog\/#website","url":"https:\/\/www.visit-ulcinj.com\/blog\/","name":"Lajme nga Ulqini","description":"Lajme,Vijesti,Ulqini,Ulqin,Crna Gora,Mali i Zi","potentialAction":[{"@type":"SearchAction","target":{"@type":"EntryPoint","urlTemplate":"https:\/\/www.visit-ulcinj.com\/blog\/?s={search_term_string}"},"query-input":"required name=search_term_string"}],"inLanguage":"en-US"},{"@type":"ImageObject","inLanguage":"en-US","@id":"https:\/\/www.visit-ulcinj.com\/blog\/2009\/09\/02\/%e2%80%9cotrant%e2%80%9d-i-e-fillon-keq-kampionatin\/#primaryimage","url":"https:\/\/www.visit-ulcinj.com\/blog\/wp-content\/uploads\/2009\/09\/FK_OTRANT-ULCINJ.jpg","contentUrl":"https:\/\/www.visit-ulcinj.com\/blog\/wp-content\/uploads\/2009\/09\/FK_OTRANT-ULCINJ.jpg","width":"604","height":"453"},{"@type":"WebPage","@id":"https:\/\/www.visit-ulcinj.com\/blog\/2009\/09\/02\/%e2%80%9cotrant%e2%80%9d-i-e-fillon-keq-kampionatin\/#webpage","url":"https:\/\/www.visit-ulcinj.com\/blog\/2009\/09\/02\/%e2%80%9cotrant%e2%80%9d-i-e-fillon-keq-kampionatin\/","name":"\u201cOtrant\u201d-i e fillon keq kampionatin - Lajme nga Ulqini","isPartOf":{"@id":"https:\/\/www.visit-ulcinj.com\/blog\/#website"},"primaryImageOfPage":{"@id":"https:\/\/www.visit-ulcinj.com\/blog\/2009\/09\/02\/%e2%80%9cotrant%e2%80%9d-i-e-fillon-keq-kampionatin\/#primaryimage"},"datePublished":"2009-09-02T20:17:15+00:00","dateModified":"2009-09-02T20:17:15+00:00","author":{"@id":"https:\/\/www.visit-ulcinj.com\/blog\/#\/schema\/person\/dcab619c614d3038751c63bc2aadc06d"},"description":"KF \u201cOtrant\u201d ka fituar vet\u00ebm nj\u00eb pik\u00eb n\u00eb dy jav\u00ebt e para t\u00eb lig\u00ebs s\u00eb dyt\u00eb t\u00eb Malit t\u00eb Zi Rezultati i dob\u00ebt i \u201cOtrant\u201d-it n\u00eb dy jav\u00ebt e para mund t\u2019i","breadcrumb":{"@id":"https:\/\/www.visit-ulcinj.com\/blog\/2009\/09\/02\/%e2%80%9cotrant%e2%80%9d-i-e-fillon-keq-kampionatin\/#breadcrumb"},"inLanguage":"en-US","potentialAction":[{"@type":"ReadAction","target":["https:\/\/www.visit-ulcinj.com\/blog\/2009\/09\/02\/%e2%80%9cotrant%e2%80%9d-i-e-fillon-keq-kampionatin\/"]}]},{"@type":"BreadcrumbList","@id":"https:\/\/www.visit-ulcinj.com\/blog\/2009\/09\/02\/%e2%80%9cotrant%e2%80%9d-i-e-fillon-keq-kampionatin\/#breadcrumb","itemListElement":[{"@type":"ListItem","position":1,"name":"\u201cOtrant\u201d-i e fillon keq kampionatin"}]},{"@type":"Person","@id":"https:\/\/www.visit-ulcinj.com\/blog\/#\/schema\/person\/dcab619c614d3038751c63bc2aadc06d","name":"ulqini","sameAs":["http:\/\/www.visit-ulcinj.com"],"url":"https:\/\/www.visit-ulcinj.com\/blog\/author\/admin\/"}]}},"jetpack_featured_media_url":"","jetpack_sharing_enabled":true,"jetpack_shortlink":"https:\/\/wp.me\/pe6lTn-6zg","_links":{"self":[{"href":"https:\/\/www.visit-ulcinj.com\/blog\/wp-json\/wp\/v2\/posts\/25250"}],"collection":[{"href":"https:\/\/www.visit-ulcinj.com\/blog\/wp-json\/wp\/v2\/posts"}],"about":[{"href":"https:\/\/www.visit-ulcinj.com\/blog\/wp-json\/wp\/v2\/types\/post"}],"author":[{"embeddable":true,"href":"https:\/\/www.visit-ulcinj.com\/blog\/wp-json\/wp\/v2\/users\/1"}],"replies":[{"embeddable":true,"href":"https:\/\/www.visit-ulcinj.com\/blog\/wp-json\/wp\/v2\/comments?post=25250"}],"version-history":[{"count":0,"href":"https:\/\/www.visit-ulcinj.com\/blog\/wp-json\/wp\/v2\/posts\/25250\/revisions"}],"wp:attachment":[{"href":"https:\/\/www.visit-ulcinj.com\/blog\/wp-json\/wp\/v2\/media?parent=25250"}],"wp:term":[{"taxonomy":"category","embeddable":true,"href":"https:\/\/www.visit-ulcinj.com\/blog\/wp-json\/wp\/v2\/categories?post=25250"},{"taxonomy":"post_tag","embeddable":true,"href":"https:\/\/www.visit-ulcinj.com\/blog\/wp-json\/wp\/v2\/tags?post=25250"}],"curies":[{"name":"wp","href":"https:\/\/api.w.org\/{rel}","templated":true}]}}