{"id":25256,"date":"2009-09-02T22:37:36","date_gmt":"2009-09-02T20:37:36","guid":{"rendered":"http:\/\/www.visit-ulcinj.com\/blog\/?p=25256"},"modified":"2009-09-19T09:23:24","modified_gmt":"2009-09-19T07:23:24","slug":"taekwondoulqiniclub-u-kthye-nga-turniri-korcula-open-croatia-2009","status":"publish","type":"post","link":"https:\/\/www.visit-ulcinj.com\/blog\/2009\/09\/02\/taekwondoulqiniclub-u-kthye-nga-turniri-korcula-open-croatia-2009\/","title":{"rendered":"Klubi Taekwondo-s\u00eb Ulqini u kthye nga turniri Kor\u00e7ula Open Croatia 2009"},"content":{"rendered":"<p><strong><a href=\"http:\/\/www.visit-ulcinj.com\/blog\/wp-content\/uploads\/2009\/09\/Taekwondo-Klub-Ulqini-Ulcinj.jpg\"><img loading=\"lazy\" class=\"alignleft size-full wp-image-25257\" title=\"Taekwondo Klub Ulqini - Ulcinj\" src=\"http:\/\/www.visit-ulcinj.com\/blog\/wp-content\/uploads\/2009\/09\/Taekwondo-Klub-Ulqini-Ulcinj.jpg\" alt=\"Taekwondo Klub Ulqini - Ulcinj\" width=\"356\" height=\"356\" srcset=\"https:\/\/www.visit-ulcinj.com\/blog\/wp-content\/uploads\/2009\/09\/Taekwondo-Klub-Ulqini-Ulcinj.jpg 378w, https:\/\/www.visit-ulcinj.com\/blog\/wp-content\/uploads\/2009\/09\/Taekwondo-Klub-Ulqini-Ulcinj-150x150.jpg 150w, https:\/\/www.visit-ulcinj.com\/blog\/wp-content\/uploads\/2009\/09\/Taekwondo-Klub-Ulqini-Ulcinj-300x300.jpg 300w\" sizes=\"(max-width: 356px) 100vw, 356px\" \/><\/a><\/strong><\/p>\n<p align=\"center\"><strong>Debutim i suksesh\u00ebm i klubit t\u00eb Taekwondo-s\u00eb Ulqini n\u00eb sezonit e dyte t\u00eb vitin 2009<\/strong><\/p>\n<p>Gjate kesaj fundjave n\u00eb sportin olimpik t\u00eb Taekwondo-s\u00eb\u00a0 u mbajt\u00eb turniri nd\u00ebrkomb\u00ebtar\u00eb\u00a0 n\u00eb \u00a0Kroaci \u201cKor\u00e7ulla Open Croatia\u201d<\/p>\n<p>N\u00eb k\u00ebt\u00eb turnir internacional u paraqiten gjith\u00ebsejt\u00a0 tet\u00eb shtete me 357 garues\u00eb, n\u00eb mesin e tyre ishte edhe klubi i qytetit tone klubi i taekwondo-s\u00eb Ulqini.<br \/>\nBilanci p\u00ebr klubin e Taekwondo-s\u00eb \u00a0Ulqini n\u00eb k\u00ebt\u00eb turnir\u00eb ishte shum\u00eb i suksesh\u00ebm t\u00eb cil\u00ebt arrit\u00ebn \u00a0t\u00eb grumbulloj\u00eb gjith\u00ebsejt\u00a0 11 medalje n\u00eb rangun nd\u00ebrkomb\u00ebtar\u00eb, dhe me k\u00ebt\u00eb e \u00e7on\u00a0 n\u00eb 26 \u00a0numrin e madaljeve nd\u00ebrkomb\u00ebtar\u00eb p\u00ebr k\u00ebt\u00eb vit\u00eb.<br \/>\nPrej tyre:\u00a0 tri t\u00eb arta, gjasht\u00eb t\u00eb argjend\u00ebta dhe dy \u00a0t\u00eb bronz\u00ebta.<\/p>\n<p><strong>Me nga dy medalje u kurorzuan\u00eb:<\/strong><\/p>\n<ul>\n<li><strong>1.<\/strong> Mersodin Kurti:\u00a0 medalje e art\u00eb n\u00eb diciplin\u00ebn e formave,\u00a0 dhe e argjend\u00eb n\u00eb dyluftim.<\/li>\n<li><strong>2.<\/strong> Esad Kraja:\u00a0 medalje e argjend\u00eb n\u00eb dyluftim, dhe e bronz\u00ebt n\u00eb diciplin\u00ebn e formave.<\/li>\n<li><strong>3.<\/strong> Nuri Kanaqi: Medalje e art\u00eb ne diciplin\u00ebn e formave, dhe argjend\u00ebt n\u00eb dyluftim.<\/li>\n<li><strong>4.<\/strong> Rinor Jahja: Medalje e art\u00eb n\u00eb dyluftim\u00a0 dhe e argjend\u00ebt n\u00eb diciplin\u00ebn e formave.<\/li>\n<li><strong>5. <\/strong>Adriana Karamanaga: medalje e bronz\u00ebt n\u00eb dyluftim<\/li>\n<li><strong>6.<\/strong> Medina Kanaqi: medalje e argjend\u00ebt n\u00eb diciplin\u00ebn e formave dhe<\/li>\n<li><strong>7.<\/strong> Besnik Shata: medalje e argjend\u00ebt n\u00eb dyluftim.<\/li>\n<\/ul>\n<p>Ajo \u00e7ka \u00ebsht\u00eb m\u00eb kryesorja jan\u00eb sponsor\u00ebt\u00a0 tan\u00eb t\u00eb cil\u00ebt na e mund\u00ebsuan pjesmarrjen tone n\u00eb k\u00ebt\u00ebt turnir\u00eb si dhe prind\u00ebrit e nx\u00ebn\u00ebsve dhe mendoj\u00eb se nuk i kemi zhg\u00ebnjyer\u00eb. N\u00eb em\u00ebr t\u00eb klubit t\u00eb Taekwondos\u00eb Ulqini i falenderojm\u00eb t\u00eb gjith\u00eb ata q\u00eb kontribuan p\u00ebr k\u00ebta sportitst\u00eb t\u00eb rinj\u00eb e t\u00eb talentuar\u00eb.<\/p>\n<p>Falenderojm\u00eb: sponsorin kryesor\u00eb Tepacir kurti, Cungu &amp; co, Primuselectronic, Restoran korona dhe pansion Panorama ju urojm\u00eb suksese n\u00eb pun\u00ebm e tyre.<\/p>\n<p>Besnik Shata fiton vendin e tret\u00eb gjegjesisht kurorzohet me medalje te Bronz\u00ebt n\u00eb kampionatin Ballkanik<\/p>\n<p>TKD Ulqini\u00a0gjat\u00eb k\u00ebtij\u00eb sezonit t\u00eb par\u00eb arrin t\u00eb fitoj 19 medalje n\u00eb aren\u00ebn nd\u00ebrkomb\u00ebtare, nd\u00ebrsa 35 medalje brenda Malit t\u00eb Zi.<br \/>\n\n\t\t<style type=\"text\/css\">\n\t\t\t#gallery-1 {\n\t\t\t\tmargin: auto;\n\t\t\t}\n\t\t\t#gallery-1 .gallery-item {\n\t\t\t\tfloat: left;\n\t\t\t\tmargin-top: 10px;\n\t\t\t\ttext-align: center;\n\t\t\t\twidth: 33%;\n\t\t\t}\n\t\t\t#gallery-1 img {\n\t\t\t\tborder: 2px solid #cfcfcf;\n\t\t\t}\n\t\t\t#gallery-1 .gallery-caption {\n\t\t\t\tmargin-left: 0;\n\t\t\t}\n\t\t\t\/* see gallery_shortcode() in wp-includes\/media.php *\/\n\t\t<\/style>\n\t\t<div id='gallery-1' class='gallery galleryid-25256 gallery-columns-3 gallery-size-thumbnail'><dl class='gallery-item'>\n\t\t\t<dt class='gallery-icon landscape'>\n\t\t\t\t<a href='https:\/\/www.visit-ulcinj.com\/blog\/wp-content\/uploads\/2009\/09\/Taekwondo-Klub-Ulqini-Ulcinj.jpg'><img width=\"150\" height=\"150\" src=\"https:\/\/www.visit-ulcinj.com\/blog\/wp-content\/uploads\/2009\/09\/Taekwondo-Klub-Ulqini-Ulcinj-150x150.jpg\" class=\"attachment-thumbnail size-thumbnail\" alt=\"\" loading=\"lazy\" srcset=\"https:\/\/www.visit-ulcinj.com\/blog\/wp-content\/uploads\/2009\/09\/Taekwondo-Klub-Ulqini-Ulcinj-150x150.jpg 150w, https:\/\/www.visit-ulcinj.com\/blog\/wp-content\/uploads\/2009\/09\/Taekwondo-Klub-Ulqini-Ulcinj-300x300.jpg 300w, https:\/\/www.visit-ulcinj.com\/blog\/wp-content\/uploads\/2009\/09\/Taekwondo-Klub-Ulqini-Ulcinj.jpg 378w\" sizes=\"(max-width: 150px) 100vw, 150px\" \/><\/a>\n\t\t\t<\/dt><\/dl><dl class='gallery-item'>\n\t\t\t<dt class='gallery-icon landscape'>\n\t\t\t\t<a href='https:\/\/www.visit-ulcinj.com\/blog\/wp-content\/uploads\/2009\/09\/Klubi-i-Taekwondo-se-Ulqini.2.jpg'><img width=\"150\" height=\"150\" src=\"https:\/\/www.visit-ulcinj.com\/blog\/wp-content\/uploads\/2009\/09\/Klubi-i-Taekwondo-se-Ulqini.2-150x150.jpg\" class=\"attachment-thumbnail size-thumbnail\" alt=\"\" loading=\"lazy\" \/><\/a>\n\t\t\t<\/dt><\/dl><dl class='gallery-item'>\n\t\t\t<dt class='gallery-icon landscape'>\n\t\t\t\t<a href='https:\/\/www.visit-ulcinj.com\/blog\/wp-content\/uploads\/2009\/09\/Klubi-i-Taekwondo-se-Ulqini.3.jpg'><img width=\"150\" height=\"150\" src=\"https:\/\/www.visit-ulcinj.com\/blog\/wp-content\/uploads\/2009\/09\/Klubi-i-Taekwondo-se-Ulqini.3-150x150.jpg\" class=\"attachment-thumbnail size-thumbnail\" alt=\"\" loading=\"lazy\" \/><\/a>\n\t\t\t<\/dt><\/dl><br style=\"clear: both\" \/><dl class='gallery-item'>\n\t\t\t<dt class='gallery-icon landscape'>\n\t\t\t\t<a href='https:\/\/www.visit-ulcinj.com\/blog\/wp-content\/uploads\/2009\/09\/Klubi-i-Taekwondo-se-Ulqini.4.jpg'><img width=\"150\" height=\"150\" src=\"https:\/\/www.visit-ulcinj.com\/blog\/wp-content\/uploads\/2009\/09\/Klubi-i-Taekwondo-se-Ulqini.4-150x150.jpg\" class=\"attachment-thumbnail size-thumbnail\" alt=\"\" loading=\"lazy\" \/><\/a>\n\t\t\t<\/dt><\/dl><dl class='gallery-item'>\n\t\t\t<dt class='gallery-icon landscape'>\n\t\t\t\t<a href='https:\/\/www.visit-ulcinj.com\/blog\/wp-content\/uploads\/2009\/09\/Klubi-i-Taekwondo-se-Ulqini.jpg'><img width=\"150\" height=\"150\" src=\"https:\/\/www.visit-ulcinj.com\/blog\/wp-content\/uploads\/2009\/09\/Klubi-i-Taekwondo-se-Ulqini-150x150.jpg\" class=\"attachment-thumbnail size-thumbnail\" alt=\"\" loading=\"lazy\" \/><\/a>\n\t\t\t<\/dt><\/dl><dl class='gallery-item'>\n\t\t\t<dt class='gallery-icon landscape'>\n\t\t\t\t<a href='https:\/\/www.visit-ulcinj.com\/blog\/wp-content\/uploads\/2009\/09\/Klubi-i-Taekwondo-se-Ulqini.1.jpg'><img width=\"150\" height=\"150\" src=\"https:\/\/www.visit-ulcinj.com\/blog\/wp-content\/uploads\/2009\/09\/Klubi-i-Taekwondo-se-Ulqini.1-150x150.jpg\" class=\"attachment-thumbnail size-thumbnail\" alt=\"\" loading=\"lazy\" \/><\/a>\n\t\t\t<\/dt><\/dl><br style=\"clear: both\" \/>\n\t\t<\/div>\n<\/p>\n<p><strong><!--YouTube Error: bad URL entered--><br \/>\n<\/strong><\/p>\n","protected":false},"excerpt":{"rendered":"<p>Debutim i suksesh\u00ebm i klubit t\u00eb Taekwondo-s\u00eb Ulqini n\u00eb sezonit e dyte t\u00eb vitin 2009 Gjate kesaj fundjave n\u00eb sportin olimpik t\u00eb Taekwondo-s\u00eb\u00a0 u mbajt\u00eb turniri nd\u00ebrkomb\u00ebtar\u00eb\u00a0 n\u00eb \u00a0Kroaci \u201cKor\u00e7ulla Open Croatia\u201d N\u00eb k\u00ebt\u00eb turnir internacional u paraqiten gjith\u00ebsejt\u00a0 tet\u00eb shtete me 357 garues\u00eb, n\u00eb mesin e tyre ishte edhe klubi i qytetit tone klubi [&hellip;]<\/p>\n","protected":false},"author":1,"featured_media":0,"comment_status":"open","ping_status":"closed","sticky":false,"template":"","format":"standard","meta":{"spay_email":"","jetpack_publicize_message":"","jetpack_is_tweetstorm":false,"jetpack_publicize_feature_enabled":true},"categories":[3],"tags":[12374,12377,12375,12376,12373,12371,12372],"jetpack_publicize_connections":[],"yoast_head":"<!-- This site is optimized with the Yoast SEO plugin v19.1 - https:\/\/yoast.com\/wordpress\/plugins\/seo\/ -->\n<title>Klubi Taekwondo-s\u00eb Ulqini u kthye nga turniri Kor\u00e7ula Open Croatia 2009 - Lajme nga Ulqini<\/title>\n<meta name=\"description\" content=\"Debutim i suksesh\u00ebm i klubit t\u00eb Taekwondo-s\u00eb Ulqini n\u00eb sezonit e dyte t\u00eb vitin 2009 Gjate kesaj fundjave n\u00eb sportin olimpik t\u00eb Taekwondo-s\u00eb\u00a0 u mbajt\u00eb\" \/>\n<meta name=\"robots\" content=\"index, follow, max-snippet:-1, max-image-preview:large, max-video-preview:-1\" \/>\n<link rel=\"canonical\" href=\"https:\/\/www.visit-ulcinj.com\/blog\/2009\/09\/02\/taekwondoulqiniclub-u-kthye-nga-turniri-korcula-open-croatia-2009\/\" \/>\n<meta property=\"og:locale\" content=\"en_US\" \/>\n<meta property=\"og:type\" content=\"article\" \/>\n<meta property=\"og:title\" content=\"Klubi Taekwondo-s\u00eb Ulqini u kthye nga turniri Kor\u00e7ula Open Croatia 2009 - Lajme nga Ulqini\" \/>\n<meta property=\"og:description\" content=\"Debutim i suksesh\u00ebm i klubit t\u00eb Taekwondo-s\u00eb Ulqini n\u00eb sezonit e dyte t\u00eb vitin 2009 Gjate kesaj fundjave n\u00eb sportin olimpik t\u00eb Taekwondo-s\u00eb\u00a0 u mbajt\u00eb\" \/>\n<meta property=\"og:url\" content=\"https:\/\/www.visit-ulcinj.com\/blog\/2009\/09\/02\/taekwondoulqiniclub-u-kthye-nga-turniri-korcula-open-croatia-2009\/\" \/>\n<meta property=\"og:site_name\" content=\"Lajme nga Ulqini\" \/>\n<meta property=\"article:published_time\" content=\"2009-09-02T20:37:36+00:00\" \/>\n<meta property=\"article:modified_time\" content=\"2009-09-19T07:23:24+00:00\" \/>\n<meta property=\"og:image\" content=\"https:\/\/www.visit-ulcinj.com\/blog\/wp-content\/uploads\/2009\/09\/Taekwondo-Klub-Ulqini-Ulcinj-150x150.jpg\" \/>\n<meta name=\"twitter:label1\" content=\"Written by\" \/>\n\t<meta name=\"twitter:data1\" content=\"ulqini\" \/>\n\t<meta name=\"twitter:label2\" content=\"Est. reading time\" \/>\n\t<meta name=\"twitter:data2\" content=\"2 minutes\" \/>\n<script type=\"application\/ld+json\" class=\"yoast-schema-graph\">{\"@context\":\"https:\/\/schema.org\",\"@graph\":[{\"@type\":\"WebSite\",\"@id\":\"https:\/\/www.visit-ulcinj.com\/blog\/#website\",\"url\":\"https:\/\/www.visit-ulcinj.com\/blog\/\",\"name\":\"Lajme nga Ulqini\",\"description\":\"Lajme,Vijesti,Ulqini,Ulqin,Crna Gora,Mali i Zi\",\"potentialAction\":[{\"@type\":\"SearchAction\",\"target\":{\"@type\":\"EntryPoint\",\"urlTemplate\":\"https:\/\/www.visit-ulcinj.com\/blog\/?s={search_term_string}\"},\"query-input\":\"required name=search_term_string\"}],\"inLanguage\":\"en-US\"},{\"@type\":\"ImageObject\",\"inLanguage\":\"en-US\",\"@id\":\"https:\/\/www.visit-ulcinj.com\/blog\/2009\/09\/02\/taekwondoulqiniclub-u-kthye-nga-turniri-korcula-open-croatia-2009\/#primaryimage\",\"url\":\"https:\/\/www.visit-ulcinj.com\/blog\/wp-content\/uploads\/2009\/09\/Taekwondo-Klub-Ulqini-Ulcinj.jpg\",\"contentUrl\":\"https:\/\/www.visit-ulcinj.com\/blog\/wp-content\/uploads\/2009\/09\/Taekwondo-Klub-Ulqini-Ulcinj.jpg\",\"width\":\"378\",\"height\":\"378\"},{\"@type\":\"WebPage\",\"@id\":\"https:\/\/www.visit-ulcinj.com\/blog\/2009\/09\/02\/taekwondoulqiniclub-u-kthye-nga-turniri-korcula-open-croatia-2009\/#webpage\",\"url\":\"https:\/\/www.visit-ulcinj.com\/blog\/2009\/09\/02\/taekwondoulqiniclub-u-kthye-nga-turniri-korcula-open-croatia-2009\/\",\"name\":\"Klubi Taekwondo-s\u00eb Ulqini u kthye nga turniri Kor\u00e7ula Open Croatia 2009 - Lajme nga Ulqini\",\"isPartOf\":{\"@id\":\"https:\/\/www.visit-ulcinj.com\/blog\/#website\"},\"primaryImageOfPage\":{\"@id\":\"https:\/\/www.visit-ulcinj.com\/blog\/2009\/09\/02\/taekwondoulqiniclub-u-kthye-nga-turniri-korcula-open-croatia-2009\/#primaryimage\"},\"datePublished\":\"2009-09-02T20:37:36+00:00\",\"dateModified\":\"2009-09-19T07:23:24+00:00\",\"author\":{\"@id\":\"https:\/\/www.visit-ulcinj.com\/blog\/#\/schema\/person\/dcab619c614d3038751c63bc2aadc06d\"},\"description\":\"Debutim i suksesh\u00ebm i klubit t\u00eb Taekwondo-s\u00eb Ulqini n\u00eb sezonit e dyte t\u00eb vitin 2009 Gjate kesaj fundjave n\u00eb sportin olimpik t\u00eb Taekwondo-s\u00eb\u00a0 u mbajt\u00eb\",\"breadcrumb\":{\"@id\":\"https:\/\/www.visit-ulcinj.com\/blog\/2009\/09\/02\/taekwondoulqiniclub-u-kthye-nga-turniri-korcula-open-croatia-2009\/#breadcrumb\"},\"inLanguage\":\"en-US\",\"potentialAction\":[{\"@type\":\"ReadAction\",\"target\":[\"https:\/\/www.visit-ulcinj.com\/blog\/2009\/09\/02\/taekwondoulqiniclub-u-kthye-nga-turniri-korcula-open-croatia-2009\/\"]}]},{\"@type\":\"BreadcrumbList\",\"@id\":\"https:\/\/www.visit-ulcinj.com\/blog\/2009\/09\/02\/taekwondoulqiniclub-u-kthye-nga-turniri-korcula-open-croatia-2009\/#breadcrumb\",\"itemListElement\":[{\"@type\":\"ListItem\",\"position\":1,\"name\":\"Klubi Taekwondo-s\u00eb Ulqini u kthye nga turniri Kor\u00e7ula Open Croatia 2009\"}]},{\"@type\":\"Person\",\"@id\":\"https:\/\/www.visit-ulcinj.com\/blog\/#\/schema\/person\/dcab619c614d3038751c63bc2aadc06d\",\"name\":\"ulqini\",\"sameAs\":[\"http:\/\/www.visit-ulcinj.com\"],\"url\":\"https:\/\/www.visit-ulcinj.com\/blog\/author\/admin\/\"}]}<\/script>\n<!-- \/ Yoast SEO plugin. -->","yoast_head_json":{"title":"Klubi Taekwondo-s\u00eb Ulqini u kthye nga turniri Kor\u00e7ula Open Croatia 2009 - Lajme nga Ulqini","description":"Debutim i suksesh\u00ebm i klubit t\u00eb Taekwondo-s\u00eb Ulqini n\u00eb sezonit e dyte t\u00eb vitin 2009 Gjate kesaj fundjave n\u00eb sportin olimpik t\u00eb Taekwondo-s\u00eb\u00a0 u mbajt\u00eb","robots":{"index":"index","follow":"follow","max-snippet":"max-snippet:-1","max-image-preview":"max-image-preview:large","max-video-preview":"max-video-preview:-1"},"canonical":"https:\/\/www.visit-ulcinj.com\/blog\/2009\/09\/02\/taekwondoulqiniclub-u-kthye-nga-turniri-korcula-open-croatia-2009\/","og_locale":"en_US","og_type":"article","og_title":"Klubi Taekwondo-s\u00eb Ulqini u kthye nga turniri Kor\u00e7ula Open Croatia 2009 - Lajme nga Ulqini","og_description":"Debutim i suksesh\u00ebm i klubit t\u00eb Taekwondo-s\u00eb Ulqini n\u00eb sezonit e dyte t\u00eb vitin 2009 Gjate kesaj fundjave n\u00eb sportin olimpik t\u00eb Taekwondo-s\u00eb\u00a0 u mbajt\u00eb","og_url":"https:\/\/www.visit-ulcinj.com\/blog\/2009\/09\/02\/taekwondoulqiniclub-u-kthye-nga-turniri-korcula-open-croatia-2009\/","og_site_name":"Lajme nga Ulqini","article_published_time":"2009-09-02T20:37:36+00:00","article_modified_time":"2009-09-19T07:23:24+00:00","og_image":[{"url":"https:\/\/www.visit-ulcinj.com\/blog\/wp-content\/uploads\/2009\/09\/Taekwondo-Klub-Ulqini-Ulcinj-150x150.jpg"}],"twitter_misc":{"Written by":"ulqini","Est. reading time":"2 minutes"},"schema":{"@context":"https:\/\/schema.org","@graph":[{"@type":"WebSite","@id":"https:\/\/www.visit-ulcinj.com\/blog\/#website","url":"https:\/\/www.visit-ulcinj.com\/blog\/","name":"Lajme nga Ulqini","description":"Lajme,Vijesti,Ulqini,Ulqin,Crna Gora,Mali i Zi","potentialAction":[{"@type":"SearchAction","target":{"@type":"EntryPoint","urlTemplate":"https:\/\/www.visit-ulcinj.com\/blog\/?s={search_term_string}"},"query-input":"required name=search_term_string"}],"inLanguage":"en-US"},{"@type":"ImageObject","inLanguage":"en-US","@id":"https:\/\/www.visit-ulcinj.com\/blog\/2009\/09\/02\/taekwondoulqiniclub-u-kthye-nga-turniri-korcula-open-croatia-2009\/#primaryimage","url":"https:\/\/www.visit-ulcinj.com\/blog\/wp-content\/uploads\/2009\/09\/Taekwondo-Klub-Ulqini-Ulcinj.jpg","contentUrl":"https:\/\/www.visit-ulcinj.com\/blog\/wp-content\/uploads\/2009\/09\/Taekwondo-Klub-Ulqini-Ulcinj.jpg","width":"378","height":"378"},{"@type":"WebPage","@id":"https:\/\/www.visit-ulcinj.com\/blog\/2009\/09\/02\/taekwondoulqiniclub-u-kthye-nga-turniri-korcula-open-croatia-2009\/#webpage","url":"https:\/\/www.visit-ulcinj.com\/blog\/2009\/09\/02\/taekwondoulqiniclub-u-kthye-nga-turniri-korcula-open-croatia-2009\/","name":"Klubi Taekwondo-s\u00eb Ulqini u kthye nga turniri Kor\u00e7ula Open Croatia 2009 - Lajme nga Ulqini","isPartOf":{"@id":"https:\/\/www.visit-ulcinj.com\/blog\/#website"},"primaryImageOfPage":{"@id":"https:\/\/www.visit-ulcinj.com\/blog\/2009\/09\/02\/taekwondoulqiniclub-u-kthye-nga-turniri-korcula-open-croatia-2009\/#primaryimage"},"datePublished":"2009-09-02T20:37:36+00:00","dateModified":"2009-09-19T07:23:24+00:00","author":{"@id":"https:\/\/www.visit-ulcinj.com\/blog\/#\/schema\/person\/dcab619c614d3038751c63bc2aadc06d"},"description":"Debutim i suksesh\u00ebm i klubit t\u00eb Taekwondo-s\u00eb Ulqini n\u00eb sezonit e dyte t\u00eb vitin 2009 Gjate kesaj fundjave n\u00eb sportin olimpik t\u00eb Taekwondo-s\u00eb\u00a0 u mbajt\u00eb","breadcrumb":{"@id":"https:\/\/www.visit-ulcinj.com\/blog\/2009\/09\/02\/taekwondoulqiniclub-u-kthye-nga-turniri-korcula-open-croatia-2009\/#breadcrumb"},"inLanguage":"en-US","potentialAction":[{"@type":"ReadAction","target":["https:\/\/www.visit-ulcinj.com\/blog\/2009\/09\/02\/taekwondoulqiniclub-u-kthye-nga-turniri-korcula-open-croatia-2009\/"]}]},{"@type":"BreadcrumbList","@id":"https:\/\/www.visit-ulcinj.com\/blog\/2009\/09\/02\/taekwondoulqiniclub-u-kthye-nga-turniri-korcula-open-croatia-2009\/#breadcrumb","itemListElement":[{"@type":"ListItem","position":1,"name":"Klubi Taekwondo-s\u00eb Ulqini u kthye nga turniri Kor\u00e7ula Open Croatia 2009"}]},{"@type":"Person","@id":"https:\/\/www.visit-ulcinj.com\/blog\/#\/schema\/person\/dcab619c614d3038751c63bc2aadc06d","name":"ulqini","sameAs":["http:\/\/www.visit-ulcinj.com"],"url":"https:\/\/www.visit-ulcinj.com\/blog\/author\/admin\/"}]}},"jetpack_featured_media_url":"","jetpack_sharing_enabled":true,"jetpack_shortlink":"https:\/\/wp.me\/pe6lTn-6zm","_links":{"self":[{"href":"https:\/\/www.visit-ulcinj.com\/blog\/wp-json\/wp\/v2\/posts\/25256"}],"collection":[{"href":"https:\/\/www.visit-ulcinj.com\/blog\/wp-json\/wp\/v2\/posts"}],"about":[{"href":"https:\/\/www.visit-ulcinj.com\/blog\/wp-json\/wp\/v2\/types\/post"}],"author":[{"embeddable":true,"href":"https:\/\/www.visit-ulcinj.com\/blog\/wp-json\/wp\/v2\/users\/1"}],"replies":[{"embeddable":true,"href":"https:\/\/www.visit-ulcinj.com\/blog\/wp-json\/wp\/v2\/comments?post=25256"}],"version-history":[{"count":0,"href":"https:\/\/www.visit-ulcinj.com\/blog\/wp-json\/wp\/v2\/posts\/25256\/revisions"}],"wp:attachment":[{"href":"https:\/\/www.visit-ulcinj.com\/blog\/wp-json\/wp\/v2\/media?parent=25256"}],"wp:term":[{"taxonomy":"category","embeddable":true,"href":"https:\/\/www.visit-ulcinj.com\/blog\/wp-json\/wp\/v2\/categories?post=25256"},{"taxonomy":"post_tag","embeddable":true,"href":"https:\/\/www.visit-ulcinj.com\/blog\/wp-json\/wp\/v2\/tags?post=25256"}],"curies":[{"name":"wp","href":"https:\/\/api.w.org\/{rel}","templated":true}]}}