{"id":25270,"date":"2009-09-03T19:48:44","date_gmt":"2009-09-03T17:48:44","guid":{"rendered":"http:\/\/www.visit-ulcinj.com\/blog\/?p=25270"},"modified":"2009-09-03T19:48:44","modified_gmt":"2009-09-03T17:48:44","slug":"peshkohet-pirana-ne-liqenin-e-shkodres","status":"publish","type":"post","link":"https:\/\/www.visit-ulcinj.com\/blog\/2009\/09\/03\/peshkohet-pirana-ne-liqenin-e-shkodres\/","title":{"rendered":"Peshkohet pirana n\u00eb Liqenin e Shkodr\u00ebs"},"content":{"rendered":"<p><a href=\"http:\/\/www.visit-ulcinj.com\/blog\/wp-content\/uploads\/2009\/09\/Pirana-ne-Liqenin-e-Shkodres.jpg\"><img loading=\"lazy\" class=\"alignleft size-full wp-image-25271\" title=\"Pirana ne Liqenin e Shkodres\" src=\"http:\/\/www.visit-ulcinj.com\/blog\/wp-content\/uploads\/2009\/09\/Pirana-ne-Liqenin-e-Shkodres.jpg\" alt=\"Pirana ne Liqenin e Shkodres\" width=\"580\" height=\"360\" \/><\/a>Peshkatari, Tiho Pajovic, n\u00eb Liqenin e Shkodr\u00ebs peshkoi nj\u00eb piran\u00eb t\u00eb Amazon\u00ebs. Derisa po e t\u00ebrhiqte rrjet\u00ebn e tij Pajovic v\u00ebrejti nj\u00eb peshk t\u00eb pazakont\u00eb dhe e njoftoi Drejtorin\u00eb e Parkut Nacional Liqeni i Shkodr\u00ebs.<br \/>\nNd\u00ebrkoh\u00eb, iktiologu, Danilo Mrdak, konstatoi se b\u00ebhej fjal\u00eb p\u00ebr nj\u00eb piran\u00eb nga Amazona.<br \/>\nNuk u precizua n\u00ebse ky lloj i piran\u00ebs i sulmon njer\u00ebzit, megjith\u00ebse nuk p\u00ebrjashtohet rreziku p\u00ebr notues, sepse dihet q\u00eb piranat sulmojn\u00eb n\u00eb tufa, t\u00eb cilat mund t\u00eb ken\u00eb deri n\u00eb 200,000 cop\u00eb.<\/p>\n<p><strong>Gazeta Express<\/strong><\/p>\n<p><strong><!--YouTube Error: bad URL entered--><br \/>\n<\/strong><\/p>\n","protected":false},"excerpt":{"rendered":"<p>Peshkatari, Tiho Pajovic, n\u00eb Liqenin e Shkodr\u00ebs peshkoi nj\u00eb piran\u00eb t\u00eb Amazon\u00ebs. Derisa po e t\u00ebrhiqte rrjet\u00ebn e tij Pajovic v\u00ebrejti nj\u00eb peshk t\u00eb pazakont\u00eb dhe e njoftoi Drejtorin\u00eb e Parkut Nacional Liqeni i Shkodr\u00ebs. Nd\u00ebrkoh\u00eb, iktiologu, Danilo Mrdak, konstatoi se b\u00ebhej fjal\u00eb p\u00ebr nj\u00eb piran\u00eb nga Amazona. Nuk u precizua n\u00ebse ky lloj i [&hellip;]<\/p>\n","protected":false},"author":1,"featured_media":0,"comment_status":"open","ping_status":"closed","sticky":false,"template":"","format":"standard","meta":{"spay_email":"","jetpack_publicize_message":"","jetpack_is_tweetstorm":false,"jetpack_publicize_feature_enabled":true},"categories":[12],"tags":[12382,12381,12379,12378,12384,12383,12380],"jetpack_publicize_connections":[],"yoast_head":"<!-- This site is optimized with the Yoast SEO plugin v19.1 - https:\/\/yoast.com\/wordpress\/plugins\/seo\/ -->\n<title>Peshkohet pirana n\u00eb Liqenin e Shkodr\u00ebs - Lajme nga Ulqini<\/title>\n<meta name=\"description\" content=\"Peshkatari, Tiho Pajovic, n\u00eb Liqenin e Shkodr\u00ebs peshkoi nj\u00eb piran\u00eb t\u00eb Amazon\u00ebs. Derisa po e t\u00ebrhiqte rrjet\u00ebn e tij Pajovic v\u00ebrejti nj\u00eb peshk t\u00eb pazakont\u00eb\" \/>\n<meta name=\"robots\" content=\"index, follow, max-snippet:-1, max-image-preview:large, max-video-preview:-1\" \/>\n<link rel=\"canonical\" href=\"https:\/\/www.visit-ulcinj.com\/blog\/2009\/09\/03\/peshkohet-pirana-ne-liqenin-e-shkodres\/\" \/>\n<meta property=\"og:locale\" content=\"en_US\" \/>\n<meta property=\"og:type\" content=\"article\" \/>\n<meta property=\"og:title\" content=\"Peshkohet pirana n\u00eb Liqenin e Shkodr\u00ebs - Lajme nga Ulqini\" \/>\n<meta property=\"og:description\" content=\"Peshkatari, Tiho Pajovic, n\u00eb Liqenin e Shkodr\u00ebs peshkoi nj\u00eb piran\u00eb t\u00eb Amazon\u00ebs. Derisa po e t\u00ebrhiqte rrjet\u00ebn e tij Pajovic v\u00ebrejti nj\u00eb peshk t\u00eb pazakont\u00eb\" \/>\n<meta property=\"og:url\" content=\"https:\/\/www.visit-ulcinj.com\/blog\/2009\/09\/03\/peshkohet-pirana-ne-liqenin-e-shkodres\/\" \/>\n<meta property=\"og:site_name\" content=\"Lajme nga Ulqini\" \/>\n<meta property=\"article:published_time\" content=\"2009-09-03T17:48:44+00:00\" \/>\n<meta property=\"og:image\" content=\"http:\/\/www.visit-ulcinj.com\/blog\/wp-content\/uploads\/2009\/09\/Pirana-ne-Liqenin-e-Shkodres.jpg\" \/>\n<meta name=\"twitter:label1\" content=\"Written by\" \/>\n\t<meta name=\"twitter:data1\" content=\"ulqini\" \/>\n\t<meta name=\"twitter:label2\" content=\"Est. reading time\" \/>\n\t<meta name=\"twitter:data2\" content=\"1 minute\" \/>\n<script type=\"application\/ld+json\" class=\"yoast-schema-graph\">{\"@context\":\"https:\/\/schema.org\",\"@graph\":[{\"@type\":\"WebSite\",\"@id\":\"https:\/\/www.visit-ulcinj.com\/blog\/#website\",\"url\":\"https:\/\/www.visit-ulcinj.com\/blog\/\",\"name\":\"Lajme nga Ulqini\",\"description\":\"Lajme,Vijesti,Ulqini,Ulqin,Crna Gora,Mali i Zi\",\"potentialAction\":[{\"@type\":\"SearchAction\",\"target\":{\"@type\":\"EntryPoint\",\"urlTemplate\":\"https:\/\/www.visit-ulcinj.com\/blog\/?s={search_term_string}\"},\"query-input\":\"required name=search_term_string\"}],\"inLanguage\":\"en-US\"},{\"@type\":\"ImageObject\",\"inLanguage\":\"en-US\",\"@id\":\"https:\/\/www.visit-ulcinj.com\/blog\/2009\/09\/03\/peshkohet-pirana-ne-liqenin-e-shkodres\/#primaryimage\",\"url\":\"https:\/\/www.visit-ulcinj.com\/blog\/wp-content\/uploads\/2009\/09\/Pirana-ne-Liqenin-e-Shkodres.jpg\",\"contentUrl\":\"https:\/\/www.visit-ulcinj.com\/blog\/wp-content\/uploads\/2009\/09\/Pirana-ne-Liqenin-e-Shkodres.jpg\",\"width\":\"490\",\"height\":\"320\"},{\"@type\":\"WebPage\",\"@id\":\"https:\/\/www.visit-ulcinj.com\/blog\/2009\/09\/03\/peshkohet-pirana-ne-liqenin-e-shkodres\/#webpage\",\"url\":\"https:\/\/www.visit-ulcinj.com\/blog\/2009\/09\/03\/peshkohet-pirana-ne-liqenin-e-shkodres\/\",\"name\":\"Peshkohet pirana n\u00eb Liqenin e Shkodr\u00ebs - Lajme nga Ulqini\",\"isPartOf\":{\"@id\":\"https:\/\/www.visit-ulcinj.com\/blog\/#website\"},\"primaryImageOfPage\":{\"@id\":\"https:\/\/www.visit-ulcinj.com\/blog\/2009\/09\/03\/peshkohet-pirana-ne-liqenin-e-shkodres\/#primaryimage\"},\"datePublished\":\"2009-09-03T17:48:44+00:00\",\"dateModified\":\"2009-09-03T17:48:44+00:00\",\"author\":{\"@id\":\"https:\/\/www.visit-ulcinj.com\/blog\/#\/schema\/person\/dcab619c614d3038751c63bc2aadc06d\"},\"description\":\"Peshkatari, Tiho Pajovic, n\u00eb Liqenin e Shkodr\u00ebs peshkoi nj\u00eb piran\u00eb t\u00eb Amazon\u00ebs. Derisa po e t\u00ebrhiqte rrjet\u00ebn e tij Pajovic v\u00ebrejti nj\u00eb peshk t\u00eb pazakont\u00eb\",\"breadcrumb\":{\"@id\":\"https:\/\/www.visit-ulcinj.com\/blog\/2009\/09\/03\/peshkohet-pirana-ne-liqenin-e-shkodres\/#breadcrumb\"},\"inLanguage\":\"en-US\",\"potentialAction\":[{\"@type\":\"ReadAction\",\"target\":[\"https:\/\/www.visit-ulcinj.com\/blog\/2009\/09\/03\/peshkohet-pirana-ne-liqenin-e-shkodres\/\"]}]},{\"@type\":\"BreadcrumbList\",\"@id\":\"https:\/\/www.visit-ulcinj.com\/blog\/2009\/09\/03\/peshkohet-pirana-ne-liqenin-e-shkodres\/#breadcrumb\",\"itemListElement\":[{\"@type\":\"ListItem\",\"position\":1,\"name\":\"Peshkohet pirana n\u00eb Liqenin e Shkodr\u00ebs\"}]},{\"@type\":\"Person\",\"@id\":\"https:\/\/www.visit-ulcinj.com\/blog\/#\/schema\/person\/dcab619c614d3038751c63bc2aadc06d\",\"name\":\"ulqini\",\"sameAs\":[\"http:\/\/www.visit-ulcinj.com\"],\"url\":\"https:\/\/www.visit-ulcinj.com\/blog\/author\/admin\/\"}]}<\/script>\n<!-- \/ Yoast SEO plugin. -->","yoast_head_json":{"title":"Peshkohet pirana n\u00eb Liqenin e Shkodr\u00ebs - Lajme nga Ulqini","description":"Peshkatari, Tiho Pajovic, n\u00eb Liqenin e Shkodr\u00ebs peshkoi nj\u00eb piran\u00eb t\u00eb Amazon\u00ebs. Derisa po e t\u00ebrhiqte rrjet\u00ebn e tij Pajovic v\u00ebrejti nj\u00eb peshk t\u00eb pazakont\u00eb","robots":{"index":"index","follow":"follow","max-snippet":"max-snippet:-1","max-image-preview":"max-image-preview:large","max-video-preview":"max-video-preview:-1"},"canonical":"https:\/\/www.visit-ulcinj.com\/blog\/2009\/09\/03\/peshkohet-pirana-ne-liqenin-e-shkodres\/","og_locale":"en_US","og_type":"article","og_title":"Peshkohet pirana n\u00eb Liqenin e Shkodr\u00ebs - Lajme nga Ulqini","og_description":"Peshkatari, Tiho Pajovic, n\u00eb Liqenin e Shkodr\u00ebs peshkoi nj\u00eb piran\u00eb t\u00eb Amazon\u00ebs. Derisa po e t\u00ebrhiqte rrjet\u00ebn e tij Pajovic v\u00ebrejti nj\u00eb peshk t\u00eb pazakont\u00eb","og_url":"https:\/\/www.visit-ulcinj.com\/blog\/2009\/09\/03\/peshkohet-pirana-ne-liqenin-e-shkodres\/","og_site_name":"Lajme nga Ulqini","article_published_time":"2009-09-03T17:48:44+00:00","og_image":[{"url":"http:\/\/www.visit-ulcinj.com\/blog\/wp-content\/uploads\/2009\/09\/Pirana-ne-Liqenin-e-Shkodres.jpg"}],"twitter_misc":{"Written by":"ulqini","Est. reading time":"1 minute"},"schema":{"@context":"https:\/\/schema.org","@graph":[{"@type":"WebSite","@id":"https:\/\/www.visit-ulcinj.com\/blog\/#website","url":"https:\/\/www.visit-ulcinj.com\/blog\/","name":"Lajme nga Ulqini","description":"Lajme,Vijesti,Ulqini,Ulqin,Crna Gora,Mali i Zi","potentialAction":[{"@type":"SearchAction","target":{"@type":"EntryPoint","urlTemplate":"https:\/\/www.visit-ulcinj.com\/blog\/?s={search_term_string}"},"query-input":"required name=search_term_string"}],"inLanguage":"en-US"},{"@type":"ImageObject","inLanguage":"en-US","@id":"https:\/\/www.visit-ulcinj.com\/blog\/2009\/09\/03\/peshkohet-pirana-ne-liqenin-e-shkodres\/#primaryimage","url":"https:\/\/www.visit-ulcinj.com\/blog\/wp-content\/uploads\/2009\/09\/Pirana-ne-Liqenin-e-Shkodres.jpg","contentUrl":"https:\/\/www.visit-ulcinj.com\/blog\/wp-content\/uploads\/2009\/09\/Pirana-ne-Liqenin-e-Shkodres.jpg","width":"490","height":"320"},{"@type":"WebPage","@id":"https:\/\/www.visit-ulcinj.com\/blog\/2009\/09\/03\/peshkohet-pirana-ne-liqenin-e-shkodres\/#webpage","url":"https:\/\/www.visit-ulcinj.com\/blog\/2009\/09\/03\/peshkohet-pirana-ne-liqenin-e-shkodres\/","name":"Peshkohet pirana n\u00eb Liqenin e Shkodr\u00ebs - Lajme nga Ulqini","isPartOf":{"@id":"https:\/\/www.visit-ulcinj.com\/blog\/#website"},"primaryImageOfPage":{"@id":"https:\/\/www.visit-ulcinj.com\/blog\/2009\/09\/03\/peshkohet-pirana-ne-liqenin-e-shkodres\/#primaryimage"},"datePublished":"2009-09-03T17:48:44+00:00","dateModified":"2009-09-03T17:48:44+00:00","author":{"@id":"https:\/\/www.visit-ulcinj.com\/blog\/#\/schema\/person\/dcab619c614d3038751c63bc2aadc06d"},"description":"Peshkatari, Tiho Pajovic, n\u00eb Liqenin e Shkodr\u00ebs peshkoi nj\u00eb piran\u00eb t\u00eb Amazon\u00ebs. Derisa po e t\u00ebrhiqte rrjet\u00ebn e tij Pajovic v\u00ebrejti nj\u00eb peshk t\u00eb pazakont\u00eb","breadcrumb":{"@id":"https:\/\/www.visit-ulcinj.com\/blog\/2009\/09\/03\/peshkohet-pirana-ne-liqenin-e-shkodres\/#breadcrumb"},"inLanguage":"en-US","potentialAction":[{"@type":"ReadAction","target":["https:\/\/www.visit-ulcinj.com\/blog\/2009\/09\/03\/peshkohet-pirana-ne-liqenin-e-shkodres\/"]}]},{"@type":"BreadcrumbList","@id":"https:\/\/www.visit-ulcinj.com\/blog\/2009\/09\/03\/peshkohet-pirana-ne-liqenin-e-shkodres\/#breadcrumb","itemListElement":[{"@type":"ListItem","position":1,"name":"Peshkohet pirana n\u00eb Liqenin e Shkodr\u00ebs"}]},{"@type":"Person","@id":"https:\/\/www.visit-ulcinj.com\/blog\/#\/schema\/person\/dcab619c614d3038751c63bc2aadc06d","name":"ulqini","sameAs":["http:\/\/www.visit-ulcinj.com"],"url":"https:\/\/www.visit-ulcinj.com\/blog\/author\/admin\/"}]}},"jetpack_featured_media_url":"","jetpack_sharing_enabled":true,"jetpack_shortlink":"https:\/\/wp.me\/pe6lTn-6zA","_links":{"self":[{"href":"https:\/\/www.visit-ulcinj.com\/blog\/wp-json\/wp\/v2\/posts\/25270"}],"collection":[{"href":"https:\/\/www.visit-ulcinj.com\/blog\/wp-json\/wp\/v2\/posts"}],"about":[{"href":"https:\/\/www.visit-ulcinj.com\/blog\/wp-json\/wp\/v2\/types\/post"}],"author":[{"embeddable":true,"href":"https:\/\/www.visit-ulcinj.com\/blog\/wp-json\/wp\/v2\/users\/1"}],"replies":[{"embeddable":true,"href":"https:\/\/www.visit-ulcinj.com\/blog\/wp-json\/wp\/v2\/comments?post=25270"}],"version-history":[{"count":0,"href":"https:\/\/www.visit-ulcinj.com\/blog\/wp-json\/wp\/v2\/posts\/25270\/revisions"}],"wp:attachment":[{"href":"https:\/\/www.visit-ulcinj.com\/blog\/wp-json\/wp\/v2\/media?parent=25270"}],"wp:term":[{"taxonomy":"category","embeddable":true,"href":"https:\/\/www.visit-ulcinj.com\/blog\/wp-json\/wp\/v2\/categories?post=25270"},{"taxonomy":"post_tag","embeddable":true,"href":"https:\/\/www.visit-ulcinj.com\/blog\/wp-json\/wp\/v2\/tags?post=25270"}],"curies":[{"name":"wp","href":"https:\/\/api.w.org\/{rel}","templated":true}]}}