{"id":25309,"date":"2009-09-05T18:38:38","date_gmt":"2009-09-05T16:38:38","guid":{"rendered":"http:\/\/www.visit-ulcinj.com\/blog\/?p=25309"},"modified":"2009-09-05T18:38:38","modified_gmt":"2009-09-05T16:38:38","slug":"pocela-berbaulcinjska-solana-na-nogama","status":"publish","type":"post","link":"https:\/\/www.visit-ulcinj.com\/blog\/2009\/09\/05\/pocela-berbaulcinjska-solana-na-nogama\/","title":{"rendered":"Po?ela berba,Ulcinjska Solana na nogama"},"content":{"rendered":"<p><a href=\"http:\/\/www.visit-ulcinj.com\/blog\/wp-content\/uploads\/2009\/09\/Ulcinjska-Solana.jpg\"><img loading=\"lazy\" class=\"alignleft size-full wp-image-25310\" title=\"Ulcinjska Solana\" src=\"http:\/\/www.visit-ulcinj.com\/blog\/wp-content\/uploads\/2009\/09\/Ulcinjska-Solana.jpg\" alt=\"Ulcinjska Solana\" width=\"580\" height=\"400\" \/><\/a>Ulcinj &#8211; Oko 70 bera?a u ulcinjskoj Solani, ju?e je u 14,40 ?asova spremno do?ekalo brektanje samohodnog transportera, koje je ozna?ilo po?etak 74. berbe soli. Na znatno vi\u0161e od 30 stepeni zazveckale su lopate i prve koli?ine soli natopljene vodom na\u0161le su se na pokretnoj traci transportera. Voza?i dresina spremno su ?ekali da prve zalihe ovogodi\u0161njeg prinosa odvezu do hangara. Tako je na poljima ulcinjske Solane, ju?e izgledao prvi dan berbe, za koju u fabrici o?ekuju da ?e biti jedna od prosje?nih. Po?etak ovogodi\u0161nje berbe soli odlagan je nekoliko puta, a prvo i najdu\u017ee ka\u0161njenje od vi\u0161e od dvije sedmice, kako je kazao ste?ajni upravnik Milorad Ikovi?, uzrokovale su obilne ki\u0161e tokom juna i jula. Nova odlaganja berbe, koja su potom uslijedila, prema Ikovi?evim rije?ima, posljedica su administrativnih problema.<br \/>\n\u201cPo novim propisima, nerezidentna lica moraju imati uredne radne i boravi\u0161ne dozvole. Na ovogodi\u0161njoj berbi anga\u017eovana su 53 bera?a iz Albanije, koji ta dokumenta nijesu na vrijeme dostavili i to je bio jedni razlog \u0161to je berba kasnila nekoliko dana\u201d, kazao je ju?e Ikovi? \u201cVijestima\u201d. On je izrazio o?ekivanje da ?e berba biti na prosje?nom nivou.<br \/>\n\u201cMislim da ?e nas i vrijeme poslu\u017eiti. U svakom slu?aju, sve je organizovano i o?ekujem da ?e to znatno uticati na ostvarenje plana reorganizacije\u201d, istakao je Ikovi?. On je naglasio da ?e na berbi biti anga\u017eovano vi\u0161e od 100 radnika.<br \/>\nIz solane je jo\u0161 ranije najavljeno da ?e bera?i biti pla?eni kao i pro\u0161le godine, kada je norma po smjeni iznosila 22 eura.<br \/>\n<strong><br \/>\nS.A.<br \/>\n<a href=\"http:\/\/www.vijesti.cg.yu\/index.php?id_pre=315059&amp;godina=2009\" target=\"_blank\">Vijesti<\/a><\/strong><\/p>\n<p><strong>\n\t\t<style type=\"text\/css\">\n\t\t\t#gallery-1 {\n\t\t\t\tmargin: auto;\n\t\t\t}\n\t\t\t#gallery-1 .gallery-item {\n\t\t\t\tfloat: left;\n\t\t\t\tmargin-top: 10px;\n\t\t\t\ttext-align: center;\n\t\t\t\twidth: 33%;\n\t\t\t}\n\t\t\t#gallery-1 img {\n\t\t\t\tborder: 2px solid #cfcfcf;\n\t\t\t}\n\t\t\t#gallery-1 .gallery-caption {\n\t\t\t\tmargin-left: 0;\n\t\t\t}\n\t\t\t\/* see gallery_shortcode() in wp-includes\/media.php *\/\n\t\t<\/style>\n\t\t<div id='gallery-1' class='gallery galleryid-25309 gallery-columns-3 gallery-size-thumbnail'><dl class='gallery-item'>\n\t\t\t<dt class='gallery-icon landscape'>\n\t\t\t\t<a href='https:\/\/www.visit-ulcinj.com\/blog\/wp-content\/uploads\/2009\/09\/Ulcinjska-Solana.jpg'><img width=\"150\" height=\"150\" src=\"https:\/\/www.visit-ulcinj.com\/blog\/wp-content\/uploads\/2009\/09\/Ulcinjska-Solana-150x150.jpg\" class=\"attachment-thumbnail size-thumbnail\" alt=\"\" loading=\"lazy\" \/><\/a>\n\t\t\t<\/dt><\/dl><dl class='gallery-item'>\n\t\t\t<dt class='gallery-icon landscape'>\n\t\t\t\t<a href='https:\/\/www.visit-ulcinj.com\/blog\/wp-content\/uploads\/2009\/09\/Ulcinjska-Solana.1.jpg'><img width=\"150\" height=\"150\" src=\"https:\/\/www.visit-ulcinj.com\/blog\/wp-content\/uploads\/2009\/09\/Ulcinjska-Solana.1-150x150.jpg\" class=\"attachment-thumbnail size-thumbnail\" alt=\"\" loading=\"lazy\" \/><\/a>\n\t\t\t<\/dt><\/dl><dl class='gallery-item'>\n\t\t\t<dt class='gallery-icon landscape'>\n\t\t\t\t<a href='https:\/\/www.visit-ulcinj.com\/blog\/wp-content\/uploads\/2009\/09\/Ulcinjska-Solana.3.jpg'><img width=\"150\" height=\"150\" src=\"https:\/\/www.visit-ulcinj.com\/blog\/wp-content\/uploads\/2009\/09\/Ulcinjska-Solana.3-150x150.jpg\" class=\"attachment-thumbnail size-thumbnail\" alt=\"\" loading=\"lazy\" \/><\/a>\n\t\t\t<\/dt><\/dl><br style=\"clear: both\" \/><dl class='gallery-item'>\n\t\t\t<dt class='gallery-icon landscape'>\n\t\t\t\t<a href='https:\/\/www.visit-ulcinj.com\/blog\/wp-content\/uploads\/2009\/09\/Ulcinjska-Solana.4.jpg'><img width=\"150\" height=\"150\" src=\"https:\/\/www.visit-ulcinj.com\/blog\/wp-content\/uploads\/2009\/09\/Ulcinjska-Solana.4-150x150.jpg\" class=\"attachment-thumbnail size-thumbnail\" alt=\"\" loading=\"lazy\" \/><\/a>\n\t\t\t<\/dt><\/dl><dl class='gallery-item'>\n\t\t\t<dt class='gallery-icon landscape'>\n\t\t\t\t<a href='https:\/\/www.visit-ulcinj.com\/blog\/wp-content\/uploads\/2009\/09\/Ulcinjska-Solana.6.jpg'><img width=\"150\" height=\"150\" src=\"https:\/\/www.visit-ulcinj.com\/blog\/wp-content\/uploads\/2009\/09\/Ulcinjska-Solana.6-150x150.jpg\" class=\"attachment-thumbnail size-thumbnail\" alt=\"\" loading=\"lazy\" \/><\/a>\n\t\t\t<\/dt><\/dl><dl class='gallery-item'>\n\t\t\t<dt class='gallery-icon landscape'>\n\t\t\t\t<a href='https:\/\/www.visit-ulcinj.com\/blog\/wp-content\/uploads\/2009\/09\/Ulcinjska-Solana.7.jpg'><img width=\"150\" height=\"150\" src=\"https:\/\/www.visit-ulcinj.com\/blog\/wp-content\/uploads\/2009\/09\/Ulcinjska-Solana.7-150x150.jpg\" class=\"attachment-thumbnail size-thumbnail\" alt=\"\" loading=\"lazy\" \/><\/a>\n\t\t\t<\/dt><\/dl><br style=\"clear: both\" \/>\n\t\t<\/div>\n<\/p>\n<p><\/strong><\/p>\n<p><strong><!--YouTube Error: bad URL entered--><br \/>\n<\/strong><\/p>\n<p><strong> <\/strong><\/p>\n<p><strong><br \/>\n<\/strong><\/p>\n","protected":false},"excerpt":{"rendered":"<p>Ulcinj &#8211; Oko 70 bera?a u ulcinjskoj Solani, ju?e je u 14,40 ?asova spremno do?ekalo brektanje samohodnog transportera, koje je ozna?ilo po?etak 74. berbe soli. Na znatno vi\u0161e od 30 stepeni zazveckale su lopate i prve koli?ine soli natopljene vodom na\u0161le su se na pokretnoj traci transportera. Voza?i dresina spremno su ?ekali da prve zalihe [&hellip;]<\/p>\n","protected":false},"author":1,"featured_media":0,"comment_status":"open","ping_status":"closed","sticky":false,"template":"","format":"standard","meta":{"spay_email":"","jetpack_publicize_message":"","jetpack_is_tweetstorm":false,"jetpack_publicize_feature_enabled":true},"categories":[8337],"tags":[20,12202,12392,19],"jetpack_publicize_connections":[],"yoast_head":"<!-- This site is optimized with the Yoast SEO plugin v19.1 - https:\/\/yoast.com\/wordpress\/plugins\/seo\/ -->\n<title>Po?ela berba,Ulcinjska Solana na nogama - Lajme nga Ulqini<\/title>\n<meta name=\"description\" content=\"Ulcinj - Oko 70 bera?a u ulcinjskoj Solani, ju?e je u 14,40 ?asova spremno do?ekalo brektanje samohodnog transportera, koje je ozna?ilo po?etak 74. berbe\" \/>\n<meta name=\"robots\" content=\"index, follow, max-snippet:-1, max-image-preview:large, max-video-preview:-1\" \/>\n<link rel=\"canonical\" href=\"https:\/\/www.visit-ulcinj.com\/blog\/2009\/09\/05\/pocela-berbaulcinjska-solana-na-nogama\/\" \/>\n<meta property=\"og:locale\" content=\"en_US\" \/>\n<meta property=\"og:type\" content=\"article\" \/>\n<meta property=\"og:title\" content=\"Po?ela berba,Ulcinjska Solana na nogama - Lajme nga Ulqini\" \/>\n<meta property=\"og:description\" content=\"Ulcinj - Oko 70 bera?a u ulcinjskoj Solani, ju?e je u 14,40 ?asova spremno do?ekalo brektanje samohodnog transportera, koje je ozna?ilo po?etak 74. berbe\" \/>\n<meta property=\"og:url\" content=\"https:\/\/www.visit-ulcinj.com\/blog\/2009\/09\/05\/pocela-berbaulcinjska-solana-na-nogama\/\" \/>\n<meta property=\"og:site_name\" content=\"Lajme nga Ulqini\" \/>\n<meta property=\"article:published_time\" content=\"2009-09-05T16:38:38+00:00\" \/>\n<meta property=\"og:image\" content=\"https:\/\/www.visit-ulcinj.com\/blog\/wp-content\/uploads\/2009\/09\/Ulcinjska-Solana-150x150.jpg\" \/>\n<meta name=\"twitter:label1\" content=\"Written by\" \/>\n\t<meta name=\"twitter:data1\" content=\"ulqini\" \/>\n\t<meta name=\"twitter:label2\" content=\"Est. reading time\" \/>\n\t<meta name=\"twitter:data2\" content=\"1 minute\" \/>\n<script type=\"application\/ld+json\" class=\"yoast-schema-graph\">{\"@context\":\"https:\/\/schema.org\",\"@graph\":[{\"@type\":\"WebSite\",\"@id\":\"https:\/\/www.visit-ulcinj.com\/blog\/#website\",\"url\":\"https:\/\/www.visit-ulcinj.com\/blog\/\",\"name\":\"Lajme nga Ulqini\",\"description\":\"Lajme,Vijesti,Ulqini,Ulqin,Crna Gora,Mali i Zi\",\"potentialAction\":[{\"@type\":\"SearchAction\",\"target\":{\"@type\":\"EntryPoint\",\"urlTemplate\":\"https:\/\/www.visit-ulcinj.com\/blog\/?s={search_term_string}\"},\"query-input\":\"required name=search_term_string\"}],\"inLanguage\":\"en-US\"},{\"@type\":\"ImageObject\",\"inLanguage\":\"en-US\",\"@id\":\"https:\/\/www.visit-ulcinj.com\/blog\/2009\/09\/05\/pocela-berbaulcinjska-solana-na-nogama\/#primaryimage\",\"url\":\"https:\/\/www.visit-ulcinj.com\/blog\/wp-content\/uploads\/2009\/09\/Ulcinjska-Solana.jpg\",\"contentUrl\":\"https:\/\/www.visit-ulcinj.com\/blog\/wp-content\/uploads\/2009\/09\/Ulcinjska-Solana.jpg\",\"width\":\"566\",\"height\":\"425\"},{\"@type\":\"WebPage\",\"@id\":\"https:\/\/www.visit-ulcinj.com\/blog\/2009\/09\/05\/pocela-berbaulcinjska-solana-na-nogama\/#webpage\",\"url\":\"https:\/\/www.visit-ulcinj.com\/blog\/2009\/09\/05\/pocela-berbaulcinjska-solana-na-nogama\/\",\"name\":\"Po?ela berba,Ulcinjska Solana na nogama - Lajme nga Ulqini\",\"isPartOf\":{\"@id\":\"https:\/\/www.visit-ulcinj.com\/blog\/#website\"},\"primaryImageOfPage\":{\"@id\":\"https:\/\/www.visit-ulcinj.com\/blog\/2009\/09\/05\/pocela-berbaulcinjska-solana-na-nogama\/#primaryimage\"},\"datePublished\":\"2009-09-05T16:38:38+00:00\",\"dateModified\":\"2009-09-05T16:38:38+00:00\",\"author\":{\"@id\":\"https:\/\/www.visit-ulcinj.com\/blog\/#\/schema\/person\/dcab619c614d3038751c63bc2aadc06d\"},\"description\":\"Ulcinj - Oko 70 bera?a u ulcinjskoj Solani, ju?e je u 14,40 ?asova spremno do?ekalo brektanje samohodnog transportera, koje je ozna?ilo po?etak 74. berbe\",\"breadcrumb\":{\"@id\":\"https:\/\/www.visit-ulcinj.com\/blog\/2009\/09\/05\/pocela-berbaulcinjska-solana-na-nogama\/#breadcrumb\"},\"inLanguage\":\"en-US\",\"potentialAction\":[{\"@type\":\"ReadAction\",\"target\":[\"https:\/\/www.visit-ulcinj.com\/blog\/2009\/09\/05\/pocela-berbaulcinjska-solana-na-nogama\/\"]}]},{\"@type\":\"BreadcrumbList\",\"@id\":\"https:\/\/www.visit-ulcinj.com\/blog\/2009\/09\/05\/pocela-berbaulcinjska-solana-na-nogama\/#breadcrumb\",\"itemListElement\":[{\"@type\":\"ListItem\",\"position\":1,\"name\":\"Po?ela berba,Ulcinjska Solana na nogama\"}]},{\"@type\":\"Person\",\"@id\":\"https:\/\/www.visit-ulcinj.com\/blog\/#\/schema\/person\/dcab619c614d3038751c63bc2aadc06d\",\"name\":\"ulqini\",\"sameAs\":[\"http:\/\/www.visit-ulcinj.com\"],\"url\":\"https:\/\/www.visit-ulcinj.com\/blog\/author\/admin\/\"}]}<\/script>\n<!-- \/ Yoast SEO plugin. -->","yoast_head_json":{"title":"Po?ela berba,Ulcinjska Solana na nogama - Lajme nga Ulqini","description":"Ulcinj - Oko 70 bera?a u ulcinjskoj Solani, ju?e je u 14,40 ?asova spremno do?ekalo brektanje samohodnog transportera, koje je ozna?ilo po?etak 74. berbe","robots":{"index":"index","follow":"follow","max-snippet":"max-snippet:-1","max-image-preview":"max-image-preview:large","max-video-preview":"max-video-preview:-1"},"canonical":"https:\/\/www.visit-ulcinj.com\/blog\/2009\/09\/05\/pocela-berbaulcinjska-solana-na-nogama\/","og_locale":"en_US","og_type":"article","og_title":"Po?ela berba,Ulcinjska Solana na nogama - Lajme nga Ulqini","og_description":"Ulcinj - Oko 70 bera?a u ulcinjskoj Solani, ju?e je u 14,40 ?asova spremno do?ekalo brektanje samohodnog transportera, koje je ozna?ilo po?etak 74. berbe","og_url":"https:\/\/www.visit-ulcinj.com\/blog\/2009\/09\/05\/pocela-berbaulcinjska-solana-na-nogama\/","og_site_name":"Lajme nga Ulqini","article_published_time":"2009-09-05T16:38:38+00:00","og_image":[{"url":"https:\/\/www.visit-ulcinj.com\/blog\/wp-content\/uploads\/2009\/09\/Ulcinjska-Solana-150x150.jpg"}],"twitter_misc":{"Written by":"ulqini","Est. reading time":"1 minute"},"schema":{"@context":"https:\/\/schema.org","@graph":[{"@type":"WebSite","@id":"https:\/\/www.visit-ulcinj.com\/blog\/#website","url":"https:\/\/www.visit-ulcinj.com\/blog\/","name":"Lajme nga Ulqini","description":"Lajme,Vijesti,Ulqini,Ulqin,Crna Gora,Mali i Zi","potentialAction":[{"@type":"SearchAction","target":{"@type":"EntryPoint","urlTemplate":"https:\/\/www.visit-ulcinj.com\/blog\/?s={search_term_string}"},"query-input":"required name=search_term_string"}],"inLanguage":"en-US"},{"@type":"ImageObject","inLanguage":"en-US","@id":"https:\/\/www.visit-ulcinj.com\/blog\/2009\/09\/05\/pocela-berbaulcinjska-solana-na-nogama\/#primaryimage","url":"https:\/\/www.visit-ulcinj.com\/blog\/wp-content\/uploads\/2009\/09\/Ulcinjska-Solana.jpg","contentUrl":"https:\/\/www.visit-ulcinj.com\/blog\/wp-content\/uploads\/2009\/09\/Ulcinjska-Solana.jpg","width":"566","height":"425"},{"@type":"WebPage","@id":"https:\/\/www.visit-ulcinj.com\/blog\/2009\/09\/05\/pocela-berbaulcinjska-solana-na-nogama\/#webpage","url":"https:\/\/www.visit-ulcinj.com\/blog\/2009\/09\/05\/pocela-berbaulcinjska-solana-na-nogama\/","name":"Po?ela berba,Ulcinjska Solana na nogama - Lajme nga Ulqini","isPartOf":{"@id":"https:\/\/www.visit-ulcinj.com\/blog\/#website"},"primaryImageOfPage":{"@id":"https:\/\/www.visit-ulcinj.com\/blog\/2009\/09\/05\/pocela-berbaulcinjska-solana-na-nogama\/#primaryimage"},"datePublished":"2009-09-05T16:38:38+00:00","dateModified":"2009-09-05T16:38:38+00:00","author":{"@id":"https:\/\/www.visit-ulcinj.com\/blog\/#\/schema\/person\/dcab619c614d3038751c63bc2aadc06d"},"description":"Ulcinj - Oko 70 bera?a u ulcinjskoj Solani, ju?e je u 14,40 ?asova spremno do?ekalo brektanje samohodnog transportera, koje je ozna?ilo po?etak 74. berbe","breadcrumb":{"@id":"https:\/\/www.visit-ulcinj.com\/blog\/2009\/09\/05\/pocela-berbaulcinjska-solana-na-nogama\/#breadcrumb"},"inLanguage":"en-US","potentialAction":[{"@type":"ReadAction","target":["https:\/\/www.visit-ulcinj.com\/blog\/2009\/09\/05\/pocela-berbaulcinjska-solana-na-nogama\/"]}]},{"@type":"BreadcrumbList","@id":"https:\/\/www.visit-ulcinj.com\/blog\/2009\/09\/05\/pocela-berbaulcinjska-solana-na-nogama\/#breadcrumb","itemListElement":[{"@type":"ListItem","position":1,"name":"Po?ela berba,Ulcinjska Solana na nogama"}]},{"@type":"Person","@id":"https:\/\/www.visit-ulcinj.com\/blog\/#\/schema\/person\/dcab619c614d3038751c63bc2aadc06d","name":"ulqini","sameAs":["http:\/\/www.visit-ulcinj.com"],"url":"https:\/\/www.visit-ulcinj.com\/blog\/author\/admin\/"}]}},"jetpack_featured_media_url":"","jetpack_sharing_enabled":true,"jetpack_shortlink":"https:\/\/wp.me\/pe6lTn-6Ad","_links":{"self":[{"href":"https:\/\/www.visit-ulcinj.com\/blog\/wp-json\/wp\/v2\/posts\/25309"}],"collection":[{"href":"https:\/\/www.visit-ulcinj.com\/blog\/wp-json\/wp\/v2\/posts"}],"about":[{"href":"https:\/\/www.visit-ulcinj.com\/blog\/wp-json\/wp\/v2\/types\/post"}],"author":[{"embeddable":true,"href":"https:\/\/www.visit-ulcinj.com\/blog\/wp-json\/wp\/v2\/users\/1"}],"replies":[{"embeddable":true,"href":"https:\/\/www.visit-ulcinj.com\/blog\/wp-json\/wp\/v2\/comments?post=25309"}],"version-history":[{"count":0,"href":"https:\/\/www.visit-ulcinj.com\/blog\/wp-json\/wp\/v2\/posts\/25309\/revisions"}],"wp:attachment":[{"href":"https:\/\/www.visit-ulcinj.com\/blog\/wp-json\/wp\/v2\/media?parent=25309"}],"wp:term":[{"taxonomy":"category","embeddable":true,"href":"https:\/\/www.visit-ulcinj.com\/blog\/wp-json\/wp\/v2\/categories?post=25309"},{"taxonomy":"post_tag","embeddable":true,"href":"https:\/\/www.visit-ulcinj.com\/blog\/wp-json\/wp\/v2\/tags?post=25309"}],"curies":[{"name":"wp","href":"https:\/\/api.w.org\/{rel}","templated":true}]}}