{"id":2531,"date":"2008-08-17T12:34:40","date_gmt":"2008-08-17T17:34:40","guid":{"rendered":"http:\/\/www.visit-ulcinj.com\/blog\/?p=2531"},"modified":"2009-08-23T15:42:18","modified_gmt":"2009-08-23T13:42:18","slug":"bregdeti-shqiptar-destinacion-me-i-preferuar-i-kosovareve","status":"publish","type":"post","link":"https:\/\/www.visit-ulcinj.com\/blog\/2008\/08\/17\/bregdeti-shqiptar-destinacion-me-i-preferuar-i-kosovareve\/","title":{"rendered":"Bregdeti shqiptar destinacion m\u00eb i preferuar i kosovar\u00ebve"},"content":{"rendered":"<p><a href=\"http:\/\/alsat-m.tv\/thumbnail.php?file=turist_629607052.jpg&amp;size=article_small\"><img loading=\"lazy\" class=\"alignleft\" title=\"Bregdeti Shqiptar\" src=\"http:\/\/alsat-m.tv\/thumbnail.php?file=turist_629607052.jpg&amp;size=article_small\" alt=\"\" width=\"370\" height=\"224\" \/><\/a><strong>Menaxher\u00ebt e agjencive turistike thon\u00eb se fluksi m\u00eb i madh i turist\u00ebve kosovar\u00eb \u00ebsht\u00eb drejtuar kah bregdeti shqiptar, duke l\u00ebshuar tradit\u00ebn p\u00ebr t\u00eb pushuar n\u00eb Ulqin t\u00eb Malit t\u00eb Zi.<\/strong><br \/>\nInteresimi i qytetar\u00ebve t\u00eb Kosov\u00ebs p\u00ebr t\u00eb kaluar pushimet verore n\u00eb bregdetin shqiptar, krahasuar me vitet e kaluara \u00ebsht\u00eb rritur duksh\u00ebm. Sipas menaxher\u00ebve t\u00eb agjencive turistike prej fillimit t\u00eb sezonit turistik fluksi m\u00eb i madh i turist\u00ebve kosovar\u00eb \u00ebsht\u00eb drejtuar kah bregdeti shqiptar, duke i ikur k\u00ebshtu tradit\u00ebs p\u00ebr t\u00eb kaluar pushimet n\u00eb Ulqin t\u00eb Malit t\u00eb Zi<br \/>\nMegjithat\u00eb, Arbnora Veseli menaxhere e agjensionit turistik &#8220;Barileva Turist&#8221;, thot\u00eb se krahasuar me muajin qershor dhe korrik tashm\u00eb \u00ebsht\u00eb rritur interesimi edhe p\u00ebr qytetin e Ulqinit.<br \/>\n&#8220;Interesimi n\u00eb fillim t\u00eb muajit korrik apo edhe n\u00eb qershor, ka qen\u00eb m\u00eb i madh p\u00ebr n\u00eb Durr\u00ebs, por koh\u00ebn e fundit \u00ebsht\u00eb nj\u00eb fluks i madh q\u00eb edhe p\u00ebr Ulqin kan\u00eb b\u00ebr\u00eb rezervime, dhe me siguri ka qen\u00eb \u00e7mimi n\u00eb pyetje, sepse n\u00eb Ulqin \u00e7mimet kan\u00eb qen\u00eb m\u00eb t\u00eb larta p\u00ebr at\u00eb edhe ka pasur interesim m\u00eb t\u00eb madh&#8221;, thot\u00eb menaxherja Arbnora Veseli.<\/p>\n<div id=\"attachment_1960\" style=\"width: 210px\" class=\"wp-caption alignright\"><a href=\"http:\/\/www.visit-ulcinj.com\/blog\/wp-content\/uploads\/2008\/06\/velika-plaza_21.jpg\"><img aria-describedby=\"caption-attachment-1960\" loading=\"lazy\" class=\"size-thumbnail wp-image-1960\" title=\"velika plaza_ulcinj_montenegro\" src=\"http:\/\/www.visit-ulcinj.com\/blog\/wp-content\/uploads\/2008\/06\/velika-plaza_21.thumbnail.jpg\" alt=\"Plazhi i Madh\u00eb Ulqin\" width=\"200\" height=\"132\" \/><\/a><p id=\"caption-attachment-1960\" class=\"wp-caption-text\">Plazhi i Madh\u00eb Ulqin<\/p><\/div>\n<p>Edhe qytetar\u00ebt shprehen se Durr\u00ebsi \u00ebsht\u00eb shum\u00eb m\u00eb i p\u00eblqyer nga ata p\u00ebr shkak t\u00eb si\u00e7 thon\u00eb \u00e7mimeve m\u00eb t\u00eb ulta, bukuris\u00eb s\u00eb bregdetit shqiptar, dhe respektit p\u00ebr Shqip\u00ebrin\u00eb.<br \/>\n&#8220;Kam vendosur t\u00eb shkoj\u00eb n\u00eb Durr\u00ebs, p\u00ebr arsye s\u00eb \u00ebsht\u00eb m\u00eb lir\u00eb dhe jan\u00eb megjithat\u00eb t\u00eb gjith\u00eb shqiptar\u00eb, nd\u00ebrsa n\u00eb Mal t\u00eb Zi ka edhe malazez\u00eb dhe kjo \u00ebsht\u00eb edhe nj\u00eb arsye&#8221;, deklaron nje qytetar\u00eb. Nj\u00eb tjet\u00ebr thot\u00eb se Durr\u00ebsi i p\u00eblqen m\u00eb shum\u00eb sepse \u00e7mimet jan\u00eb m\u00eb t\u00eb lira.<br \/>\n&#8220;N\u00eb muajin tjet\u00ebr mendoj t\u00eb shkoj\u00eb n\u00eb Shqip\u00ebri n\u00eb Velipoj\u00eb p\u00ebr shkak se siguria \u00ebsht\u00eb m\u00eb e madhe, infrastruktura m\u00eb e rregulluar k\u00ebshtu q\u00eb atje \u00ebsht\u00eb m\u00eb e d\u00ebshirueshme&#8221;, shprehet nj\u00eb tjet\u00ebr qytetar\u00eb.<br \/>\nNdryshe, p\u00ebr kosovar\u00ebt tashm\u00eb nuk ekziston vet\u00ebm bregdeti shqiptar dhe ai i Malit t\u00eb Zi. Sipas drejtuesve t\u00eb agjensioneve turistike, qytetar\u00eb t\u00eb shumt\u00eb po aranzhojn\u00eb pushimet e tyre edhe n\u00eb Turqi, Greqi, madje edhe n\u00eb Egjipt.<\/p>\n<p><strong>Burimi \/ ALSAT<\/strong><br \/>\n<strong><a href=\"mailto:info.ulqini@gmail.com\" target=\"_blank\">Email:<\/a><\/strong><strong><a href=\"mailto:info.ulqini@gmail.com\" target=\"_blank\"> info.ulqini@gmail.com<\/a><\/strong><strong><br \/>\nLink:<a title=\"Urlaub im ulcinj montenegro\" href=\"http:\/\/visit-ulcinj.com\/\" target=\"_blank\"> www.visit-ulcinj.com\/<br \/>\n<\/a><\/strong><br \/>\n<!--YouTube Error: bad URL entered--><\/p>\n","protected":false},"excerpt":{"rendered":"<p><img loading=\"lazy\" class=\"alignleft\" title=\"Bregdeti Shqiptar\" src=\"http:\/\/alsat-m.tv\/thumbnail.php?file=turist_629607052.jpg&amp;size=article_small\" alt=\"\" width=\"140\" height=\"140\" \/><\/p>\n","protected":false},"author":1,"featured_media":0,"comment_status":"open","ping_status":"closed","sticky":false,"template":"","format":"standard","meta":{"spay_email":"","jetpack_publicize_message":"","jetpack_is_tweetstorm":false,"jetpack_publicize_feature_enabled":true},"categories":[12,15],"tags":[95,18],"jetpack_publicize_connections":[],"yoast_head":"<!-- This site is optimized with the Yoast SEO plugin v19.1 - https:\/\/yoast.com\/wordpress\/plugins\/seo\/ -->\n<title>Bregdeti shqiptar destinacion m\u00eb i preferuar i kosovar\u00ebve - Lajme nga Ulqini<\/title>\n<meta name=\"robots\" content=\"index, follow, max-snippet:-1, max-image-preview:large, max-video-preview:-1\" \/>\n<link rel=\"canonical\" href=\"https:\/\/www.visit-ulcinj.com\/blog\/2008\/08\/17\/bregdeti-shqiptar-destinacion-me-i-preferuar-i-kosovareve\/\" \/>\n<meta property=\"og:locale\" content=\"en_US\" \/>\n<meta property=\"og:type\" content=\"article\" \/>\n<meta property=\"og:title\" content=\"Bregdeti shqiptar destinacion m\u00eb i preferuar i kosovar\u00ebve - Lajme nga Ulqini\" \/>\n<meta property=\"og:url\" content=\"https:\/\/www.visit-ulcinj.com\/blog\/2008\/08\/17\/bregdeti-shqiptar-destinacion-me-i-preferuar-i-kosovareve\/\" \/>\n<meta property=\"og:site_name\" content=\"Lajme nga Ulqini\" \/>\n<meta property=\"article:published_time\" content=\"2008-08-17T17:34:40+00:00\" \/>\n<meta property=\"article:modified_time\" content=\"2009-08-23T13:42:18+00:00\" \/>\n<meta property=\"og:image\" content=\"http:\/\/alsat-m.tv\/thumbnail.php?file=turist_629607052.jpg&#038;size=article_small\" \/>\n<meta name=\"twitter:label1\" content=\"Written by\" \/>\n\t<meta name=\"twitter:data1\" content=\"ulqini\" \/>\n\t<meta name=\"twitter:label2\" content=\"Est. reading time\" \/>\n\t<meta name=\"twitter:data2\" content=\"2 minutes\" \/>\n<script type=\"application\/ld+json\" class=\"yoast-schema-graph\">{\"@context\":\"https:\/\/schema.org\",\"@graph\":[{\"@type\":\"WebSite\",\"@id\":\"https:\/\/www.visit-ulcinj.com\/blog\/#website\",\"url\":\"https:\/\/www.visit-ulcinj.com\/blog\/\",\"name\":\"Lajme nga Ulqini\",\"description\":\"Lajme,Vijesti,Ulqini,Ulqin,Crna Gora,Mali i Zi\",\"potentialAction\":[{\"@type\":\"SearchAction\",\"target\":{\"@type\":\"EntryPoint\",\"urlTemplate\":\"https:\/\/www.visit-ulcinj.com\/blog\/?s={search_term_string}\"},\"query-input\":\"required name=search_term_string\"}],\"inLanguage\":\"en-US\"},{\"@type\":\"ImageObject\",\"inLanguage\":\"en-US\",\"@id\":\"https:\/\/www.visit-ulcinj.com\/blog\/2008\/08\/17\/bregdeti-shqiptar-destinacion-me-i-preferuar-i-kosovareve\/#primaryimage\",\"url\":\"http:\/\/alsat-m.tv\/thumbnail.php?file=turist_629607052.jpg&amp;size=article_small\",\"contentUrl\":\"http:\/\/alsat-m.tv\/thumbnail.php?file=turist_629607052.jpg&amp;size=article_small\"},{\"@type\":\"WebPage\",\"@id\":\"https:\/\/www.visit-ulcinj.com\/blog\/2008\/08\/17\/bregdeti-shqiptar-destinacion-me-i-preferuar-i-kosovareve\/#webpage\",\"url\":\"https:\/\/www.visit-ulcinj.com\/blog\/2008\/08\/17\/bregdeti-shqiptar-destinacion-me-i-preferuar-i-kosovareve\/\",\"name\":\"Bregdeti shqiptar destinacion m\u00eb i preferuar i kosovar\u00ebve - Lajme nga Ulqini\",\"isPartOf\":{\"@id\":\"https:\/\/www.visit-ulcinj.com\/blog\/#website\"},\"primaryImageOfPage\":{\"@id\":\"https:\/\/www.visit-ulcinj.com\/blog\/2008\/08\/17\/bregdeti-shqiptar-destinacion-me-i-preferuar-i-kosovareve\/#primaryimage\"},\"datePublished\":\"2008-08-17T17:34:40+00:00\",\"dateModified\":\"2009-08-23T13:42:18+00:00\",\"author\":{\"@id\":\"https:\/\/www.visit-ulcinj.com\/blog\/#\/schema\/person\/dcab619c614d3038751c63bc2aadc06d\"},\"breadcrumb\":{\"@id\":\"https:\/\/www.visit-ulcinj.com\/blog\/2008\/08\/17\/bregdeti-shqiptar-destinacion-me-i-preferuar-i-kosovareve\/#breadcrumb\"},\"inLanguage\":\"en-US\",\"potentialAction\":[{\"@type\":\"ReadAction\",\"target\":[\"https:\/\/www.visit-ulcinj.com\/blog\/2008\/08\/17\/bregdeti-shqiptar-destinacion-me-i-preferuar-i-kosovareve\/\"]}]},{\"@type\":\"BreadcrumbList\",\"@id\":\"https:\/\/www.visit-ulcinj.com\/blog\/2008\/08\/17\/bregdeti-shqiptar-destinacion-me-i-preferuar-i-kosovareve\/#breadcrumb\",\"itemListElement\":[{\"@type\":\"ListItem\",\"position\":1,\"name\":\"Bregdeti shqiptar destinacion m\u00eb i preferuar i kosovar\u00ebve\"}]},{\"@type\":\"Person\",\"@id\":\"https:\/\/www.visit-ulcinj.com\/blog\/#\/schema\/person\/dcab619c614d3038751c63bc2aadc06d\",\"name\":\"ulqini\",\"sameAs\":[\"http:\/\/www.visit-ulcinj.com\"],\"url\":\"https:\/\/www.visit-ulcinj.com\/blog\/author\/admin\/\"}]}<\/script>\n<!-- \/ Yoast SEO plugin. -->","yoast_head_json":{"title":"Bregdeti shqiptar destinacion m\u00eb i preferuar i kosovar\u00ebve - Lajme nga Ulqini","robots":{"index":"index","follow":"follow","max-snippet":"max-snippet:-1","max-image-preview":"max-image-preview:large","max-video-preview":"max-video-preview:-1"},"canonical":"https:\/\/www.visit-ulcinj.com\/blog\/2008\/08\/17\/bregdeti-shqiptar-destinacion-me-i-preferuar-i-kosovareve\/","og_locale":"en_US","og_type":"article","og_title":"Bregdeti shqiptar destinacion m\u00eb i preferuar i kosovar\u00ebve - Lajme nga Ulqini","og_url":"https:\/\/www.visit-ulcinj.com\/blog\/2008\/08\/17\/bregdeti-shqiptar-destinacion-me-i-preferuar-i-kosovareve\/","og_site_name":"Lajme nga Ulqini","article_published_time":"2008-08-17T17:34:40+00:00","article_modified_time":"2009-08-23T13:42:18+00:00","og_image":[{"url":"http:\/\/alsat-m.tv\/thumbnail.php?file=turist_629607052.jpg&amp;size=article_small"}],"twitter_misc":{"Written by":"ulqini","Est. reading time":"2 minutes"},"schema":{"@context":"https:\/\/schema.org","@graph":[{"@type":"WebSite","@id":"https:\/\/www.visit-ulcinj.com\/blog\/#website","url":"https:\/\/www.visit-ulcinj.com\/blog\/","name":"Lajme nga Ulqini","description":"Lajme,Vijesti,Ulqini,Ulqin,Crna Gora,Mali i Zi","potentialAction":[{"@type":"SearchAction","target":{"@type":"EntryPoint","urlTemplate":"https:\/\/www.visit-ulcinj.com\/blog\/?s={search_term_string}"},"query-input":"required name=search_term_string"}],"inLanguage":"en-US"},{"@type":"ImageObject","inLanguage":"en-US","@id":"https:\/\/www.visit-ulcinj.com\/blog\/2008\/08\/17\/bregdeti-shqiptar-destinacion-me-i-preferuar-i-kosovareve\/#primaryimage","url":"http:\/\/alsat-m.tv\/thumbnail.php?file=turist_629607052.jpg&amp;size=article_small","contentUrl":"http:\/\/alsat-m.tv\/thumbnail.php?file=turist_629607052.jpg&amp;size=article_small"},{"@type":"WebPage","@id":"https:\/\/www.visit-ulcinj.com\/blog\/2008\/08\/17\/bregdeti-shqiptar-destinacion-me-i-preferuar-i-kosovareve\/#webpage","url":"https:\/\/www.visit-ulcinj.com\/blog\/2008\/08\/17\/bregdeti-shqiptar-destinacion-me-i-preferuar-i-kosovareve\/","name":"Bregdeti shqiptar destinacion m\u00eb i preferuar i kosovar\u00ebve - Lajme nga Ulqini","isPartOf":{"@id":"https:\/\/www.visit-ulcinj.com\/blog\/#website"},"primaryImageOfPage":{"@id":"https:\/\/www.visit-ulcinj.com\/blog\/2008\/08\/17\/bregdeti-shqiptar-destinacion-me-i-preferuar-i-kosovareve\/#primaryimage"},"datePublished":"2008-08-17T17:34:40+00:00","dateModified":"2009-08-23T13:42:18+00:00","author":{"@id":"https:\/\/www.visit-ulcinj.com\/blog\/#\/schema\/person\/dcab619c614d3038751c63bc2aadc06d"},"breadcrumb":{"@id":"https:\/\/www.visit-ulcinj.com\/blog\/2008\/08\/17\/bregdeti-shqiptar-destinacion-me-i-preferuar-i-kosovareve\/#breadcrumb"},"inLanguage":"en-US","potentialAction":[{"@type":"ReadAction","target":["https:\/\/www.visit-ulcinj.com\/blog\/2008\/08\/17\/bregdeti-shqiptar-destinacion-me-i-preferuar-i-kosovareve\/"]}]},{"@type":"BreadcrumbList","@id":"https:\/\/www.visit-ulcinj.com\/blog\/2008\/08\/17\/bregdeti-shqiptar-destinacion-me-i-preferuar-i-kosovareve\/#breadcrumb","itemListElement":[{"@type":"ListItem","position":1,"name":"Bregdeti shqiptar destinacion m\u00eb i preferuar i kosovar\u00ebve"}]},{"@type":"Person","@id":"https:\/\/www.visit-ulcinj.com\/blog\/#\/schema\/person\/dcab619c614d3038751c63bc2aadc06d","name":"ulqini","sameAs":["http:\/\/www.visit-ulcinj.com"],"url":"https:\/\/www.visit-ulcinj.com\/blog\/author\/admin\/"}]}},"jetpack_featured_media_url":"","jetpack_sharing_enabled":true,"jetpack_shortlink":"https:\/\/wp.me\/pe6lTn-EP","_links":{"self":[{"href":"https:\/\/www.visit-ulcinj.com\/blog\/wp-json\/wp\/v2\/posts\/2531"}],"collection":[{"href":"https:\/\/www.visit-ulcinj.com\/blog\/wp-json\/wp\/v2\/posts"}],"about":[{"href":"https:\/\/www.visit-ulcinj.com\/blog\/wp-json\/wp\/v2\/types\/post"}],"author":[{"embeddable":true,"href":"https:\/\/www.visit-ulcinj.com\/blog\/wp-json\/wp\/v2\/users\/1"}],"replies":[{"embeddable":true,"href":"https:\/\/www.visit-ulcinj.com\/blog\/wp-json\/wp\/v2\/comments?post=2531"}],"version-history":[{"count":0,"href":"https:\/\/www.visit-ulcinj.com\/blog\/wp-json\/wp\/v2\/posts\/2531\/revisions"}],"wp:attachment":[{"href":"https:\/\/www.visit-ulcinj.com\/blog\/wp-json\/wp\/v2\/media?parent=2531"}],"wp:term":[{"taxonomy":"category","embeddable":true,"href":"https:\/\/www.visit-ulcinj.com\/blog\/wp-json\/wp\/v2\/categories?post=2531"},{"taxonomy":"post_tag","embeddable":true,"href":"https:\/\/www.visit-ulcinj.com\/blog\/wp-json\/wp\/v2\/tags?post=2531"}],"curies":[{"name":"wp","href":"https:\/\/api.w.org\/{rel}","templated":true}]}}