{"id":25325,"date":"2009-09-05T19:42:32","date_gmt":"2009-09-05T17:42:32","guid":{"rendered":"http:\/\/www.visit-ulcinj.com\/blog\/?p=25325"},"modified":"2009-09-05T19:42:32","modified_gmt":"2009-09-05T17:42:32","slug":"rakcevic-gubi-bitku-za-otrant","status":"publish","type":"post","link":"https:\/\/www.visit-ulcinj.com\/blog\/2009\/09\/05\/rakcevic-gubi-bitku-za-otrant\/","title":{"rendered":"Rak?evi? gubi bitku za Otrant"},"content":{"rendered":"<p><a href=\"http:\/\/www.visit-ulcinj.com\/blog\/wp-content\/uploads\/2009\/09\/Hotel-Otrant-Ulcinj_Zarko-Rakcevic.jpg\"><img loading=\"lazy\" class=\"alignleft size-full wp-image-25326\" title=\"Hotel Otrant Ulcinj_Zarko Rakcevic\" src=\"http:\/\/www.visit-ulcinj.com\/blog\/wp-content\/uploads\/2009\/09\/Hotel-Otrant-Ulcinj_Zarko-Rakcevic.jpg\" alt=\"Hotel Otrant Ulcinj_Zarko Rakcevic\" width=\"580\" height=\"349\" \/><\/a>Podgorica &#8211; Predsjednik podgori?kog Privrednog suda Dragan Rako?evi? presudio je na \u0161tetu danilovgradske kompanije Montemlin \u0160ajo u sporu o privatizaciji ulcinskog Otranta.<br \/>\nRako?evi?u je trebalo tri i po godine da rije\u0161i taj predmet, nakon \u0161to mu je Apelacioni sud poni\u0161tio prvo rje\u0161enje da je hotel Ulcinjske rivijere zakonito prodat ruskoj firmi Barkli SK (Barkli Montenegro).<br \/>\n&#8211; U presudi je sve obrazlo\u017eeno. Imaju pravo da se \u017eale \u2013 kratko je izjavio Rako?evi? \u201cVijestima\u201d.<br \/>\nU Montemlinu, ?iji je suvlasnik \u017darko Rak?evi?, ka\u017eu da ?e ubrzo preuzeti presudu kojom je odbijena njihova \u017ealba, najavljuju?i da ?e nastaviti da dokazuju da je prodaja Otranta krajem 2004. godine \u201cprivatizacioni zlo?in\u201d.<\/p>\n<p>Rak?evi? je tokom petogodi\u0161njeg sudskog procesa tvrdio da je Otrant privatizovan nezakonito i sa elementima pranja novca, ocjenjuju?i da se svi, od predsjednika Privrednog suda preko Uprave za &#8220;spre?avanje otkrivanja pranja novca&#8221; do tu\u017eila\u0161tva, trude da sakriju kakav je &#8220;strate\u0161ki partner&#8221; kupio hotel.<br \/>\nPredstavnici Montemlina su tra\u017eili da se ruska kompanija diskvalifikuje iz postupka prodaje Otranta zato \u0161to nije ispunjavala klju?ne, a ni formalne uslove. Umjesto toga njena ponuda je progla\u0161ena za najbolju i hotel je prodat Rusima za 2,5 miliona eura i petogodi\u0161nje investicije od 4,5 miliona. Pobijedili su na tenderu sa poenom prednosti u odnosu na Rak?evi?evu kompaniju.<br \/>\nIz danilovgradske firme tvrde da je za kupca Otranta izabrana kompanija u ste?aju, koja ne izvr\u0161ava poreske obaveze, kao i da je pla?en preko najve?e praonice novca u Bugarskoj.<\/p>\n<p>Dva ?lana Tenderske komisije, ministar turizma Predrag Nenezi? i tada\u0161nji ste?ajni upravnik Ulcinjske rivijere Miomir Jak\u0161i? dali su maksimalnih pet bodova za finansijsku snagu moskovskoj firmi, a tada\u0161nji direktor Agencije za privatizaciju Branko Vujovi? svega poen.<br \/>\n&#8211; Prosto je nevjerovatno da su dva ?lana komisije dali maksimum poena firmi ?iji je osniva?ki kapital svega osam hiljada i 500 rubalja ili 200 eura i gubitak 4,184 miliona rubalja &#8211; upozoravao je Rak?evi? na ro?i\u0161tima.<br \/>\nBiv\u0161i ste?ajni upravnik Jak\u0161i? odgovarao je da su zakonito postupili, jer osniva?ki kapital ne mjeri finansijsku snagu kompanije.<br \/>\nDok je Dragan Rako?evi? odugovla?io da zaklju?i spor, pokazalo se da vlasnici Otranta nemaju snage da vode taj kompleks, pa je upravljanje prepu\u0161teno \u0161panskom Iberostaru, sa novim nazivom hotela &#8211; Iberostar Otrant Beach.<\/p>\n<p>Obnovljeni postupak o Otrantu u Privrednom sudu je zavr\u0161en sredinom juna 2007. godine, kada je najavljeno da ?e \u201cuskoro biti donijeta presudu\u201d. \u201cUskoro\u201d se ?ekalo vi\u0161e od dvije godine.<br \/>\n&#8211; Kroz slu?aj \u201cOtrant\u201d se odli?no mo\u017ee vidjeti kako funkcioni\u0161u djelovi crnogorskog dr\u0161tva. I me?unarodne organizacije su zainteresovane za ova postupak, a eksperti Evropske komsije po vi\u0161e osnova se interesuju za njegov epilog. Ulcinjski hotel je i primjer dobre saradnje ljudi iz razli?itih dr\u017eavnih organa i grana vlasti koji \u017eele da prolongiraju ili zata\u0161kaju slu?aj \u2013 ocijenio je nekada\u0161nji potpredsjednik Vlade \u017darko Rak?evi? prije godinu.<br \/>\nTada je upitao i ?emu pri?a o su?enju u razumnog roku i organizovanje okruglih stolova na tu temu kada Rako?evi? u ponovnom postupku godinama u ladici dr\u017ei vi\u0161emilionski spor, uprkos javnim obe?anjima da ?e ga na vrijeme rije\u0161iti.<br \/>\nU Montemlinu su za?u?eni \u0161to su predstavnici ozbiljnog \u0161panskog lanca hotela Iberostar \u201edozvolili sebi\u201c da potpi\u0161u ugovor o preuzimanju upravljanja tim hotelom, dok sudski spor ne bude okon?an.<\/p>\n<p>Danilovgradska firma je za Otrant nudila 1,8 miliona eura, uz pet miliona investicija.<br \/>\nApelacioni sud poni\u0161tio je 28. januara 2006. godine odluku podgori?kog Privrednog suda da je ulcinjski hotel zakonito prodat ruskoj firmi Barkli SK, odnosno tada je ukinuto Rako?evi?evo rje\u0161enje od 29. decembra 2004. godine i nalo\u017eeno mu da donese &#8220;pravilnu i zakonitu odluku&#8221;.<\/p>\n<p><strong>Tu\u017eila\u0161tvo i Uprava se ne izjasni\u0161e<\/strong><\/p>\n<p>Dr\u017eavno tu\u017eila\u0161tvo na ?elu sa Vesnom Medenicom, pa Rankom ?arapi? i Uprava za spre?avanje pranja novca , ?iji je direktor Predrag Mitrovi?, nijesu se izjasnili jesu li ispitali privatizaciju ulcinjskog Otranta. Rak?evi? je ukazivao na sumnjive kanale uplate dva i po miliona za taj hotel.<br \/>\n&#8211; Na svim stepenicama pri prodaji ulcinjskog hotela su nezakonitosti i pravno nasilje. Dr\u017eavne institucije, me?u kojima je Uprava za spre?avanje pranja novca, uprkos dokazima i pismenim izvje\u0161tajima stranih finansijskih obavje\u0161tajnih slu\u017ebi, ne?e ili nemaju hrabrosti da upoznaju javnost kakav kapital stoji iza Barklija &#8211; jedna je od Rak?evi?evih ocjena.<br \/>\nOn je vi\u0161e puta pozivao Upravu i tada\u0161njeg dr\u017eavnog tu\u017eioca Vesnu Medenicu da objave izvje\u0161taje o tokovima uplate sumnjivih 2,5 miliona.<br \/>\n&#8211; Imaju op\u0161irne i precizne izvje\u0161taje o kanalima uplate novca za ulcinjski hotel, koji je stigao preko poznatih bugarskih firmi. Neka Uprava objavi te nalaze bez tajnovitosti i upozorenja \u017darku Rak?evi?u u stilu: \u201eOpasno je govoriti o tome\u201c &#8211; poru?ivao je suvlasnik Montemlina.<br \/>\nZahtijevao je i da se saop\u0161ti ko je stvarni kupac hotela Barkli SK, kompanija Barkli SK CJSC koja je navedena u biznis planu, Rokman EOOD iz Sofije preko kojeg je upla?eno 350 hiljada eura, Fromer EOOD posredstvom kojeg je pla?eno preostalih 2,15 miliona eura, ili neka druga firma.<\/p>\n<p><strong>Iv.G.<br \/>\n<a href=\"http:\/\/www.vijesti.cg.yu\/index.php?id=315034\" target=\"_blank\">Vijesti<\/a><\/strong><\/p>\n<p><strong>[flv width=&#8221;580&#8243; height=&#8221;400&#8243;]http:\/\/look.streamakaci.com\/Videos_Clubs\/2008\/montenegro.flv[\/flv]<\/strong><\/p>\n","protected":false},"excerpt":{"rendered":"<p>Podgorica &#8211; Predsjednik podgori?kog Privrednog suda Dragan Rako?evi? presudio je na \u0161tetu danilovgradske kompanije Montemlin \u0160ajo u sporu o privatizaciji ulcinskog Otranta. Rako?evi?u je trebalo tri i po godine da rije\u0161i taj predmet, nakon \u0161to mu je Apelacioni sud poni\u0161tio prvo rje\u0161enje da je hotel Ulcinjske rivijere zakonito prodat ruskoj firmi Barkli SK (Barkli Montenegro). [&hellip;]<\/p>\n","protected":false},"author":1,"featured_media":0,"comment_status":"open","ping_status":"closed","sticky":false,"template":"","format":"standard","meta":{"spay_email":"","jetpack_publicize_message":"","jetpack_is_tweetstorm":false,"jetpack_publicize_feature_enabled":true},"categories":[7],"tags":[12399,12397,12402,12398,12396,12401,12400,3448],"jetpack_publicize_connections":[],"yoast_head":"<!-- This site is optimized with the Yoast SEO plugin v19.1 - https:\/\/yoast.com\/wordpress\/plugins\/seo\/ -->\n<title>Rak?evi? gubi bitku za Otrant - Lajme nga Ulqini<\/title>\n<meta name=\"description\" content=\"Podgorica - Predsjednik podgori?kog Privrednog suda Dragan Rako?evi? presudio je na \u0161tetu danilovgradske kompanije Montemlin \u0160ajo u sporu o privatizaciji\" \/>\n<meta name=\"robots\" content=\"index, follow, max-snippet:-1, max-image-preview:large, max-video-preview:-1\" \/>\n<link rel=\"canonical\" href=\"https:\/\/www.visit-ulcinj.com\/blog\/2009\/09\/05\/rakcevic-gubi-bitku-za-otrant\/\" \/>\n<meta property=\"og:locale\" content=\"en_US\" \/>\n<meta property=\"og:type\" content=\"article\" \/>\n<meta property=\"og:title\" content=\"Rak?evi? gubi bitku za Otrant - Lajme nga Ulqini\" \/>\n<meta property=\"og:description\" content=\"Podgorica - Predsjednik podgori?kog Privrednog suda Dragan Rako?evi? presudio je na \u0161tetu danilovgradske kompanije Montemlin \u0160ajo u sporu o privatizaciji\" \/>\n<meta property=\"og:url\" content=\"https:\/\/www.visit-ulcinj.com\/blog\/2009\/09\/05\/rakcevic-gubi-bitku-za-otrant\/\" \/>\n<meta property=\"og:site_name\" content=\"Lajme nga Ulqini\" \/>\n<meta property=\"article:published_time\" content=\"2009-09-05T17:42:32+00:00\" \/>\n<meta property=\"og:image\" content=\"http:\/\/www.visit-ulcinj.com\/blog\/wp-content\/uploads\/2009\/09\/Hotel-Otrant-Ulcinj_Zarko-Rakcevic.jpg\" \/>\n<meta name=\"twitter:label1\" content=\"Written by\" \/>\n\t<meta name=\"twitter:data1\" content=\"ulqini\" \/>\n\t<meta name=\"twitter:label2\" content=\"Est. reading time\" \/>\n\t<meta name=\"twitter:data2\" content=\"4 minutes\" \/>\n<script type=\"application\/ld+json\" class=\"yoast-schema-graph\">{\"@context\":\"https:\/\/schema.org\",\"@graph\":[{\"@type\":\"WebSite\",\"@id\":\"https:\/\/www.visit-ulcinj.com\/blog\/#website\",\"url\":\"https:\/\/www.visit-ulcinj.com\/blog\/\",\"name\":\"Lajme nga Ulqini\",\"description\":\"Lajme,Vijesti,Ulqini,Ulqin,Crna Gora,Mali i Zi\",\"potentialAction\":[{\"@type\":\"SearchAction\",\"target\":{\"@type\":\"EntryPoint\",\"urlTemplate\":\"https:\/\/www.visit-ulcinj.com\/blog\/?s={search_term_string}\"},\"query-input\":\"required name=search_term_string\"}],\"inLanguage\":\"en-US\"},{\"@type\":\"ImageObject\",\"inLanguage\":\"en-US\",\"@id\":\"https:\/\/www.visit-ulcinj.com\/blog\/2009\/09\/05\/rakcevic-gubi-bitku-za-otrant\/#primaryimage\",\"url\":\"https:\/\/www.visit-ulcinj.com\/blog\/wp-content\/uploads\/2009\/09\/Hotel-Otrant-Ulcinj_Zarko-Rakcevic.jpg\",\"contentUrl\":\"https:\/\/www.visit-ulcinj.com\/blog\/wp-content\/uploads\/2009\/09\/Hotel-Otrant-Ulcinj_Zarko-Rakcevic.jpg\",\"width\":\"1024\",\"height\":\"349\"},{\"@type\":\"WebPage\",\"@id\":\"https:\/\/www.visit-ulcinj.com\/blog\/2009\/09\/05\/rakcevic-gubi-bitku-za-otrant\/#webpage\",\"url\":\"https:\/\/www.visit-ulcinj.com\/blog\/2009\/09\/05\/rakcevic-gubi-bitku-za-otrant\/\",\"name\":\"Rak?evi? gubi bitku za Otrant - Lajme nga Ulqini\",\"isPartOf\":{\"@id\":\"https:\/\/www.visit-ulcinj.com\/blog\/#website\"},\"primaryImageOfPage\":{\"@id\":\"https:\/\/www.visit-ulcinj.com\/blog\/2009\/09\/05\/rakcevic-gubi-bitku-za-otrant\/#primaryimage\"},\"datePublished\":\"2009-09-05T17:42:32+00:00\",\"dateModified\":\"2009-09-05T17:42:32+00:00\",\"author\":{\"@id\":\"https:\/\/www.visit-ulcinj.com\/blog\/#\/schema\/person\/dcab619c614d3038751c63bc2aadc06d\"},\"description\":\"Podgorica - Predsjednik podgori?kog Privrednog suda Dragan Rako?evi? presudio je na \u0161tetu danilovgradske kompanije Montemlin \u0160ajo u sporu o privatizaciji\",\"breadcrumb\":{\"@id\":\"https:\/\/www.visit-ulcinj.com\/blog\/2009\/09\/05\/rakcevic-gubi-bitku-za-otrant\/#breadcrumb\"},\"inLanguage\":\"en-US\",\"potentialAction\":[{\"@type\":\"ReadAction\",\"target\":[\"https:\/\/www.visit-ulcinj.com\/blog\/2009\/09\/05\/rakcevic-gubi-bitku-za-otrant\/\"]}]},{\"@type\":\"BreadcrumbList\",\"@id\":\"https:\/\/www.visit-ulcinj.com\/blog\/2009\/09\/05\/rakcevic-gubi-bitku-za-otrant\/#breadcrumb\",\"itemListElement\":[{\"@type\":\"ListItem\",\"position\":1,\"name\":\"Rak?evi? gubi bitku za Otrant\"}]},{\"@type\":\"Person\",\"@id\":\"https:\/\/www.visit-ulcinj.com\/blog\/#\/schema\/person\/dcab619c614d3038751c63bc2aadc06d\",\"name\":\"ulqini\",\"sameAs\":[\"http:\/\/www.visit-ulcinj.com\"],\"url\":\"https:\/\/www.visit-ulcinj.com\/blog\/author\/admin\/\"}]}<\/script>\n<!-- \/ Yoast SEO plugin. -->","yoast_head_json":{"title":"Rak?evi? gubi bitku za Otrant - Lajme nga Ulqini","description":"Podgorica - Predsjednik podgori?kog Privrednog suda Dragan Rako?evi? presudio je na \u0161tetu danilovgradske kompanije Montemlin \u0160ajo u sporu o privatizaciji","robots":{"index":"index","follow":"follow","max-snippet":"max-snippet:-1","max-image-preview":"max-image-preview:large","max-video-preview":"max-video-preview:-1"},"canonical":"https:\/\/www.visit-ulcinj.com\/blog\/2009\/09\/05\/rakcevic-gubi-bitku-za-otrant\/","og_locale":"en_US","og_type":"article","og_title":"Rak?evi? gubi bitku za Otrant - Lajme nga Ulqini","og_description":"Podgorica - Predsjednik podgori?kog Privrednog suda Dragan Rako?evi? presudio je na \u0161tetu danilovgradske kompanije Montemlin \u0160ajo u sporu o privatizaciji","og_url":"https:\/\/www.visit-ulcinj.com\/blog\/2009\/09\/05\/rakcevic-gubi-bitku-za-otrant\/","og_site_name":"Lajme nga Ulqini","article_published_time":"2009-09-05T17:42:32+00:00","og_image":[{"url":"http:\/\/www.visit-ulcinj.com\/blog\/wp-content\/uploads\/2009\/09\/Hotel-Otrant-Ulcinj_Zarko-Rakcevic.jpg"}],"twitter_misc":{"Written by":"ulqini","Est. reading time":"4 minutes"},"schema":{"@context":"https:\/\/schema.org","@graph":[{"@type":"WebSite","@id":"https:\/\/www.visit-ulcinj.com\/blog\/#website","url":"https:\/\/www.visit-ulcinj.com\/blog\/","name":"Lajme nga Ulqini","description":"Lajme,Vijesti,Ulqini,Ulqin,Crna Gora,Mali i Zi","potentialAction":[{"@type":"SearchAction","target":{"@type":"EntryPoint","urlTemplate":"https:\/\/www.visit-ulcinj.com\/blog\/?s={search_term_string}"},"query-input":"required name=search_term_string"}],"inLanguage":"en-US"},{"@type":"ImageObject","inLanguage":"en-US","@id":"https:\/\/www.visit-ulcinj.com\/blog\/2009\/09\/05\/rakcevic-gubi-bitku-za-otrant\/#primaryimage","url":"https:\/\/www.visit-ulcinj.com\/blog\/wp-content\/uploads\/2009\/09\/Hotel-Otrant-Ulcinj_Zarko-Rakcevic.jpg","contentUrl":"https:\/\/www.visit-ulcinj.com\/blog\/wp-content\/uploads\/2009\/09\/Hotel-Otrant-Ulcinj_Zarko-Rakcevic.jpg","width":"1024","height":"349"},{"@type":"WebPage","@id":"https:\/\/www.visit-ulcinj.com\/blog\/2009\/09\/05\/rakcevic-gubi-bitku-za-otrant\/#webpage","url":"https:\/\/www.visit-ulcinj.com\/blog\/2009\/09\/05\/rakcevic-gubi-bitku-za-otrant\/","name":"Rak?evi? gubi bitku za Otrant - Lajme nga Ulqini","isPartOf":{"@id":"https:\/\/www.visit-ulcinj.com\/blog\/#website"},"primaryImageOfPage":{"@id":"https:\/\/www.visit-ulcinj.com\/blog\/2009\/09\/05\/rakcevic-gubi-bitku-za-otrant\/#primaryimage"},"datePublished":"2009-09-05T17:42:32+00:00","dateModified":"2009-09-05T17:42:32+00:00","author":{"@id":"https:\/\/www.visit-ulcinj.com\/blog\/#\/schema\/person\/dcab619c614d3038751c63bc2aadc06d"},"description":"Podgorica - Predsjednik podgori?kog Privrednog suda Dragan Rako?evi? presudio je na \u0161tetu danilovgradske kompanije Montemlin \u0160ajo u sporu o privatizaciji","breadcrumb":{"@id":"https:\/\/www.visit-ulcinj.com\/blog\/2009\/09\/05\/rakcevic-gubi-bitku-za-otrant\/#breadcrumb"},"inLanguage":"en-US","potentialAction":[{"@type":"ReadAction","target":["https:\/\/www.visit-ulcinj.com\/blog\/2009\/09\/05\/rakcevic-gubi-bitku-za-otrant\/"]}]},{"@type":"BreadcrumbList","@id":"https:\/\/www.visit-ulcinj.com\/blog\/2009\/09\/05\/rakcevic-gubi-bitku-za-otrant\/#breadcrumb","itemListElement":[{"@type":"ListItem","position":1,"name":"Rak?evi? gubi bitku za Otrant"}]},{"@type":"Person","@id":"https:\/\/www.visit-ulcinj.com\/blog\/#\/schema\/person\/dcab619c614d3038751c63bc2aadc06d","name":"ulqini","sameAs":["http:\/\/www.visit-ulcinj.com"],"url":"https:\/\/www.visit-ulcinj.com\/blog\/author\/admin\/"}]}},"jetpack_featured_media_url":"","jetpack_sharing_enabled":true,"jetpack_shortlink":"https:\/\/wp.me\/pe6lTn-6At","_links":{"self":[{"href":"https:\/\/www.visit-ulcinj.com\/blog\/wp-json\/wp\/v2\/posts\/25325"}],"collection":[{"href":"https:\/\/www.visit-ulcinj.com\/blog\/wp-json\/wp\/v2\/posts"}],"about":[{"href":"https:\/\/www.visit-ulcinj.com\/blog\/wp-json\/wp\/v2\/types\/post"}],"author":[{"embeddable":true,"href":"https:\/\/www.visit-ulcinj.com\/blog\/wp-json\/wp\/v2\/users\/1"}],"replies":[{"embeddable":true,"href":"https:\/\/www.visit-ulcinj.com\/blog\/wp-json\/wp\/v2\/comments?post=25325"}],"version-history":[{"count":0,"href":"https:\/\/www.visit-ulcinj.com\/blog\/wp-json\/wp\/v2\/posts\/25325\/revisions"}],"wp:attachment":[{"href":"https:\/\/www.visit-ulcinj.com\/blog\/wp-json\/wp\/v2\/media?parent=25325"}],"wp:term":[{"taxonomy":"category","embeddable":true,"href":"https:\/\/www.visit-ulcinj.com\/blog\/wp-json\/wp\/v2\/categories?post=25325"},{"taxonomy":"post_tag","embeddable":true,"href":"https:\/\/www.visit-ulcinj.com\/blog\/wp-json\/wp\/v2\/tags?post=25325"}],"curies":[{"name":"wp","href":"https:\/\/api.w.org\/{rel}","templated":true}]}}