{"id":25361,"date":"2009-09-05T21:47:40","date_gmt":"2009-09-05T19:47:40","guid":{"rendered":"http:\/\/www.visit-ulcinj.com\/blog\/?p=25361"},"modified":"2009-09-05T21:47:40","modified_gmt":"2009-09-05T19:47:40","slug":"kbulqini-ne-turne-nderkombetar-ne-prizren","status":"publish","type":"post","link":"https:\/\/www.visit-ulcinj.com\/blog\/2009\/09\/05\/kbulqini-ne-turne-nderkombetar-ne-prizren\/","title":{"rendered":"KB&#8221;Ulqini&#8221; n\u00eb turne nd\u00ebrkomb\u00ebtar n\u00eb Prizren"},"content":{"rendered":"<address><a href=\"http:\/\/www.visit-ulcinj.com\/blog\/wp-content\/uploads\/2009\/08\/Klubi-i-Basketbollit-%E2%80%9CUlqini%E2%80%9D.jpg\"><img loading=\"lazy\" class=\"alignnone\" src=\"http:\/\/www.visit-ulcinj.com\/blog\/wp-content\/uploads\/2009\/08\/Klubi-i-Basketbollit-%E2%80%9CUlqini%E2%80%9D.jpg\" alt=\"\" width=\"580\" height=\"400\" \/><\/a><strong>Skuadra e Bashkimit do ta organizoj prej 25 e deri m\u00eb 27 shtator turneun nd\u00ebrkomb\u00ebtar t\u00eb basketbollit, \u201cFair Play\u201d. P\u00ebrve\u00e7 nikoqirit, n\u00eb k\u00ebt\u00eb turne do t\u00eb marrin pjes\u00eb edhe Sigal Prishtina, Vardari dhe Ulqini. <\/strong><\/address>\n<address><strong><br \/>\n<\/strong><\/address>\n<p>Skuadra e prizrenase, Bashkimi nga Prizreni do ta organizoj\u00eb p\u00ebr her\u00eb t\u00eb par\u00eb turneun nd\u00ebrkomb\u00ebtar t\u00eb basketbollit, \u201cFair Play\u201d.<\/p>\n<p>P\u00ebrve\u00e7 organizatorit, Bashkimit, n\u00eb k\u00ebt\u00eb turne do t\u00eb marrin pjes\u00eb edhe Sigal Prishtina, Ulqini nga Mali i Zi dhe Vardari nga Maqedonia.<\/p>\n<p>\u201cPjes\u00ebmarrjen n\u00eb k\u00ebt\u00eb ngjarje sportive e kan\u00eb konfirmuar tri klubet e<br \/>\nnjohura t\u00eb basketbollit n\u00eb regjion: Ulqini nga Ulqini i Malit t\u00eb Zi, Vardari nga Shkupi<br \/>\ni Maqedonis\u00eb, Sigal Prishtina si kampion i Republik\u00ebs s\u00eb Kosov\u00ebs dhe Bashkimi si n\u00ebnkampion i shtetit\u201d, thuhet n\u00eb nj\u00eb komunikat\u00eb t\u00eb l\u00ebshuar p\u00ebr media nga Bashkimi.<\/p>\n<p>\u201cQ\u00ebllimi primar i mbajtjes s\u00eb k\u00ebtij turneu \u00ebsht\u00eb t\u2019i ofroj\u00eb rinis\u00eb son\u00eb mund\u00ebsin\u00eb t\u00eb garoj\u00eb dhe t\u00eb krijoj\u00eb miq\u00ebsi brenda aren\u00ebs s\u00eb sportit t\u00eb basketbollit\u201d, thuhet m\u00eb tej n\u00eb k\u00ebt\u00eb komunikat\u00eb, n\u00eb t\u00eb cil\u00ebn theksohet se Bashkimi \u00ebsht\u00eb i angazhuar q\u00eb ta b\u00ebj\u00eb k\u00ebt\u00eb turne nj\u00eb ngjarje t\u00eb p\u00eblqyeshme sportive.<\/p>\n<p>Turneu do t\u00eb mbahet n\u00eb palestr\u00ebn sportive \u201cSezai Surroi\u201d n\u00eb Prizren prej 25 e deri m\u00eb 27 shtator.<\/p>\n<p>T\u00eb gjitha ndeshjet do t\u00eb zhvillohen n\u00eb baz\u00eb t\u00eb rregullave t\u00eb FIBA-s dhe ato mund t\u00eb ndryshohen vet\u00ebm n\u00ebse vendos organizatori. Nd\u00ebrsa secila skuad\u00ebr do t\u2019i zhvilloj\u00eb nga tri ndeshje dhe n\u00eb fund m\u00ebsohet emri i ekipit fitues.<\/p>\n<p><strong>Gazeta Express<\/strong><\/p>\n<p><strong>\n\t\t<style type=\"text\/css\">\n\t\t\t#gallery-1 {\n\t\t\t\tmargin: auto;\n\t\t\t}\n\t\t\t#gallery-1 .gallery-item {\n\t\t\t\tfloat: left;\n\t\t\t\tmargin-top: 10px;\n\t\t\t\ttext-align: center;\n\t\t\t\twidth: 33%;\n\t\t\t}\n\t\t\t#gallery-1 img {\n\t\t\t\tborder: 2px solid #cfcfcf;\n\t\t\t}\n\t\t\t#gallery-1 .gallery-caption {\n\t\t\t\tmargin-left: 0;\n\t\t\t}\n\t\t\t\/* see gallery_shortcode() in wp-includes\/media.php *\/\n\t\t<\/style>\n\t\t<div id='gallery-1' class='gallery galleryid-25361 gallery-columns-3 gallery-size-thumbnail'><dl class='gallery-item'>\n\t\t\t<dt class='gallery-icon landscape'>\n\t\t\t\t<a href='https:\/\/www.visit-ulcinj.com\/blog\/wp-content\/uploads\/2009\/09\/Basketball-team-Ulcinj-Ulqin-Montenegro_8.jpg'><img width=\"150\" height=\"150\" src=\"https:\/\/www.visit-ulcinj.com\/blog\/wp-content\/uploads\/2009\/09\/Basketball-team-Ulcinj-Ulqin-Montenegro_8-150x150.jpg\" class=\"attachment-thumbnail size-thumbnail\" alt=\"\" loading=\"lazy\" \/><\/a>\n\t\t\t<\/dt><\/dl><dl class='gallery-item'>\n\t\t\t<dt class='gallery-icon landscape'>\n\t\t\t\t<a href='https:\/\/www.visit-ulcinj.com\/blog\/wp-content\/uploads\/2009\/09\/Basketball-team-Ulcinj-Ulqin-Montenegro_1.jpg'><img width=\"150\" height=\"150\" src=\"https:\/\/www.visit-ulcinj.com\/blog\/wp-content\/uploads\/2009\/09\/Basketball-team-Ulcinj-Ulqin-Montenegro_1-150x150.jpg\" class=\"attachment-thumbnail size-thumbnail\" alt=\"\" loading=\"lazy\" \/><\/a>\n\t\t\t<\/dt><\/dl><dl class='gallery-item'>\n\t\t\t<dt class='gallery-icon landscape'>\n\t\t\t\t<a href='https:\/\/www.visit-ulcinj.com\/blog\/wp-content\/uploads\/2009\/09\/Basketball-team-Ulcinj-Ulqin-Montenegro_2.jpg'><img width=\"150\" height=\"150\" src=\"https:\/\/www.visit-ulcinj.com\/blog\/wp-content\/uploads\/2009\/09\/Basketball-team-Ulcinj-Ulqin-Montenegro_2-150x150.jpg\" class=\"attachment-thumbnail size-thumbnail\" alt=\"\" loading=\"lazy\" \/><\/a>\n\t\t\t<\/dt><\/dl><br style=\"clear: both\" \/><dl class='gallery-item'>\n\t\t\t<dt class='gallery-icon landscape'>\n\t\t\t\t<a href='https:\/\/www.visit-ulcinj.com\/blog\/wp-content\/uploads\/2009\/09\/Basketball-team-Ulcinj-Ulqin-Montenegro_4.jpg'><img width=\"150\" height=\"150\" src=\"https:\/\/www.visit-ulcinj.com\/blog\/wp-content\/uploads\/2009\/09\/Basketball-team-Ulcinj-Ulqin-Montenegro_4-150x150.jpg\" class=\"attachment-thumbnail size-thumbnail\" alt=\"\" loading=\"lazy\" \/><\/a>\n\t\t\t<\/dt><\/dl><dl class='gallery-item'>\n\t\t\t<dt class='gallery-icon landscape'>\n\t\t\t\t<a href='https:\/\/www.visit-ulcinj.com\/blog\/wp-content\/uploads\/2009\/09\/Basketball-team-Ulcinj-Ulqin-Montenegro_5.jpg'><img width=\"150\" height=\"150\" src=\"https:\/\/www.visit-ulcinj.com\/blog\/wp-content\/uploads\/2009\/09\/Basketball-team-Ulcinj-Ulqin-Montenegro_5-150x150.jpg\" class=\"attachment-thumbnail size-thumbnail\" alt=\"\" loading=\"lazy\" \/><\/a>\n\t\t\t<\/dt><\/dl><dl class='gallery-item'>\n\t\t\t<dt class='gallery-icon landscape'>\n\t\t\t\t<a href='https:\/\/www.visit-ulcinj.com\/blog\/wp-content\/uploads\/2009\/09\/Basketball-team-Ulcinj-Ulqin-Montenegro_6.jpg'><img width=\"150\" height=\"150\" src=\"https:\/\/www.visit-ulcinj.com\/blog\/wp-content\/uploads\/2009\/09\/Basketball-team-Ulcinj-Ulqin-Montenegro_6-150x150.jpg\" class=\"attachment-thumbnail size-thumbnail\" alt=\"\" loading=\"lazy\" \/><\/a>\n\t\t\t<\/dt><\/dl><br style=\"clear: both\" \/><dl class='gallery-item'>\n\t\t\t<dt class='gallery-icon landscape'>\n\t\t\t\t<a href='https:\/\/www.visit-ulcinj.com\/blog\/wp-content\/uploads\/2009\/09\/Basketball-team-Ulcinj-Ulqin-Montenegro_7.jpg'><img width=\"150\" height=\"150\" src=\"https:\/\/www.visit-ulcinj.com\/blog\/wp-content\/uploads\/2009\/09\/Basketball-team-Ulcinj-Ulqin-Montenegro_7-150x150.jpg\" class=\"attachment-thumbnail size-thumbnail\" alt=\"\" loading=\"lazy\" \/><\/a>\n\t\t\t<\/dt><\/dl><dl class='gallery-item'>\n\t\t\t<dt class='gallery-icon landscape'>\n\t\t\t\t<a href='https:\/\/www.visit-ulcinj.com\/blog\/wp-content\/uploads\/2009\/09\/Basketball-team-Ulcinj-Ulqin-Montenegro_9.jpg'><img width=\"150\" height=\"150\" src=\"https:\/\/www.visit-ulcinj.com\/blog\/wp-content\/uploads\/2009\/09\/Basketball-team-Ulcinj-Ulqin-Montenegro_9-150x150.jpg\" class=\"attachment-thumbnail size-thumbnail\" alt=\"\" loading=\"lazy\" \/><\/a>\n\t\t\t<\/dt><\/dl><dl class='gallery-item'>\n\t\t\t<dt class='gallery-icon landscape'>\n\t\t\t\t<a href='https:\/\/www.visit-ulcinj.com\/blog\/wp-content\/uploads\/2009\/09\/Basketball-team-Ulcinj-Ulqin-Montenegro_10.jpg'><img width=\"150\" height=\"150\" src=\"https:\/\/www.visit-ulcinj.com\/blog\/wp-content\/uploads\/2009\/09\/Basketball-team-Ulcinj-Ulqin-Montenegro_10-150x150.jpg\" class=\"attachment-thumbnail size-thumbnail\" alt=\"\" loading=\"lazy\" \/><\/a>\n\t\t\t<\/dt><\/dl><br style=\"clear: both\" \/>\n\t\t<\/div>\n<\/p>\n<p><\/strong><\/p>\n<p><strong><!--YouTube Error: bad URL entered--><br \/>\n<\/strong><\/p>\n","protected":false},"excerpt":{"rendered":"<p>Skuadra e Bashkimit do ta organizoj prej 25 e deri m\u00eb 27 shtator turneun nd\u00ebrkomb\u00ebtar t\u00eb basketbollit, \u201cFair Play\u201d. P\u00ebrve\u00e7 nikoqirit, n\u00eb k\u00ebt\u00eb turne do t\u00eb marrin pjes\u00eb edhe Sigal Prishtina, Vardari dhe Ulqini. Skuadra e prizrenase, Bashkimi nga Prizreni do ta organizoj\u00eb p\u00ebr her\u00eb t\u00eb par\u00eb turneun nd\u00ebrkomb\u00ebtar t\u00eb basketbollit, \u201cFair Play\u201d. P\u00ebrve\u00e7 organizatorit, [&hellip;]<\/p>\n","protected":false},"author":1,"featured_media":0,"comment_status":"open","ping_status":"closed","sticky":false,"template":"","format":"standard","meta":{"spay_email":"","jetpack_publicize_message":"","jetpack_is_tweetstorm":false,"jetpack_publicize_feature_enabled":true},"categories":[3],"tags":[12411,12407,12410,12230,12408,12409],"jetpack_publicize_connections":[],"yoast_head":"<!-- This site is optimized with the Yoast SEO plugin v19.1 - https:\/\/yoast.com\/wordpress\/plugins\/seo\/ -->\n<title>KB&quot;Ulqini&quot; n\u00eb turne nd\u00ebrkomb\u00ebtar n\u00eb Prizren - Lajme nga Ulqini<\/title>\n<meta name=\"description\" content=\"Skuadra e Bashkimit do ta organizoj prej 25 e deri m\u00eb 27 shtator turneun nd\u00ebrkomb\u00ebtar t\u00eb basketbollit, \u201cFair Play\u201d. P\u00ebrve\u00e7 nikoqirit, n\u00eb k\u00ebt\u00eb turne do t\u00eb\" \/>\n<meta name=\"robots\" content=\"index, follow, max-snippet:-1, max-image-preview:large, max-video-preview:-1\" \/>\n<link rel=\"canonical\" href=\"https:\/\/www.visit-ulcinj.com\/blog\/2009\/09\/05\/kbulqini-ne-turne-nderkombetar-ne-prizren\/\" \/>\n<meta property=\"og:locale\" content=\"en_US\" \/>\n<meta property=\"og:type\" content=\"article\" \/>\n<meta property=\"og:title\" content=\"KB&quot;Ulqini&quot; n\u00eb turne nd\u00ebrkomb\u00ebtar n\u00eb Prizren - Lajme nga Ulqini\" \/>\n<meta property=\"og:description\" content=\"Skuadra e Bashkimit do ta organizoj prej 25 e deri m\u00eb 27 shtator turneun nd\u00ebrkomb\u00ebtar t\u00eb basketbollit, \u201cFair Play\u201d. P\u00ebrve\u00e7 nikoqirit, n\u00eb k\u00ebt\u00eb turne do t\u00eb\" \/>\n<meta property=\"og:url\" content=\"https:\/\/www.visit-ulcinj.com\/blog\/2009\/09\/05\/kbulqini-ne-turne-nderkombetar-ne-prizren\/\" \/>\n<meta property=\"og:site_name\" content=\"Lajme nga Ulqini\" \/>\n<meta property=\"article:published_time\" content=\"2009-09-05T19:47:40+00:00\" \/>\n<meta property=\"og:image\" content=\"https:\/\/www.visit-ulcinj.com\/blog\/wp-content\/uploads\/2009\/09\/Basketball-team-Ulcinj-Ulqin-Montenegro_8-150x150.jpg\" \/>\n<meta name=\"twitter:label1\" content=\"Written by\" \/>\n\t<meta name=\"twitter:data1\" content=\"ulqini\" \/>\n\t<meta name=\"twitter:label2\" content=\"Est. reading time\" \/>\n\t<meta name=\"twitter:data2\" content=\"1 minute\" \/>\n<script type=\"application\/ld+json\" class=\"yoast-schema-graph\">{\"@context\":\"https:\/\/schema.org\",\"@graph\":[{\"@type\":\"WebSite\",\"@id\":\"https:\/\/www.visit-ulcinj.com\/blog\/#website\",\"url\":\"https:\/\/www.visit-ulcinj.com\/blog\/\",\"name\":\"Lajme nga Ulqini\",\"description\":\"Lajme,Vijesti,Ulqini,Ulqin,Crna Gora,Mali i Zi\",\"potentialAction\":[{\"@type\":\"SearchAction\",\"target\":{\"@type\":\"EntryPoint\",\"urlTemplate\":\"https:\/\/www.visit-ulcinj.com\/blog\/?s={search_term_string}\"},\"query-input\":\"required name=search_term_string\"}],\"inLanguage\":\"en-US\"},{\"@type\":\"ImageObject\",\"inLanguage\":\"en-US\",\"@id\":\"https:\/\/www.visit-ulcinj.com\/blog\/2009\/09\/05\/kbulqini-ne-turne-nderkombetar-ne-prizren\/#primaryimage\",\"url\":\"http:\/\/www.visit-ulcinj.com\/blog\/wp-content\/uploads\/2009\/08\/Klubi-i-Basketbollit-%E2%80%9CUlqini%E2%80%9D.jpg\",\"contentUrl\":\"http:\/\/www.visit-ulcinj.com\/blog\/wp-content\/uploads\/2009\/08\/Klubi-i-Basketbollit-%E2%80%9CUlqini%E2%80%9D.jpg\"},{\"@type\":\"WebPage\",\"@id\":\"https:\/\/www.visit-ulcinj.com\/blog\/2009\/09\/05\/kbulqini-ne-turne-nderkombetar-ne-prizren\/#webpage\",\"url\":\"https:\/\/www.visit-ulcinj.com\/blog\/2009\/09\/05\/kbulqini-ne-turne-nderkombetar-ne-prizren\/\",\"name\":\"KB\\\"Ulqini\\\" n\u00eb turne nd\u00ebrkomb\u00ebtar n\u00eb Prizren - Lajme nga Ulqini\",\"isPartOf\":{\"@id\":\"https:\/\/www.visit-ulcinj.com\/blog\/#website\"},\"primaryImageOfPage\":{\"@id\":\"https:\/\/www.visit-ulcinj.com\/blog\/2009\/09\/05\/kbulqini-ne-turne-nderkombetar-ne-prizren\/#primaryimage\"},\"datePublished\":\"2009-09-05T19:47:40+00:00\",\"dateModified\":\"2009-09-05T19:47:40+00:00\",\"author\":{\"@id\":\"https:\/\/www.visit-ulcinj.com\/blog\/#\/schema\/person\/dcab619c614d3038751c63bc2aadc06d\"},\"description\":\"Skuadra e Bashkimit do ta organizoj prej 25 e deri m\u00eb 27 shtator turneun nd\u00ebrkomb\u00ebtar t\u00eb basketbollit, \u201cFair Play\u201d. P\u00ebrve\u00e7 nikoqirit, n\u00eb k\u00ebt\u00eb turne do t\u00eb\",\"breadcrumb\":{\"@id\":\"https:\/\/www.visit-ulcinj.com\/blog\/2009\/09\/05\/kbulqini-ne-turne-nderkombetar-ne-prizren\/#breadcrumb\"},\"inLanguage\":\"en-US\",\"potentialAction\":[{\"@type\":\"ReadAction\",\"target\":[\"https:\/\/www.visit-ulcinj.com\/blog\/2009\/09\/05\/kbulqini-ne-turne-nderkombetar-ne-prizren\/\"]}]},{\"@type\":\"BreadcrumbList\",\"@id\":\"https:\/\/www.visit-ulcinj.com\/blog\/2009\/09\/05\/kbulqini-ne-turne-nderkombetar-ne-prizren\/#breadcrumb\",\"itemListElement\":[{\"@type\":\"ListItem\",\"position\":1,\"name\":\"KB&#8221;Ulqini&#8221; n\u00eb turne nd\u00ebrkomb\u00ebtar n\u00eb Prizren\"}]},{\"@type\":\"Person\",\"@id\":\"https:\/\/www.visit-ulcinj.com\/blog\/#\/schema\/person\/dcab619c614d3038751c63bc2aadc06d\",\"name\":\"ulqini\",\"sameAs\":[\"http:\/\/www.visit-ulcinj.com\"],\"url\":\"https:\/\/www.visit-ulcinj.com\/blog\/author\/admin\/\"}]}<\/script>\n<!-- \/ Yoast SEO plugin. -->","yoast_head_json":{"title":"KB\"Ulqini\" n\u00eb turne nd\u00ebrkomb\u00ebtar n\u00eb Prizren - Lajme nga Ulqini","description":"Skuadra e Bashkimit do ta organizoj prej 25 e deri m\u00eb 27 shtator turneun nd\u00ebrkomb\u00ebtar t\u00eb basketbollit, \u201cFair Play\u201d. P\u00ebrve\u00e7 nikoqirit, n\u00eb k\u00ebt\u00eb turne do t\u00eb","robots":{"index":"index","follow":"follow","max-snippet":"max-snippet:-1","max-image-preview":"max-image-preview:large","max-video-preview":"max-video-preview:-1"},"canonical":"https:\/\/www.visit-ulcinj.com\/blog\/2009\/09\/05\/kbulqini-ne-turne-nderkombetar-ne-prizren\/","og_locale":"en_US","og_type":"article","og_title":"KB\"Ulqini\" n\u00eb turne nd\u00ebrkomb\u00ebtar n\u00eb Prizren - Lajme nga Ulqini","og_description":"Skuadra e Bashkimit do ta organizoj prej 25 e deri m\u00eb 27 shtator turneun nd\u00ebrkomb\u00ebtar t\u00eb basketbollit, \u201cFair Play\u201d. P\u00ebrve\u00e7 nikoqirit, n\u00eb k\u00ebt\u00eb turne do t\u00eb","og_url":"https:\/\/www.visit-ulcinj.com\/blog\/2009\/09\/05\/kbulqini-ne-turne-nderkombetar-ne-prizren\/","og_site_name":"Lajme nga Ulqini","article_published_time":"2009-09-05T19:47:40+00:00","og_image":[{"url":"https:\/\/www.visit-ulcinj.com\/blog\/wp-content\/uploads\/2009\/09\/Basketball-team-Ulcinj-Ulqin-Montenegro_8-150x150.jpg"}],"twitter_misc":{"Written by":"ulqini","Est. reading time":"1 minute"},"schema":{"@context":"https:\/\/schema.org","@graph":[{"@type":"WebSite","@id":"https:\/\/www.visit-ulcinj.com\/blog\/#website","url":"https:\/\/www.visit-ulcinj.com\/blog\/","name":"Lajme nga Ulqini","description":"Lajme,Vijesti,Ulqini,Ulqin,Crna Gora,Mali i Zi","potentialAction":[{"@type":"SearchAction","target":{"@type":"EntryPoint","urlTemplate":"https:\/\/www.visit-ulcinj.com\/blog\/?s={search_term_string}"},"query-input":"required name=search_term_string"}],"inLanguage":"en-US"},{"@type":"ImageObject","inLanguage":"en-US","@id":"https:\/\/www.visit-ulcinj.com\/blog\/2009\/09\/05\/kbulqini-ne-turne-nderkombetar-ne-prizren\/#primaryimage","url":"http:\/\/www.visit-ulcinj.com\/blog\/wp-content\/uploads\/2009\/08\/Klubi-i-Basketbollit-%E2%80%9CUlqini%E2%80%9D.jpg","contentUrl":"http:\/\/www.visit-ulcinj.com\/blog\/wp-content\/uploads\/2009\/08\/Klubi-i-Basketbollit-%E2%80%9CUlqini%E2%80%9D.jpg"},{"@type":"WebPage","@id":"https:\/\/www.visit-ulcinj.com\/blog\/2009\/09\/05\/kbulqini-ne-turne-nderkombetar-ne-prizren\/#webpage","url":"https:\/\/www.visit-ulcinj.com\/blog\/2009\/09\/05\/kbulqini-ne-turne-nderkombetar-ne-prizren\/","name":"KB\"Ulqini\" n\u00eb turne nd\u00ebrkomb\u00ebtar n\u00eb Prizren - Lajme nga Ulqini","isPartOf":{"@id":"https:\/\/www.visit-ulcinj.com\/blog\/#website"},"primaryImageOfPage":{"@id":"https:\/\/www.visit-ulcinj.com\/blog\/2009\/09\/05\/kbulqini-ne-turne-nderkombetar-ne-prizren\/#primaryimage"},"datePublished":"2009-09-05T19:47:40+00:00","dateModified":"2009-09-05T19:47:40+00:00","author":{"@id":"https:\/\/www.visit-ulcinj.com\/blog\/#\/schema\/person\/dcab619c614d3038751c63bc2aadc06d"},"description":"Skuadra e Bashkimit do ta organizoj prej 25 e deri m\u00eb 27 shtator turneun nd\u00ebrkomb\u00ebtar t\u00eb basketbollit, \u201cFair Play\u201d. P\u00ebrve\u00e7 nikoqirit, n\u00eb k\u00ebt\u00eb turne do t\u00eb","breadcrumb":{"@id":"https:\/\/www.visit-ulcinj.com\/blog\/2009\/09\/05\/kbulqini-ne-turne-nderkombetar-ne-prizren\/#breadcrumb"},"inLanguage":"en-US","potentialAction":[{"@type":"ReadAction","target":["https:\/\/www.visit-ulcinj.com\/blog\/2009\/09\/05\/kbulqini-ne-turne-nderkombetar-ne-prizren\/"]}]},{"@type":"BreadcrumbList","@id":"https:\/\/www.visit-ulcinj.com\/blog\/2009\/09\/05\/kbulqini-ne-turne-nderkombetar-ne-prizren\/#breadcrumb","itemListElement":[{"@type":"ListItem","position":1,"name":"KB&#8221;Ulqini&#8221; n\u00eb turne nd\u00ebrkomb\u00ebtar n\u00eb Prizren"}]},{"@type":"Person","@id":"https:\/\/www.visit-ulcinj.com\/blog\/#\/schema\/person\/dcab619c614d3038751c63bc2aadc06d","name":"ulqini","sameAs":["http:\/\/www.visit-ulcinj.com"],"url":"https:\/\/www.visit-ulcinj.com\/blog\/author\/admin\/"}]}},"jetpack_featured_media_url":"","jetpack_sharing_enabled":true,"jetpack_shortlink":"https:\/\/wp.me\/pe6lTn-6B3","_links":{"self":[{"href":"https:\/\/www.visit-ulcinj.com\/blog\/wp-json\/wp\/v2\/posts\/25361"}],"collection":[{"href":"https:\/\/www.visit-ulcinj.com\/blog\/wp-json\/wp\/v2\/posts"}],"about":[{"href":"https:\/\/www.visit-ulcinj.com\/blog\/wp-json\/wp\/v2\/types\/post"}],"author":[{"embeddable":true,"href":"https:\/\/www.visit-ulcinj.com\/blog\/wp-json\/wp\/v2\/users\/1"}],"replies":[{"embeddable":true,"href":"https:\/\/www.visit-ulcinj.com\/blog\/wp-json\/wp\/v2\/comments?post=25361"}],"version-history":[{"count":0,"href":"https:\/\/www.visit-ulcinj.com\/blog\/wp-json\/wp\/v2\/posts\/25361\/revisions"}],"wp:attachment":[{"href":"https:\/\/www.visit-ulcinj.com\/blog\/wp-json\/wp\/v2\/media?parent=25361"}],"wp:term":[{"taxonomy":"category","embeddable":true,"href":"https:\/\/www.visit-ulcinj.com\/blog\/wp-json\/wp\/v2\/categories?post=25361"},{"taxonomy":"post_tag","embeddable":true,"href":"https:\/\/www.visit-ulcinj.com\/blog\/wp-json\/wp\/v2\/tags?post=25361"}],"curies":[{"name":"wp","href":"https:\/\/api.w.org\/{rel}","templated":true}]}}