{"id":25374,"date":"2009-09-06T17:16:37","date_gmt":"2009-09-06T15:16:37","guid":{"rendered":"http:\/\/www.visit-ulcinj.com\/blog\/?p=25374"},"modified":"2009-09-10T19:45:29","modified_gmt":"2009-09-10T17:45:29","slug":"mali-i-zi-pergatitet-per-marrjen-e-ulqinit","status":"publish","type":"post","link":"https:\/\/www.visit-ulcinj.com\/blog\/2009\/09\/06\/mali-i-zi-pergatitet-per-marrjen-e-ulqinit\/","title":{"rendered":"Mali i Zi p\u00ebrgatitet p\u00ebr marrjen e Ulqinit"},"content":{"rendered":"<p><strong><a href=\"http:\/\/www.visit-ulcinj.com\/blog\/wp-content\/uploads\/2009\/09\/Beteja-e-Ulqinit-dhe-dorezimi_.jpg\"><img loading=\"lazy\" class=\"alignleft size-full wp-image-25375\" title=\"Beteja e Ulqinit dhe dorezimi_\" src=\"http:\/\/www.visit-ulcinj.com\/blog\/wp-content\/uploads\/2009\/09\/Beteja-e-Ulqinit-dhe-dorezimi_.jpg\" alt=\"Beteja e Ulqinit dhe dorezimi_\" width=\"570\" height=\"502\" \/><\/a>ULQINI N\u00cb VITET E LIDHJES SHQIPTARE T\u00cb PRIZRENIT 1878-1881 (34)<\/strong><br \/>\nMinistri i Pun\u00ebve t\u00eb Jashtme i Perandoris\u00eb Osmane kishte njoftuar se ishin krijuar t\u00eb gjitha kushtet p\u00ebr t\u2019ia l\u00ebshuar Malit t\u00eb Zi Ulqinin me rrethina. P\u00ebr ta realizuar k\u00ebt\u00eb vendim, Riza pasha u urdh\u00ebrua t\u2019ia dor\u00ebzoj\u00eb menj\u00ebher\u00eb Malit t\u00eb Zi Ulqinin sipas nj\u00eb harte n\u00eb t\u00eb cil\u00ebn ishte caktuar vija e kufirit q\u00eb ambasada gjermane n\u00eb Stamboll, n\u00eb em\u00ebr t\u00eb vendeve n\u00ebnshkruese, qysh m\u00eb par\u00eb ia kishte dh\u00ebn\u00eb Port\u00ebs s\u00eb Lart\u00eb. Qe shkuar edhe n\u00eb detajizimin e zbatimit t\u00eb vendimit. Ambasadori i Perandoris\u00eb Osmane n\u00eb Cetin\u00eb qe ngarkuar t\u2019i kumtonte Krajl Nikoll\u00ebs q\u00eb t\u00eb jepte emrat e oficer\u00ebve t\u00eb Malit t\u00eb Zi t\u00eb cil\u00ebve do t\u2019u dor\u00ebzohej Ulqini me rrethina.<br \/>\nSipas Port\u00ebs s\u00eb Lart\u00eb, dor\u00ebzimi i Ulqinit duhej t\u00eb b\u00ebhej n\u00eb p\u00ebrputhje me kufirin e sh\u00ebnuar n\u00eb hart\u00ebn q\u00eb e kishin propozuar Fuqit\u00eb e M\u00ebdha, me kusht q\u00eb vija e kufirit n\u00eb an\u00ebn e Podgoric\u00ebs dhe t\u00eb Liqenit t\u00eb Shkodr\u00ebs t\u00eb p\u00ebrcaktohej mbi gjendjen e statu quo-s\u00eb. K\u00ebrkohej q\u00eb posa t\u00eb merrej vendimi p\u00ebr k\u00ebt\u00eb, t\u2019i kumtoheshin komandantit t\u00eb Shkodr\u00ebs, gjeneral Riza pash\u00ebs udh\u00ebzimet e hartuara n\u00eb p\u00ebrputhje me k\u00ebt\u00eb. Kjo \u00e7\u00ebshtje iu kumtua ambasador\u00ebve t\u00eb Fuqive t\u00eb M\u00ebdha nga Ministria e Pun\u00ebve t\u00eb Jashtme t\u00eb Perandoris\u00eb Osmane. Ishte me r\u00ebnd\u00ebsi q\u00eb t\u00eb shqyrtoheshin m\u00ebnyrat se si duhej vepruar p\u00ebr t\u2019i b\u00ebr\u00eb Fuqit\u00eb e M\u00ebdha t\u00eb hiqnin dor\u00eb nga demonstrimi i forc\u00ebs n\u00eb det. Nga njoftimi i sulltanit kuptohej se, pa u pranuar nga Fuqit\u00eb e M\u00ebdha gjendja e statu quo-s\u00eb dhe pa u caktuar pikat q\u00eb do t\u00eb mbeteshin n\u00eb duart e shqiptar\u00ebve, ai nuk do t\u00eb mund t\u00eb merrte nj\u00eb hap t\u00eb till\u00eb. Nga kumtimet e Granvilit, ministrit t\u00eb Pun\u00ebve t\u00eb Jashtme t\u00eb Anglis\u00eb, b\u00ebhej me dije se nuk kishte rrug\u00eb tjet\u00ebr p\u00ebr ndalimin e demonstrat\u00ebs detare ve\u00e7 asaj q\u00eb t\u2019i dor\u00ebzoheshin Malit t\u00eb Zi Ulqini me rrethina.<br \/>\nM\u00eb von\u00eb, ministri i Pun\u00ebve t\u00eb Jashtme i Perandoris\u00eb Osmane kishte njoftuar se ishin krijuar t\u00eb gjitha kushtet p\u00ebr t\u2019ia l\u00ebshuar Malit t\u00eb Zi Ulqinin me rrethina. P\u00ebr ta realizuar k\u00ebt\u00eb vendim, Riza pasha u urdh\u00ebrua t\u2019ia dor\u00ebzoj\u00eb menj\u00ebher\u00eb Malit t\u00eb Zi Ulqinin sipas nj\u00eb harte n\u00eb t\u00eb cil\u00ebn ishte caktuar vija e kufirit q\u00eb ambasada gjermane n\u00eb Stamboll, n\u00eb em\u00ebr t\u00eb vendeve n\u00ebnshkruese, qysh m\u00eb par\u00eb ia kishte dh\u00ebn\u00eb Port\u00ebs s\u00eb Lart\u00eb. Qe shkuar edhe n\u00eb detajizimin e zbatimit t\u00eb vendimit. Ambasadori i Perandoris\u00eb Osmane n\u00eb Cetin\u00eb qe ngarkuar t\u2019i kumtonte Kralj Nikoll\u00ebs q\u00eb t\u00eb jepte emrat e oficer\u00ebve t\u00eb Malit t\u00eb Zi t\u00eb cil\u00ebve do t\u2019u dor\u00ebzohej Ulqini me rrethina.<br \/>\nP\u00ebrfaq\u00ebsuesi i Britanis\u00eb s\u00eb Madhe n\u00eb Cetin\u00eb, Grini, kishte marr\u00eb urdh\u00ebr nga qeveria e tij q\u00eb t\u00eb intervenonte te qeveria malazeze q\u00eb t\u00eb merrte masa p\u00ebr marrjen e Ulqinit. N\u00eb shkres\u00ebn q\u00eb e kishte d\u00ebrguar Grini thuhej se shum\u00eb vullnetar\u00eb shqiptar\u00eb po shkonin p\u00ebr Mozhurr, prandaj ishte krijuar nj\u00eb situat\u00eb q\u00eb nuk duronte shtyrjen e afatit. K\u00ebtij intervenimi iu bashkua edhe p\u00ebrfaq\u00ebsuesi francez n\u00eb Cetin\u00eb.<br \/>\nThirrjes s\u00eb diplomat\u00ebve anglez\u00eb dhe francez\u00eb iu p\u00ebrgjigj ministri i Pun\u00ebve t\u00eb Jashtme t\u00eb Malit t\u00eb Zi, Stanko Radonjiqi, dhe i njoftoi se forcat ushtarake malazeze ishin t\u00eb gatshme t\u00eb marshonin p\u00ebr n\u00eb Ulqin. Mir\u00ebpo, ai k\u00ebrkonte garanci prej tyre dhe zotohej se, n\u00eb qoft\u00eb se Porta e Lart\u00eb do ta dor\u00ebzonte Ulqinin, Mali i Zi do t\u00eb ishte gati q\u00eb p\u00ebr tet\u00eb dit\u00eb t\u00eb hyj\u00eb n\u00eb qytet, diku m\u00eb 15 shtator 1880, p\u00ebrndryshe i duhet nj\u00eb afat m\u00eb i gjat\u00eb. Po qe se duhet t\u00eb merret me luft\u00eb, at\u00ebher\u00eb flota nd\u00ebrkomb\u00ebtare duhet t\u00eb jet\u00eb gati p\u00ebr ta ndihmuar.<br \/>\nP\u00ebr t\u2019ua thyer mendjen vullnetar\u00ebve shqiptar\u00eb q\u00eb t\u00eb mos vazhdonin me rezistenc\u00ebn p\u00ebr mbrojtjen e Ulqinit me rrethina, Porta e Lart\u00eb p\u00ebrdorte metoda t\u00eb ndryshme. \u00cbsht\u00eb e njohur biseda telegrafike q\u00eb m\u00eb 8 shtator 1880 e b\u00ebri ministri i luft\u00ebs i Perandoris\u00eb Osmane, Hysen Hysni pasha, me udh\u00ebheq\u00ebsit e deg\u00ebs s\u00eb Shkodr\u00ebs. Ai p\u00ebrmes bised\u00ebs, duke p\u00ebrdorur shprehjet m\u00eb adekuate q\u00eb i p\u00ebrgjigjeshin momentit, ushtroi nj\u00eb presion t\u00eb hapur politik. I akuzoi krer\u00ebt shkodran\u00eb se po i nxisin vullnetar\u00ebt q\u00eb t\u00eb shkonin n\u00eb mbrojtjen e Ulqinit dhe se nuk po respektojn\u00eb urdhrin e sulltanit. Sipas tij, ky hap i vullnetar\u00ebve do ta acaroj\u00eb situat\u00ebn. P\u00ebrmes bised\u00ebs k\u00ebrkonte q\u00eb t\u00eb b\u00ebhej \u00e7mos q\u00eb Ulqini t\u00eb dor\u00ebzohej para se t\u00eb vinte flota e bashkuar nd\u00ebrkomb\u00ebtare.<br \/>\nK\u00ebto deklarata s\u2019ishin tjet\u00ebr ve\u00e7se nj\u00eb loj\u00eb diplomatike q\u00eb shkonte n\u00eb interes t\u00eb Perandoris\u00eb Osmane e jo n\u00eb t\u00eb mir\u00eb t\u00eb shqiptar\u00ebve. Mir\u00ebpo, atdhetar\u00ebt shqiptar\u00eb u p\u00ebrgjigj\u00ebn se shqiptar\u00ebt ishin nisur p\u00ebr Ulqin n\u00eb baz\u00eb t\u00eb thirrjes p\u00ebr ndihm\u00eb q\u00eb k\u00ebrkuan vet\u00eb ulqinak\u00ebt. P\u00ebrgjigjja mb\u00ebshtetej edhe n\u00eb deklarat\u00ebn e shkodran\u00ebve, si t\u00eb atyre t\u00eb p\u00ebrkat\u00ebsis\u00eb fetare myslimane ashtu edhe t\u00eb atyre katolike, n\u00eb t\u00eb cil\u00ebn thuhej: \u201cAshtu si\u00e7 ua kemi parashtruar me peticione dhe me protesta her\u00eb pas here autoriteteve t\u00eb larta, edhe k\u00ebt\u00eb her\u00eb nuk pranojm\u00eb q\u00eb Ulqini me rrethina t\u2019i l\u00ebshohet Malit t\u00eb Zi\u201d.<\/p>\n<p><strong>Mr. Riza Rexha<br \/>\nKoha Javore<\/strong><\/p>\n<p><strong><!--YouTube Error: bad URL entered--><br \/>\n<\/strong><\/p>\n","protected":false},"excerpt":{"rendered":"<p>ULQINI N\u00cb VITET E LIDHJES SHQIPTARE T\u00cb PRIZRENIT 1878-1881 (34) Ministri i Pun\u00ebve t\u00eb Jashtme i Perandoris\u00eb Osmane kishte njoftuar se ishin krijuar t\u00eb gjitha kushtet p\u00ebr t\u2019ia l\u00ebshuar Malit t\u00eb Zi Ulqinin me rrethina. P\u00ebr ta realizuar k\u00ebt\u00eb vendim, Riza pasha u urdh\u00ebrua t\u2019ia dor\u00ebzoj\u00eb menj\u00ebher\u00eb Malit t\u00eb Zi Ulqinin sipas nj\u00eb harte n\u00eb [&hellip;]<\/p>\n","protected":false},"author":1,"featured_media":0,"comment_status":"open","ping_status":"closed","sticky":false,"template":"","format":"standard","meta":{"spay_email":"","jetpack_publicize_message":"","jetpack_is_tweetstorm":false,"jetpack_publicize_feature_enabled":true},"categories":[11],"tags":[12412,12414,95,12413],"jetpack_publicize_connections":[],"yoast_head":"<!-- This site is optimized with the Yoast SEO plugin v19.1 - https:\/\/yoast.com\/wordpress\/plugins\/seo\/ -->\n<title>Mali i Zi p\u00ebrgatitet p\u00ebr marrjen e Ulqinit - Lajme nga Ulqini<\/title>\n<meta name=\"description\" content=\"ULQINI N\u00cb VITET E LIDHJES SHQIPTARE T\u00cb PRIZRENIT 1878-1881 (34) Ministri i Pun\u00ebve t\u00eb Jashtme i Perandoris\u00eb Osmane kishte njoftuar se ishin krijuar t\u00eb\" \/>\n<meta name=\"robots\" content=\"index, follow, max-snippet:-1, max-image-preview:large, max-video-preview:-1\" \/>\n<link rel=\"canonical\" href=\"https:\/\/www.visit-ulcinj.com\/blog\/2009\/09\/06\/mali-i-zi-pergatitet-per-marrjen-e-ulqinit\/\" \/>\n<meta property=\"og:locale\" content=\"en_US\" \/>\n<meta property=\"og:type\" content=\"article\" \/>\n<meta property=\"og:title\" content=\"Mali i Zi p\u00ebrgatitet p\u00ebr marrjen e Ulqinit - Lajme nga Ulqini\" \/>\n<meta property=\"og:description\" content=\"ULQINI N\u00cb VITET E LIDHJES SHQIPTARE T\u00cb PRIZRENIT 1878-1881 (34) Ministri i Pun\u00ebve t\u00eb Jashtme i Perandoris\u00eb Osmane kishte njoftuar se ishin krijuar t\u00eb\" \/>\n<meta property=\"og:url\" content=\"https:\/\/www.visit-ulcinj.com\/blog\/2009\/09\/06\/mali-i-zi-pergatitet-per-marrjen-e-ulqinit\/\" \/>\n<meta property=\"og:site_name\" content=\"Lajme nga Ulqini\" \/>\n<meta property=\"article:published_time\" content=\"2009-09-06T15:16:37+00:00\" \/>\n<meta property=\"article:modified_time\" content=\"2009-09-10T17:45:29+00:00\" \/>\n<meta property=\"og:image\" content=\"http:\/\/www.visit-ulcinj.com\/blog\/wp-content\/uploads\/2009\/09\/Beteja-e-Ulqinit-dhe-dorezimi_.jpg\" \/>\n<meta name=\"twitter:label1\" content=\"Written by\" \/>\n\t<meta name=\"twitter:data1\" content=\"ulqini\" \/>\n\t<meta name=\"twitter:label2\" content=\"Est. reading time\" \/>\n\t<meta name=\"twitter:data2\" content=\"5 minutes\" \/>\n<script type=\"application\/ld+json\" class=\"yoast-schema-graph\">{\"@context\":\"https:\/\/schema.org\",\"@graph\":[{\"@type\":\"WebSite\",\"@id\":\"https:\/\/www.visit-ulcinj.com\/blog\/#website\",\"url\":\"https:\/\/www.visit-ulcinj.com\/blog\/\",\"name\":\"Lajme nga Ulqini\",\"description\":\"Lajme,Vijesti,Ulqini,Ulqin,Crna Gora,Mali i Zi\",\"potentialAction\":[{\"@type\":\"SearchAction\",\"target\":{\"@type\":\"EntryPoint\",\"urlTemplate\":\"https:\/\/www.visit-ulcinj.com\/blog\/?s={search_term_string}\"},\"query-input\":\"required name=search_term_string\"}],\"inLanguage\":\"en-US\"},{\"@type\":\"ImageObject\",\"inLanguage\":\"en-US\",\"@id\":\"https:\/\/www.visit-ulcinj.com\/blog\/2009\/09\/06\/mali-i-zi-pergatitet-per-marrjen-e-ulqinit\/#primaryimage\",\"url\":\"https:\/\/www.visit-ulcinj.com\/blog\/wp-content\/uploads\/2009\/09\/Beteja-e-Ulqinit-dhe-dorezimi_.jpg\",\"contentUrl\":\"https:\/\/www.visit-ulcinj.com\/blog\/wp-content\/uploads\/2009\/09\/Beteja-e-Ulqinit-dhe-dorezimi_.jpg\",\"width\":\"496\",\"height\":\"502\"},{\"@type\":\"WebPage\",\"@id\":\"https:\/\/www.visit-ulcinj.com\/blog\/2009\/09\/06\/mali-i-zi-pergatitet-per-marrjen-e-ulqinit\/#webpage\",\"url\":\"https:\/\/www.visit-ulcinj.com\/blog\/2009\/09\/06\/mali-i-zi-pergatitet-per-marrjen-e-ulqinit\/\",\"name\":\"Mali i Zi p\u00ebrgatitet p\u00ebr marrjen e Ulqinit - Lajme nga Ulqini\",\"isPartOf\":{\"@id\":\"https:\/\/www.visit-ulcinj.com\/blog\/#website\"},\"primaryImageOfPage\":{\"@id\":\"https:\/\/www.visit-ulcinj.com\/blog\/2009\/09\/06\/mali-i-zi-pergatitet-per-marrjen-e-ulqinit\/#primaryimage\"},\"datePublished\":\"2009-09-06T15:16:37+00:00\",\"dateModified\":\"2009-09-10T17:45:29+00:00\",\"author\":{\"@id\":\"https:\/\/www.visit-ulcinj.com\/blog\/#\/schema\/person\/dcab619c614d3038751c63bc2aadc06d\"},\"description\":\"ULQINI N\u00cb VITET E LIDHJES SHQIPTARE T\u00cb PRIZRENIT 1878-1881 (34) Ministri i Pun\u00ebve t\u00eb Jashtme i Perandoris\u00eb Osmane kishte njoftuar se ishin krijuar t\u00eb\",\"breadcrumb\":{\"@id\":\"https:\/\/www.visit-ulcinj.com\/blog\/2009\/09\/06\/mali-i-zi-pergatitet-per-marrjen-e-ulqinit\/#breadcrumb\"},\"inLanguage\":\"en-US\",\"potentialAction\":[{\"@type\":\"ReadAction\",\"target\":[\"https:\/\/www.visit-ulcinj.com\/blog\/2009\/09\/06\/mali-i-zi-pergatitet-per-marrjen-e-ulqinit\/\"]}]},{\"@type\":\"BreadcrumbList\",\"@id\":\"https:\/\/www.visit-ulcinj.com\/blog\/2009\/09\/06\/mali-i-zi-pergatitet-per-marrjen-e-ulqinit\/#breadcrumb\",\"itemListElement\":[{\"@type\":\"ListItem\",\"position\":1,\"name\":\"Mali i Zi p\u00ebrgatitet p\u00ebr marrjen e Ulqinit\"}]},{\"@type\":\"Person\",\"@id\":\"https:\/\/www.visit-ulcinj.com\/blog\/#\/schema\/person\/dcab619c614d3038751c63bc2aadc06d\",\"name\":\"ulqini\",\"sameAs\":[\"http:\/\/www.visit-ulcinj.com\"],\"url\":\"https:\/\/www.visit-ulcinj.com\/blog\/author\/admin\/\"}]}<\/script>\n<!-- \/ Yoast SEO plugin. -->","yoast_head_json":{"title":"Mali i Zi p\u00ebrgatitet p\u00ebr marrjen e Ulqinit - Lajme nga Ulqini","description":"ULQINI N\u00cb VITET E LIDHJES SHQIPTARE T\u00cb PRIZRENIT 1878-1881 (34) Ministri i Pun\u00ebve t\u00eb Jashtme i Perandoris\u00eb Osmane kishte njoftuar se ishin krijuar t\u00eb","robots":{"index":"index","follow":"follow","max-snippet":"max-snippet:-1","max-image-preview":"max-image-preview:large","max-video-preview":"max-video-preview:-1"},"canonical":"https:\/\/www.visit-ulcinj.com\/blog\/2009\/09\/06\/mali-i-zi-pergatitet-per-marrjen-e-ulqinit\/","og_locale":"en_US","og_type":"article","og_title":"Mali i Zi p\u00ebrgatitet p\u00ebr marrjen e Ulqinit - Lajme nga Ulqini","og_description":"ULQINI N\u00cb VITET E LIDHJES SHQIPTARE T\u00cb PRIZRENIT 1878-1881 (34) Ministri i Pun\u00ebve t\u00eb Jashtme i Perandoris\u00eb Osmane kishte njoftuar se ishin krijuar t\u00eb","og_url":"https:\/\/www.visit-ulcinj.com\/blog\/2009\/09\/06\/mali-i-zi-pergatitet-per-marrjen-e-ulqinit\/","og_site_name":"Lajme nga Ulqini","article_published_time":"2009-09-06T15:16:37+00:00","article_modified_time":"2009-09-10T17:45:29+00:00","og_image":[{"url":"http:\/\/www.visit-ulcinj.com\/blog\/wp-content\/uploads\/2009\/09\/Beteja-e-Ulqinit-dhe-dorezimi_.jpg"}],"twitter_misc":{"Written by":"ulqini","Est. reading time":"5 minutes"},"schema":{"@context":"https:\/\/schema.org","@graph":[{"@type":"WebSite","@id":"https:\/\/www.visit-ulcinj.com\/blog\/#website","url":"https:\/\/www.visit-ulcinj.com\/blog\/","name":"Lajme nga Ulqini","description":"Lajme,Vijesti,Ulqini,Ulqin,Crna Gora,Mali i Zi","potentialAction":[{"@type":"SearchAction","target":{"@type":"EntryPoint","urlTemplate":"https:\/\/www.visit-ulcinj.com\/blog\/?s={search_term_string}"},"query-input":"required name=search_term_string"}],"inLanguage":"en-US"},{"@type":"ImageObject","inLanguage":"en-US","@id":"https:\/\/www.visit-ulcinj.com\/blog\/2009\/09\/06\/mali-i-zi-pergatitet-per-marrjen-e-ulqinit\/#primaryimage","url":"https:\/\/www.visit-ulcinj.com\/blog\/wp-content\/uploads\/2009\/09\/Beteja-e-Ulqinit-dhe-dorezimi_.jpg","contentUrl":"https:\/\/www.visit-ulcinj.com\/blog\/wp-content\/uploads\/2009\/09\/Beteja-e-Ulqinit-dhe-dorezimi_.jpg","width":"496","height":"502"},{"@type":"WebPage","@id":"https:\/\/www.visit-ulcinj.com\/blog\/2009\/09\/06\/mali-i-zi-pergatitet-per-marrjen-e-ulqinit\/#webpage","url":"https:\/\/www.visit-ulcinj.com\/blog\/2009\/09\/06\/mali-i-zi-pergatitet-per-marrjen-e-ulqinit\/","name":"Mali i Zi p\u00ebrgatitet p\u00ebr marrjen e Ulqinit - Lajme nga Ulqini","isPartOf":{"@id":"https:\/\/www.visit-ulcinj.com\/blog\/#website"},"primaryImageOfPage":{"@id":"https:\/\/www.visit-ulcinj.com\/blog\/2009\/09\/06\/mali-i-zi-pergatitet-per-marrjen-e-ulqinit\/#primaryimage"},"datePublished":"2009-09-06T15:16:37+00:00","dateModified":"2009-09-10T17:45:29+00:00","author":{"@id":"https:\/\/www.visit-ulcinj.com\/blog\/#\/schema\/person\/dcab619c614d3038751c63bc2aadc06d"},"description":"ULQINI N\u00cb VITET E LIDHJES SHQIPTARE T\u00cb PRIZRENIT 1878-1881 (34) Ministri i Pun\u00ebve t\u00eb Jashtme i Perandoris\u00eb Osmane kishte njoftuar se ishin krijuar t\u00eb","breadcrumb":{"@id":"https:\/\/www.visit-ulcinj.com\/blog\/2009\/09\/06\/mali-i-zi-pergatitet-per-marrjen-e-ulqinit\/#breadcrumb"},"inLanguage":"en-US","potentialAction":[{"@type":"ReadAction","target":["https:\/\/www.visit-ulcinj.com\/blog\/2009\/09\/06\/mali-i-zi-pergatitet-per-marrjen-e-ulqinit\/"]}]},{"@type":"BreadcrumbList","@id":"https:\/\/www.visit-ulcinj.com\/blog\/2009\/09\/06\/mali-i-zi-pergatitet-per-marrjen-e-ulqinit\/#breadcrumb","itemListElement":[{"@type":"ListItem","position":1,"name":"Mali i Zi p\u00ebrgatitet p\u00ebr marrjen e Ulqinit"}]},{"@type":"Person","@id":"https:\/\/www.visit-ulcinj.com\/blog\/#\/schema\/person\/dcab619c614d3038751c63bc2aadc06d","name":"ulqini","sameAs":["http:\/\/www.visit-ulcinj.com"],"url":"https:\/\/www.visit-ulcinj.com\/blog\/author\/admin\/"}]}},"jetpack_featured_media_url":"","jetpack_sharing_enabled":true,"jetpack_shortlink":"https:\/\/wp.me\/pe6lTn-6Bg","_links":{"self":[{"href":"https:\/\/www.visit-ulcinj.com\/blog\/wp-json\/wp\/v2\/posts\/25374"}],"collection":[{"href":"https:\/\/www.visit-ulcinj.com\/blog\/wp-json\/wp\/v2\/posts"}],"about":[{"href":"https:\/\/www.visit-ulcinj.com\/blog\/wp-json\/wp\/v2\/types\/post"}],"author":[{"embeddable":true,"href":"https:\/\/www.visit-ulcinj.com\/blog\/wp-json\/wp\/v2\/users\/1"}],"replies":[{"embeddable":true,"href":"https:\/\/www.visit-ulcinj.com\/blog\/wp-json\/wp\/v2\/comments?post=25374"}],"version-history":[{"count":0,"href":"https:\/\/www.visit-ulcinj.com\/blog\/wp-json\/wp\/v2\/posts\/25374\/revisions"}],"wp:attachment":[{"href":"https:\/\/www.visit-ulcinj.com\/blog\/wp-json\/wp\/v2\/media?parent=25374"}],"wp:term":[{"taxonomy":"category","embeddable":true,"href":"https:\/\/www.visit-ulcinj.com\/blog\/wp-json\/wp\/v2\/categories?post=25374"},{"taxonomy":"post_tag","embeddable":true,"href":"https:\/\/www.visit-ulcinj.com\/blog\/wp-json\/wp\/v2\/tags?post=25374"}],"curies":[{"name":"wp","href":"https:\/\/api.w.org\/{rel}","templated":true}]}}