{"id":25380,"date":"2009-09-07T19:35:16","date_gmt":"2009-09-07T17:35:16","guid":{"rendered":"http:\/\/www.visit-ulcinj.com\/blog\/?p=25380"},"modified":"2009-09-07T22:21:38","modified_gmt":"2009-09-07T20:21:38","slug":"valdanos-tuga-ili-ponos","status":"publish","type":"post","link":"https:\/\/www.visit-ulcinj.com\/blog\/2009\/09\/07\/valdanos-tuga-ili-ponos\/","title":{"rendered":"Valdanos &#8211; tuga ili ponos"},"content":{"rendered":"<p><strong><a href=\"http:\/\/www.visit-ulcinj.com\/blog\/wp-content\/uploads\/2008\/06\/dzelal-hodzic_ulcinj.jpg\"><img loading=\"lazy\" class=\"alignleft\" src=\"http:\/\/www.visit-ulcinj.com\/blog\/wp-content\/uploads\/2008\/06\/dzelal-hodzic_ulcinj.jpg\" alt=\"\" width=\"340\" height=\"600\" \/><\/a>Ni\u0161a nije slu?jno<\/strong><br \/>\nI vrapci na grani znaju tragikomiku zvanu maslinada Valdanos (maslinari Ulcinjani izgovaraju Valjdanas) \u2013 na?in na koji je ovaj bajkovit prostor skrivene ljepote, \u201cdobrovoljno na silu\u201d oduzet \u2013 otet gra?anima Ulcinja prije 30 godina za potrebe tada\u0161nje JNA, uz isplatu naknade ravne jednogodi\u0161njem d\u017eeparcu prose?nog ili boljestoje?eg gra?anina ovisno od veli?ine buljuka maslina.<br \/>\nUlcinjani, mirni, po\u0161teni, ?estiti, kulturni i civilizovani dugo trpe ovu nepravdu jer bo\u017ee moj, bilo kako negodovanje unaprijed je bilo osu?eno na neuspjeh uz mogu?e povike: Ko je protiv vojske, taj je i protiv dr\u017eave (SFRJ) a Ulcinjani to nikad nisu bili iako vlasti to adekvatno nisu cijenili.<br \/>\nMaslinada \u201cbez gazde\u201d i plana gazdovanja je postepeno propadala, venula, su\u0161ila se, sje?ena do korijena, a drva prodavana za ogrijev. Kakva drskost, niskost, skandal i vandalizam i to u predjelu progla\u0161enog kao za\u0161titna zona \u2013 park prirode.<br \/>\nOpredjeljenje Crne Gore kao, nadamo se, uskoro ?lanice EU je razvoj na principima odr\u017eivosti koji uklju?uje i socijalu i ekonomiju, kulturu i ekologiju, uz aktivno u?e\u0161?e lokalne populacije \u0161to podrazumijeva da i benifite prvenstveno u\u017eiva lokalno stanovni\u0161tvo koje o tome ne samo da treba biti pravilno i transparetno informisano ve? i da o tome odlu?uje.<br \/>\nA maslinari Ulcinja su ve? odlu?ili. Ho?e svoj posjed, maslinu, buljuke da ih gaje, obra?uju vrate u \u017eivot, ho?e da Crna Gora ispravi gre\u0161ke svojih prethodnika (SFRJ, SRJ, SCG), ho?e da Crna Gora sprovede zakone koje je sama usvojila, ho?e da Crna Gora svoje ustavno opredjeljenje \u2013 gra?anska, socijalna, demokratska i ekolo\u0161ka\u2013sprovede u djelo. Jer o?uvanje \u017eivotne sredine je lokomotiva razvoja i faktor ekolo\u0161ke i socijalne stabilnosti svakog dru\u0161tva.<br \/>\nA \u0161to se trenutno de\u0161ava?<br \/>\nValdanos\/Valjdanas maslinada se na tr\u017ei\u0161tu nudi kao limunada, ko ima para mo\u017ee je kupiti, uzeti, maltene i kona?no dokraj?iti ukoliko je to na?in za ostvarivanje profita.<br \/>\nNa to jasno asociraju izjave ?elnika potencijalnog kupca \u2013 CUBUS LUX, koji o?ito zna samo za profit, o odr\u017eivom razvoju malo ili nimalo zna, a o maslini nema pojma. Jer re?i da masline ne?e dirati i takve ih sa?uvati je isto kao zaprositi lijepu djevojku i re?i roditeljima da ?e je ?uvati ali ne i dirati. Kakav apsurd? Maslinu treba kao mladu nevjestu \u201cdirati, milovati, gajiti, hraniti, uljep\u0161avati pa ?e ona donositi plodove, ra?ati ali je ne treba zapostavljati i \u201csilovati\u201d kao \u0161to je ra?eno proteklih 30 godina.<br \/>\nDa bi se maslinada Valdanos\/Valjdanas, koja je pred potpunim nestankom, po?ela oporavljati potrebni su joj materinski odnos i ljubav, a ulogu majke mogu preuzeti samo maslinari &#8211; \u201cnjena nekada\u0161nja djeca\u201d koje je ona vjekovima hranila i izdr\u017eavala. Svako stablo maslina u Valdanosu je na\u0161a ulcinjska Mirovica, od koje su Barani (svaka ?ast) napravili simbol, atrakciju, brend.<br \/>\nMaslinada Valdanos je ulcinjska pro\u0161lost, istorija, identitet, etnos, tradicija, sada\u0161njost, nadamo se i budu?nost, a odnosom prema i okru\u017eenju \u2013 prirodi, ?ovjek pokazuje stepen civilizacije i humanosti.<br \/>\nPitamo se i sljede?e? Da li korpus ljudskih prava podrazumijeva i pravo gr?ana da znaju i odlu?uju \u0161ta se de\u0161ava u njihovom prostoru, okru\u017eenju ili ga u suprotnom o?ekuje sudbina poslu\u0161nika i gastarbajtera na svojoj zemlji \u2013 na svome.<br \/>\nDosada\u0161nje privatizacije u Ulcinju su zavr\u0161ene ste?ajevima, likvidacijama preduze?a, a radnici su ostali bez posla, mada privatizacija treba da bude na?in rje\u0161avanja a ne stvaranje problema kao \u0161to se desilo u Ulcinju uz povoljno tlo za po?etak populacionih promjena na \u0161tetu autohtonog stanovni\u0161tva. Sada\u0161nja Crna Gora ne treba da osje?a krivicu za ono \u0161to su njeni prethodnici uradili Valdanosu \u2013 maslinadi ali ?e preuzeti dio odgovornosti u budu?nosti ukoliko ne ispravi po?injene gre\u0161ke svojih prethodnika. Nadamo se ipak, da Crna Gora zna, ho?e i mo\u017ee da se vrati prirodi, prostoru koji spaja ljude i da vrati masline onima kojima i pripadaju \u2013 maslinarima, a u dijelu budu?e revitalizovane maslinade \u2013 Valdanos formira park mladenaca gdje ?e budu?i supru\u017enici iz regiona zasaditi nove sadnice maslina i da to bude dio budu?e turisti?ke ponude Ulcinja i Crne Gore, EKO TURIZAM NA ULCINJSKI NA?IN.<br \/>\nCUBUH LUX ima dovoljno prostora na bru Mandra da mo\u017ee izgraditi hotelske kapacitete, golf terene, staze za pje\u0161ake i bicikliste, osmatra?nice a maslinada Valdanosa ?e biti raj za o?i i du\u0161u, mjesto za rekreaciju uz mogu?nost izgra?enih pje\u0161a?kih staza i staza za jahanje nekad autohtonih doma?ih \u017eivotinja \u2013 magarca kojim bi se obilazila malsinada kao PONOS Ulcinja i ekolo\u0161ke nam Crne Gore.<\/p>\n<p><strong>Autor je izvr\u0161ni direktor NVO Zeleni park<\/strong><br \/>\n<strong>Pi\u0161e: D\u017eelal Hod\u017ei?<\/strong><\/p>\n<p><strong><a href=\"http:\/\/www.vijesti.cg.yu\/index.php?id_pre=315217&amp;godina=2009\" target=\"_blank\">Vijesti<\/a><\/strong><\/p>\n<p><strong><!--YouTube Error: bad URL entered--><br \/>\n<\/strong><\/p>\n","protected":false},"excerpt":{"rendered":"<p>Ni\u0161a nije slu?jno I vrapci na grani znaju tragikomiku zvanu maslinada Valdanos (maslinari Ulcinjani izgovaraju Valjdanas) \u2013 na?in na koji je ovaj bajkovit prostor skrivene ljepote, \u201cdobrovoljno na silu\u201d oduzet \u2013 otet gra?anima Ulcinja prije 30 godina za potrebe tada\u0161nje JNA, uz isplatu naknade ravne jednogodi\u0161njem d\u017eeparcu prose?nog ili boljestoje?eg gra?anina ovisno od veli?ine buljuka [&hellip;]<\/p>\n","protected":false},"author":1,"featured_media":0,"comment_status":"open","ping_status":"closed","sticky":false,"template":"","format":"standard","meta":{"spay_email":"","jetpack_publicize_message":"","jetpack_is_tweetstorm":false,"jetpack_publicize_feature_enabled":true},"categories":[7],"tags":[20,135,11290,2386,12418,12417,12415,12416,10461,136],"jetpack_publicize_connections":[],"yoast_head":"<!-- This site is optimized with the Yoast SEO plugin v19.1 - https:\/\/yoast.com\/wordpress\/plugins\/seo\/ -->\n<title>Valdanos - tuga ili ponos - Lajme nga Ulqini<\/title>\n<meta name=\"description\" content=\"Ni\u0161a nije slu?jno I vrapci na grani znaju tragikomiku zvanu maslinada Valdanos (maslinari Ulcinjani izgovaraju Valjdanas) \u2013 na?in na koji je ovaj bajkovit\" \/>\n<meta name=\"robots\" content=\"index, follow, max-snippet:-1, max-image-preview:large, max-video-preview:-1\" \/>\n<link rel=\"canonical\" href=\"https:\/\/www.visit-ulcinj.com\/blog\/2009\/09\/07\/valdanos-tuga-ili-ponos\/\" \/>\n<meta property=\"og:locale\" content=\"en_US\" \/>\n<meta property=\"og:type\" content=\"article\" \/>\n<meta property=\"og:title\" content=\"Valdanos - tuga ili ponos - Lajme nga Ulqini\" \/>\n<meta property=\"og:description\" content=\"Ni\u0161a nije slu?jno I vrapci na grani znaju tragikomiku zvanu maslinada Valdanos (maslinari Ulcinjani izgovaraju Valjdanas) \u2013 na?in na koji je ovaj bajkovit\" \/>\n<meta property=\"og:url\" content=\"https:\/\/www.visit-ulcinj.com\/blog\/2009\/09\/07\/valdanos-tuga-ili-ponos\/\" \/>\n<meta property=\"og:site_name\" content=\"Lajme nga Ulqini\" \/>\n<meta property=\"article:published_time\" content=\"2009-09-07T17:35:16+00:00\" \/>\n<meta property=\"article:modified_time\" content=\"2009-09-07T20:21:38+00:00\" \/>\n<meta property=\"og:image\" content=\"http:\/\/www.visit-ulcinj.com\/blog\/wp-content\/uploads\/2008\/06\/dzelal-hodzic_ulcinj.jpg\" \/>\n<meta name=\"twitter:label1\" content=\"Written by\" \/>\n\t<meta name=\"twitter:data1\" content=\"ulqini\" \/>\n\t<meta name=\"twitter:label2\" content=\"Est. reading time\" \/>\n\t<meta name=\"twitter:data2\" content=\"4 minutes\" \/>\n<script type=\"application\/ld+json\" class=\"yoast-schema-graph\">{\"@context\":\"https:\/\/schema.org\",\"@graph\":[{\"@type\":\"WebSite\",\"@id\":\"https:\/\/www.visit-ulcinj.com\/blog\/#website\",\"url\":\"https:\/\/www.visit-ulcinj.com\/blog\/\",\"name\":\"Lajme nga Ulqini\",\"description\":\"Lajme,Vijesti,Ulqini,Ulqin,Crna Gora,Mali i Zi\",\"potentialAction\":[{\"@type\":\"SearchAction\",\"target\":{\"@type\":\"EntryPoint\",\"urlTemplate\":\"https:\/\/www.visit-ulcinj.com\/blog\/?s={search_term_string}\"},\"query-input\":\"required name=search_term_string\"}],\"inLanguage\":\"en-US\"},{\"@type\":\"ImageObject\",\"inLanguage\":\"en-US\",\"@id\":\"https:\/\/www.visit-ulcinj.com\/blog\/2009\/09\/07\/valdanos-tuga-ili-ponos\/#primaryimage\",\"url\":\"http:\/\/www.visit-ulcinj.com\/blog\/wp-content\/uploads\/2008\/06\/dzelal-hodzic_ulcinj.jpg\",\"contentUrl\":\"http:\/\/www.visit-ulcinj.com\/blog\/wp-content\/uploads\/2008\/06\/dzelal-hodzic_ulcinj.jpg\"},{\"@type\":\"WebPage\",\"@id\":\"https:\/\/www.visit-ulcinj.com\/blog\/2009\/09\/07\/valdanos-tuga-ili-ponos\/#webpage\",\"url\":\"https:\/\/www.visit-ulcinj.com\/blog\/2009\/09\/07\/valdanos-tuga-ili-ponos\/\",\"name\":\"Valdanos - tuga ili ponos - Lajme nga Ulqini\",\"isPartOf\":{\"@id\":\"https:\/\/www.visit-ulcinj.com\/blog\/#website\"},\"primaryImageOfPage\":{\"@id\":\"https:\/\/www.visit-ulcinj.com\/blog\/2009\/09\/07\/valdanos-tuga-ili-ponos\/#primaryimage\"},\"datePublished\":\"2009-09-07T17:35:16+00:00\",\"dateModified\":\"2009-09-07T20:21:38+00:00\",\"author\":{\"@id\":\"https:\/\/www.visit-ulcinj.com\/blog\/#\/schema\/person\/dcab619c614d3038751c63bc2aadc06d\"},\"description\":\"Ni\u0161a nije slu?jno I vrapci na grani znaju tragikomiku zvanu maslinada Valdanos (maslinari Ulcinjani izgovaraju Valjdanas) \u2013 na?in na koji je ovaj bajkovit\",\"breadcrumb\":{\"@id\":\"https:\/\/www.visit-ulcinj.com\/blog\/2009\/09\/07\/valdanos-tuga-ili-ponos\/#breadcrumb\"},\"inLanguage\":\"en-US\",\"potentialAction\":[{\"@type\":\"ReadAction\",\"target\":[\"https:\/\/www.visit-ulcinj.com\/blog\/2009\/09\/07\/valdanos-tuga-ili-ponos\/\"]}]},{\"@type\":\"BreadcrumbList\",\"@id\":\"https:\/\/www.visit-ulcinj.com\/blog\/2009\/09\/07\/valdanos-tuga-ili-ponos\/#breadcrumb\",\"itemListElement\":[{\"@type\":\"ListItem\",\"position\":1,\"name\":\"Valdanos &#8211; tuga ili ponos\"}]},{\"@type\":\"Person\",\"@id\":\"https:\/\/www.visit-ulcinj.com\/blog\/#\/schema\/person\/dcab619c614d3038751c63bc2aadc06d\",\"name\":\"ulqini\",\"sameAs\":[\"http:\/\/www.visit-ulcinj.com\"],\"url\":\"https:\/\/www.visit-ulcinj.com\/blog\/author\/admin\/\"}]}<\/script>\n<!-- \/ Yoast SEO plugin. -->","yoast_head_json":{"title":"Valdanos - tuga ili ponos - Lajme nga Ulqini","description":"Ni\u0161a nije slu?jno I vrapci na grani znaju tragikomiku zvanu maslinada Valdanos (maslinari Ulcinjani izgovaraju Valjdanas) \u2013 na?in na koji je ovaj bajkovit","robots":{"index":"index","follow":"follow","max-snippet":"max-snippet:-1","max-image-preview":"max-image-preview:large","max-video-preview":"max-video-preview:-1"},"canonical":"https:\/\/www.visit-ulcinj.com\/blog\/2009\/09\/07\/valdanos-tuga-ili-ponos\/","og_locale":"en_US","og_type":"article","og_title":"Valdanos - tuga ili ponos - Lajme nga Ulqini","og_description":"Ni\u0161a nije slu?jno I vrapci na grani znaju tragikomiku zvanu maslinada Valdanos (maslinari Ulcinjani izgovaraju Valjdanas) \u2013 na?in na koji je ovaj bajkovit","og_url":"https:\/\/www.visit-ulcinj.com\/blog\/2009\/09\/07\/valdanos-tuga-ili-ponos\/","og_site_name":"Lajme nga Ulqini","article_published_time":"2009-09-07T17:35:16+00:00","article_modified_time":"2009-09-07T20:21:38+00:00","og_image":[{"url":"http:\/\/www.visit-ulcinj.com\/blog\/wp-content\/uploads\/2008\/06\/dzelal-hodzic_ulcinj.jpg"}],"twitter_misc":{"Written by":"ulqini","Est. reading time":"4 minutes"},"schema":{"@context":"https:\/\/schema.org","@graph":[{"@type":"WebSite","@id":"https:\/\/www.visit-ulcinj.com\/blog\/#website","url":"https:\/\/www.visit-ulcinj.com\/blog\/","name":"Lajme nga Ulqini","description":"Lajme,Vijesti,Ulqini,Ulqin,Crna Gora,Mali i Zi","potentialAction":[{"@type":"SearchAction","target":{"@type":"EntryPoint","urlTemplate":"https:\/\/www.visit-ulcinj.com\/blog\/?s={search_term_string}"},"query-input":"required name=search_term_string"}],"inLanguage":"en-US"},{"@type":"ImageObject","inLanguage":"en-US","@id":"https:\/\/www.visit-ulcinj.com\/blog\/2009\/09\/07\/valdanos-tuga-ili-ponos\/#primaryimage","url":"http:\/\/www.visit-ulcinj.com\/blog\/wp-content\/uploads\/2008\/06\/dzelal-hodzic_ulcinj.jpg","contentUrl":"http:\/\/www.visit-ulcinj.com\/blog\/wp-content\/uploads\/2008\/06\/dzelal-hodzic_ulcinj.jpg"},{"@type":"WebPage","@id":"https:\/\/www.visit-ulcinj.com\/blog\/2009\/09\/07\/valdanos-tuga-ili-ponos\/#webpage","url":"https:\/\/www.visit-ulcinj.com\/blog\/2009\/09\/07\/valdanos-tuga-ili-ponos\/","name":"Valdanos - tuga ili ponos - Lajme nga Ulqini","isPartOf":{"@id":"https:\/\/www.visit-ulcinj.com\/blog\/#website"},"primaryImageOfPage":{"@id":"https:\/\/www.visit-ulcinj.com\/blog\/2009\/09\/07\/valdanos-tuga-ili-ponos\/#primaryimage"},"datePublished":"2009-09-07T17:35:16+00:00","dateModified":"2009-09-07T20:21:38+00:00","author":{"@id":"https:\/\/www.visit-ulcinj.com\/blog\/#\/schema\/person\/dcab619c614d3038751c63bc2aadc06d"},"description":"Ni\u0161a nije slu?jno I vrapci na grani znaju tragikomiku zvanu maslinada Valdanos (maslinari Ulcinjani izgovaraju Valjdanas) \u2013 na?in na koji je ovaj bajkovit","breadcrumb":{"@id":"https:\/\/www.visit-ulcinj.com\/blog\/2009\/09\/07\/valdanos-tuga-ili-ponos\/#breadcrumb"},"inLanguage":"en-US","potentialAction":[{"@type":"ReadAction","target":["https:\/\/www.visit-ulcinj.com\/blog\/2009\/09\/07\/valdanos-tuga-ili-ponos\/"]}]},{"@type":"BreadcrumbList","@id":"https:\/\/www.visit-ulcinj.com\/blog\/2009\/09\/07\/valdanos-tuga-ili-ponos\/#breadcrumb","itemListElement":[{"@type":"ListItem","position":1,"name":"Valdanos &#8211; tuga ili ponos"}]},{"@type":"Person","@id":"https:\/\/www.visit-ulcinj.com\/blog\/#\/schema\/person\/dcab619c614d3038751c63bc2aadc06d","name":"ulqini","sameAs":["http:\/\/www.visit-ulcinj.com"],"url":"https:\/\/www.visit-ulcinj.com\/blog\/author\/admin\/"}]}},"jetpack_featured_media_url":"","jetpack_sharing_enabled":true,"jetpack_shortlink":"https:\/\/wp.me\/pe6lTn-6Bm","_links":{"self":[{"href":"https:\/\/www.visit-ulcinj.com\/blog\/wp-json\/wp\/v2\/posts\/25380"}],"collection":[{"href":"https:\/\/www.visit-ulcinj.com\/blog\/wp-json\/wp\/v2\/posts"}],"about":[{"href":"https:\/\/www.visit-ulcinj.com\/blog\/wp-json\/wp\/v2\/types\/post"}],"author":[{"embeddable":true,"href":"https:\/\/www.visit-ulcinj.com\/blog\/wp-json\/wp\/v2\/users\/1"}],"replies":[{"embeddable":true,"href":"https:\/\/www.visit-ulcinj.com\/blog\/wp-json\/wp\/v2\/comments?post=25380"}],"version-history":[{"count":0,"href":"https:\/\/www.visit-ulcinj.com\/blog\/wp-json\/wp\/v2\/posts\/25380\/revisions"}],"wp:attachment":[{"href":"https:\/\/www.visit-ulcinj.com\/blog\/wp-json\/wp\/v2\/media?parent=25380"}],"wp:term":[{"taxonomy":"category","embeddable":true,"href":"https:\/\/www.visit-ulcinj.com\/blog\/wp-json\/wp\/v2\/categories?post=25380"},{"taxonomy":"post_tag","embeddable":true,"href":"https:\/\/www.visit-ulcinj.com\/blog\/wp-json\/wp\/v2\/tags?post=25380"}],"curies":[{"name":"wp","href":"https:\/\/api.w.org\/{rel}","templated":true}]}}