{"id":25383,"date":"2009-09-07T20:05:54","date_gmt":"2009-09-07T18:05:54","guid":{"rendered":"http:\/\/www.visit-ulcinj.com\/blog\/?p=25383"},"modified":"2009-12-01T11:38:02","modified_gmt":"2009-12-01T09:38:02","slug":"hajdinaga-maslinada-bez-gradevinskih-objekata","status":"publish","type":"post","link":"https:\/\/www.visit-ulcinj.com\/blog\/2009\/09\/07\/hajdinaga-maslinada-bez-gradevinskih-objekata\/","title":{"rendered":"Hajdinaga: Maslinada bez gra?evinskih objekata"},"content":{"rendered":"<p><a href=\"http:\/\/www.visit-ulcinj.com\/blog\/wp-content\/uploads\/2009\/08\/Gzim-Hajdinaga-nakon-sastanka-sa-delegacijom-Vlade-Crne-Gore.jpg\"><img loading=\"lazy\" class=\"alignleft\" src=\"http:\/\/www.visit-ulcinj.com\/blog\/wp-content\/uploads\/2009\/08\/Gzim-Hajdinaga-nakon-sastanka-sa-delegacijom-Vlade-Crne-Gore.jpg\" alt=\"\" width=\"580\" height=\"400\" \/><\/a>Ulcinj, 6. septembra -?injenica je da Ulcinju nedostaju kvalitetni hotelski kapaciteti, ali postoje?i prili?no uspje\u0161no zadovoljavaju sada\u0161nje zahtjeve tra\u017enje. Budu?i razvoj turizma u na\u0161oj op\u0161tini bi?e apsolutno u skladu sa standardima odr\u017eivog razvoja i o?uvanja \u017eivotnog prostora. Na tome insistiramo i u tome ?emo apsolutno istrajati &#8211; rekao je Gzim Hajdinaga, predsjednik op\u0161tine Ulcinj za \u201cPobjedu\u201d, odgovaraju?i na pitanje \u2013 kakav je njihov zvani?ni stav o budu?nosti Valdanosa?<\/p>\n<p>-Valdanos je jedinstveni prirodni sadr\u017eaj u na\u0161oj op\u0161tini, a slobodno mogu re?i da je taj prostor jedinstven turisti?ki dragulj na ?itavom Jadranu. Kada se to ima u vidu onda je u toliko \u017ealosnije \u0161to je taj turisti?ki biser u takvom stanju u kojem se danas nalazi. Ja se nadam, a bi?u i dalje jedan od onih koji ?e nastojati da se taj lokalitet na pravi na?in turisti?ki valorizuje.<\/p>\n<p>Uvjeren sam da ?e to biti jedna od osnovnih poluga na\u0161e budu?e ponude. Zbog atraktivnosti lokaliteta, ?injenice da je u tom posjedu na\u0161a prelijepa maslinada, posebno me raduje da su investitori iz Velike Britanije, koji su ostali kao glavni konkurenti, uvidjeli prave vrijednosti i prihvatili na\u0161 zvani?ni stav, koji je i stav Vlade Crne Gore, da se na posjedu gdje su masline ne izgradi niti jedan metar gra?evinskih objekata. To zna?i da ?emo o?uvati maslinu kao sveto drvo i maslinadu koja je dio na\u0161e tradicije i tradicije gra?ana Ulcinja, ka\u017ee Hajdinaga.<\/p>\n<p>-Ja ?u insistirati, zajedno sa ostalima u Op\u0161tini da se lokaliteti kakvi su Valdanos, Velika pla\u017ea i Ada Bojana, turisti?ki valorizuju na adekvatan na?in. To podrazumijeva da kroz to omogu?imo i na\u0161im ljudima, naro?ito mladima iz dijaspore, koji su se obrazovali i usavr\u0161ili u zemljama zapadne Evrope ili SAD, da se jednoga dana vrate i svoje znanje i iskustvo prenesu ovdje. Uz to i da stvorimo povoljnije uslove za uklju?ivanje svih onih koji \u017eele da svoje intelektualne ili finansijske potencijale posvete gradu iz kojeg su ponikli.<\/p>\n<p>Sve to, naravno, prihvatamo pod uslovom da se sve to radi u skladu sa standardima odr\u017eivog razvoja i za\u0161tite i o?uvanja \u017eivotnog prostora -zaklju?uje Hajdinaga.<\/p>\n<p><strong>N. Perkovi?<\/strong><strong><a href=\"http:\/\/www.pobjeda.co.me\/citanje.php?datum=2009-09-07&amp;id=170666\" target=\"_blank\"><br \/>\nPobjeda<\/a><\/strong><\/p>\n<p>[flv width=&#8221;580&#8243; height=&#8221;400&#8243;]http:\/\/www.velikaplaza.info\/gallery\/video\/stream.php?f=Velika_Plaza_movie_Jan_2009.flv[\/flv]<\/p>\n","protected":false},"excerpt":{"rendered":"<p>Ulcinj, 6. septembra -?injenica je da Ulcinju nedostaju kvalitetni hotelski kapaciteti, ali postoje?i prili?no uspje\u0161no zadovoljavaju sada\u0161nje zahtjeve tra\u017enje. Budu?i razvoj turizma u na\u0161oj op\u0161tini bi?e apsolutno u skladu sa standardima odr\u017eivog razvoja i o?uvanja \u017eivotnog prostora. Na tome insistiramo i u tome ?emo apsolutno istrajati &#8211; rekao je Gzim Hajdinaga, predsjednik op\u0161tine Ulcinj za [&hellip;]<\/p>\n","protected":false},"author":1,"featured_media":0,"comment_status":"open","ping_status":"closed","sticky":false,"template":"","format":"standard","meta":{"spay_email":"","jetpack_publicize_message":"","jetpack_is_tweetstorm":false,"jetpack_publicize_feature_enabled":true},"categories":[8337],"tags":[138,140,3168,12419,136,265],"jetpack_publicize_connections":[],"yoast_head":"<!-- This site is optimized with the Yoast SEO plugin v19.1 - https:\/\/yoast.com\/wordpress\/plugins\/seo\/ -->\n<title>Hajdinaga: Maslinada bez gra?evinskih objekata - Lajme nga Ulqini<\/title>\n<meta name=\"description\" content=\"Ulcinj, 6. septembra -?injenica je da Ulcinju nedostaju kvalitetni hotelski kapaciteti, ali postoje?i prili?no uspje\u0161no zadovoljavaju sada\u0161nje zahtjeve\" \/>\n<meta name=\"robots\" content=\"index, follow, max-snippet:-1, max-image-preview:large, max-video-preview:-1\" \/>\n<link rel=\"canonical\" href=\"https:\/\/www.visit-ulcinj.com\/blog\/2009\/09\/07\/hajdinaga-maslinada-bez-gradevinskih-objekata\/\" \/>\n<meta property=\"og:locale\" content=\"en_US\" \/>\n<meta property=\"og:type\" content=\"article\" \/>\n<meta property=\"og:title\" content=\"Hajdinaga: Maslinada bez gra?evinskih objekata - Lajme nga Ulqini\" \/>\n<meta property=\"og:description\" content=\"Ulcinj, 6. septembra -?injenica je da Ulcinju nedostaju kvalitetni hotelski kapaciteti, ali postoje?i prili?no uspje\u0161no zadovoljavaju sada\u0161nje zahtjeve\" \/>\n<meta property=\"og:url\" content=\"https:\/\/www.visit-ulcinj.com\/blog\/2009\/09\/07\/hajdinaga-maslinada-bez-gradevinskih-objekata\/\" \/>\n<meta property=\"og:site_name\" content=\"Lajme nga Ulqini\" \/>\n<meta property=\"article:published_time\" content=\"2009-09-07T18:05:54+00:00\" \/>\n<meta property=\"article:modified_time\" content=\"2009-12-01T09:38:02+00:00\" \/>\n<meta property=\"og:image\" content=\"http:\/\/www.visit-ulcinj.com\/blog\/wp-content\/uploads\/2009\/08\/Gzim-Hajdinaga-nakon-sastanka-sa-delegacijom-Vlade-Crne-Gore.jpg\" \/>\n<meta name=\"twitter:label1\" content=\"Written by\" \/>\n\t<meta name=\"twitter:data1\" content=\"ulqini\" \/>\n\t<meta name=\"twitter:label2\" content=\"Est. reading time\" \/>\n\t<meta name=\"twitter:data2\" content=\"2 minutes\" \/>\n<script type=\"application\/ld+json\" class=\"yoast-schema-graph\">{\"@context\":\"https:\/\/schema.org\",\"@graph\":[{\"@type\":\"WebSite\",\"@id\":\"https:\/\/www.visit-ulcinj.com\/blog\/#website\",\"url\":\"https:\/\/www.visit-ulcinj.com\/blog\/\",\"name\":\"Lajme nga Ulqini\",\"description\":\"Lajme,Vijesti,Ulqini,Ulqin,Crna Gora,Mali i Zi\",\"potentialAction\":[{\"@type\":\"SearchAction\",\"target\":{\"@type\":\"EntryPoint\",\"urlTemplate\":\"https:\/\/www.visit-ulcinj.com\/blog\/?s={search_term_string}\"},\"query-input\":\"required name=search_term_string\"}],\"inLanguage\":\"en-US\"},{\"@type\":\"ImageObject\",\"inLanguage\":\"en-US\",\"@id\":\"https:\/\/www.visit-ulcinj.com\/blog\/2009\/09\/07\/hajdinaga-maslinada-bez-gradevinskih-objekata\/#primaryimage\",\"url\":\"https:\/\/www.visit-ulcinj.com\/blog\/wp-content\/uploads\/2009\/08\/Gzim-Hajdinaga-nakon-sastanka-sa-delegacijom-Vlade-Crne-Gore.jpg\",\"contentUrl\":\"https:\/\/www.visit-ulcinj.com\/blog\/wp-content\/uploads\/2009\/08\/Gzim-Hajdinaga-nakon-sastanka-sa-delegacijom-Vlade-Crne-Gore.jpg\",\"width\":\"640\",\"height\":\"480\"},{\"@type\":\"WebPage\",\"@id\":\"https:\/\/www.visit-ulcinj.com\/blog\/2009\/09\/07\/hajdinaga-maslinada-bez-gradevinskih-objekata\/#webpage\",\"url\":\"https:\/\/www.visit-ulcinj.com\/blog\/2009\/09\/07\/hajdinaga-maslinada-bez-gradevinskih-objekata\/\",\"name\":\"Hajdinaga: Maslinada bez gra?evinskih objekata - Lajme nga Ulqini\",\"isPartOf\":{\"@id\":\"https:\/\/www.visit-ulcinj.com\/blog\/#website\"},\"primaryImageOfPage\":{\"@id\":\"https:\/\/www.visit-ulcinj.com\/blog\/2009\/09\/07\/hajdinaga-maslinada-bez-gradevinskih-objekata\/#primaryimage\"},\"datePublished\":\"2009-09-07T18:05:54+00:00\",\"dateModified\":\"2009-12-01T09:38:02+00:00\",\"author\":{\"@id\":\"https:\/\/www.visit-ulcinj.com\/blog\/#\/schema\/person\/dcab619c614d3038751c63bc2aadc06d\"},\"description\":\"Ulcinj, 6. septembra -?injenica je da Ulcinju nedostaju kvalitetni hotelski kapaciteti, ali postoje?i prili?no uspje\u0161no zadovoljavaju sada\u0161nje zahtjeve\",\"breadcrumb\":{\"@id\":\"https:\/\/www.visit-ulcinj.com\/blog\/2009\/09\/07\/hajdinaga-maslinada-bez-gradevinskih-objekata\/#breadcrumb\"},\"inLanguage\":\"en-US\",\"potentialAction\":[{\"@type\":\"ReadAction\",\"target\":[\"https:\/\/www.visit-ulcinj.com\/blog\/2009\/09\/07\/hajdinaga-maslinada-bez-gradevinskih-objekata\/\"]}]},{\"@type\":\"BreadcrumbList\",\"@id\":\"https:\/\/www.visit-ulcinj.com\/blog\/2009\/09\/07\/hajdinaga-maslinada-bez-gradevinskih-objekata\/#breadcrumb\",\"itemListElement\":[{\"@type\":\"ListItem\",\"position\":1,\"name\":\"Hajdinaga: Maslinada bez gra?evinskih objekata\"}]},{\"@type\":\"Person\",\"@id\":\"https:\/\/www.visit-ulcinj.com\/blog\/#\/schema\/person\/dcab619c614d3038751c63bc2aadc06d\",\"name\":\"ulqini\",\"sameAs\":[\"http:\/\/www.visit-ulcinj.com\"],\"url\":\"https:\/\/www.visit-ulcinj.com\/blog\/author\/admin\/\"}]}<\/script>\n<!-- \/ Yoast SEO plugin. -->","yoast_head_json":{"title":"Hajdinaga: Maslinada bez gra?evinskih objekata - Lajme nga Ulqini","description":"Ulcinj, 6. septembra -?injenica je da Ulcinju nedostaju kvalitetni hotelski kapaciteti, ali postoje?i prili?no uspje\u0161no zadovoljavaju sada\u0161nje zahtjeve","robots":{"index":"index","follow":"follow","max-snippet":"max-snippet:-1","max-image-preview":"max-image-preview:large","max-video-preview":"max-video-preview:-1"},"canonical":"https:\/\/www.visit-ulcinj.com\/blog\/2009\/09\/07\/hajdinaga-maslinada-bez-gradevinskih-objekata\/","og_locale":"en_US","og_type":"article","og_title":"Hajdinaga: Maslinada bez gra?evinskih objekata - Lajme nga Ulqini","og_description":"Ulcinj, 6. septembra -?injenica je da Ulcinju nedostaju kvalitetni hotelski kapaciteti, ali postoje?i prili?no uspje\u0161no zadovoljavaju sada\u0161nje zahtjeve","og_url":"https:\/\/www.visit-ulcinj.com\/blog\/2009\/09\/07\/hajdinaga-maslinada-bez-gradevinskih-objekata\/","og_site_name":"Lajme nga Ulqini","article_published_time":"2009-09-07T18:05:54+00:00","article_modified_time":"2009-12-01T09:38:02+00:00","og_image":[{"url":"http:\/\/www.visit-ulcinj.com\/blog\/wp-content\/uploads\/2009\/08\/Gzim-Hajdinaga-nakon-sastanka-sa-delegacijom-Vlade-Crne-Gore.jpg"}],"twitter_misc":{"Written by":"ulqini","Est. reading time":"2 minutes"},"schema":{"@context":"https:\/\/schema.org","@graph":[{"@type":"WebSite","@id":"https:\/\/www.visit-ulcinj.com\/blog\/#website","url":"https:\/\/www.visit-ulcinj.com\/blog\/","name":"Lajme nga Ulqini","description":"Lajme,Vijesti,Ulqini,Ulqin,Crna Gora,Mali i Zi","potentialAction":[{"@type":"SearchAction","target":{"@type":"EntryPoint","urlTemplate":"https:\/\/www.visit-ulcinj.com\/blog\/?s={search_term_string}"},"query-input":"required name=search_term_string"}],"inLanguage":"en-US"},{"@type":"ImageObject","inLanguage":"en-US","@id":"https:\/\/www.visit-ulcinj.com\/blog\/2009\/09\/07\/hajdinaga-maslinada-bez-gradevinskih-objekata\/#primaryimage","url":"https:\/\/www.visit-ulcinj.com\/blog\/wp-content\/uploads\/2009\/08\/Gzim-Hajdinaga-nakon-sastanka-sa-delegacijom-Vlade-Crne-Gore.jpg","contentUrl":"https:\/\/www.visit-ulcinj.com\/blog\/wp-content\/uploads\/2009\/08\/Gzim-Hajdinaga-nakon-sastanka-sa-delegacijom-Vlade-Crne-Gore.jpg","width":"640","height":"480"},{"@type":"WebPage","@id":"https:\/\/www.visit-ulcinj.com\/blog\/2009\/09\/07\/hajdinaga-maslinada-bez-gradevinskih-objekata\/#webpage","url":"https:\/\/www.visit-ulcinj.com\/blog\/2009\/09\/07\/hajdinaga-maslinada-bez-gradevinskih-objekata\/","name":"Hajdinaga: Maslinada bez gra?evinskih objekata - Lajme nga Ulqini","isPartOf":{"@id":"https:\/\/www.visit-ulcinj.com\/blog\/#website"},"primaryImageOfPage":{"@id":"https:\/\/www.visit-ulcinj.com\/blog\/2009\/09\/07\/hajdinaga-maslinada-bez-gradevinskih-objekata\/#primaryimage"},"datePublished":"2009-09-07T18:05:54+00:00","dateModified":"2009-12-01T09:38:02+00:00","author":{"@id":"https:\/\/www.visit-ulcinj.com\/blog\/#\/schema\/person\/dcab619c614d3038751c63bc2aadc06d"},"description":"Ulcinj, 6. septembra -?injenica je da Ulcinju nedostaju kvalitetni hotelski kapaciteti, ali postoje?i prili?no uspje\u0161no zadovoljavaju sada\u0161nje zahtjeve","breadcrumb":{"@id":"https:\/\/www.visit-ulcinj.com\/blog\/2009\/09\/07\/hajdinaga-maslinada-bez-gradevinskih-objekata\/#breadcrumb"},"inLanguage":"en-US","potentialAction":[{"@type":"ReadAction","target":["https:\/\/www.visit-ulcinj.com\/blog\/2009\/09\/07\/hajdinaga-maslinada-bez-gradevinskih-objekata\/"]}]},{"@type":"BreadcrumbList","@id":"https:\/\/www.visit-ulcinj.com\/blog\/2009\/09\/07\/hajdinaga-maslinada-bez-gradevinskih-objekata\/#breadcrumb","itemListElement":[{"@type":"ListItem","position":1,"name":"Hajdinaga: Maslinada bez gra?evinskih objekata"}]},{"@type":"Person","@id":"https:\/\/www.visit-ulcinj.com\/blog\/#\/schema\/person\/dcab619c614d3038751c63bc2aadc06d","name":"ulqini","sameAs":["http:\/\/www.visit-ulcinj.com"],"url":"https:\/\/www.visit-ulcinj.com\/blog\/author\/admin\/"}]}},"jetpack_featured_media_url":"","jetpack_sharing_enabled":true,"jetpack_shortlink":"https:\/\/wp.me\/pe6lTn-6Bp","_links":{"self":[{"href":"https:\/\/www.visit-ulcinj.com\/blog\/wp-json\/wp\/v2\/posts\/25383"}],"collection":[{"href":"https:\/\/www.visit-ulcinj.com\/blog\/wp-json\/wp\/v2\/posts"}],"about":[{"href":"https:\/\/www.visit-ulcinj.com\/blog\/wp-json\/wp\/v2\/types\/post"}],"author":[{"embeddable":true,"href":"https:\/\/www.visit-ulcinj.com\/blog\/wp-json\/wp\/v2\/users\/1"}],"replies":[{"embeddable":true,"href":"https:\/\/www.visit-ulcinj.com\/blog\/wp-json\/wp\/v2\/comments?post=25383"}],"version-history":[{"count":0,"href":"https:\/\/www.visit-ulcinj.com\/blog\/wp-json\/wp\/v2\/posts\/25383\/revisions"}],"wp:attachment":[{"href":"https:\/\/www.visit-ulcinj.com\/blog\/wp-json\/wp\/v2\/media?parent=25383"}],"wp:term":[{"taxonomy":"category","embeddable":true,"href":"https:\/\/www.visit-ulcinj.com\/blog\/wp-json\/wp\/v2\/categories?post=25383"},{"taxonomy":"post_tag","embeddable":true,"href":"https:\/\/www.visit-ulcinj.com\/blog\/wp-json\/wp\/v2\/tags?post=25383"}],"curies":[{"name":"wp","href":"https:\/\/api.w.org\/{rel}","templated":true}]}}