{"id":25391,"date":"2009-09-07T21:25:25","date_gmt":"2009-09-07T19:25:25","guid":{"rendered":"http:\/\/www.visit-ulcinj.com\/blog\/?p=25391"},"modified":"2009-09-07T21:25:25","modified_gmt":"2009-09-07T19:25:25","slug":"zbulohet-sekreti-cfare-i-mban-lidhur-rozin-dhe-noysin","status":"publish","type":"post","link":"https:\/\/www.visit-ulcinj.com\/blog\/2009\/09\/07\/zbulohet-sekreti-cfare-i-mban-lidhur-rozin-dhe-noysin\/","title":{"rendered":"Zbulohet sekreti &#8230; \u00c7far\u00eb i mban lidhur Rozin dhe Noysin?"},"content":{"rendered":"<p><strong><a href=\"http:\/\/www.visit-ulcinj.com\/blog\/wp-content\/uploads\/2009\/09\/rozi-kopertina.jpg\"><img loading=\"lazy\" class=\"alignleft size-full wp-image-25392\" title=\"rozi-kopertina\" src=\"http:\/\/www.visit-ulcinj.com\/blog\/wp-content\/uploads\/2009\/09\/rozi-kopertina.jpg\" alt=\"rozi-kopertina\" width=\"570\" height=\"360\" \/><\/a>Koopertin\u00eb<\/strong><br \/>\nJeta shpesh her\u00eb ka q\u00ebn\u00eb e pabesueshme p\u00ebr t\u00eb. Shum\u00eb e personifikojn\u00eb me nj\u00eb kuti \u00e7okollatash. Disa t\u00eb tjer\u00eb e ngjasojn\u00eb me nj\u00eb pasqyr\u00eb s\u00eb cil\u00ebs po nuk i qeshe nuk do t\u00eb qesh\u00eb kurr\u00eb.<a href=\"http:\/\/www.visit-ulcinj.com\/blog\/wp-content\/uploads\/2009\/09\/rozi-3.jpg\"><img loading=\"lazy\" class=\"alignright size-thumbnail wp-image-25393\" title=\"rozi-3\" src=\"http:\/\/www.visit-ulcinj.com\/blog\/wp-content\/uploads\/2009\/09\/rozi-3-150x150.jpg\" alt=\"rozi-3\" width=\"150\" height=\"150\" \/><\/a><br \/>\nKurse vet\u00eb Rozana e ngjason me nj\u00eb spektak\u00ebl teatri. &#8220;Nj\u00eb dit\u00eb u gjenda p\u00ebrpara nj\u00eb publiku dhe fillova t\u00eb luaj komedin\u00eb time&#8221; shprehet ajo.<br \/>\nKam b\u00ebr\u00eb \u00e7&#8217;\u00ebsht\u00eb e mundur n\u00eb jet\u00eb q\u00eb spektakli t\u00eb jet\u00eb nj\u00eb \u00ebnd\u00ebrr dhe n\u00eb fund kur t\u00eb binte sipari shpresoja t\u00eb merrja duartrokitjet e publikut.<br \/>\nSepse vet\u00ebm ateher\u00eb nj\u00eb artist e kupton se e ka jetuar at\u00eb udh\u00ebtim deri n\u00eb fund me buz\u00ebqeshje stampuar n\u00eb fytyr\u00eb.<\/p>\n<p><strong>Revista Spekter<\/strong><\/p>\n<p><strong><!--YouTube Error: bad URL entered--><br \/>\n<\/strong><\/p>\n","protected":false},"excerpt":{"rendered":"<p>Koopertin\u00eb Jeta shpesh her\u00eb ka q\u00ebn\u00eb e pabesueshme p\u00ebr t\u00eb. Shum\u00eb e personifikojn\u00eb me nj\u00eb kuti \u00e7okollatash. Disa t\u00eb tjer\u00eb e ngjasojn\u00eb me nj\u00eb pasqyr\u00eb s\u00eb cil\u00ebs po nuk i qeshe nuk do t\u00eb qesh\u00eb kurr\u00eb. Kurse vet\u00eb Rozana e ngjason me nj\u00eb spektak\u00ebl teatri. &#8220;Nj\u00eb dit\u00eb u gjenda p\u00ebrpara nj\u00eb publiku dhe fillova t\u00eb [&hellip;]<\/p>\n","protected":false},"author":1,"featured_media":0,"comment_status":"open","ping_status":"closed","sticky":false,"template":"","format":"standard","meta":{"spay_email":"","jetpack_publicize_message":"","jetpack_is_tweetstorm":false,"jetpack_publicize_feature_enabled":true},"categories":[1],"tags":[12181,4964],"jetpack_publicize_connections":[],"yoast_head":"<!-- This site is optimized with the Yoast SEO plugin v19.1 - https:\/\/yoast.com\/wordpress\/plugins\/seo\/ -->\n<title>Zbulohet sekreti ... \u00c7far\u00eb i mban lidhur Rozin dhe Noysin? - Lajme nga Ulqini<\/title>\n<meta name=\"description\" content=\"Koopertin\u00eb Jeta shpesh her\u00eb ka q\u00ebn\u00eb e pabesueshme p\u00ebr t\u00eb. Shum\u00eb e personifikojn\u00eb me nj\u00eb kuti \u00e7okollatash. Disa t\u00eb tjer\u00eb e ngjasojn\u00eb me nj\u00eb pasqyr\u00eb s\u00eb\" \/>\n<meta name=\"robots\" content=\"index, follow, max-snippet:-1, max-image-preview:large, max-video-preview:-1\" \/>\n<link rel=\"canonical\" href=\"https:\/\/www.visit-ulcinj.com\/blog\/2009\/09\/07\/zbulohet-sekreti-cfare-i-mban-lidhur-rozin-dhe-noysin\/\" \/>\n<meta property=\"og:locale\" content=\"en_US\" \/>\n<meta property=\"og:type\" content=\"article\" \/>\n<meta property=\"og:title\" content=\"Zbulohet sekreti ... \u00c7far\u00eb i mban lidhur Rozin dhe Noysin? - Lajme nga Ulqini\" \/>\n<meta property=\"og:description\" content=\"Koopertin\u00eb Jeta shpesh her\u00eb ka q\u00ebn\u00eb e pabesueshme p\u00ebr t\u00eb. Shum\u00eb e personifikojn\u00eb me nj\u00eb kuti \u00e7okollatash. Disa t\u00eb tjer\u00eb e ngjasojn\u00eb me nj\u00eb pasqyr\u00eb s\u00eb\" \/>\n<meta property=\"og:url\" content=\"https:\/\/www.visit-ulcinj.com\/blog\/2009\/09\/07\/zbulohet-sekreti-cfare-i-mban-lidhur-rozin-dhe-noysin\/\" \/>\n<meta property=\"og:site_name\" content=\"Lajme nga Ulqini\" \/>\n<meta property=\"article:published_time\" content=\"2009-09-07T19:25:25+00:00\" \/>\n<meta property=\"og:image\" content=\"http:\/\/www.visit-ulcinj.com\/blog\/wp-content\/uploads\/2009\/09\/rozi-kopertina.jpg\" \/>\n<meta name=\"twitter:label1\" content=\"Written by\" \/>\n\t<meta name=\"twitter:data1\" content=\"ulqini\" \/>\n\t<meta name=\"twitter:label2\" content=\"Est. reading time\" \/>\n\t<meta name=\"twitter:data2\" content=\"1 minute\" \/>\n<script type=\"application\/ld+json\" class=\"yoast-schema-graph\">{\"@context\":\"https:\/\/schema.org\",\"@graph\":[{\"@type\":\"WebSite\",\"@id\":\"https:\/\/www.visit-ulcinj.com\/blog\/#website\",\"url\":\"https:\/\/www.visit-ulcinj.com\/blog\/\",\"name\":\"Lajme nga Ulqini\",\"description\":\"Lajme,Vijesti,Ulqini,Ulqin,Crna Gora,Mali i Zi\",\"potentialAction\":[{\"@type\":\"SearchAction\",\"target\":{\"@type\":\"EntryPoint\",\"urlTemplate\":\"https:\/\/www.visit-ulcinj.com\/blog\/?s={search_term_string}\"},\"query-input\":\"required name=search_term_string\"}],\"inLanguage\":\"en-US\"},{\"@type\":\"ImageObject\",\"inLanguage\":\"en-US\",\"@id\":\"https:\/\/www.visit-ulcinj.com\/blog\/2009\/09\/07\/zbulohet-sekreti-cfare-i-mban-lidhur-rozin-dhe-noysin\/#primaryimage\",\"url\":\"http:\/\/www.visit-ulcinj.com\/blog\/wp-content\/uploads\/2009\/09\/rozi-kopertina.jpg\",\"contentUrl\":\"http:\/\/www.visit-ulcinj.com\/blog\/wp-content\/uploads\/2009\/09\/rozi-kopertina.jpg\"},{\"@type\":\"WebPage\",\"@id\":\"https:\/\/www.visit-ulcinj.com\/blog\/2009\/09\/07\/zbulohet-sekreti-cfare-i-mban-lidhur-rozin-dhe-noysin\/#webpage\",\"url\":\"https:\/\/www.visit-ulcinj.com\/blog\/2009\/09\/07\/zbulohet-sekreti-cfare-i-mban-lidhur-rozin-dhe-noysin\/\",\"name\":\"Zbulohet sekreti ... \u00c7far\u00eb i mban lidhur Rozin dhe Noysin? - Lajme nga Ulqini\",\"isPartOf\":{\"@id\":\"https:\/\/www.visit-ulcinj.com\/blog\/#website\"},\"primaryImageOfPage\":{\"@id\":\"https:\/\/www.visit-ulcinj.com\/blog\/2009\/09\/07\/zbulohet-sekreti-cfare-i-mban-lidhur-rozin-dhe-noysin\/#primaryimage\"},\"datePublished\":\"2009-09-07T19:25:25+00:00\",\"dateModified\":\"2009-09-07T19:25:25+00:00\",\"author\":{\"@id\":\"https:\/\/www.visit-ulcinj.com\/blog\/#\/schema\/person\/dcab619c614d3038751c63bc2aadc06d\"},\"description\":\"Koopertin\u00eb Jeta shpesh her\u00eb ka q\u00ebn\u00eb e pabesueshme p\u00ebr t\u00eb. Shum\u00eb e personifikojn\u00eb me nj\u00eb kuti \u00e7okollatash. Disa t\u00eb tjer\u00eb e ngjasojn\u00eb me nj\u00eb pasqyr\u00eb s\u00eb\",\"breadcrumb\":{\"@id\":\"https:\/\/www.visit-ulcinj.com\/blog\/2009\/09\/07\/zbulohet-sekreti-cfare-i-mban-lidhur-rozin-dhe-noysin\/#breadcrumb\"},\"inLanguage\":\"en-US\",\"potentialAction\":[{\"@type\":\"ReadAction\",\"target\":[\"https:\/\/www.visit-ulcinj.com\/blog\/2009\/09\/07\/zbulohet-sekreti-cfare-i-mban-lidhur-rozin-dhe-noysin\/\"]}]},{\"@type\":\"BreadcrumbList\",\"@id\":\"https:\/\/www.visit-ulcinj.com\/blog\/2009\/09\/07\/zbulohet-sekreti-cfare-i-mban-lidhur-rozin-dhe-noysin\/#breadcrumb\",\"itemListElement\":[{\"@type\":\"ListItem\",\"position\":1,\"name\":\"Zbulohet sekreti &#8230; \u00c7far\u00eb i mban lidhur Rozin dhe Noysin?\"}]},{\"@type\":\"Person\",\"@id\":\"https:\/\/www.visit-ulcinj.com\/blog\/#\/schema\/person\/dcab619c614d3038751c63bc2aadc06d\",\"name\":\"ulqini\",\"sameAs\":[\"http:\/\/www.visit-ulcinj.com\"],\"url\":\"https:\/\/www.visit-ulcinj.com\/blog\/author\/admin\/\"}]}<\/script>\n<!-- \/ Yoast SEO plugin. -->","yoast_head_json":{"title":"Zbulohet sekreti ... \u00c7far\u00eb i mban lidhur Rozin dhe Noysin? - Lajme nga Ulqini","description":"Koopertin\u00eb Jeta shpesh her\u00eb ka q\u00ebn\u00eb e pabesueshme p\u00ebr t\u00eb. Shum\u00eb e personifikojn\u00eb me nj\u00eb kuti \u00e7okollatash. Disa t\u00eb tjer\u00eb e ngjasojn\u00eb me nj\u00eb pasqyr\u00eb s\u00eb","robots":{"index":"index","follow":"follow","max-snippet":"max-snippet:-1","max-image-preview":"max-image-preview:large","max-video-preview":"max-video-preview:-1"},"canonical":"https:\/\/www.visit-ulcinj.com\/blog\/2009\/09\/07\/zbulohet-sekreti-cfare-i-mban-lidhur-rozin-dhe-noysin\/","og_locale":"en_US","og_type":"article","og_title":"Zbulohet sekreti ... \u00c7far\u00eb i mban lidhur Rozin dhe Noysin? - Lajme nga Ulqini","og_description":"Koopertin\u00eb Jeta shpesh her\u00eb ka q\u00ebn\u00eb e pabesueshme p\u00ebr t\u00eb. Shum\u00eb e personifikojn\u00eb me nj\u00eb kuti \u00e7okollatash. Disa t\u00eb tjer\u00eb e ngjasojn\u00eb me nj\u00eb pasqyr\u00eb s\u00eb","og_url":"https:\/\/www.visit-ulcinj.com\/blog\/2009\/09\/07\/zbulohet-sekreti-cfare-i-mban-lidhur-rozin-dhe-noysin\/","og_site_name":"Lajme nga Ulqini","article_published_time":"2009-09-07T19:25:25+00:00","og_image":[{"url":"http:\/\/www.visit-ulcinj.com\/blog\/wp-content\/uploads\/2009\/09\/rozi-kopertina.jpg"}],"twitter_misc":{"Written by":"ulqini","Est. reading time":"1 minute"},"schema":{"@context":"https:\/\/schema.org","@graph":[{"@type":"WebSite","@id":"https:\/\/www.visit-ulcinj.com\/blog\/#website","url":"https:\/\/www.visit-ulcinj.com\/blog\/","name":"Lajme nga Ulqini","description":"Lajme,Vijesti,Ulqini,Ulqin,Crna Gora,Mali i Zi","potentialAction":[{"@type":"SearchAction","target":{"@type":"EntryPoint","urlTemplate":"https:\/\/www.visit-ulcinj.com\/blog\/?s={search_term_string}"},"query-input":"required name=search_term_string"}],"inLanguage":"en-US"},{"@type":"ImageObject","inLanguage":"en-US","@id":"https:\/\/www.visit-ulcinj.com\/blog\/2009\/09\/07\/zbulohet-sekreti-cfare-i-mban-lidhur-rozin-dhe-noysin\/#primaryimage","url":"http:\/\/www.visit-ulcinj.com\/blog\/wp-content\/uploads\/2009\/09\/rozi-kopertina.jpg","contentUrl":"http:\/\/www.visit-ulcinj.com\/blog\/wp-content\/uploads\/2009\/09\/rozi-kopertina.jpg"},{"@type":"WebPage","@id":"https:\/\/www.visit-ulcinj.com\/blog\/2009\/09\/07\/zbulohet-sekreti-cfare-i-mban-lidhur-rozin-dhe-noysin\/#webpage","url":"https:\/\/www.visit-ulcinj.com\/blog\/2009\/09\/07\/zbulohet-sekreti-cfare-i-mban-lidhur-rozin-dhe-noysin\/","name":"Zbulohet sekreti ... \u00c7far\u00eb i mban lidhur Rozin dhe Noysin? - Lajme nga Ulqini","isPartOf":{"@id":"https:\/\/www.visit-ulcinj.com\/blog\/#website"},"primaryImageOfPage":{"@id":"https:\/\/www.visit-ulcinj.com\/blog\/2009\/09\/07\/zbulohet-sekreti-cfare-i-mban-lidhur-rozin-dhe-noysin\/#primaryimage"},"datePublished":"2009-09-07T19:25:25+00:00","dateModified":"2009-09-07T19:25:25+00:00","author":{"@id":"https:\/\/www.visit-ulcinj.com\/blog\/#\/schema\/person\/dcab619c614d3038751c63bc2aadc06d"},"description":"Koopertin\u00eb Jeta shpesh her\u00eb ka q\u00ebn\u00eb e pabesueshme p\u00ebr t\u00eb. Shum\u00eb e personifikojn\u00eb me nj\u00eb kuti \u00e7okollatash. Disa t\u00eb tjer\u00eb e ngjasojn\u00eb me nj\u00eb pasqyr\u00eb s\u00eb","breadcrumb":{"@id":"https:\/\/www.visit-ulcinj.com\/blog\/2009\/09\/07\/zbulohet-sekreti-cfare-i-mban-lidhur-rozin-dhe-noysin\/#breadcrumb"},"inLanguage":"en-US","potentialAction":[{"@type":"ReadAction","target":["https:\/\/www.visit-ulcinj.com\/blog\/2009\/09\/07\/zbulohet-sekreti-cfare-i-mban-lidhur-rozin-dhe-noysin\/"]}]},{"@type":"BreadcrumbList","@id":"https:\/\/www.visit-ulcinj.com\/blog\/2009\/09\/07\/zbulohet-sekreti-cfare-i-mban-lidhur-rozin-dhe-noysin\/#breadcrumb","itemListElement":[{"@type":"ListItem","position":1,"name":"Zbulohet sekreti &#8230; \u00c7far\u00eb i mban lidhur Rozin dhe Noysin?"}]},{"@type":"Person","@id":"https:\/\/www.visit-ulcinj.com\/blog\/#\/schema\/person\/dcab619c614d3038751c63bc2aadc06d","name":"ulqini","sameAs":["http:\/\/www.visit-ulcinj.com"],"url":"https:\/\/www.visit-ulcinj.com\/blog\/author\/admin\/"}]}},"jetpack_featured_media_url":"","jetpack_sharing_enabled":true,"jetpack_shortlink":"https:\/\/wp.me\/pe6lTn-6Bx","_links":{"self":[{"href":"https:\/\/www.visit-ulcinj.com\/blog\/wp-json\/wp\/v2\/posts\/25391"}],"collection":[{"href":"https:\/\/www.visit-ulcinj.com\/blog\/wp-json\/wp\/v2\/posts"}],"about":[{"href":"https:\/\/www.visit-ulcinj.com\/blog\/wp-json\/wp\/v2\/types\/post"}],"author":[{"embeddable":true,"href":"https:\/\/www.visit-ulcinj.com\/blog\/wp-json\/wp\/v2\/users\/1"}],"replies":[{"embeddable":true,"href":"https:\/\/www.visit-ulcinj.com\/blog\/wp-json\/wp\/v2\/comments?post=25391"}],"version-history":[{"count":0,"href":"https:\/\/www.visit-ulcinj.com\/blog\/wp-json\/wp\/v2\/posts\/25391\/revisions"}],"wp:attachment":[{"href":"https:\/\/www.visit-ulcinj.com\/blog\/wp-json\/wp\/v2\/media?parent=25391"}],"wp:term":[{"taxonomy":"category","embeddable":true,"href":"https:\/\/www.visit-ulcinj.com\/blog\/wp-json\/wp\/v2\/categories?post=25391"},{"taxonomy":"post_tag","embeddable":true,"href":"https:\/\/www.visit-ulcinj.com\/blog\/wp-json\/wp\/v2\/tags?post=25391"}],"curies":[{"name":"wp","href":"https:\/\/api.w.org\/{rel}","templated":true}]}}