{"id":25396,"date":"2009-09-07T21:55:21","date_gmt":"2009-09-07T19:55:21","guid":{"rendered":"http:\/\/www.visit-ulcinj.com\/blog\/?p=25396"},"modified":"2009-09-07T21:55:21","modified_gmt":"2009-09-07T19:55:21","slug":"martohet-ne-fshehtesi-te-plote-tani-enderron-per-nje-bebe","status":"publish","type":"post","link":"https:\/\/www.visit-ulcinj.com\/blog\/2009\/09\/07\/martohet-ne-fshehtesi-te-plote-tani-enderron-per-nje-bebe\/","title":{"rendered":"Martohet n\u00eb fsheht\u00ebsi t\u00eb plot\u00eb, tani \u00ebnd\u00ebrron p\u00ebr nj\u00eb bebe"},"content":{"rendered":"<p><a href=\"http:\/\/www.visit-ulcinj.com\/blog\/wp-content\/uploads\/2009\/09\/Arta-Bajrami1.jpg\"><img loading=\"lazy\" class=\"size-full wp-image-25397 alignleft\" title=\"Arta Bajrami\" src=\"http:\/\/www.visit-ulcinj.com\/blog\/wp-content\/uploads\/2009\/09\/Arta-Bajrami1.jpg\" alt=\"Arta Bajrami\" width=\"371\" height=\"604\" \/><\/a>K\u00ebng\u00ebtarja Arta Bajrami, n\u00eb albumin e saj q\u00eb sapo e ka lan\u00e7uar, vjen me nj\u00eb imazh t\u00eb ri. N\u00eb t\u00eb v\u00ebrtet\u00eb, ajo ndryshimet n\u00eb dukje i ka b\u00ebr\u00eb menj\u00ebher\u00eb pas martes\u00ebs, pasi ka dashur t\u00eb duket me nj\u00eb stil t\u00eb ri n\u00eb paraqitjen e saj muzikore. \u201cJam tep\u00ebr e lumtur q\u00eb ia dola t\u00eb hedh n\u00eb treg brenda koh\u00ebs s\u00eb premtuar albumin tim t\u00eb ri t\u00eb quajtur \u2018\u2019De Luxe\u2019\u2019. Albumi p\u00ebrmban gjithsej 6 k\u00ebng\u00eb dhe nj\u00eb remiks t\u00eb balad\u00ebs s\u00eb albumit t\u00eb kaluar \u2018\u2019I nj\u00ebjti ke mbet\u2019\u2019.<\/p>\n<p>Sapo kam p\u00ebrfunduar edhe pun\u00ebt rreth nj\u00eb videoklipi t\u00eb ri, t\u00eb cilin s\u00eb shpejti do t\u00eb keni rastin ta shihni. Planifikoj q\u00eb t\u2019i b\u00ebj videoklipin edhe nj\u00eb ose dy k\u00ebng\u00ebve t\u00eb tjera nga albumi i ri.Albumi p\u00ebrmban k\u00ebng\u00eb tep\u00ebr t\u00eb bukura dhe v\u00ebrtet s\u2019po mund t\u00eb zgjedh se cil\u00ebn ta shoq\u00ebroj me videoklip e cil\u00ebn jo. \u00cbsht\u00eb ky albumi im i kat\u00ebrt dhe definitivisht m\u00eb i preferuari p\u00ebr mua. Ideja p\u00ebr ta titulluar k\u00ebshtu ishte e imja. Albumi nuk \u00ebsht\u00eb nj\u00eb projekt q\u00eb duhet patjet\u00ebr t\u00eb nxirret, sa p\u00ebr t\u00eb kryer detyr\u00ebn q\u00eb ke si artist. Ky album \u00ebsht\u00eb punuar me shum\u00eb p\u00ebrkushtim dhe dashuri, andaj padyshim se edhe kualiteti \u00ebsht\u00eb i tipit \u2018creme de la creme\u2019, shprehet Arta. \u201cN\u00eb fakt adhuruesit e mi q\u00eb kan\u00eb ardhur n\u00ebp\u00ebr koncerte t\u00eb ndryshme brenda dhe jasht\u00eb Kosov\u00ebs kan\u00eb pasur mund\u00ebsin\u00eb t\u00eb m\u00eb shohin si bionde.<\/p>\n<p>Pra, ka koh\u00eb q\u00eb kam kaluar nga ngjyra e nxeht\u00eb (e kuqja) me t\u00eb cil\u00ebn njer\u00ebzit m\u00eb mbajn\u00eb mend nga videoklipet e fundit n\u00eb nj\u00eb bionde mjaft sensuale\u201d, rr\u00ebfen ajo p\u00ebr ndryshimin m\u00eb t\u00eb fundit t\u00eb ngjyr\u00ebs s\u00eb flok\u00ebve. Por e reja m\u00eb pikante \u00ebsht\u00eb se m\u00eb n\u00eb fund Arta Bajrami \u00ebsht\u00eb martuar. \u201cJam mjaft e lumtur q\u00eb gjith\u00eb ceremonin\u00eb martesore kam arritur ta mbaj jasht\u00eb v\u00ebmendjes mediale. Kam pasur pak stres se mos ndonj\u00eb i ftuar apo familjar do ta nxirrte me apo pa d\u00ebshir\u00eb k\u00ebt\u00eb lajm para se t\u00eb b\u00ebhej martesa, por si duket mysafir\u00ebt e mi e kan\u00eb kuptuar mir\u00eb d\u00ebshir\u00ebn time q\u00eb martes\u00ebn ta b\u00ebj n\u00eb nj\u00eb atmosfer\u00eb shum\u00eb private dhe pa asnj\u00eb prani t\u00eb mediave. Jam shum\u00eb e lumtur pasi martesa ka vajtur shum\u00eb mir\u00eb dhe un\u00eb tani jetoj me njeriun q\u00eb e kam zgjedhur vet\u00eb. Po ashtu, familjet tona jan\u00eb shum\u00eb t\u00eb lumtura dhe shkojn\u00eb shum\u00eb mir\u00eb. Ne nuk besoj se do t\u00eb mund t\u00eb vendosemi permanent n\u00eb nj\u00eb vend, pasi angazhimet e mia e k\u00ebrkojn\u00eb q\u00eb un\u00eb t\u00eb jem n\u00eb l\u00ebvizje, po ashtu edhe angazhimet e burrit tim. Por, p\u00ebr fat t\u00eb mir\u00eb, si Kosova, si Gjermania, jan\u00eb mjaft t\u00eb p\u00ebrshtatshme dhe kjo puna e t\u00eb pasurit dy kulme po m\u00eb p\u00eblqen, por edhe m\u00eb konvenon shum\u00eb.<\/p>\n<p>Martesa mendoj se \u00ebsht\u00eb di\u00e7ka shum\u00eb private dhe pasi e konsideroj si t\u00eb till\u00eb ashtu edhe dua ta mbaj. Un\u00eb jam aty p\u00ebr media dhe p\u00ebr publikun tim thuajse t\u00ebr\u00eb koh\u00ebn. Por nj\u00eb dit\u00eb t\u00eb vetme dhe t\u00eb ve\u00e7ant\u00eb n\u00eb jet\u00ebn time besoj se n\u00ebse jo media, t\u00eb pakt\u00ebn adhuruesit e mi ma b\u00ebjn\u00eb hallall. N\u00ebse un\u00eb si Arta Bajrami q\u00eb n\u00eb vazhdim\u00ebsi gjendet n\u00ebn lenzat e aparateve dhe kamerave martohem, nuk do t\u00eb thot\u00eb q\u00eb familja ime, bashk\u00ebshorti im si dhe familja e tij nuk kan\u00eb t\u00eb drejt\u00eb nj\u00eb ceremoni<br \/>\nprivate dhe familjare. Kureshtja juaj p\u00ebr t\u00eb m\u00ebsuar m\u00eb shum\u00eb vet\u00ebm sa e ilustron arsyen time se pse martes\u00ebn e mbajta jasht\u00eb cirkut medial\u201d, thot\u00eb ajo.<\/p>\n<p><strong>JO NUSE SI T\u00cb TJERAT<\/strong><\/p>\n<p>Arta tregon se fama nuk i pengon aspak n\u00eb martes\u00eb. E ka deklaruar shpesh nj\u00eb gj\u00eb t\u00eb till\u00eb, ngase Xhimi \u00ebsht\u00eb djal\u00eb modern dhe mendjehapur. \u201cS\u00eb paku, k\u00ebshtu duket n\u00eb fillim, t\u00eb shohim n\u00ebse do t\u00eb ndryshoj\u00eb n\u00eb t\u00eb ardhmen (qesh). Dhe normal q\u00eb un\u00eb nuk mund t\u00eb jem nj\u00eb nuse si gjith\u00eb nuset e tjera. Un\u00eb sot mund t\u00eb jem t\u00ebr\u00eb dit\u00ebn me Xhimin dhe prind\u00ebrit e tij dhe n\u00eb mbr\u00ebmje n\u00eb vend q\u00eb t\u00eb b\u00ebj \u00e7ajin apo kafen p\u00ebr ta, mua m\u00eb duhet t\u00eb marr valixhet dhe t\u00eb nisem drejt sken\u00ebs, ku adhuruesit presin q\u00eb un\u00eb t\u2019i arg\u00ebtoj me k\u00ebng\u00ebt e mia. Pra, nuk jam nj\u00eb nuse tradicionale si\u00e7 \u00ebsht\u00eb pjesa m\u00eb e madhe e nuseve shqiptare, por m\u00eb duhet t\u00eb them q\u00eb familja e Xhimit e kupton mir\u00eb k\u00ebt\u00eb gj\u00eb dhe dua t\u2019i fal\u00ebnderoj p\u00ebr p\u00ebrkrahjen t\u00eb kam nga ta. Bashk\u00ebshorti im g\u00ebzon p\u00ebrkujdesjen time t\u00eb plot\u00eb\u201d, thekson k\u00ebng\u00ebtarja.<\/p>\n<p><strong>\u00cbNDRA E PAREALIZUAR E ART\u00cbS, T\u00cb B\u00cbHET N\u00cbN\u00cb<\/strong><\/p>\n<p>T\u00eb them t\u00eb drejt\u00ebn, un\u00eb t\u00eb gjitha \u00ebndrrat q\u00eb kam pasur n\u00eb jet\u00eb thuajse i kam realizuar. E vetmja q\u00eb ka mbetur. \u00ebsht\u00eb t\u00eb qenit n\u00ebn\u00eb. Prandaj, ky \u00ebsht\u00eb plani dhe \u00ebndrra ime p\u00ebr t\u00eb ardhmen q\u00eb duhet t\u00eb konkretizohet. Gjith\u00e7ka tjet\u00ebr n\u00eb jet\u00eb e kam arritur, e kam konsumuar dhe e kam kaluar. Krijimi i familjes \u00ebsht\u00eb pika drejt s\u00eb cil\u00ebs un\u00eb jam orientuar.<\/p>\n<p><strong>Ylli Press<\/strong><\/p>\n<p><strong><\/p>\n<p><\/strong><\/p>\n<p><strong><!--YouTube Error: bad URL entered--><br \/>\n<\/strong><\/p>\n","protected":false},"excerpt":{"rendered":"<p>K\u00ebng\u00ebtarja Arta Bajrami, n\u00eb albumin e saj q\u00eb sapo e ka lan\u00e7uar, vjen me nj\u00eb imazh t\u00eb ri. N\u00eb t\u00eb v\u00ebrtet\u00eb, ajo ndryshimet n\u00eb dukje i ka b\u00ebr\u00eb menj\u00ebher\u00eb pas martes\u00ebs, pasi ka dashur t\u00eb duket me nj\u00eb stil t\u00eb ri n\u00eb paraqitjen e saj muzikore. \u201cJam tep\u00ebr e lumtur q\u00eb ia dola t\u00eb hedh [&hellip;]<\/p>\n","protected":false},"author":1,"featured_media":0,"comment_status":"open","ping_status":"closed","sticky":false,"template":"","format":"standard","meta":{"spay_email":"","jetpack_publicize_message":"","jetpack_is_tweetstorm":false,"jetpack_publicize_feature_enabled":true},"categories":[1],"tags":[4955],"jetpack_publicize_connections":[],"yoast_head":"<!-- This site is optimized with the Yoast SEO plugin v19.1 - https:\/\/yoast.com\/wordpress\/plugins\/seo\/ -->\n<title>Martohet n\u00eb fsheht\u00ebsi t\u00eb plot\u00eb, tani \u00ebnd\u00ebrron p\u00ebr nj\u00eb bebe - Lajme nga Ulqini<\/title>\n<meta name=\"description\" content=\"K\u00ebng\u00ebtarja Arta Bajrami, n\u00eb albumin e saj q\u00eb sapo e ka lan\u00e7uar, vjen me nj\u00eb imazh t\u00eb ri. N\u00eb t\u00eb v\u00ebrtet\u00eb, ajo ndryshimet n\u00eb dukje i ka b\u00ebr\u00eb menj\u00ebher\u00eb pas\" \/>\n<meta name=\"robots\" content=\"index, follow, max-snippet:-1, max-image-preview:large, max-video-preview:-1\" \/>\n<link rel=\"canonical\" href=\"https:\/\/www.visit-ulcinj.com\/blog\/2009\/09\/07\/martohet-ne-fshehtesi-te-plote-tani-enderron-per-nje-bebe\/\" \/>\n<meta property=\"og:locale\" content=\"en_US\" \/>\n<meta property=\"og:type\" content=\"article\" \/>\n<meta property=\"og:title\" content=\"Martohet n\u00eb fsheht\u00ebsi t\u00eb plot\u00eb, tani \u00ebnd\u00ebrron p\u00ebr nj\u00eb bebe - Lajme nga Ulqini\" \/>\n<meta property=\"og:description\" content=\"K\u00ebng\u00ebtarja Arta Bajrami, n\u00eb albumin e saj q\u00eb sapo e ka lan\u00e7uar, vjen me nj\u00eb imazh t\u00eb ri. N\u00eb t\u00eb v\u00ebrtet\u00eb, ajo ndryshimet n\u00eb dukje i ka b\u00ebr\u00eb menj\u00ebher\u00eb pas\" \/>\n<meta property=\"og:url\" content=\"https:\/\/www.visit-ulcinj.com\/blog\/2009\/09\/07\/martohet-ne-fshehtesi-te-plote-tani-enderron-per-nje-bebe\/\" \/>\n<meta property=\"og:site_name\" content=\"Lajme nga Ulqini\" \/>\n<meta property=\"article:published_time\" content=\"2009-09-07T19:55:21+00:00\" \/>\n<meta property=\"og:image\" content=\"https:\/\/www.visit-ulcinj.com\/blog\/wp-content\/uploads\/2009\/09\/Arta-Bajrami1-150x150.jpg\" \/>\n<meta name=\"twitter:label1\" content=\"Written by\" \/>\n\t<meta name=\"twitter:data1\" content=\"ulqini\" \/>\n\t<meta name=\"twitter:label2\" content=\"Est. reading time\" \/>\n\t<meta name=\"twitter:data2\" content=\"5 minutes\" \/>\n<script type=\"application\/ld+json\" class=\"yoast-schema-graph\">{\"@context\":\"https:\/\/schema.org\",\"@graph\":[{\"@type\":\"WebSite\",\"@id\":\"https:\/\/www.visit-ulcinj.com\/blog\/#website\",\"url\":\"https:\/\/www.visit-ulcinj.com\/blog\/\",\"name\":\"Lajme nga Ulqini\",\"description\":\"Lajme,Vijesti,Ulqini,Ulqin,Crna Gora,Mali i Zi\",\"potentialAction\":[{\"@type\":\"SearchAction\",\"target\":{\"@type\":\"EntryPoint\",\"urlTemplate\":\"https:\/\/www.visit-ulcinj.com\/blog\/?s={search_term_string}\"},\"query-input\":\"required name=search_term_string\"}],\"inLanguage\":\"en-US\"},{\"@type\":\"ImageObject\",\"inLanguage\":\"en-US\",\"@id\":\"https:\/\/www.visit-ulcinj.com\/blog\/2009\/09\/07\/martohet-ne-fshehtesi-te-plote-tani-enderron-per-nje-bebe\/#primaryimage\",\"url\":\"http:\/\/www.visit-ulcinj.com\/blog\/wp-content\/uploads\/2009\/09\/Arta-Bajrami1.jpg\",\"contentUrl\":\"http:\/\/www.visit-ulcinj.com\/blog\/wp-content\/uploads\/2009\/09\/Arta-Bajrami1.jpg\"},{\"@type\":\"WebPage\",\"@id\":\"https:\/\/www.visit-ulcinj.com\/blog\/2009\/09\/07\/martohet-ne-fshehtesi-te-plote-tani-enderron-per-nje-bebe\/#webpage\",\"url\":\"https:\/\/www.visit-ulcinj.com\/blog\/2009\/09\/07\/martohet-ne-fshehtesi-te-plote-tani-enderron-per-nje-bebe\/\",\"name\":\"Martohet n\u00eb fsheht\u00ebsi t\u00eb plot\u00eb, tani \u00ebnd\u00ebrron p\u00ebr nj\u00eb bebe - Lajme nga Ulqini\",\"isPartOf\":{\"@id\":\"https:\/\/www.visit-ulcinj.com\/blog\/#website\"},\"primaryImageOfPage\":{\"@id\":\"https:\/\/www.visit-ulcinj.com\/blog\/2009\/09\/07\/martohet-ne-fshehtesi-te-plote-tani-enderron-per-nje-bebe\/#primaryimage\"},\"datePublished\":\"2009-09-07T19:55:21+00:00\",\"dateModified\":\"2009-09-07T19:55:21+00:00\",\"author\":{\"@id\":\"https:\/\/www.visit-ulcinj.com\/blog\/#\/schema\/person\/dcab619c614d3038751c63bc2aadc06d\"},\"description\":\"K\u00ebng\u00ebtarja Arta Bajrami, n\u00eb albumin e saj q\u00eb sapo e ka lan\u00e7uar, vjen me nj\u00eb imazh t\u00eb ri. N\u00eb t\u00eb v\u00ebrtet\u00eb, ajo ndryshimet n\u00eb dukje i ka b\u00ebr\u00eb menj\u00ebher\u00eb pas\",\"breadcrumb\":{\"@id\":\"https:\/\/www.visit-ulcinj.com\/blog\/2009\/09\/07\/martohet-ne-fshehtesi-te-plote-tani-enderron-per-nje-bebe\/#breadcrumb\"},\"inLanguage\":\"en-US\",\"potentialAction\":[{\"@type\":\"ReadAction\",\"target\":[\"https:\/\/www.visit-ulcinj.com\/blog\/2009\/09\/07\/martohet-ne-fshehtesi-te-plote-tani-enderron-per-nje-bebe\/\"]}]},{\"@type\":\"BreadcrumbList\",\"@id\":\"https:\/\/www.visit-ulcinj.com\/blog\/2009\/09\/07\/martohet-ne-fshehtesi-te-plote-tani-enderron-per-nje-bebe\/#breadcrumb\",\"itemListElement\":[{\"@type\":\"ListItem\",\"position\":1,\"name\":\"Martohet n\u00eb fsheht\u00ebsi t\u00eb plot\u00eb, tani \u00ebnd\u00ebrron p\u00ebr nj\u00eb bebe\"}]},{\"@type\":\"Person\",\"@id\":\"https:\/\/www.visit-ulcinj.com\/blog\/#\/schema\/person\/dcab619c614d3038751c63bc2aadc06d\",\"name\":\"ulqini\",\"sameAs\":[\"http:\/\/www.visit-ulcinj.com\"],\"url\":\"https:\/\/www.visit-ulcinj.com\/blog\/author\/admin\/\"}]}<\/script>\n<!-- \/ Yoast SEO plugin. -->","yoast_head_json":{"title":"Martohet n\u00eb fsheht\u00ebsi t\u00eb plot\u00eb, tani \u00ebnd\u00ebrron p\u00ebr nj\u00eb bebe - Lajme nga Ulqini","description":"K\u00ebng\u00ebtarja Arta Bajrami, n\u00eb albumin e saj q\u00eb sapo e ka lan\u00e7uar, vjen me nj\u00eb imazh t\u00eb ri. N\u00eb t\u00eb v\u00ebrtet\u00eb, ajo ndryshimet n\u00eb dukje i ka b\u00ebr\u00eb menj\u00ebher\u00eb pas","robots":{"index":"index","follow":"follow","max-snippet":"max-snippet:-1","max-image-preview":"max-image-preview:large","max-video-preview":"max-video-preview:-1"},"canonical":"https:\/\/www.visit-ulcinj.com\/blog\/2009\/09\/07\/martohet-ne-fshehtesi-te-plote-tani-enderron-per-nje-bebe\/","og_locale":"en_US","og_type":"article","og_title":"Martohet n\u00eb fsheht\u00ebsi t\u00eb plot\u00eb, tani \u00ebnd\u00ebrron p\u00ebr nj\u00eb bebe - Lajme nga Ulqini","og_description":"K\u00ebng\u00ebtarja Arta Bajrami, n\u00eb albumin e saj q\u00eb sapo e ka lan\u00e7uar, vjen me nj\u00eb imazh t\u00eb ri. N\u00eb t\u00eb v\u00ebrtet\u00eb, ajo ndryshimet n\u00eb dukje i ka b\u00ebr\u00eb menj\u00ebher\u00eb pas","og_url":"https:\/\/www.visit-ulcinj.com\/blog\/2009\/09\/07\/martohet-ne-fshehtesi-te-plote-tani-enderron-per-nje-bebe\/","og_site_name":"Lajme nga Ulqini","article_published_time":"2009-09-07T19:55:21+00:00","og_image":[{"url":"https:\/\/www.visit-ulcinj.com\/blog\/wp-content\/uploads\/2009\/09\/Arta-Bajrami1-150x150.jpg"}],"twitter_misc":{"Written by":"ulqini","Est. reading time":"5 minutes"},"schema":{"@context":"https:\/\/schema.org","@graph":[{"@type":"WebSite","@id":"https:\/\/www.visit-ulcinj.com\/blog\/#website","url":"https:\/\/www.visit-ulcinj.com\/blog\/","name":"Lajme nga Ulqini","description":"Lajme,Vijesti,Ulqini,Ulqin,Crna Gora,Mali i Zi","potentialAction":[{"@type":"SearchAction","target":{"@type":"EntryPoint","urlTemplate":"https:\/\/www.visit-ulcinj.com\/blog\/?s={search_term_string}"},"query-input":"required name=search_term_string"}],"inLanguage":"en-US"},{"@type":"ImageObject","inLanguage":"en-US","@id":"https:\/\/www.visit-ulcinj.com\/blog\/2009\/09\/07\/martohet-ne-fshehtesi-te-plote-tani-enderron-per-nje-bebe\/#primaryimage","url":"http:\/\/www.visit-ulcinj.com\/blog\/wp-content\/uploads\/2009\/09\/Arta-Bajrami1.jpg","contentUrl":"http:\/\/www.visit-ulcinj.com\/blog\/wp-content\/uploads\/2009\/09\/Arta-Bajrami1.jpg"},{"@type":"WebPage","@id":"https:\/\/www.visit-ulcinj.com\/blog\/2009\/09\/07\/martohet-ne-fshehtesi-te-plote-tani-enderron-per-nje-bebe\/#webpage","url":"https:\/\/www.visit-ulcinj.com\/blog\/2009\/09\/07\/martohet-ne-fshehtesi-te-plote-tani-enderron-per-nje-bebe\/","name":"Martohet n\u00eb fsheht\u00ebsi t\u00eb plot\u00eb, tani \u00ebnd\u00ebrron p\u00ebr nj\u00eb bebe - Lajme nga Ulqini","isPartOf":{"@id":"https:\/\/www.visit-ulcinj.com\/blog\/#website"},"primaryImageOfPage":{"@id":"https:\/\/www.visit-ulcinj.com\/blog\/2009\/09\/07\/martohet-ne-fshehtesi-te-plote-tani-enderron-per-nje-bebe\/#primaryimage"},"datePublished":"2009-09-07T19:55:21+00:00","dateModified":"2009-09-07T19:55:21+00:00","author":{"@id":"https:\/\/www.visit-ulcinj.com\/blog\/#\/schema\/person\/dcab619c614d3038751c63bc2aadc06d"},"description":"K\u00ebng\u00ebtarja Arta Bajrami, n\u00eb albumin e saj q\u00eb sapo e ka lan\u00e7uar, vjen me nj\u00eb imazh t\u00eb ri. N\u00eb t\u00eb v\u00ebrtet\u00eb, ajo ndryshimet n\u00eb dukje i ka b\u00ebr\u00eb menj\u00ebher\u00eb pas","breadcrumb":{"@id":"https:\/\/www.visit-ulcinj.com\/blog\/2009\/09\/07\/martohet-ne-fshehtesi-te-plote-tani-enderron-per-nje-bebe\/#breadcrumb"},"inLanguage":"en-US","potentialAction":[{"@type":"ReadAction","target":["https:\/\/www.visit-ulcinj.com\/blog\/2009\/09\/07\/martohet-ne-fshehtesi-te-plote-tani-enderron-per-nje-bebe\/"]}]},{"@type":"BreadcrumbList","@id":"https:\/\/www.visit-ulcinj.com\/blog\/2009\/09\/07\/martohet-ne-fshehtesi-te-plote-tani-enderron-per-nje-bebe\/#breadcrumb","itemListElement":[{"@type":"ListItem","position":1,"name":"Martohet n\u00eb fsheht\u00ebsi t\u00eb plot\u00eb, tani \u00ebnd\u00ebrron p\u00ebr nj\u00eb bebe"}]},{"@type":"Person","@id":"https:\/\/www.visit-ulcinj.com\/blog\/#\/schema\/person\/dcab619c614d3038751c63bc2aadc06d","name":"ulqini","sameAs":["http:\/\/www.visit-ulcinj.com"],"url":"https:\/\/www.visit-ulcinj.com\/blog\/author\/admin\/"}]}},"jetpack_featured_media_url":"","jetpack_sharing_enabled":true,"jetpack_shortlink":"https:\/\/wp.me\/pe6lTn-6BC","_links":{"self":[{"href":"https:\/\/www.visit-ulcinj.com\/blog\/wp-json\/wp\/v2\/posts\/25396"}],"collection":[{"href":"https:\/\/www.visit-ulcinj.com\/blog\/wp-json\/wp\/v2\/posts"}],"about":[{"href":"https:\/\/www.visit-ulcinj.com\/blog\/wp-json\/wp\/v2\/types\/post"}],"author":[{"embeddable":true,"href":"https:\/\/www.visit-ulcinj.com\/blog\/wp-json\/wp\/v2\/users\/1"}],"replies":[{"embeddable":true,"href":"https:\/\/www.visit-ulcinj.com\/blog\/wp-json\/wp\/v2\/comments?post=25396"}],"version-history":[{"count":0,"href":"https:\/\/www.visit-ulcinj.com\/blog\/wp-json\/wp\/v2\/posts\/25396\/revisions"}],"wp:attachment":[{"href":"https:\/\/www.visit-ulcinj.com\/blog\/wp-json\/wp\/v2\/media?parent=25396"}],"wp:term":[{"taxonomy":"category","embeddable":true,"href":"https:\/\/www.visit-ulcinj.com\/blog\/wp-json\/wp\/v2\/categories?post=25396"},{"taxonomy":"post_tag","embeddable":true,"href":"https:\/\/www.visit-ulcinj.com\/blog\/wp-json\/wp\/v2\/tags?post=25396"}],"curies":[{"name":"wp","href":"https:\/\/api.w.org\/{rel}","templated":true}]}}