{"id":2540,"date":"2008-08-18T08:43:00","date_gmt":"2008-08-18T13:43:00","guid":{"rendered":"http:\/\/www.visit-ulcinj.com\/blog\/?p=2540"},"modified":"2008-08-18T08:44:50","modified_gmt":"2008-08-18T13:44:50","slug":"sve-stima-algostiju-manje-ima","status":"publish","type":"post","link":"https:\/\/www.visit-ulcinj.com\/blog\/2008\/08\/18\/sve-stima-algostiju-manje-ima\/","title":{"rendered":"Sve \u0161tima, al`gostiju manje ima"},"content":{"rendered":"<p><a href=\"http:\/\/www.visit-ulcinj.com\/blog\/wp-content\/uploads\/2008\/02\/copakabana.jpg\"><img loading=\"lazy\" class=\"size-medium wp-image-670 alignleft\" title=\"copakabana beach ulcinj\" src=\"http:\/\/www.visit-ulcinj.com\/blog\/wp-content\/uploads\/2008\/02\/copakabana.jpg\" alt=\"\" width=\"300\" height=\"225\" \/><\/a><strong>Na velikoj pla\u017ei &#8220;Kopakabana&#8221;<\/strong><br \/>\nPosjetioce &#8220;Kopakabane&#8221;, na Velikoj pla\u017ei u Ulcinju, do?ekuje plava zastavica, koja govori da je kvalitet vode, i sve ostalo na pla\u017ei na zavidnom nivou. Tu je i osmijeh iskusnog ulcinjskog turisti?kog radnika i hotelijera Prelje \u0160krelje, koji je ve? pet godina menad\u017eer i vlasnik &#8220;Kopakabane&#8221;.<br \/>\n&#8211; Iz godine u godinu strpljivo smo podizali nivo ponude i renome ovoga mjesta. Pobrinuli smo se da djeca imaju svoj zabavni park i da odraslima ne bude monoton dolazak na Kopakabanu, jer nijesu dovoljni samo pijesak sunce, suncobrani i more. Goste interesuju i drugi sadr\u017eaji, a &#8220;Kopakabana&#8221; ima \u0161ta da ponudi &#8211; ka\u017ee \u0160krelja.<br \/>\nNa Kopakabani radi 76 ljudi raznih struka i kako ka\u017eu, pokriven je svaki aspekt ponude.<br \/>\n&#8211; Do sada je sve pozitivno, jer smo dobro organizovani. U svakom momentu mo\u017eemo da iza?emo u susret gostu, ali i da dostavimo na uvid dokumentaciju inspektorima koji nas ?esto posje?uju &#8211; na\u0161alio sa \u0160krelja.<br \/>\nOn smatra da ove godine svuda vlada isti sindrom, i to ne samo na Crnogorskom primorju, ve? i u susjednoj Hrvatskoj.<\/p>\n<div id=\"attachment_2541\" style=\"width: 310px\" class=\"wp-caption alignright\"><a href=\"http:\/\/www.visit-ulcinj.com\/blog\/wp-content\/uploads\/2008\/08\/prelja-skrelja.jpg\"><img aria-describedby=\"caption-attachment-2541\" loading=\"lazy\" class=\"size-medium wp-image-2541\" title=\"prelja-skrelja\" src=\"http:\/\/www.visit-ulcinj.com\/blog\/wp-content\/uploads\/2008\/08\/prelja-skrelja-300x254.jpg\" alt=\"Prelja \u0160krelja-Menad\u017eer i Vlasnik &quot;Kopakabane&quot;. \" width=\"300\" height=\"254\" srcset=\"https:\/\/www.visit-ulcinj.com\/blog\/wp-content\/uploads\/2008\/08\/prelja-skrelja-300x254.jpg 300w, https:\/\/www.visit-ulcinj.com\/blog\/wp-content\/uploads\/2008\/08\/prelja-skrelja.jpg 416w\" sizes=\"(max-width: 300px) 100vw, 300px\" \/><\/a><p id=\"caption-attachment-2541\" class=\"wp-caption-text\">Prelja \u0160krelja-Menad\u017eer i Vlasnik &quot;Kopakabane&quot;. <\/p><\/div>\n<p>&#8211; Imam informacije da je posje?enost 30 odsto manja nego pro\u0161le godine, koja je bila najbolja za posljednjih dvije decenije. &#8220;Kopakabana&#8221; i kompanija &#8220;Holegro&#8221;, tako?e imaju 30 odsto manje posjetilaca u odnosu na pro\u0161lu godinu. Nadamo sa da ?e u avgustu biti malo bolje, naravno, ako nas vrijeme poslu\u017ei &#8211; objasnio je \u0160krelja.<br \/>\nVi\u0161e faktora, ka\u017ee on, uti?u na manji broj posjetilaca. Tako je, na primjer, na goste koji su zadnjih godina dolazili iz SAD uticao nepovoljan odnos dolara i eura, pa im je sada Crna Gora skupa destinacija. Mnogi ka\u017eu da bi sa novcem koje ovdje potro\u0161e, mogli da odu u najskuplje svjetske destinacije i tamo provedu odmor.<br \/>\n&#8211; Struktura gostiju se od 2003. godine, kada je 90 odsto posjete bilo je sa Kosova promijenila. Imamo posjetioce iz svih regiona, a naro?ito me raduje da je Velika pla\u017ea postala privla?na za strane turiste iz drugih dr\u017eava. Te\u017eimo da ne budemo zavisni od jednog tr\u017ei\u0161ta, nego da imamo goste iz razli?itih destinacija &#8211; ka\u017ee \u0160krelja.<br \/>\nPosjeta sa strane je, kako ka\u017ee, za 15 do 20 odsto ve?i nego ranijih godina.<br \/>\n&#8211; Iako su oni bolje plate\u017ene mo?i, \u017eale se da smo skupi, i smatraju da Crna Gora mora da ima ni\u017ee cijene od drugih evropskih destinacija &#8211; ka\u017ee ovaj poznati turisti?ki poslenik.<br \/>\nOn je rekao da ulcinjskoj rivijeri nedostaje marketing, jer je turisti?ka organizacija prakti?no u osnivanju.<br \/>\n&#8211; Zbog toga, turisti mi\u0161ljenje o ulcinjskoj rivijeri formiraju na osnovu nepotpunih i neta?nih informacija, i zaboravljaju da ovdje vjekovima vlada me?uetni?ki sklad i harmonija na\u0161ta smo posebno ponosni &#8211; zavr\u0161ava \u0160krelja i poziva sve da posjete Ulcinj i u\u017eivaju na najljep\u0161im pla\u017eama na na\u0161em primorju.<br \/>\n&#8220;Kopakabana&#8221; je ure?ena pla\u017ea duga 340 metara, a kako je \u0160krelja kazao, sa nje je me?u prvima uklonjen plasti?ni mobilijar, pa na ovoj pla\u017ei dominiraju drvo i trska, a restoranska ponuda je za sva?iji d\u017eep.<br \/>\n&#8211; U restoranu je muziku u\u017eivo. Na meniju se mo\u017ee birati od ro\u0161tilja i kuvanih jela, pa do ribljih specijaliteta. Imamo peciva i poslastice, i nezaobilazni sladoled. Tako svaki gost mo\u017ee na?i ne\u0161to po svom ukusu. Odrasli mogu igrati odbojku na vodi i fudbal na pijesku, a za mla?e imamo animatore koji ih zabavljaju &#8211; nabrojao je \u0160krelja.<\/p>\n<div id=\"attachment_2542\" style=\"width: 310px\" class=\"wp-caption alignleft\"><a href=\"http:\/\/www.visit-ulcinj.com\/blog\/wp-content\/uploads\/2008\/08\/prelja-skrelja1.jpg\"><img aria-describedby=\"caption-attachment-2542\" loading=\"lazy\" class=\"size-medium wp-image-2542\" title=\"prelja-skrelja1\" src=\"http:\/\/www.visit-ulcinj.com\/blog\/wp-content\/uploads\/2008\/08\/prelja-skrelja1-300x276.jpg\" alt=\"Prelja \u0160krelja\" width=\"300\" height=\"276\" srcset=\"https:\/\/www.visit-ulcinj.com\/blog\/wp-content\/uploads\/2008\/08\/prelja-skrelja1-300x276.jpg 300w, https:\/\/www.visit-ulcinj.com\/blog\/wp-content\/uploads\/2008\/08\/prelja-skrelja1.jpg 416w\" sizes=\"(max-width: 300px) 100vw, 300px\" \/><\/a><p id=\"caption-attachment-2542\" class=\"wp-caption-text\">Prelja \u0160krelja<\/p><\/div>\n<p>On ka\u017ee da se trude se da ?isto?a kupali\u0161ta bude na zavidnom nivou, sa dovoljno sanitarnih ?vorova, pa na pla\u017ei ima 76 tu\u0161eva. Vode ima u obilju, postoji bazen sa tehni?kom vodom, a doveden je i gradski vodovod.<br \/>\n&#8211; Imamo pla\u017eni bar sa 250 mjesta, i poslu\u017eivanje na pla\u017ei, pa zato ispod svakog suncobrana postoji sto?i?. Djevojke idu od suncobrana, do suncobrana, pa ?e gosti biti poslu\u017eeni hladnim pi?em ili sokovima, a ako je neko ponio fla\u0161u viskija, dobi?e, naravno, ?a\u0161e i led &#8211; ka\u017ee \u0160krelja sa osmijehom.<br \/>\nCijene su, po njegovim rije?ima pove?ane jer su iz godine u godinu, usluge &#8220;Morskog dobra&#8221; sve skuplje i skuplje. Pove?anje nekad ide i za 100 odsto na godi\u0161njem nivou, a uz to, svoje tra\u017ee Op\u0161tina i dr\u017eava.<br \/>\n\u0160krelja ka\u017ee da za pripremu &#8220;Kopakabane&#8221; treba ulo\u017eiti oko 65.000 eura za da\u017ebine i ostale pripreme, pa je to ono \u0161to podi\u017ee cijene, mada nagla\u0161ava da su u odnosu na prethodnu godinu sa cijenama ostali na istom nivou.<br \/>\nDva le\u017eaja, sto?i? i suncobram ko\u0161taju \u0161est eura, ali i se dalje ?uju pritu\u017ebe da su skupi, iako je tri godine za redom cijena ista.<br \/>\n&#8211; Ove godine, i pro\u0161le smo uslovljeni da 50 odsto pla\u017ee ostavimo slobodno. Za taj dio pla?amo sve komunalije, isto kao da smo postavili mobilijar. Smatram da smo tu dosta zakinuti, jer je zajedno sa kapacitetom trebalo smanjiti i cijene zakupa ako \u017eelimo da stvarno budemo korektni. Jer, u ovaj dio dolaza ljudi sa svojom hranom i pi?em i mobilijarom, i na kraju dana ostave sme?e koje se mora pokupiti &#8211; komentarisao je je \u0160krelja.<br \/>\n<strong> Na pla\u017ei sa unu?adima<\/strong><br \/>\nNa &#8220;Kopakabanu&#8221; Rajko Crnomarkovi? i njegova supruga Svetlana dolaze sa dva unu?eta.<br \/>\n&#8211; Imamo dva unuka, od dvije do ?etiri godine, koji najvi\u0161e vole da ljetuju ovdje. Zadovoljni smo ?isto?om jer se pla\u017ea svakodnevno ?isti &#8211; ka\u017eu Crnomarkovi?i.<br \/>\nKao veliki problem, oni isti?u saobra?ajne gu\u017eve, za koje ka\u017eu da su nemogu?e.<br \/>\n&#8211; Saobra?ajne gu\u017eve su nemogu?e. Ne znam kada ?e kona?no ne\u0161to uraditi po pitanju infrastrukture. Gu\u017eve su najve?e do \u0161est do pola osam. ?itav dan pro?e do prelaska Bojane &#8211; ka\u017ee ovaj ma\u0161inski in\u017eenjer u penziji.<\/p>\n<div style=\"width: 280px\" class=\"wp-caption alignright\"><a href=\"http:\/\/www.hollegro.cg.yu\/gallery\/copa\/images\/Copacabana09_jpg.jpg\"><img loading=\"lazy\" title=\"Pla\u017ea Kopakabana Ulcinj \" src=\"http:\/\/www.hollegro.cg.yu\/gallery\/copa\/images\/Copacabana09_jpg.jpg\" alt=\"\" width=\"270\" height=\"210\" \/><\/a><p class=\"wp-caption-text\">Pla\u017ea Kopakabana Ulcinj <\/p><\/div>\n<p><strong>Usko grlo<\/strong><br \/>\nPodgori?anin Dejan Bulatovi? sa porodicom godinama dolazi na &#8220;Kopakabanu&#8221;, jer u blizini ima vikendicu. Zatekli smo ga na pla\u017ei sa suprugom, k?erkom i sinom.<br \/>\n&#8211; Ovdje smo od 1980. godine. Ovdje u blizini kupili smo vikendicu i otada dolazimo svako ljeto po mjesec dana. Naj?e\u0161?e na &#8220;Kopakabanu&#8221; jer je najatraktivnija i zato jer se ovaj dio pla\u017ee najbolje odr\u017eava. Na pla\u017eu kre?emo rano ujutro zbog djece, a vra?amo se kasno uve?e. Posje?enost je ne\u0161to manja nego pro\u0161le godine, ali to nam se svi?a, jer nam gu\u017eva ne odgovara. Cijene su iste kao pro\u0161le godine &#8211; ka\u017ee Bulatovi?, po zanimanju ma\u0161in \u2013 bravar.<br \/>\nBulatovi? ka\u017ee da im na ovoj pla\u017ei ne dosa?uju gliseri i skuteri, koji se dr\u017ee podalje od zone za bezbjedno kupanje.<br \/>\n&#8211; Najvi\u0161e nam smetaju saobra?ajne gu\u017eve, koje se stvaraju od Velike pla\u017ee do Port Milene, pa je potrebno sat, dva dok se ode i vrati &#8211; objasnio je Bulatovi?.<br \/>\n<strong> Autor \/ St. P.<\/strong><br \/>\n<strong>Izvor \/ Dan<\/strong><\/p>\n<!-- vimeo error: not a vimeo video -->\n","protected":false},"excerpt":{"rendered":"<p><img loading=\"lazy\" class=\"size-medium wp-image-670 alignleft\" title=\"copakabana beach ulcinj\" src=\"http:\/\/www.visit-ulcinj.com\/blog\/wp-content\/uploads\/2008\/02\/copakabana.jpg\" alt=\"\" width=\"140\" height=\"140\" \/><\/p>\n","protected":false},"author":1,"featured_media":0,"comment_status":"open","ping_status":"closed","sticky":false,"template":"","format":"standard","meta":{"spay_email":"","jetpack_publicize_message":"","jetpack_is_tweetstorm":false,"jetpack_publicize_feature_enabled":true},"categories":[12,15],"tags":[4368,2937],"jetpack_publicize_connections":[],"yoast_head":"<!-- This site is optimized with the Yoast SEO plugin v19.1 - https:\/\/yoast.com\/wordpress\/plugins\/seo\/ -->\n<title>Sve \u0161tima, al`gostiju manje ima - Lajme nga Ulqini<\/title>\n<meta name=\"robots\" content=\"index, follow, max-snippet:-1, max-image-preview:large, max-video-preview:-1\" \/>\n<link rel=\"canonical\" href=\"https:\/\/www.visit-ulcinj.com\/blog\/2008\/08\/18\/sve-stima-algostiju-manje-ima\/\" \/>\n<meta property=\"og:locale\" content=\"en_US\" \/>\n<meta property=\"og:type\" content=\"article\" \/>\n<meta property=\"og:title\" content=\"Sve \u0161tima, al`gostiju manje ima - Lajme nga Ulqini\" \/>\n<meta property=\"og:url\" content=\"https:\/\/www.visit-ulcinj.com\/blog\/2008\/08\/18\/sve-stima-algostiju-manje-ima\/\" \/>\n<meta property=\"og:site_name\" content=\"Lajme nga Ulqini\" \/>\n<meta property=\"article:published_time\" content=\"2008-08-18T13:43:00+00:00\" \/>\n<meta property=\"article:modified_time\" content=\"2008-08-18T13:44:50+00:00\" \/>\n<meta property=\"og:image\" content=\"http:\/\/www.visit-ulcinj.com\/blog\/wp-content\/uploads\/2008\/02\/copakabana.jpg\" \/>\n<meta name=\"twitter:label1\" content=\"Written by\" \/>\n\t<meta name=\"twitter:data1\" content=\"ulqini\" \/>\n\t<meta name=\"twitter:label2\" content=\"Est. reading time\" \/>\n\t<meta name=\"twitter:data2\" content=\"6 minutes\" \/>\n<script type=\"application\/ld+json\" class=\"yoast-schema-graph\">{\"@context\":\"https:\/\/schema.org\",\"@graph\":[{\"@type\":\"WebSite\",\"@id\":\"https:\/\/www.visit-ulcinj.com\/blog\/#website\",\"url\":\"https:\/\/www.visit-ulcinj.com\/blog\/\",\"name\":\"Lajme nga Ulqini\",\"description\":\"Lajme,Vijesti,Ulqini,Ulqin,Crna Gora,Mali i Zi\",\"potentialAction\":[{\"@type\":\"SearchAction\",\"target\":{\"@type\":\"EntryPoint\",\"urlTemplate\":\"https:\/\/www.visit-ulcinj.com\/blog\/?s={search_term_string}\"},\"query-input\":\"required name=search_term_string\"}],\"inLanguage\":\"en-US\"},{\"@type\":\"ImageObject\",\"inLanguage\":\"en-US\",\"@id\":\"https:\/\/www.visit-ulcinj.com\/blog\/2008\/08\/18\/sve-stima-algostiju-manje-ima\/#primaryimage\",\"url\":\"http:\/\/www.visit-ulcinj.com\/blog\/wp-content\/uploads\/2008\/02\/copakabana.jpg\",\"contentUrl\":\"http:\/\/www.visit-ulcinj.com\/blog\/wp-content\/uploads\/2008\/02\/copakabana.jpg\"},{\"@type\":\"WebPage\",\"@id\":\"https:\/\/www.visit-ulcinj.com\/blog\/2008\/08\/18\/sve-stima-algostiju-manje-ima\/#webpage\",\"url\":\"https:\/\/www.visit-ulcinj.com\/blog\/2008\/08\/18\/sve-stima-algostiju-manje-ima\/\",\"name\":\"Sve \u0161tima, al`gostiju manje ima - Lajme nga Ulqini\",\"isPartOf\":{\"@id\":\"https:\/\/www.visit-ulcinj.com\/blog\/#website\"},\"primaryImageOfPage\":{\"@id\":\"https:\/\/www.visit-ulcinj.com\/blog\/2008\/08\/18\/sve-stima-algostiju-manje-ima\/#primaryimage\"},\"datePublished\":\"2008-08-18T13:43:00+00:00\",\"dateModified\":\"2008-08-18T13:44:50+00:00\",\"author\":{\"@id\":\"https:\/\/www.visit-ulcinj.com\/blog\/#\/schema\/person\/dcab619c614d3038751c63bc2aadc06d\"},\"breadcrumb\":{\"@id\":\"https:\/\/www.visit-ulcinj.com\/blog\/2008\/08\/18\/sve-stima-algostiju-manje-ima\/#breadcrumb\"},\"inLanguage\":\"en-US\",\"potentialAction\":[{\"@type\":\"ReadAction\",\"target\":[\"https:\/\/www.visit-ulcinj.com\/blog\/2008\/08\/18\/sve-stima-algostiju-manje-ima\/\"]}]},{\"@type\":\"BreadcrumbList\",\"@id\":\"https:\/\/www.visit-ulcinj.com\/blog\/2008\/08\/18\/sve-stima-algostiju-manje-ima\/#breadcrumb\",\"itemListElement\":[{\"@type\":\"ListItem\",\"position\":1,\"name\":\"Sve \u0161tima, al`gostiju manje ima\"}]},{\"@type\":\"Person\",\"@id\":\"https:\/\/www.visit-ulcinj.com\/blog\/#\/schema\/person\/dcab619c614d3038751c63bc2aadc06d\",\"name\":\"ulqini\",\"sameAs\":[\"http:\/\/www.visit-ulcinj.com\"],\"url\":\"https:\/\/www.visit-ulcinj.com\/blog\/author\/admin\/\"}]}<\/script>\n<!-- \/ Yoast SEO plugin. -->","yoast_head_json":{"title":"Sve \u0161tima, al`gostiju manje ima - Lajme nga Ulqini","robots":{"index":"index","follow":"follow","max-snippet":"max-snippet:-1","max-image-preview":"max-image-preview:large","max-video-preview":"max-video-preview:-1"},"canonical":"https:\/\/www.visit-ulcinj.com\/blog\/2008\/08\/18\/sve-stima-algostiju-manje-ima\/","og_locale":"en_US","og_type":"article","og_title":"Sve \u0161tima, al`gostiju manje ima - Lajme nga Ulqini","og_url":"https:\/\/www.visit-ulcinj.com\/blog\/2008\/08\/18\/sve-stima-algostiju-manje-ima\/","og_site_name":"Lajme nga Ulqini","article_published_time":"2008-08-18T13:43:00+00:00","article_modified_time":"2008-08-18T13:44:50+00:00","og_image":[{"url":"http:\/\/www.visit-ulcinj.com\/blog\/wp-content\/uploads\/2008\/02\/copakabana.jpg"}],"twitter_misc":{"Written by":"ulqini","Est. reading time":"6 minutes"},"schema":{"@context":"https:\/\/schema.org","@graph":[{"@type":"WebSite","@id":"https:\/\/www.visit-ulcinj.com\/blog\/#website","url":"https:\/\/www.visit-ulcinj.com\/blog\/","name":"Lajme nga Ulqini","description":"Lajme,Vijesti,Ulqini,Ulqin,Crna Gora,Mali i Zi","potentialAction":[{"@type":"SearchAction","target":{"@type":"EntryPoint","urlTemplate":"https:\/\/www.visit-ulcinj.com\/blog\/?s={search_term_string}"},"query-input":"required name=search_term_string"}],"inLanguage":"en-US"},{"@type":"ImageObject","inLanguage":"en-US","@id":"https:\/\/www.visit-ulcinj.com\/blog\/2008\/08\/18\/sve-stima-algostiju-manje-ima\/#primaryimage","url":"http:\/\/www.visit-ulcinj.com\/blog\/wp-content\/uploads\/2008\/02\/copakabana.jpg","contentUrl":"http:\/\/www.visit-ulcinj.com\/blog\/wp-content\/uploads\/2008\/02\/copakabana.jpg"},{"@type":"WebPage","@id":"https:\/\/www.visit-ulcinj.com\/blog\/2008\/08\/18\/sve-stima-algostiju-manje-ima\/#webpage","url":"https:\/\/www.visit-ulcinj.com\/blog\/2008\/08\/18\/sve-stima-algostiju-manje-ima\/","name":"Sve \u0161tima, al`gostiju manje ima - Lajme nga Ulqini","isPartOf":{"@id":"https:\/\/www.visit-ulcinj.com\/blog\/#website"},"primaryImageOfPage":{"@id":"https:\/\/www.visit-ulcinj.com\/blog\/2008\/08\/18\/sve-stima-algostiju-manje-ima\/#primaryimage"},"datePublished":"2008-08-18T13:43:00+00:00","dateModified":"2008-08-18T13:44:50+00:00","author":{"@id":"https:\/\/www.visit-ulcinj.com\/blog\/#\/schema\/person\/dcab619c614d3038751c63bc2aadc06d"},"breadcrumb":{"@id":"https:\/\/www.visit-ulcinj.com\/blog\/2008\/08\/18\/sve-stima-algostiju-manje-ima\/#breadcrumb"},"inLanguage":"en-US","potentialAction":[{"@type":"ReadAction","target":["https:\/\/www.visit-ulcinj.com\/blog\/2008\/08\/18\/sve-stima-algostiju-manje-ima\/"]}]},{"@type":"BreadcrumbList","@id":"https:\/\/www.visit-ulcinj.com\/blog\/2008\/08\/18\/sve-stima-algostiju-manje-ima\/#breadcrumb","itemListElement":[{"@type":"ListItem","position":1,"name":"Sve \u0161tima, al`gostiju manje ima"}]},{"@type":"Person","@id":"https:\/\/www.visit-ulcinj.com\/blog\/#\/schema\/person\/dcab619c614d3038751c63bc2aadc06d","name":"ulqini","sameAs":["http:\/\/www.visit-ulcinj.com"],"url":"https:\/\/www.visit-ulcinj.com\/blog\/author\/admin\/"}]}},"jetpack_featured_media_url":"","jetpack_sharing_enabled":true,"jetpack_shortlink":"https:\/\/wp.me\/pe6lTn-EY","_links":{"self":[{"href":"https:\/\/www.visit-ulcinj.com\/blog\/wp-json\/wp\/v2\/posts\/2540"}],"collection":[{"href":"https:\/\/www.visit-ulcinj.com\/blog\/wp-json\/wp\/v2\/posts"}],"about":[{"href":"https:\/\/www.visit-ulcinj.com\/blog\/wp-json\/wp\/v2\/types\/post"}],"author":[{"embeddable":true,"href":"https:\/\/www.visit-ulcinj.com\/blog\/wp-json\/wp\/v2\/users\/1"}],"replies":[{"embeddable":true,"href":"https:\/\/www.visit-ulcinj.com\/blog\/wp-json\/wp\/v2\/comments?post=2540"}],"version-history":[{"count":0,"href":"https:\/\/www.visit-ulcinj.com\/blog\/wp-json\/wp\/v2\/posts\/2540\/revisions"}],"wp:attachment":[{"href":"https:\/\/www.visit-ulcinj.com\/blog\/wp-json\/wp\/v2\/media?parent=2540"}],"wp:term":[{"taxonomy":"category","embeddable":true,"href":"https:\/\/www.visit-ulcinj.com\/blog\/wp-json\/wp\/v2\/categories?post=2540"},{"taxonomy":"post_tag","embeddable":true,"href":"https:\/\/www.visit-ulcinj.com\/blog\/wp-json\/wp\/v2\/tags?post=2540"}],"curies":[{"name":"wp","href":"https:\/\/api.w.org\/{rel}","templated":true}]}}