{"id":25405,"date":"2009-09-07T22:08:14","date_gmt":"2009-09-07T20:08:14","guid":{"rendered":"http:\/\/www.visit-ulcinj.com\/blog\/?p=25405"},"modified":"2009-09-07T22:08:14","modified_gmt":"2009-09-07T20:08:14","slug":"alternativa-shqiptare-e-vlereson-si-hap-mbrapa-ne-plotesimin-e-standardeve","status":"publish","type":"post","link":"https:\/\/www.visit-ulcinj.com\/blog\/2009\/09\/07\/alternativa-shqiptare-e-vlereson-si-hap-mbrapa-ne-plotesimin-e-standardeve\/","title":{"rendered":"Alternativa Shqiptare e vler\u00ebson si hap mbrapa n\u00eb plot\u00ebsimin e standardeve"},"content":{"rendered":"<p><strong><a href=\"http:\/\/www.visit-ulcinj.com\/blog\/wp-content\/uploads\/2009\/03\/alternativa-shqiptare_albanska-alternativa.jpg\"><img loading=\"lazy\" class=\"alignnone\" src=\"http:\/\/www.visit-ulcinj.com\/blog\/wp-content\/uploads\/2009\/03\/alternativa-shqiptare_albanska-alternativa.jpg\" alt=\"\" width=\"580\" height=\"400\" \/><\/a>Komuna, nevoj\u00eb e qytetar\u00ebve<\/strong><br \/>\nPodgoric\u00eb \u2013 Projektligji mbi Organizimin Territorial t\u00eb Malit t\u00eb Zi dhe ndryshimet dhe plot\u00ebsimet e propozuara t\u00eb Ligjit mbi Vet\u00ebqeverisjen Lokale paraqesin hapa mbrapa n\u00eb plot\u00ebsimin e standardeve demokratike, ka vler\u00ebsuar Alternativa Shqiptare.<br \/>\nKryetari i ASH-s\u00eb, Gjergj Camaj, vler\u00ebson se baromet\u00ebr themelor p\u00ebr matjen e democracis\u00eb s\u00eb nj\u00eb shteti p\u00ebrb\u00ebn fakti se sa i decentralizuar \u00ebsht\u00eb pushteti.<br \/>\nAi ka th\u00ebn\u00eb se n\u00eb procesin e integrimeve evropiane n\u00eb ASH kan\u00eb pritur q\u00eb pushteti n\u00eb drejtim t\u00eb decentralizimit do t\u00eb b\u00ebj\u00eb nj\u00eb hap m\u00eb tej, e jo t\u00eb propozoj\u00eb gati t\u00eb nj\u00ebjtin Ligj mbi Organizimin Territorial me at\u00eb q\u00eb \u00ebsht\u00eb n\u00eb fuqi \u201cp\u00ebrve\u00e7 pjes\u00ebve t\u00eb cilat i p\u00ebrgjigjen interesave t\u00eb ngushta politike q\u00eb edhe m\u00eb shum\u00eb t\u00eb kontrollojn\u00eb pushtetin lokal nga qendra\u201d.<br \/>\n\u201cAsnj\u00eb shtet nuk ka problem n\u00eb pjes\u00ebn e organizimit t\u00eb komunave t\u00eb reja. Vet\u00ebm n\u00eb Mal t\u00eb Zi kjo p\u00ebrb\u00ebn fantastik\u00eb shkencore dhe politizim t\u00eb \u00e7\u00ebshtjeve q\u00eb jan\u00eb me r\u00ebnd\u00ebsi jet\u00ebsore p\u00ebr zhvillimin e pjes\u00ebve t\u00eb caktuara t\u00eb Malit t\u00eb Zi\u201d, ka theksuar Camaj.<br \/>\nAi ka vler\u00ebsuar se edhe shtetet m\u00eb t\u00eb rinj se Mali i Zi, si\u00e7 \u00ebsht\u00eb Kosova, kan\u00eb zgjidhje m\u00eb t\u00eb mira sa i p\u00ebrket formimit t\u00eb komunave t\u00eb reja n\u00eb kuptimin e afrimit t\u00eb qytetar\u00ebve qeverisjes lokale.<br \/>\nCamaj ka th\u00ebn\u00eb se t\u00eb gjith\u00eb i din\u00eb kufijt\u00eb natyror\u00eb t\u00eb Mal\u00ebsis\u00eb, pa kurrfar\u00eb orvatjeje q\u00eb nga kjo t\u00eb krijohen histori t\u00eb reja me q\u00ebllim t\u00eb shmangies s\u00eb tem\u00ebs nga esenca, dhe ka vler\u00ebsuar se komuna n\u00eb kufijt\u00eb natyror\u00eb t\u00eb Mal\u00ebsis\u00eb \u00ebsht\u00eb nevoj\u00eb e qytetar\u00ebve, n\u00eb m\u00ebnyr\u00eb q\u00eb kjo pjes\u00eb q\u00eb edhe gjeografikisht \u00ebsht\u00eb e ndar\u00eb me kilometra nga Kryeqyteti, t\u00eb zhvillohet si pjes\u00ebt e tjera t\u00eb Malit t\u00eb Zi.<br \/>\nAi ka th\u00ebn\u00eb se t\u00eb gjith\u00eb e kan\u00eb t\u00eb qart\u00eb se sa \u00ebsht\u00eb plani real financiar i Komun\u00ebs Urbane t\u00eb Tuzit.<br \/>\n\u201cPas tre vjet\u00ebve k\u00ebt\u00eb na ka th\u00ebn\u00eb kryetari i Komun\u00ebs Urbane. Kjo shum\u00eb \u00ebsht\u00eb 250 mij\u00eb euro e jo plani i fryr\u00eb financiar politik i cili projektohet n\u00eb let\u00ebr n\u00eb m\u00ebnyr\u00eb q\u00eb para t\u00eb gjith\u00eb faktor\u00ebve t\u00eb KU t\u00eb paraqitet si zgjidhje e mir\u00eb\u201d, ka th\u00ebn\u00eb ai.<br \/>\n<a href=\"http:\/\/www.visit-ulcinj.com\/blog\/wp-content\/uploads\/2009\/03\/gjergj-camaj_alternativa-shqiptare.jpg\"><img loading=\"lazy\" class=\"alignleft\" src=\"http:\/\/www.visit-ulcinj.com\/blog\/wp-content\/uploads\/2009\/03\/gjergj-camaj_alternativa-shqiptare.jpg\" alt=\"\" width=\"290\" height=\"218\" \/><\/a>Camaj vler\u00ebson se organet e KU duhet urgjentisht t\u00eb japin m\u00eb shum\u00eb t\u00eb dh\u00ebna dhe informacione mbi mjetet financiare q\u00eb vilen n\u00eb territorin e KU t\u00eb Tuzit. \u201cSipas t\u00eb gjitha informacioneve, vet\u00ebm nga Tregu i Tuzit vilen m\u00eb tep\u00ebr se nj\u00eb million euro n\u00eb vit, t\u00eb cilat askush kurr\u00eb nuk i ka par\u00eb e as q\u00eb jan\u00eb investuar n\u00eb k\u00ebt\u00eb trev\u00eb\u201d.<br \/>\nAi i ka vler\u00ebsuar si histori p\u00ebr p\u00ebrdorim politik q\u00ebndrimet mbi arsyeshm\u00ebrin\u00eb ekonomike q\u00eb Mal\u00ebsia t\u00eb b\u00ebhet komun\u00eb.<br \/>\n\u201cN\u00eb vitin e kriz\u00ebs ekonomike as shteti nuk e arsyeton veten ekonomikisht sepse nuk mund t\u00eb realizojm\u00eb buxhetin, por askush nuk mendon q\u00eb ai nuk duhet t\u00eb ekzistoj\u00eb. N\u00eb k\u00ebt\u00eb m\u00ebnyr\u00eb edhe buxheti i komun\u00ebs s\u00eb ardhshme do t\u00eb varet edhe nga situata ekonomike n\u00eb vend, edhe nga ekonomia globale\u201d, ka th\u00ebn\u00eb ai.<br \/>\nCamaj ka theksuar se n\u00eb baz\u00eb t\u00eb t\u00eb dh\u00ebnave t\u00eb ASH-s\u00eb, buxheti i Komun\u00ebs do t\u00eb l\u00ebvizte nd\u00ebrmjet 3.5-4 milion\u00eb euro, gj\u00eb q\u00eb \u00ebsht\u00eb shum\u00eb m\u00eb tep\u00ebr sesa q\u00eb tani ndan Kryeqyteti.<br \/>\n\u201cSa i p\u00ebrket potencialeve, p\u00ebrpos disa komunave bregdetare, asnj\u00eb komun\u00eb ekzistuese nuk ka resurse m\u00eb t\u00eb mira, por k\u00ebto resurse duhet t\u00eb shfryt\u00ebzohen. Kryeqyteti nuk b\u00ebn asgj\u00eb q\u00eb resurset n\u00eb fjal\u00eb t\u00eb shfryt\u00ebzohen\u201d, ka th\u00ebn\u00eb Camaj.<br \/>\nAi ka vler\u00ebsuar se ekzistojn\u00eb shum\u00eb arsye q\u00eb qytetar\u00ebt e Mal\u00ebsis\u00eb duan q\u00eb fatin e vet, zhvillimin e vet ekonomik ta marrin n\u00eb duart e tyre.<br \/>\n\u201cMe siguri q\u00eb nuk e duam komun\u00ebn p\u00ebr t\u00eb qen\u00eb t\u00eb varf\u00ebr. Ne jemi njer\u00ebz serioz\u00eb, dime t\u00eb marrim p\u00ebrgjegj\u00ebsi, nd\u00ebrsa edhe qytetar\u00ebt me vot\u00ebn e tyre n\u00eb zgjedhjet lokale n\u00eb vitin 2006, kan\u00eb treguar p\u00ebrcaktimin se d\u00ebshirojn\u00eb t\u00eb marrin p\u00ebrgjegj\u00ebsin\u00eb n\u00eb duart e veta, p\u00ebrkat\u00ebsisht n\u00ebp\u00ebrmjet p\u00ebrfaq\u00ebsuesve t\u00eb zgjedhur\u201d, ka th\u00ebn\u00eb ai.<br \/>\nCamaj ka porositur se ASH, si nj\u00eb prej nism\u00ebtar\u00ebve t\u00eb Rezolut\u00ebs s\u00eb propozuar Kuvendit t\u00eb KU t\u00eb Tuzit mbi \u00e7\u00ebshtjen e komun\u00ebs s\u00eb plot\u00eb, do t\u00eb k\u00ebmb\u00ebngul\u00eb n\u00eb k\u00ebrkesat e saj.<br \/>\n\u201cKuvendi i KU t\u00eb Tuzit \u00ebsht\u00eb z\u00eb i qytetar\u00ebve t\u00eb cil\u00ebt e duan komun\u00ebn e vet si t\u00eb gjitha komunat n\u00eb Mal t\u00eb Zi n\u00eb kufijt\u00eb natyror\u00eb t\u00eb cil\u00ebt dihen me shekuj dhe pushteti aktual duhet t\u00eb d\u00ebgjoj\u00eb z\u00ebrin e popullit dhe shumic\u00ebs\u201d, ka p\u00ebrfunduar Camaj.<\/p>\n<p><strong>Koha Javore<\/strong><\/p>\n","protected":false},"excerpt":{"rendered":"<p>Komuna, nevoj\u00eb e qytetar\u00ebve Podgoric\u00eb \u2013 Projektligji mbi Organizimin Territorial t\u00eb Malit t\u00eb Zi dhe ndryshimet dhe plot\u00ebsimet e propozuara t\u00eb Ligjit mbi Vet\u00ebqeverisjen Lokale paraqesin hapa mbrapa n\u00eb plot\u00ebsimin e standardeve demokratike, ka vler\u00ebsuar Alternativa Shqiptare. Kryetari i ASH-s\u00eb, Gjergj Camaj, vler\u00ebson se baromet\u00ebr themelor p\u00ebr matjen e democracis\u00eb s\u00eb nj\u00eb shteti p\u00ebrb\u00ebn fakti [&hellip;]<\/p>\n","protected":false},"author":1,"featured_media":0,"comment_status":"open","ping_status":"closed","sticky":false,"template":"","format":"standard","meta":{"spay_email":"","jetpack_publicize_message":"","jetpack_is_tweetstorm":false,"jetpack_publicize_feature_enabled":true},"categories":[14],"tags":[3461,4249,12422,12421],"jetpack_publicize_connections":[],"yoast_head":"<!-- This site is optimized with the Yoast SEO plugin v19.1 - https:\/\/yoast.com\/wordpress\/plugins\/seo\/ -->\n<title>Alternativa Shqiptare e vler\u00ebson si hap mbrapa n\u00eb plot\u00ebsimin e standardeve - Lajme nga Ulqini<\/title>\n<meta name=\"description\" content=\"Komuna, nevoj\u00eb e qytetar\u00ebve Podgoric\u00eb \u2013 Projektligji mbi Organizimin Territorial t\u00eb Malit t\u00eb Zi dhe ndryshimet dhe plot\u00ebsimet e propozuara t\u00eb Ligjit mbi\" \/>\n<meta name=\"robots\" content=\"index, follow, max-snippet:-1, max-image-preview:large, max-video-preview:-1\" \/>\n<link rel=\"canonical\" href=\"https:\/\/www.visit-ulcinj.com\/blog\/2009\/09\/07\/alternativa-shqiptare-e-vlereson-si-hap-mbrapa-ne-plotesimin-e-standardeve\/\" \/>\n<meta property=\"og:locale\" content=\"en_US\" \/>\n<meta property=\"og:type\" content=\"article\" \/>\n<meta property=\"og:title\" content=\"Alternativa Shqiptare e vler\u00ebson si hap mbrapa n\u00eb plot\u00ebsimin e standardeve - Lajme nga Ulqini\" \/>\n<meta property=\"og:description\" content=\"Komuna, nevoj\u00eb e qytetar\u00ebve Podgoric\u00eb \u2013 Projektligji mbi Organizimin Territorial t\u00eb Malit t\u00eb Zi dhe ndryshimet dhe plot\u00ebsimet e propozuara t\u00eb Ligjit mbi\" \/>\n<meta property=\"og:url\" content=\"https:\/\/www.visit-ulcinj.com\/blog\/2009\/09\/07\/alternativa-shqiptare-e-vlereson-si-hap-mbrapa-ne-plotesimin-e-standardeve\/\" \/>\n<meta property=\"og:site_name\" content=\"Lajme nga Ulqini\" \/>\n<meta property=\"article:published_time\" content=\"2009-09-07T20:08:14+00:00\" \/>\n<meta property=\"og:image\" content=\"http:\/\/www.visit-ulcinj.com\/blog\/wp-content\/uploads\/2009\/03\/alternativa-shqiptare_albanska-alternativa.jpg\" \/>\n<meta name=\"twitter:label1\" content=\"Written by\" \/>\n\t<meta name=\"twitter:data1\" content=\"ulqini\" \/>\n\t<meta name=\"twitter:label2\" content=\"Est. reading time\" \/>\n\t<meta name=\"twitter:data2\" content=\"4 minutes\" \/>\n<script type=\"application\/ld+json\" class=\"yoast-schema-graph\">{\"@context\":\"https:\/\/schema.org\",\"@graph\":[{\"@type\":\"WebSite\",\"@id\":\"https:\/\/www.visit-ulcinj.com\/blog\/#website\",\"url\":\"https:\/\/www.visit-ulcinj.com\/blog\/\",\"name\":\"Lajme nga Ulqini\",\"description\":\"Lajme,Vijesti,Ulqini,Ulqin,Crna Gora,Mali i Zi\",\"potentialAction\":[{\"@type\":\"SearchAction\",\"target\":{\"@type\":\"EntryPoint\",\"urlTemplate\":\"https:\/\/www.visit-ulcinj.com\/blog\/?s={search_term_string}\"},\"query-input\":\"required name=search_term_string\"}],\"inLanguage\":\"en-US\"},{\"@type\":\"ImageObject\",\"inLanguage\":\"en-US\",\"@id\":\"https:\/\/www.visit-ulcinj.com\/blog\/2009\/09\/07\/alternativa-shqiptare-e-vlereson-si-hap-mbrapa-ne-plotesimin-e-standardeve\/#primaryimage\",\"url\":\"https:\/\/www.visit-ulcinj.com\/blog\/wp-content\/uploads\/2009\/03\/alternativa-shqiptare_albanska-alternativa.jpg\",\"contentUrl\":\"https:\/\/www.visit-ulcinj.com\/blog\/wp-content\/uploads\/2009\/03\/alternativa-shqiptare_albanska-alternativa.jpg\",\"width\":\"900\",\"height\":\"675\"},{\"@type\":\"WebPage\",\"@id\":\"https:\/\/www.visit-ulcinj.com\/blog\/2009\/09\/07\/alternativa-shqiptare-e-vlereson-si-hap-mbrapa-ne-plotesimin-e-standardeve\/#webpage\",\"url\":\"https:\/\/www.visit-ulcinj.com\/blog\/2009\/09\/07\/alternativa-shqiptare-e-vlereson-si-hap-mbrapa-ne-plotesimin-e-standardeve\/\",\"name\":\"Alternativa Shqiptare e vler\u00ebson si hap mbrapa n\u00eb plot\u00ebsimin e standardeve - Lajme nga Ulqini\",\"isPartOf\":{\"@id\":\"https:\/\/www.visit-ulcinj.com\/blog\/#website\"},\"primaryImageOfPage\":{\"@id\":\"https:\/\/www.visit-ulcinj.com\/blog\/2009\/09\/07\/alternativa-shqiptare-e-vlereson-si-hap-mbrapa-ne-plotesimin-e-standardeve\/#primaryimage\"},\"datePublished\":\"2009-09-07T20:08:14+00:00\",\"dateModified\":\"2009-09-07T20:08:14+00:00\",\"author\":{\"@id\":\"https:\/\/www.visit-ulcinj.com\/blog\/#\/schema\/person\/dcab619c614d3038751c63bc2aadc06d\"},\"description\":\"Komuna, nevoj\u00eb e qytetar\u00ebve Podgoric\u00eb \u2013 Projektligji mbi Organizimin Territorial t\u00eb Malit t\u00eb Zi dhe ndryshimet dhe plot\u00ebsimet e propozuara t\u00eb Ligjit mbi\",\"breadcrumb\":{\"@id\":\"https:\/\/www.visit-ulcinj.com\/blog\/2009\/09\/07\/alternativa-shqiptare-e-vlereson-si-hap-mbrapa-ne-plotesimin-e-standardeve\/#breadcrumb\"},\"inLanguage\":\"en-US\",\"potentialAction\":[{\"@type\":\"ReadAction\",\"target\":[\"https:\/\/www.visit-ulcinj.com\/blog\/2009\/09\/07\/alternativa-shqiptare-e-vlereson-si-hap-mbrapa-ne-plotesimin-e-standardeve\/\"]}]},{\"@type\":\"BreadcrumbList\",\"@id\":\"https:\/\/www.visit-ulcinj.com\/blog\/2009\/09\/07\/alternativa-shqiptare-e-vlereson-si-hap-mbrapa-ne-plotesimin-e-standardeve\/#breadcrumb\",\"itemListElement\":[{\"@type\":\"ListItem\",\"position\":1,\"name\":\"Alternativa Shqiptare e vler\u00ebson si hap mbrapa n\u00eb plot\u00ebsimin e standardeve\"}]},{\"@type\":\"Person\",\"@id\":\"https:\/\/www.visit-ulcinj.com\/blog\/#\/schema\/person\/dcab619c614d3038751c63bc2aadc06d\",\"name\":\"ulqini\",\"sameAs\":[\"http:\/\/www.visit-ulcinj.com\"],\"url\":\"https:\/\/www.visit-ulcinj.com\/blog\/author\/admin\/\"}]}<\/script>\n<!-- \/ Yoast SEO plugin. -->","yoast_head_json":{"title":"Alternativa Shqiptare e vler\u00ebson si hap mbrapa n\u00eb plot\u00ebsimin e standardeve - Lajme nga Ulqini","description":"Komuna, nevoj\u00eb e qytetar\u00ebve Podgoric\u00eb \u2013 Projektligji mbi Organizimin Territorial t\u00eb Malit t\u00eb Zi dhe ndryshimet dhe plot\u00ebsimet e propozuara t\u00eb Ligjit mbi","robots":{"index":"index","follow":"follow","max-snippet":"max-snippet:-1","max-image-preview":"max-image-preview:large","max-video-preview":"max-video-preview:-1"},"canonical":"https:\/\/www.visit-ulcinj.com\/blog\/2009\/09\/07\/alternativa-shqiptare-e-vlereson-si-hap-mbrapa-ne-plotesimin-e-standardeve\/","og_locale":"en_US","og_type":"article","og_title":"Alternativa Shqiptare e vler\u00ebson si hap mbrapa n\u00eb plot\u00ebsimin e standardeve - Lajme nga Ulqini","og_description":"Komuna, nevoj\u00eb e qytetar\u00ebve Podgoric\u00eb \u2013 Projektligji mbi Organizimin Territorial t\u00eb Malit t\u00eb Zi dhe ndryshimet dhe plot\u00ebsimet e propozuara t\u00eb Ligjit mbi","og_url":"https:\/\/www.visit-ulcinj.com\/blog\/2009\/09\/07\/alternativa-shqiptare-e-vlereson-si-hap-mbrapa-ne-plotesimin-e-standardeve\/","og_site_name":"Lajme nga Ulqini","article_published_time":"2009-09-07T20:08:14+00:00","og_image":[{"url":"http:\/\/www.visit-ulcinj.com\/blog\/wp-content\/uploads\/2009\/03\/alternativa-shqiptare_albanska-alternativa.jpg"}],"twitter_misc":{"Written by":"ulqini","Est. reading time":"4 minutes"},"schema":{"@context":"https:\/\/schema.org","@graph":[{"@type":"WebSite","@id":"https:\/\/www.visit-ulcinj.com\/blog\/#website","url":"https:\/\/www.visit-ulcinj.com\/blog\/","name":"Lajme nga Ulqini","description":"Lajme,Vijesti,Ulqini,Ulqin,Crna Gora,Mali i Zi","potentialAction":[{"@type":"SearchAction","target":{"@type":"EntryPoint","urlTemplate":"https:\/\/www.visit-ulcinj.com\/blog\/?s={search_term_string}"},"query-input":"required name=search_term_string"}],"inLanguage":"en-US"},{"@type":"ImageObject","inLanguage":"en-US","@id":"https:\/\/www.visit-ulcinj.com\/blog\/2009\/09\/07\/alternativa-shqiptare-e-vlereson-si-hap-mbrapa-ne-plotesimin-e-standardeve\/#primaryimage","url":"https:\/\/www.visit-ulcinj.com\/blog\/wp-content\/uploads\/2009\/03\/alternativa-shqiptare_albanska-alternativa.jpg","contentUrl":"https:\/\/www.visit-ulcinj.com\/blog\/wp-content\/uploads\/2009\/03\/alternativa-shqiptare_albanska-alternativa.jpg","width":"900","height":"675"},{"@type":"WebPage","@id":"https:\/\/www.visit-ulcinj.com\/blog\/2009\/09\/07\/alternativa-shqiptare-e-vlereson-si-hap-mbrapa-ne-plotesimin-e-standardeve\/#webpage","url":"https:\/\/www.visit-ulcinj.com\/blog\/2009\/09\/07\/alternativa-shqiptare-e-vlereson-si-hap-mbrapa-ne-plotesimin-e-standardeve\/","name":"Alternativa Shqiptare e vler\u00ebson si hap mbrapa n\u00eb plot\u00ebsimin e standardeve - Lajme nga Ulqini","isPartOf":{"@id":"https:\/\/www.visit-ulcinj.com\/blog\/#website"},"primaryImageOfPage":{"@id":"https:\/\/www.visit-ulcinj.com\/blog\/2009\/09\/07\/alternativa-shqiptare-e-vlereson-si-hap-mbrapa-ne-plotesimin-e-standardeve\/#primaryimage"},"datePublished":"2009-09-07T20:08:14+00:00","dateModified":"2009-09-07T20:08:14+00:00","author":{"@id":"https:\/\/www.visit-ulcinj.com\/blog\/#\/schema\/person\/dcab619c614d3038751c63bc2aadc06d"},"description":"Komuna, nevoj\u00eb e qytetar\u00ebve Podgoric\u00eb \u2013 Projektligji mbi Organizimin Territorial t\u00eb Malit t\u00eb Zi dhe ndryshimet dhe plot\u00ebsimet e propozuara t\u00eb Ligjit mbi","breadcrumb":{"@id":"https:\/\/www.visit-ulcinj.com\/blog\/2009\/09\/07\/alternativa-shqiptare-e-vlereson-si-hap-mbrapa-ne-plotesimin-e-standardeve\/#breadcrumb"},"inLanguage":"en-US","potentialAction":[{"@type":"ReadAction","target":["https:\/\/www.visit-ulcinj.com\/blog\/2009\/09\/07\/alternativa-shqiptare-e-vlereson-si-hap-mbrapa-ne-plotesimin-e-standardeve\/"]}]},{"@type":"BreadcrumbList","@id":"https:\/\/www.visit-ulcinj.com\/blog\/2009\/09\/07\/alternativa-shqiptare-e-vlereson-si-hap-mbrapa-ne-plotesimin-e-standardeve\/#breadcrumb","itemListElement":[{"@type":"ListItem","position":1,"name":"Alternativa Shqiptare e vler\u00ebson si hap mbrapa n\u00eb plot\u00ebsimin e standardeve"}]},{"@type":"Person","@id":"https:\/\/www.visit-ulcinj.com\/blog\/#\/schema\/person\/dcab619c614d3038751c63bc2aadc06d","name":"ulqini","sameAs":["http:\/\/www.visit-ulcinj.com"],"url":"https:\/\/www.visit-ulcinj.com\/blog\/author\/admin\/"}]}},"jetpack_featured_media_url":"","jetpack_sharing_enabled":true,"jetpack_shortlink":"https:\/\/wp.me\/pe6lTn-6BL","_links":{"self":[{"href":"https:\/\/www.visit-ulcinj.com\/blog\/wp-json\/wp\/v2\/posts\/25405"}],"collection":[{"href":"https:\/\/www.visit-ulcinj.com\/blog\/wp-json\/wp\/v2\/posts"}],"about":[{"href":"https:\/\/www.visit-ulcinj.com\/blog\/wp-json\/wp\/v2\/types\/post"}],"author":[{"embeddable":true,"href":"https:\/\/www.visit-ulcinj.com\/blog\/wp-json\/wp\/v2\/users\/1"}],"replies":[{"embeddable":true,"href":"https:\/\/www.visit-ulcinj.com\/blog\/wp-json\/wp\/v2\/comments?post=25405"}],"version-history":[{"count":0,"href":"https:\/\/www.visit-ulcinj.com\/blog\/wp-json\/wp\/v2\/posts\/25405\/revisions"}],"wp:attachment":[{"href":"https:\/\/www.visit-ulcinj.com\/blog\/wp-json\/wp\/v2\/media?parent=25405"}],"wp:term":[{"taxonomy":"category","embeddable":true,"href":"https:\/\/www.visit-ulcinj.com\/blog\/wp-json\/wp\/v2\/categories?post=25405"},{"taxonomy":"post_tag","embeddable":true,"href":"https:\/\/www.visit-ulcinj.com\/blog\/wp-json\/wp\/v2\/tags?post=25405"}],"curies":[{"name":"wp","href":"https:\/\/api.w.org\/{rel}","templated":true}]}}