{"id":25408,"date":"2009-09-07T22:21:56","date_gmt":"2009-09-07T20:21:56","guid":{"rendered":"http:\/\/www.visit-ulcinj.com\/blog\/?p=25408"},"modified":"2009-09-07T22:21:56","modified_gmt":"2009-09-07T20:21:56","slug":"ulqini-as-si-andrijevica-hakmarrja-e-ish-perseritesve","status":"publish","type":"post","link":"https:\/\/www.visit-ulcinj.com\/blog\/2009\/09\/07\/ulqini-as-si-andrijevica-hakmarrja-e-ish-perseritesve\/","title":{"rendered":"Ulqini as si Andrijevica; Hakmarrja e ish-p\u00ebrs\u00ebrit\u00ebsve"},"content":{"rendered":"<p><a href=\"http:\/\/www.visit-ulcinj.com\/blog\/wp-content\/uploads\/2009\/09\/ulqini-qender-univerzitare.jpg\"><img loading=\"lazy\" class=\"alignleft size-full wp-image-25409\" title=\"ulqini qender univerzitare\" src=\"http:\/\/www.visit-ulcinj.com\/blog\/wp-content\/uploads\/2009\/09\/ulqini-qender-univerzitare.jpg\" alt=\"ulqini qender univerzitare\" width=\"580\" height=\"306\" \/><\/a>Edhe n\u00eb nj\u00eb vit tjet\u00ebr shkollor Ulqini hyn pa institucion universitar. E ai tani na nevojitet m\u00eb shum\u00eb se buka.<br \/>\nT\u00eb pakt\u00ebn n\u00eb nj\u00eb aspekt kan\u00eb t\u00eb drejt\u00eb investitor\u00ebt tan\u00eb potencial\u00eb t\u00eb shumt\u00eb. T\u00eb gjith\u00eb ata thon\u00eb se n\u00eb Ulqin nuk ka menaxher\u00eb t\u00eb mir\u00eb dhe kuad\u00ebr t\u00eb kualifikuar p\u00ebr pun\u00eb n\u00eb turiz\u00ebm dhe n\u00eb hotelieri. P\u00ebr k\u00ebt\u00eb arsye, kur pas Otrantit t\u00eb nd\u00ebrtohet edhe nj\u00eb hotel i kategoris\u00eb s\u00eb lart\u00eb, problemi i pronarit t\u00eb tij do t\u00eb jet\u00eb t\u00eb gjej\u00eb njer\u00ebz t\u00eb shkolluar dhe t\u00eb aft\u00eb p\u00ebr t\u00eb punuar n\u00eb k\u00ebt\u00eb objekt.<br \/>\n\u00c7do hotel i posand\u00ebrtuar do t\u00eb p\u00ebrballet pastaj me munges\u00ebn e kuadrove, k\u00ebshtu q\u00eb ato do t\u00eb duhet t\u00eb importohen nga jasht\u00eb. Dhe do t\u00eb ket\u00eb mij\u00ebra asish, sepse asgj\u00eb nuk mund ta z\u00ebvend\u00ebsoj\u00eb njeriun n\u00eb t\u00eb ashtuquajturat veprimtari terciare. Do t\u00eb vijn\u00eb nga Filipinet, nga Pakistani dhe Moldavia dhe do t\u00eb punojn\u00eb aty p\u00ebr nj\u00ebqind dollar\u00eb. Nj\u00eblloj si\u00e7 kishte ndodhur deri tani n\u00eb objektet turistike n\u00eb Dubai apo n\u00eb Egjipt.<br \/>\nTashm\u00eb nj\u00ebzet vite njer\u00ebzit k\u00ebtu nuk ngriten profesionalisht, rrall\u00ebher\u00eb shkojn\u00eb n\u00eb kurse, seminare, lexojn\u00eb fare pak edhe gazeta, librat pothuajse nuk i lexojn\u00eb fare. Me nj\u00eb fjal\u00eb pak lexojn\u00eb dhe arsimohen dhe ngriten jo sa duhet n\u00eb pik\u00ebpamje profesionale.<br \/>\nMadje marr guximin t\u00eb them se k\u00ebtu mbret\u00ebron nj\u00eb atmosfer\u00eb e pakuptueshme antishkencore dhe antiarsimore, t\u00eb cil\u00ebs m\u00eb s\u00eb shumti i kontribuojn\u00eb pik\u00ebrisht ata t\u00eb cil\u00ebt gjoja kan\u00eb mbaruar disa shkolla t\u00eb larta.<br \/>\nKurse shkolla, krahas familjes dhe mjedisit \u00ebsht\u00eb nj\u00ebra nga tri shtyllat e shoq\u00ebris\u00eb. Sepse, nuk m\u00ebsojm\u00eb p\u00ebr shkoll\u00ebn, m\u00ebsojm\u00eb p\u00ebr jet\u00ebn, thonin latin\u00ebt e vjet\u00ebr, kurse Ni\u00e7e ka v\u00ebrejtur me vend se \u201cinteresi i shkenc\u00ebs \u00ebsht\u00eb q\u00eb t\u00eb na armatos\u00eb p\u00ebr veprim\u201d.<br \/>\nEdhe historia \u00ebsht\u00eb d\u00ebshmitare se shoq\u00ebrit\u00eb e suksesshme gjith\u00ebher\u00eb kan\u00eb qen\u00eb shoq\u00ebri t\u00eb dijes. S\u00eb k\u00ebndejmi \u00ebsht\u00eb e kuptueshme kur thuhet se sot n\u00eb bot\u00eb jan\u00eb shum\u00eb m\u00eb t\u00eb r\u00ebnd\u00ebsishme dija dhe ideja sesa kapitali apo fuqia e pun\u00ebs dhe se prapambetja pas rrjedhave bashk\u00ebkohore nuk paguhet m\u00eb me para por me koh\u00eb. P\u00ebr k\u00ebt\u00eb arsye shkollat dhe arsimi jan\u00eb b\u00ebr\u00eb element qendror i jet\u00ebs dhe politik\u00ebs. S\u00eb k\u00ebndejmi askush nuk duhet t\u00eb befasohet nga fakti q\u00eb pothuajse n\u00eb \u00e7do qytet n\u00eb Mal t\u00eb Zi, p\u00ebrpos n\u00eb Ulqin, sot ekziston fakulteti apo t\u00eb pakt\u00ebn ndonj\u00eb shkoll\u00eb e lart\u00eb. P\u00ebrfshir\u00eb edhe Andrijevic\u00ebn!<br \/>\nFillimisht, qyteti lindi si sht\u00ebpi e mrekullueshme: vend ku ruhen vlerat e p\u00ebrjetshme dhe zbulohen mund\u00ebsit\u00eb hyjnore. Sepse, qytetet, sikurse as popujt dhe shoq\u00ebrit\u00eb, nuk i krijojn\u00eb shifrat statistikore, por vlerat shpirt\u00ebrore t\u00eb rangut m\u00eb t\u00eb lart\u00eb.<br \/>\nShoq\u00ebria urbane nuk \u00ebsht\u00eb \u00e7\u00ebshtje e p\u00ebrcaktimit politik, e derdhjes s\u00eb p\u00ebrshpejtuar t\u00eb kapitalit as e shitjes pa hesap t\u00eb hap\u00ebsir\u00ebs apo nd\u00ebrmarrjeve t\u00eb qytetit, por nj\u00eb proces i mundimsh\u00ebm dhe i nd\u00ebrlikuar evolutiv, rr\u00ebnj\u00ebt e t\u00eb cilit jan\u00eb t\u00eb thella, kurse lulet dhe aroma t\u00eb mrekullueshme.<br \/>\nMir\u00ebpo, p\u00ebrderisa shkolla dhe familja po p\u00ebr\u00e7ahen nga t\u00eb gjitha an\u00ebt, \u00ebsht\u00eb duke u b\u00ebr\u00eb kaos madje edhe n\u00eb Ullishta, Ada po zhduket, po p\u00ebrgatitet invazioni mbi hap\u00ebsir\u00ebn ton\u00eb, madje edhe i fuqis\u00eb pun\u00ebtore t\u00eb kualifikuar nga jasht\u00eb, njer\u00ebzit k\u00ebtu jan\u00eb t\u00eb qet\u00eb dhe pa brenga.<br \/>\nSi duket, k\u00ebshtu edhe duhet t\u00eb jet\u00eb. Kjo q\u00eb po na ndodh\u00eb aktualisht n\u00eb realitet \u00ebsht\u00eb hakmarrje e ish-p\u00ebrs\u00ebrit\u00ebsve dhe tradh\u00ebti e t\u00eb ashtuquajturve intelektual\u00eb!<\/p>\n<p><strong>Mustafa Canka<br \/>\nKoha Javore<\/strong><\/p>\n<p><strong><!--YouTube Error: bad URL entered--><\/strong><\/p>\n","protected":false},"excerpt":{"rendered":"<p>Edhe n\u00eb nj\u00eb vit tjet\u00ebr shkollor Ulqini hyn pa institucion universitar. E ai tani na nevojitet m\u00eb shum\u00eb se buka. T\u00eb pakt\u00ebn n\u00eb nj\u00eb aspekt kan\u00eb t\u00eb drejt\u00eb investitor\u00ebt tan\u00eb potencial\u00eb t\u00eb shumt\u00eb. T\u00eb gjith\u00eb ata thon\u00eb se n\u00eb Ulqin nuk ka menaxher\u00eb t\u00eb mir\u00eb dhe kuad\u00ebr t\u00eb kualifikuar p\u00ebr pun\u00eb n\u00eb turiz\u00ebm dhe n\u00eb [&hellip;]<\/p>\n","protected":false},"author":1,"featured_media":0,"comment_status":"open","ping_status":"closed","sticky":false,"template":"","format":"standard","meta":{"spay_email":"","jetpack_publicize_message":"","jetpack_is_tweetstorm":false,"jetpack_publicize_feature_enabled":true},"categories":[11],"tags":[12424,95,12423],"jetpack_publicize_connections":[],"yoast_head":"<!-- This site is optimized with the Yoast SEO plugin v19.1 - https:\/\/yoast.com\/wordpress\/plugins\/seo\/ -->\n<title>Ulqini as si Andrijevica; Hakmarrja e ish-p\u00ebrs\u00ebrit\u00ebsve - Lajme nga Ulqini<\/title>\n<meta name=\"description\" content=\"Edhe n\u00eb nj\u00eb vit tjet\u00ebr shkollor Ulqini hyn pa institucion universitar. E ai tani na nevojitet m\u00eb shum\u00eb se buka. T\u00eb pakt\u00ebn n\u00eb nj\u00eb aspekt kan\u00eb t\u00eb drejt\u00eb\" \/>\n<meta name=\"robots\" content=\"index, follow, max-snippet:-1, max-image-preview:large, max-video-preview:-1\" \/>\n<link rel=\"canonical\" href=\"https:\/\/www.visit-ulcinj.com\/blog\/2009\/09\/07\/ulqini-as-si-andrijevica-hakmarrja-e-ish-perseritesve\/\" \/>\n<meta property=\"og:locale\" content=\"en_US\" \/>\n<meta property=\"og:type\" content=\"article\" \/>\n<meta property=\"og:title\" content=\"Ulqini as si Andrijevica; Hakmarrja e ish-p\u00ebrs\u00ebrit\u00ebsve - Lajme nga Ulqini\" \/>\n<meta property=\"og:description\" content=\"Edhe n\u00eb nj\u00eb vit tjet\u00ebr shkollor Ulqini hyn pa institucion universitar. E ai tani na nevojitet m\u00eb shum\u00eb se buka. T\u00eb pakt\u00ebn n\u00eb nj\u00eb aspekt kan\u00eb t\u00eb drejt\u00eb\" \/>\n<meta property=\"og:url\" content=\"https:\/\/www.visit-ulcinj.com\/blog\/2009\/09\/07\/ulqini-as-si-andrijevica-hakmarrja-e-ish-perseritesve\/\" \/>\n<meta property=\"og:site_name\" content=\"Lajme nga Ulqini\" \/>\n<meta property=\"article:published_time\" content=\"2009-09-07T20:21:56+00:00\" \/>\n<meta property=\"og:image\" content=\"http:\/\/www.visit-ulcinj.com\/blog\/wp-content\/uploads\/2009\/09\/ulqini-qender-univerzitare.jpg\" \/>\n<meta name=\"twitter:label1\" content=\"Written by\" \/>\n\t<meta name=\"twitter:data1\" content=\"ulqini\" \/>\n\t<meta name=\"twitter:label2\" content=\"Est. reading time\" \/>\n\t<meta name=\"twitter:data2\" content=\"3 minutes\" \/>\n<script type=\"application\/ld+json\" class=\"yoast-schema-graph\">{\"@context\":\"https:\/\/schema.org\",\"@graph\":[{\"@type\":\"WebSite\",\"@id\":\"https:\/\/www.visit-ulcinj.com\/blog\/#website\",\"url\":\"https:\/\/www.visit-ulcinj.com\/blog\/\",\"name\":\"Lajme nga Ulqini\",\"description\":\"Lajme,Vijesti,Ulqini,Ulqin,Crna Gora,Mali i Zi\",\"potentialAction\":[{\"@type\":\"SearchAction\",\"target\":{\"@type\":\"EntryPoint\",\"urlTemplate\":\"https:\/\/www.visit-ulcinj.com\/blog\/?s={search_term_string}\"},\"query-input\":\"required name=search_term_string\"}],\"inLanguage\":\"en-US\"},{\"@type\":\"ImageObject\",\"inLanguage\":\"en-US\",\"@id\":\"https:\/\/www.visit-ulcinj.com\/blog\/2009\/09\/07\/ulqini-as-si-andrijevica-hakmarrja-e-ish-perseritesve\/#primaryimage\",\"url\":\"http:\/\/www.visit-ulcinj.com\/blog\/wp-content\/uploads\/2009\/09\/ulqini-qender-univerzitare.jpg\",\"contentUrl\":\"http:\/\/www.visit-ulcinj.com\/blog\/wp-content\/uploads\/2009\/09\/ulqini-qender-univerzitare.jpg\"},{\"@type\":\"WebPage\",\"@id\":\"https:\/\/www.visit-ulcinj.com\/blog\/2009\/09\/07\/ulqini-as-si-andrijevica-hakmarrja-e-ish-perseritesve\/#webpage\",\"url\":\"https:\/\/www.visit-ulcinj.com\/blog\/2009\/09\/07\/ulqini-as-si-andrijevica-hakmarrja-e-ish-perseritesve\/\",\"name\":\"Ulqini as si Andrijevica; Hakmarrja e ish-p\u00ebrs\u00ebrit\u00ebsve - Lajme nga Ulqini\",\"isPartOf\":{\"@id\":\"https:\/\/www.visit-ulcinj.com\/blog\/#website\"},\"primaryImageOfPage\":{\"@id\":\"https:\/\/www.visit-ulcinj.com\/blog\/2009\/09\/07\/ulqini-as-si-andrijevica-hakmarrja-e-ish-perseritesve\/#primaryimage\"},\"datePublished\":\"2009-09-07T20:21:56+00:00\",\"dateModified\":\"2009-09-07T20:21:56+00:00\",\"author\":{\"@id\":\"https:\/\/www.visit-ulcinj.com\/blog\/#\/schema\/person\/dcab619c614d3038751c63bc2aadc06d\"},\"description\":\"Edhe n\u00eb nj\u00eb vit tjet\u00ebr shkollor Ulqini hyn pa institucion universitar. E ai tani na nevojitet m\u00eb shum\u00eb se buka. T\u00eb pakt\u00ebn n\u00eb nj\u00eb aspekt kan\u00eb t\u00eb drejt\u00eb\",\"breadcrumb\":{\"@id\":\"https:\/\/www.visit-ulcinj.com\/blog\/2009\/09\/07\/ulqini-as-si-andrijevica-hakmarrja-e-ish-perseritesve\/#breadcrumb\"},\"inLanguage\":\"en-US\",\"potentialAction\":[{\"@type\":\"ReadAction\",\"target\":[\"https:\/\/www.visit-ulcinj.com\/blog\/2009\/09\/07\/ulqini-as-si-andrijevica-hakmarrja-e-ish-perseritesve\/\"]}]},{\"@type\":\"BreadcrumbList\",\"@id\":\"https:\/\/www.visit-ulcinj.com\/blog\/2009\/09\/07\/ulqini-as-si-andrijevica-hakmarrja-e-ish-perseritesve\/#breadcrumb\",\"itemListElement\":[{\"@type\":\"ListItem\",\"position\":1,\"name\":\"Ulqini as si Andrijevica; Hakmarrja e ish-p\u00ebrs\u00ebrit\u00ebsve\"}]},{\"@type\":\"Person\",\"@id\":\"https:\/\/www.visit-ulcinj.com\/blog\/#\/schema\/person\/dcab619c614d3038751c63bc2aadc06d\",\"name\":\"ulqini\",\"sameAs\":[\"http:\/\/www.visit-ulcinj.com\"],\"url\":\"https:\/\/www.visit-ulcinj.com\/blog\/author\/admin\/\"}]}<\/script>\n<!-- \/ Yoast SEO plugin. -->","yoast_head_json":{"title":"Ulqini as si Andrijevica; Hakmarrja e ish-p\u00ebrs\u00ebrit\u00ebsve - Lajme nga Ulqini","description":"Edhe n\u00eb nj\u00eb vit tjet\u00ebr shkollor Ulqini hyn pa institucion universitar. E ai tani na nevojitet m\u00eb shum\u00eb se buka. T\u00eb pakt\u00ebn n\u00eb nj\u00eb aspekt kan\u00eb t\u00eb drejt\u00eb","robots":{"index":"index","follow":"follow","max-snippet":"max-snippet:-1","max-image-preview":"max-image-preview:large","max-video-preview":"max-video-preview:-1"},"canonical":"https:\/\/www.visit-ulcinj.com\/blog\/2009\/09\/07\/ulqini-as-si-andrijevica-hakmarrja-e-ish-perseritesve\/","og_locale":"en_US","og_type":"article","og_title":"Ulqini as si Andrijevica; Hakmarrja e ish-p\u00ebrs\u00ebrit\u00ebsve - Lajme nga Ulqini","og_description":"Edhe n\u00eb nj\u00eb vit tjet\u00ebr shkollor Ulqini hyn pa institucion universitar. E ai tani na nevojitet m\u00eb shum\u00eb se buka. T\u00eb pakt\u00ebn n\u00eb nj\u00eb aspekt kan\u00eb t\u00eb drejt\u00eb","og_url":"https:\/\/www.visit-ulcinj.com\/blog\/2009\/09\/07\/ulqini-as-si-andrijevica-hakmarrja-e-ish-perseritesve\/","og_site_name":"Lajme nga Ulqini","article_published_time":"2009-09-07T20:21:56+00:00","og_image":[{"url":"http:\/\/www.visit-ulcinj.com\/blog\/wp-content\/uploads\/2009\/09\/ulqini-qender-univerzitare.jpg"}],"twitter_misc":{"Written by":"ulqini","Est. reading time":"3 minutes"},"schema":{"@context":"https:\/\/schema.org","@graph":[{"@type":"WebSite","@id":"https:\/\/www.visit-ulcinj.com\/blog\/#website","url":"https:\/\/www.visit-ulcinj.com\/blog\/","name":"Lajme nga Ulqini","description":"Lajme,Vijesti,Ulqini,Ulqin,Crna Gora,Mali i Zi","potentialAction":[{"@type":"SearchAction","target":{"@type":"EntryPoint","urlTemplate":"https:\/\/www.visit-ulcinj.com\/blog\/?s={search_term_string}"},"query-input":"required name=search_term_string"}],"inLanguage":"en-US"},{"@type":"ImageObject","inLanguage":"en-US","@id":"https:\/\/www.visit-ulcinj.com\/blog\/2009\/09\/07\/ulqini-as-si-andrijevica-hakmarrja-e-ish-perseritesve\/#primaryimage","url":"http:\/\/www.visit-ulcinj.com\/blog\/wp-content\/uploads\/2009\/09\/ulqini-qender-univerzitare.jpg","contentUrl":"http:\/\/www.visit-ulcinj.com\/blog\/wp-content\/uploads\/2009\/09\/ulqini-qender-univerzitare.jpg"},{"@type":"WebPage","@id":"https:\/\/www.visit-ulcinj.com\/blog\/2009\/09\/07\/ulqini-as-si-andrijevica-hakmarrja-e-ish-perseritesve\/#webpage","url":"https:\/\/www.visit-ulcinj.com\/blog\/2009\/09\/07\/ulqini-as-si-andrijevica-hakmarrja-e-ish-perseritesve\/","name":"Ulqini as si Andrijevica; Hakmarrja e ish-p\u00ebrs\u00ebrit\u00ebsve - Lajme nga Ulqini","isPartOf":{"@id":"https:\/\/www.visit-ulcinj.com\/blog\/#website"},"primaryImageOfPage":{"@id":"https:\/\/www.visit-ulcinj.com\/blog\/2009\/09\/07\/ulqini-as-si-andrijevica-hakmarrja-e-ish-perseritesve\/#primaryimage"},"datePublished":"2009-09-07T20:21:56+00:00","dateModified":"2009-09-07T20:21:56+00:00","author":{"@id":"https:\/\/www.visit-ulcinj.com\/blog\/#\/schema\/person\/dcab619c614d3038751c63bc2aadc06d"},"description":"Edhe n\u00eb nj\u00eb vit tjet\u00ebr shkollor Ulqini hyn pa institucion universitar. E ai tani na nevojitet m\u00eb shum\u00eb se buka. T\u00eb pakt\u00ebn n\u00eb nj\u00eb aspekt kan\u00eb t\u00eb drejt\u00eb","breadcrumb":{"@id":"https:\/\/www.visit-ulcinj.com\/blog\/2009\/09\/07\/ulqini-as-si-andrijevica-hakmarrja-e-ish-perseritesve\/#breadcrumb"},"inLanguage":"en-US","potentialAction":[{"@type":"ReadAction","target":["https:\/\/www.visit-ulcinj.com\/blog\/2009\/09\/07\/ulqini-as-si-andrijevica-hakmarrja-e-ish-perseritesve\/"]}]},{"@type":"BreadcrumbList","@id":"https:\/\/www.visit-ulcinj.com\/blog\/2009\/09\/07\/ulqini-as-si-andrijevica-hakmarrja-e-ish-perseritesve\/#breadcrumb","itemListElement":[{"@type":"ListItem","position":1,"name":"Ulqini as si Andrijevica; Hakmarrja e ish-p\u00ebrs\u00ebrit\u00ebsve"}]},{"@type":"Person","@id":"https:\/\/www.visit-ulcinj.com\/blog\/#\/schema\/person\/dcab619c614d3038751c63bc2aadc06d","name":"ulqini","sameAs":["http:\/\/www.visit-ulcinj.com"],"url":"https:\/\/www.visit-ulcinj.com\/blog\/author\/admin\/"}]}},"jetpack_featured_media_url":"","jetpack_sharing_enabled":true,"jetpack_shortlink":"https:\/\/wp.me\/pe6lTn-6BO","_links":{"self":[{"href":"https:\/\/www.visit-ulcinj.com\/blog\/wp-json\/wp\/v2\/posts\/25408"}],"collection":[{"href":"https:\/\/www.visit-ulcinj.com\/blog\/wp-json\/wp\/v2\/posts"}],"about":[{"href":"https:\/\/www.visit-ulcinj.com\/blog\/wp-json\/wp\/v2\/types\/post"}],"author":[{"embeddable":true,"href":"https:\/\/www.visit-ulcinj.com\/blog\/wp-json\/wp\/v2\/users\/1"}],"replies":[{"embeddable":true,"href":"https:\/\/www.visit-ulcinj.com\/blog\/wp-json\/wp\/v2\/comments?post=25408"}],"version-history":[{"count":0,"href":"https:\/\/www.visit-ulcinj.com\/blog\/wp-json\/wp\/v2\/posts\/25408\/revisions"}],"wp:attachment":[{"href":"https:\/\/www.visit-ulcinj.com\/blog\/wp-json\/wp\/v2\/media?parent=25408"}],"wp:term":[{"taxonomy":"category","embeddable":true,"href":"https:\/\/www.visit-ulcinj.com\/blog\/wp-json\/wp\/v2\/categories?post=25408"},{"taxonomy":"post_tag","embeddable":true,"href":"https:\/\/www.visit-ulcinj.com\/blog\/wp-json\/wp\/v2\/tags?post=25408"}],"curies":[{"name":"wp","href":"https:\/\/api.w.org\/{rel}","templated":true}]}}