{"id":25413,"date":"2009-09-07T22:31:36","date_gmt":"2009-09-07T20:31:36","guid":{"rendered":"http:\/\/www.visit-ulcinj.com\/blog\/?p=25413"},"modified":"2009-09-07T22:31:36","modified_gmt":"2009-09-07T20:31:36","slug":"bisede-me-kryetarin-e-alternatives-shqiptare-gjergj-camaj","status":"publish","type":"post","link":"https:\/\/www.visit-ulcinj.com\/blog\/2009\/09\/07\/bisede-me-kryetarin-e-alternatives-shqiptare-gjergj-camaj\/","title":{"rendered":"Bised\u00eb me kryetarin e Alternativ\u00ebs Shqiptare, Gjergj Camaj"},"content":{"rendered":"<p><strong><a href=\"http:\/\/www.visit-ulcinj.com\/blog\/wp-content\/uploads\/2009\/03\/gjergj-camaj_alternativa-shqiptare.jpg\"><img loading=\"lazy\" class=\"alignleft\" src=\"http:\/\/www.visit-ulcinj.com\/blog\/wp-content\/uploads\/2009\/03\/gjergj-camaj_alternativa-shqiptare.jpg\" alt=\"\" width=\"356\" height=\"268\" \/><\/a>Shqiptar\u00ebve duhet t\u2019u sigurohet e drejta e garantuar<\/strong><br \/>\n<strong>Koha javore:<\/strong> Z. Camaj, redaksia e \u201cKoha Javore\u201d ka hapur tem\u00ebn, n\u00eb lidhje me pjes\u00ebmarrjen e pakicave n\u00eb jet\u00ebn publike. Na tregoni i cili \u00ebsht\u00eb q\u00ebndrimi i partis\u00eb suaj dhe List\u00ebs Shqiptare e cila n\u00eb zgjedhjet e 29 marsit fitoi nj\u00eb deputet, n\u00eb lidhje me k\u00ebt\u00eb \u00e7\u00ebshtje?<\/p>\n<p><strong>Gj.Camaj:<\/strong> Nj\u00eb nga \u00e7\u00ebshtjet m\u00eb me r\u00ebnd\u00ebsi q\u00eb shfaqet brenda sistemeve demokratike \u00ebsht\u00eb k\u00ebrkesa e pjes\u00ebmarrjes s\u00eb pakicave n\u00eb jet\u00ebn publike, si nj\u00eb \u00e7\u00ebshtje ky\u00e7e n\u00eb konteksin e t\u00eb drejtave t\u00eb pakicave dhe t\u00eb drejtave t\u00eb popujve autokton. Ve\u00e7anarisht nga vet\u00eb pjes\u00ebtar\u00ebt e popullit pakic\u00eb, t\u00eb cil\u00ebt gjithnj\u00eb e m\u00eb shum\u00eb pranojn\u00eb se, p\u00ebrve\u00e7 njohjes s\u00eb t\u00eb drejt\u00ebs s\u00eb tyre p\u00ebr nj\u00eb identitet t\u00eb ndar\u00eb t\u00eb grupit, e cila \u00ebsht\u00eb e normuar sipas t\u00eb drejt\u00ebs s\u00eb garantuar si standard nd\u00ebrkomb\u00ebtar, ata kan\u00eb nevoj\u00eb p\u00ebr pjes\u00ebmarrje m\u00eb konkrete n\u00eb jet\u00ebn publike, kulturore, sociale dhe ekonomike t\u00eb vendeve n\u00eb t\u00eb cilat ata jetojn\u00eb.<br \/>\nPjes\u00ebmarja e pakicave n\u00eb jet\u00ebn publike \u00ebsht\u00eb tejet e r\u00ebnd\u00ebsishme, por dhe e domosdoshme jo vet\u00ebm p\u00ebr pakic\u00ebn p\u00ebrkat\u00ebse por edhe p\u00ebr shoq\u00ebrin\u00eb, gj\u00ebgj\u00ebsisht shtetin n\u00eb t\u00eb cilin ajo pakic\u00eb jeton dhe vepron.<br \/>\nMungesa e nj\u00eb pjes\u00ebmarrjeje t\u00eb mir\u00ebfillt\u00eb mund t\u00eb shihet shum\u00eb shpesh kur pakicat autoktone si\u00e7 jemi ne shqiptar\u00ebt p\u00ebrjashtohemi, apo nuk kan\u00eb qasje n\u00eb vendimmarrjet politike, sociale dhe ekonomike q\u00eb m\u00eb pas kjo pamund\u00ebsi l\u00eb nj\u00eb pasoj\u00eb t\u00eb drejt\u00ebp\u00ebrdrejt\u00eb n\u00eb jet\u00ebn e pakic\u00ebs son\u00eb.<br \/>\nKjo arrihet kur shteti p\u00ebr t\u2019u siguruar pakicave nj\u00eb gj\u00eb t\u00eb till\u00eb, parasheh mjete t\u00eb caktura financiare p\u00ebr gjall\u00ebrimin e instuticoneve t\u00eb cilat jan\u00eb baz\u00eb p\u00ebr implementimin e programeve qeveritare p\u00ebr inkuadrimin e pakicave n\u00eb vend dhe pozicione t\u00eb cilat konsiderohen si vitale p\u00ebr ruajtj\u00ebn e kultur\u00ebs historis\u00eb dhe identitetit t\u00eb tyre dhe n\u00eb k\u00ebt\u00eb m\u00ebnyr\u00eb shoq\u00ebria malazeze mund t\u00eb siguroj\u00eb k\u00ebt\u00eb standard dhe gjithashtu t\u00eb demonstron se \u00ebsht\u00eb mbi dallimet, sepse n\u00eb t\u00eb nj\u00ebjt\u00ebn koh\u00eb diverzitetet doemos duhet t\u00eb njihen.<br \/>\nShqiptar\u00ebt n\u00eb Malin e Zi nuk jan\u00eb te p\u00ebrfaq\u00ebsuar n\u00eb gjykat\u00eb, prokurori, polici,n\u00eb Ministrin\u00eb e Arsimit, Kultur\u00ebs dhe n\u00eb shum\u00eb e shum\u00eb institucione t\u00eb tjera me r\u00ebnd\u00ebsi n\u00eb t\u00eb cilat vendoset p\u00ebr fatin e tyre, si popull autokton n\u00eb trojet e veta etnike.<br \/>\nK\u00ebtu mund t\u00eb \u00e7elim debate n\u00eb lidhje me k\u00ebt\u00eb tem\u00eb, se n\u00eb cil\u00ebn shkall\u00eb Mali i Zi e respekton k\u00ebt\u00eb standard.<br \/>\nN\u00eb k\u00ebt\u00eb rast Alternativa Shqiptare i ka t\u00ebrhequr v\u00ebrejtje administrat\u00ebs malazeze p\u00ebr t\u00eb respektuar t\u00eb drejtat tona si pakic\u00eb dhe menj\u00ebher\u00eb t\u00eb integroj\u00eb pjestar\u00ebt e pakic\u00ebs shqiptare n\u00ebp\u00ebr instuticionet dhe organet shtet\u00ebrore n\u00eb m\u00ebnyr\u00eb t\u00eb barabart\u00eb.<\/p>\n<p><strong>Koha javore: <\/strong>Pjes\u00ebmarrja e pakicave n\u00eb jet\u00ebn publike \u00ebsht\u00eb nj\u00eb nga parakushtet e institucioneve europiane e rekomanduar p\u00ebr shtete q\u00eb kan\u00eb aspirata t\u00eb integrohen n\u00eb Bashkimin Eur?pian.\u00c7far\u00eb do t\u00eb b\u00ebni Ju si parti q\u00eb k\u00ebto rekomandime t\u00eb jet\u00ebsohen?<br \/>\n<strong>Gj.Camaj: <\/strong>Jo vet\u00ebm institucionet europiane por edhe nj\u00eb num\u00ebr i instrumenteve nd\u00ebrkomb\u00ebtare k\u00ebrkojn\u00eb q\u00eb shtetet t\u00eb promovojn\u00eb t\u00eb drejt\u00ebn e pjes\u00ebmarrjes s\u00eb pakicave n\u00eb jet\u00ebn publike. Ato n\u00eb shuic\u00ebn e rasteve nuk e respektojn\u00eb k\u00ebt\u00eb rekomandim. Por sidoqoft\u00eb, nocioni i pjes\u00ebmarrjes s\u00eb pakicave mund t\u00eb nxirret nga dokumentet nd\u00ebrkomb\u00ebtare si\u00e7 jan\u00eb; Deklarata Univerzale e t\u00eb Drejtave t\u00eb Njeriut dhe Mar\u00ebveshja Nd\u00ebrkomb\u00ebtare p\u00ebr t\u00eb Drejtat Civile dhe Politike. K\u00ebto dokumente mbrojn\u00eb t\u00eb drejt\u00ebn p\u00ebr t\u00eb marr\u00eb pjes\u00eb n\u00eb qeveri ose n\u00eb drejtimin e pun\u00ebve publike. Komiteti i KB-ve p\u00ebr t\u00eb Drejtat e Njeriut ka elaboruar k\u00ebt\u00eb dispozit\u00eb duke theksuar se:<br \/>\n\u2018Drejtimi i pun\u00ebve publike &#8230; \u00ebsht\u00eb nj\u00eb koncept i gjer\u00eb q\u00eb lidhet me ushtrimin e pushtetit politik, ve\u00e7an\u00ebrisht ushtrimin e pushtetit legjislativ, ekzekutiv dhe administrativ duke mbuluar t\u00eb gjitha aspektet e administrat\u00ebs publike, dhe formulimin dhe implementimin e politik\u00ebs n\u00eb nive lnd\u00ebrkomb\u00ebtar, komb\u00ebtar, rajonal dhe lokal\u2019.(Koment i p\u00ebrgjithsh\u00ebm 25, 1996)<br \/>\nPrandaj neve si parti politike kemi q\u00ebndrim se p\u00ebrderisa ekzistojn\u00eb k\u00ebto dispozita nd\u00ebrkomb\u00ebtare pakica shqiptare do t\u00eb fitoj\u00eb t\u00eb drejt\u00ebn e vet t\u00eb garantuar, p\u00ebr shkak se Mali i Zi \u00ebsht\u00eb i interesuar t\u00eb ky\u00e7et n\u00eb familjen europiane n\u00eb \u00e7\u2019m\u00ebnyr\u00eb k\u00ebto dispozita jan\u00eb edhe parakusht dhe standard p\u00ebr t\u2019u plot\u00ebsuar.<\/p>\n<p><strong>Koha javore:<\/strong> A mund t\u00eb shpresojm\u00eb n\u00eb t\u00eb ardhm\u00ebn se do krijohet nj\u00eb harmonizim i q\u00ebndrimeve p\u00ebr nj\u00eb bashk\u00ebpunim m\u00eb t\u00eb ngusht me pjes\u00ebn tjet\u00ebr e cila tani funksionon si Iniciativa Qytetare n\u00eb lidhje me zgjerimin e frontit t\u00eb p\u00ebrbashk\u00ebt\u00eb p\u00ebr t\u00eb drejtat e shqiptar\u00ebve n\u00eb Mal t\u00eb Zi dhe ngritjen e statusit t\u00eb komun\u00ebs urbane n\u00eb komun\u00eb t\u00eb plot\u00eb?<br \/>\n<strong>Gj.Camaj:<\/strong> Duke menduar n\u00eb k\u00ebt\u00eb aspekt t\u00eb gjer\u00eb, pjes\u00ebmarrja e pakicave n\u00eb jet\u00ebn publike i mbulon shum\u00eb fusha t\u00eb jet\u00ebs, edhe organizatat shtet\u00ebrore por edhe ato t\u00eb sektorit privat, t\u00eb cilat involvojn\u00eb nj\u00eb num\u00ebr aktivitetesh si\u00e7 jan\u00eb: pjes\u00ebmarrja n\u00eb politikat nacionale p\u00ebrmes pjes\u00ebmarrjes n\u00eb parti politike, duke dal\u00eb n\u00eb zgjedhje dhe votuar n\u00eb to, pjes\u00ebmarrja mund t\u00eb jet\u00eb kur pakica t\u00eb ket\u00eb t\u00eb drejt\u00eb t\u00eb dekretoj\u00eb mund\u00ebsin\u00eb e vetos p\u00ebr \u00e7\u00ebshtjet vitale dhe specifike. Kjo p\u00ebrfshin po ashtu forma t\u00eb tjera t\u00eb ndikimit n\u00eb politik\u00eb t\u00eb krijoj\u00eb mekanizma p\u00ebr konsultime dhe negociata, p\u00ebrmes mediave, lobimit, si\u00e7 kemi rastin n\u00eb Mal\u00ebsi &#8211; fitimi i Komun\u00ebs s\u00eb plot\u00eb etj.<br \/>\nK\u00ebshtu, pjes\u00ebmarrja mund t\u00eb kuptohet si aft\u00ebsi e pakic\u00ebs ose an\u00ebtar\u00ebve t\u00eb tyre q\u00eb t\u00eb sjellin fakte relevante p\u00ebr vendimmarr\u00ebsit, t\u00eb propozojn\u00eb reforma, t\u00eb jen\u00eb bashk\u00ebvendimmar\u00ebs, t\u00eb vendosin veto n\u00eb propozimet legjislative ose administrative dhe t\u00eb vendosin dhe menaxhojn\u00eb institucionet e tyre n\u00eb fusha t\u00eb specifikuara.<br \/>\nP\u00ebrderisa neve t\u00eb gjith\u00eb ne t\u00eb mos i kuptojm\u00eb k\u00ebto si prioritet tona nuk do t\u00eb kemi shans.<br \/>\nPik\u00ebrisht n\u00eb k\u00ebt\u00eb dua t\u00eb nd\u00ebrlidhem se ne q\u00ebndrojm\u00eb n\u00eb t\u00eb nj\u00ebjtat pozita p\u00ebr \u00e7ka edhe jemi edhe formuar, por askush nuk ka t\u00eb drejt\u00eb t\u00eb mbaj\u00eb peng fatin e Mal\u00ebsis\u00eb dhe statusin e komun\u00ebs s\u00eb plot\u00eb.<br \/>\nAlternativa Shqiptare si l\u00ebvizje politike e trash\u00ebgimtare e Iniciativ\u00ebs Qytetare dhe aktivitetit t\u00eb saj politik \u00ebsht\u00eb e hapur p\u00ebr bashk\u00ebpunim dhe afrim me t\u00eb gjith\u00eb ata q\u00eb kan\u00eb si synim komun\u00ebn e plot\u00eb dhe avancimin e t\u00eb drejtave t\u00eb shqiptar\u00ebve n\u00eb Mal t\u00eb Zi. Kjo vlen edhe p\u00ebr k\u00ebt\u00eb pjes\u00eb q\u00eb po shpreheni Ju e q\u00eb e ka p\u00ebrdor\u00eb emrin e t\u00eb madhes p\u00ebr mua Iniciativ\u00eb Qytetare q\u00eb e ceka m\u00eb lart e cila tani njihet si Alternative Shqiptare. Me siguri se krejt ajo \u00e7far\u00eb ka ndodhe rreth nesh koh\u00ebve t\u00eb fundit duhet t\u00eb jet\u00eb moment i reflektimit ashtu q\u00eb t\u00eb gjith\u00eb ne t\u00eb vendosim gishtin n\u00eb kok\u00eb dhe ta shohim se si doli fundi. Pa fajsuar asnj\u00eb an\u00eb t\u00eb bisedohet dhe t\u00eb tentohet q\u00eb t\u00eb shp\u00ebtohet n\u00ebse mundet gj\u00eb, sepse jo vet\u00ebm se kemi dob\u00ebsuar ASH-n\u00eb, por kemi p\u00ebr\u00e7ar\u00eb edhe popullin,T\u00eb cil\u00ebn gj\u00eb nuk duhet ta lejojm\u00eb q\u00eb t\u00eb zgjas\u00eb dhe n\u00eb k\u00ebt\u00eb drejtim ne duhet ta marrim p\u00ebrgjegj\u00ebsin\u00eb dhe k\u00ebt\u00eb t\u00eb tentojm\u00eb ta zbusim e sensibilizojm\u00eb situat\u00ebn.<\/p>\n<p><strong>Koha javore:<\/strong> Pasi q\u00eb normat nd\u00ebrkomb\u00ebtare rekomandojn\u00eb respektimin e k\u00ebtyre standardeve p\u00ebr shtete q\u00eb aprovojn\u00eb konventat q\u00eb trajtojn\u00eb k\u00ebt\u00eb \u00e7\u00ebshtje. Cili \u00ebsht\u00eb q\u00ebndrimi juaj n\u00eb lidhje me k\u00ebto dokumente ?<br \/>\n<strong>Gj.Camaj: <\/strong>Po, kemi shum\u00eb dokumente t\u00eb karakterit nd\u00ebrkomb\u00ebtar, t\u00eb cilat rekomandojn\u00eb respektimin e normave, t\u00eb cilat i sigurojn\u00eb nj\u00eb pjes\u00ebmarrje propocionale pakic\u00ebs n\u00eb jet\u00ebn publike duke obliguar shtetin p\u00ebr t\u00eb krijuar mekanizma n\u00eb implementimin e tyre.Nj\u00ebra nga konventat p\u00ebr popujt pakic\u00eb e q\u00eb n\u00eb k\u00ebt\u00eb rast mund t\u00eb nd\u00ebrlidhet me situat\u00ebn ton\u00eb \u00ebsht\u00eb edhe Konventa, lidhur me popujt vendas dhe fisnor\u00eb , e vitit 1989. Dua t\u00eb ve\u00e7oj k\u00ebtu nenin 6 t\u00eb k\u00ebsaj konvente i cili p\u00ebrcakton t\u00eb drejt\u00ebn p\u00ebr nj\u00eb pjes\u00ebmarrje adekuate n\u00eb jet\u00ebn publike si dhe nenin 7 i cili b\u00ebn fjal\u00eb p\u00ebr p\u00ebrmir\u00ebsimin e kushteve t\u00eb jet\u00ebs dhe pun\u00ebsim n\u00eb t\u00eb gjitha nivelet dhe t\u00eb edukimit t\u00eb popujve n\u00eb fjal\u00eb, me participimin dhe bashk\u00ebpunimin e tyre, do t\u00eb jet\u00eb \u00e7\u00ebshtje prioritare n\u00eb planet p\u00ebr zhvillimin e t\u00ebr\u00ebsish\u00ebm ekonomik t\u00eb regjioneve t\u00eb cilat ata i banojn\u00eb. Po ashtu kur \u00ebsht\u00eb fjala p\u00ebr ruajtjen e pron\u00ebs e cila u \u00ebsht\u00eb privuar pjes\u00ebtar\u00ebve t\u00eb pakic\u00ebs kemi nenet 14 dhe 17 t\u00eb cil\u00ebt p\u00ebrcaktojn\u00eb t\u00eb drejtat p\u00ebr pron\u00ebsi dhe pron\u00eb t\u00eb popujve autokton mbi tokat t\u00eb cilat ata n\u00eb m\u00ebnyr\u00eb tradicionale i posedojn\u00eb. Shum\u00eb nga dispozitat e k\u00ebsaj konvente e qart\u00ebsojn\u00eb pozit\u00ebn e popujve autokton\u00eb n\u00eb raport me shtetin dhe vendin ku ata p\u00ebrb\u00ebjn\u00eb shumic\u00ebn, si dhe i mbrojn\u00eb ata nga mund\u00ebsia e ndryshimit t\u00eb struktur\u00ebs demografike dhe asimilimi q\u00eb p\u00ebr Alternativ\u00ebn Shqiptare \u00ebsht\u00eb e papranueshme. Mir\u00ebpo, rrug\u00ebtimi deri te ratifikimi i k\u00ebsaj konvete \u00ebsht\u00eb i larg\u00ebt por i arritsh\u00ebm dhe ne si subjekte politike duhet t\u00eb veprojm\u00eb t\u00eb gjith\u00eb s\u00eb bashku n\u00eb drejtim t\u00eb jet\u00ebsimit t\u00eb saj por edhe t\u00eb shum\u00eb dokumenteve nd\u00ebrkomb\u00ebtar\u00eb q\u00eb garantojn\u00eb ruajtjen e identitetit dhe kultur\u00ebs s\u00eb pakic\u00ebs son\u00eb autoktone.<br \/>\nKurse kur\u00eb \u00ebsht\u00eb fjala p\u00ebr Kart\u00ebn europiane p\u00ebr vet\u00ebqeverisjen lokale t\u00eb vitit 1985 duhet cekur se Mali i Zi e ka ratifikuar k\u00ebt\u00eb dokument dhe kjo \u00ebsht\u00eb nj\u00eb baz\u00eb e mir\u00eb q\u00eb Mal\u00ebsia t\u00eb fitoj\u00eb statusin e komun\u00ebs s\u00eb plot\u00eb si e drejt\u00eb e cila rrjedh nga ky dokument. Prandaj ne do t\u00eb insistojme n\u00eb respektimin e k\u00ebtij dokumenti i cili neve na garanton t\u00eb drejt\u00ebn p\u00ebr t\u00eb vetadministruar territorin e Mal\u00ebsis\u00eb si komun\u00eb e barabart\u00eb si\u00e7 jan\u00eb komunat tjera n\u00eb Mal t\u00eb Zi.<\/p>\n<p><strong>Koha javore:<\/strong> \u00c7far\u00eb mund t\u00eb b\u00ebni ne p\u00ebrmes angazhimit t\u00eb deputetit nga Lista juaj, q\u00eb shqiptar\u00ebt t\u00eb jen\u00eb m\u00eb t\u00eb inkuadruar n\u00eb institucionet shtet\u00ebrore dhe gjyq\u00ebsore, duke e ditur realitetin se n\u00eb disa nga ato nuk figurojn\u00eb fare pjes\u00ebtar\u00eb t\u00eb pakic\u00ebs shqiptare?<br \/>\n<strong>Gj.Camaj:<\/strong> Ne cek\u00ebm dhe m\u00eb par\u00eb se nuk kemi t\u00eb inkudruar n\u00eb institucione shtet\u00ebrore dhe gjyq\u00ebsores Si koalicion Lista Shqiptare, por edhe si subjekt politik Alternativa Shqiptare do t\u00eb angazhohet maksimalisht q\u00eb k\u00ebt\u00eb praktik\u00eb t\u00eb deri tanishme ta ndryshojm\u00eb, do t\u00eb luftojm\u00eb me t\u00eb gjitha mjetet demokratike q\u00eb Shiptar\u00ebt t\u00eb jen\u00eb t\u00eb inkudruar n\u00eb t\u00eb gjitha instuticionet n\u00eb m\u00ebnyr\u00eb proporcionale si n\u00eb organet ekzekutive, legjislative ashtu dhe n\u00eb organet gjyq\u00ebsore. \u00ebsht\u00eb vertet katastrof t\u00eb thuhet se n\u00eb Mal t\u00eb Zi sot nuk\u00eb kemi asnj\u00eb gjykat\u00ebs apo prokuror Shqiptar\u00eb, kurse n\u00eb nj\u00eb num\u00ebr bukur t\u00eb mir\u00eb t\u00eb ministrive as q\u00eb figuron fare pjestar\u00eb i pakic\u00ebs shqiptare. Lista shqiptare, lista zgjedhore e ASH dhe LDMZ \u00ebsht\u00eb e p\u00ebrq\u00ebndruar dhe e vendosur q\u00eb shqiptaret t\u00eb integrohen, por t\u00eb integrohen me identitet dhe dinjitet t\u00eb plot\u00eb, jo si instrument apo vegla t\u00eb dikuj tjet\u00ebr dhe p\u00ebr qellime t\u00eb tjer\u00ebve.<br \/>\nNeve jemi p\u00ebr nj\u00eb partneritet n\u00eb nd\u00ebrtimin e institucioneve demokratike n\u00eb Mal te Zi, e jo si deri tani q\u00eb jan\u00eb integrua t\u00eb pelqyerit e pushtetit.Neve jemi q\u00eb si baze elementare p\u00ebr pun\u00ebsim t\u00eb pjestar\u00ebve t\u00eb pakic\u00ebs t\u00eb jet\u00eb profesionalizmi por jo t\u00eb jemi n\u00eb rangun e dyt\u00eb apo n\u00eb rradh\u00eb t\u00eb dyt\u00eb kur\u00eb \u00ebsht\u00eb fjala q\u00eb si shqiptare t\u00eb inkuadrohemi n\u00eb institucionet shtet\u00ebrore. Nuk\u00eb mund t\u00eb fajsohet vet\u00ebm administrata malazeze p\u00ebr gj\u00ebndjen q\u00eb jemi ne sot, por nj\u00eb pjes\u00eb e p\u00ebrgjegj\u00ebsis\u00eb u takon edhe perfaq\u00ebsues\u00ebve ton\u00eb n\u00eb parlament,si dhe partive politike shqiptare qe veprojne n\u00eb Mal t\u00eb Zi. Shihet qart\u00eb se mungon bashk\u00ebpunimi n\u00eb \u00e7\u00ebshtjet m\u00eb jetike si\u00e7 \u00ebsht\u00eb ajo perfaq\u00ebsimit t\u00eb pakic\u00ebs shqiptare n\u00eb organet shtet\u00ebrore dhe t\u00eb jemi m\u00eb kemb\u00ebngul\u00ebs n\u00eb realizimin dhe aplikimin e t\u00eb drejtave q\u00eb na i garantojn\u00eb kushtetuta dhe ligjet pozitive t\u00eb Malit t\u00eb Zi. Deputeti nga Lista Shqiptare si dhe subjektet politike q\u00eb perb\u00ebjne k\u00ebt\u00eb list, do t\u00eb angazhohen maksimalisht, p\u00ebr inkuadrimin sa ma t\u00eb shpejt\u00eb n\u00eb t\u00eb gjitha instuticonet si dhe n\u00eb avancimin e t\u00eb drejtave t\u00eb shqiptarve n\u00eb Mal te Zi,p\u00ebr Komunen e plot t\u00eb Mal\u00ebsis\u00eb me q\u00ebnd\u00ebr n\u00eb Tuz, \u00e7ka m\u00ebndoj se \u00ebsht\u00eb jetike p\u00ebr Mal\u00ebsin\u00eb por edhe pik\u00ebsunim p\u00ebr Alternativ\u00ebn Shqiptare.<\/p>\n<p><strong>Bisedoi: M. Gjokaj<br \/>\nKoha Javore<\/strong><\/p>\n","protected":false},"excerpt":{"rendered":"<p>Shqiptar\u00ebve duhet t\u2019u sigurohet e drejta e garantuar Koha javore: Z. Camaj, redaksia e \u201cKoha Javore\u201d ka hapur tem\u00ebn, n\u00eb lidhje me pjes\u00ebmarrjen e pakicave n\u00eb jet\u00ebn publike. Na tregoni i cili \u00ebsht\u00eb q\u00ebndrimi i partis\u00eb suaj dhe List\u00ebs Shqiptare e cila n\u00eb zgjedhjet e 29 marsit fitoi nj\u00eb deputet, n\u00eb lidhje me k\u00ebt\u00eb \u00e7\u00ebshtje? [&hellip;]<\/p>\n","protected":false},"author":1,"featured_media":0,"comment_status":"open","ping_status":"closed","sticky":false,"template":"","format":"standard","meta":{"spay_email":"","jetpack_publicize_message":"","jetpack_is_tweetstorm":false,"jetpack_publicize_feature_enabled":true},"categories":[5],"tags":[3461,4249],"jetpack_publicize_connections":[],"yoast_head":"<!-- This site is optimized with the Yoast SEO plugin v19.1 - https:\/\/yoast.com\/wordpress\/plugins\/seo\/ -->\n<title>Bised\u00eb me kryetarin e Alternativ\u00ebs Shqiptare, Gjergj Camaj - Lajme nga Ulqini<\/title>\n<meta name=\"description\" content=\"Shqiptar\u00ebve duhet t\u2019u sigurohet e drejta e garantuar Koha javore: Z. Camaj, redaksia e \u201cKoha Javore\u201d ka hapur tem\u00ebn, n\u00eb lidhje me pjes\u00ebmarrjen e pakicave\" \/>\n<meta name=\"robots\" content=\"index, follow, max-snippet:-1, max-image-preview:large, max-video-preview:-1\" \/>\n<link rel=\"canonical\" href=\"https:\/\/www.visit-ulcinj.com\/blog\/2009\/09\/07\/bisede-me-kryetarin-e-alternatives-shqiptare-gjergj-camaj\/\" \/>\n<meta property=\"og:locale\" content=\"en_US\" \/>\n<meta property=\"og:type\" content=\"article\" \/>\n<meta property=\"og:title\" content=\"Bised\u00eb me kryetarin e Alternativ\u00ebs Shqiptare, Gjergj Camaj - Lajme nga Ulqini\" \/>\n<meta property=\"og:description\" content=\"Shqiptar\u00ebve duhet t\u2019u sigurohet e drejta e garantuar Koha javore: Z. Camaj, redaksia e \u201cKoha Javore\u201d ka hapur tem\u00ebn, n\u00eb lidhje me pjes\u00ebmarrjen e pakicave\" \/>\n<meta property=\"og:url\" content=\"https:\/\/www.visit-ulcinj.com\/blog\/2009\/09\/07\/bisede-me-kryetarin-e-alternatives-shqiptare-gjergj-camaj\/\" \/>\n<meta property=\"og:site_name\" content=\"Lajme nga Ulqini\" \/>\n<meta property=\"article:published_time\" content=\"2009-09-07T20:31:36+00:00\" \/>\n<meta property=\"og:image\" content=\"http:\/\/www.visit-ulcinj.com\/blog\/wp-content\/uploads\/2009\/03\/gjergj-camaj_alternativa-shqiptare.jpg\" \/>\n<meta name=\"twitter:label1\" content=\"Written by\" \/>\n\t<meta name=\"twitter:data1\" content=\"ulqini\" \/>\n\t<meta name=\"twitter:label2\" content=\"Est. reading time\" \/>\n\t<meta name=\"twitter:data2\" content=\"11 minutes\" \/>\n<script type=\"application\/ld+json\" class=\"yoast-schema-graph\">{\"@context\":\"https:\/\/schema.org\",\"@graph\":[{\"@type\":\"WebSite\",\"@id\":\"https:\/\/www.visit-ulcinj.com\/blog\/#website\",\"url\":\"https:\/\/www.visit-ulcinj.com\/blog\/\",\"name\":\"Lajme nga Ulqini\",\"description\":\"Lajme,Vijesti,Ulqini,Ulqin,Crna Gora,Mali i Zi\",\"potentialAction\":[{\"@type\":\"SearchAction\",\"target\":{\"@type\":\"EntryPoint\",\"urlTemplate\":\"https:\/\/www.visit-ulcinj.com\/blog\/?s={search_term_string}\"},\"query-input\":\"required name=search_term_string\"}],\"inLanguage\":\"en-US\"},{\"@type\":\"ImageObject\",\"inLanguage\":\"en-US\",\"@id\":\"https:\/\/www.visit-ulcinj.com\/blog\/2009\/09\/07\/bisede-me-kryetarin-e-alternatives-shqiptare-gjergj-camaj\/#primaryimage\",\"url\":\"https:\/\/www.visit-ulcinj.com\/blog\/wp-content\/uploads\/2009\/03\/gjergj-camaj_alternativa-shqiptare.jpg\",\"contentUrl\":\"https:\/\/www.visit-ulcinj.com\/blog\/wp-content\/uploads\/2009\/03\/gjergj-camaj_alternativa-shqiptare.jpg\",\"width\":\"290\",\"height\":\"218\"},{\"@type\":\"WebPage\",\"@id\":\"https:\/\/www.visit-ulcinj.com\/blog\/2009\/09\/07\/bisede-me-kryetarin-e-alternatives-shqiptare-gjergj-camaj\/#webpage\",\"url\":\"https:\/\/www.visit-ulcinj.com\/blog\/2009\/09\/07\/bisede-me-kryetarin-e-alternatives-shqiptare-gjergj-camaj\/\",\"name\":\"Bised\u00eb me kryetarin e Alternativ\u00ebs Shqiptare, Gjergj Camaj - Lajme nga Ulqini\",\"isPartOf\":{\"@id\":\"https:\/\/www.visit-ulcinj.com\/blog\/#website\"},\"primaryImageOfPage\":{\"@id\":\"https:\/\/www.visit-ulcinj.com\/blog\/2009\/09\/07\/bisede-me-kryetarin-e-alternatives-shqiptare-gjergj-camaj\/#primaryimage\"},\"datePublished\":\"2009-09-07T20:31:36+00:00\",\"dateModified\":\"2009-09-07T20:31:36+00:00\",\"author\":{\"@id\":\"https:\/\/www.visit-ulcinj.com\/blog\/#\/schema\/person\/dcab619c614d3038751c63bc2aadc06d\"},\"description\":\"Shqiptar\u00ebve duhet t\u2019u sigurohet e drejta e garantuar Koha javore: Z. Camaj, redaksia e \u201cKoha Javore\u201d ka hapur tem\u00ebn, n\u00eb lidhje me pjes\u00ebmarrjen e pakicave\",\"breadcrumb\":{\"@id\":\"https:\/\/www.visit-ulcinj.com\/blog\/2009\/09\/07\/bisede-me-kryetarin-e-alternatives-shqiptare-gjergj-camaj\/#breadcrumb\"},\"inLanguage\":\"en-US\",\"potentialAction\":[{\"@type\":\"ReadAction\",\"target\":[\"https:\/\/www.visit-ulcinj.com\/blog\/2009\/09\/07\/bisede-me-kryetarin-e-alternatives-shqiptare-gjergj-camaj\/\"]}]},{\"@type\":\"BreadcrumbList\",\"@id\":\"https:\/\/www.visit-ulcinj.com\/blog\/2009\/09\/07\/bisede-me-kryetarin-e-alternatives-shqiptare-gjergj-camaj\/#breadcrumb\",\"itemListElement\":[{\"@type\":\"ListItem\",\"position\":1,\"name\":\"Bised\u00eb me kryetarin e Alternativ\u00ebs Shqiptare, Gjergj Camaj\"}]},{\"@type\":\"Person\",\"@id\":\"https:\/\/www.visit-ulcinj.com\/blog\/#\/schema\/person\/dcab619c614d3038751c63bc2aadc06d\",\"name\":\"ulqini\",\"sameAs\":[\"http:\/\/www.visit-ulcinj.com\"],\"url\":\"https:\/\/www.visit-ulcinj.com\/blog\/author\/admin\/\"}]}<\/script>\n<!-- \/ Yoast SEO plugin. -->","yoast_head_json":{"title":"Bised\u00eb me kryetarin e Alternativ\u00ebs Shqiptare, Gjergj Camaj - Lajme nga Ulqini","description":"Shqiptar\u00ebve duhet t\u2019u sigurohet e drejta e garantuar Koha javore: Z. Camaj, redaksia e \u201cKoha Javore\u201d ka hapur tem\u00ebn, n\u00eb lidhje me pjes\u00ebmarrjen e pakicave","robots":{"index":"index","follow":"follow","max-snippet":"max-snippet:-1","max-image-preview":"max-image-preview:large","max-video-preview":"max-video-preview:-1"},"canonical":"https:\/\/www.visit-ulcinj.com\/blog\/2009\/09\/07\/bisede-me-kryetarin-e-alternatives-shqiptare-gjergj-camaj\/","og_locale":"en_US","og_type":"article","og_title":"Bised\u00eb me kryetarin e Alternativ\u00ebs Shqiptare, Gjergj Camaj - Lajme nga Ulqini","og_description":"Shqiptar\u00ebve duhet t\u2019u sigurohet e drejta e garantuar Koha javore: Z. Camaj, redaksia e \u201cKoha Javore\u201d ka hapur tem\u00ebn, n\u00eb lidhje me pjes\u00ebmarrjen e pakicave","og_url":"https:\/\/www.visit-ulcinj.com\/blog\/2009\/09\/07\/bisede-me-kryetarin-e-alternatives-shqiptare-gjergj-camaj\/","og_site_name":"Lajme nga Ulqini","article_published_time":"2009-09-07T20:31:36+00:00","og_image":[{"url":"http:\/\/www.visit-ulcinj.com\/blog\/wp-content\/uploads\/2009\/03\/gjergj-camaj_alternativa-shqiptare.jpg"}],"twitter_misc":{"Written by":"ulqini","Est. reading time":"11 minutes"},"schema":{"@context":"https:\/\/schema.org","@graph":[{"@type":"WebSite","@id":"https:\/\/www.visit-ulcinj.com\/blog\/#website","url":"https:\/\/www.visit-ulcinj.com\/blog\/","name":"Lajme nga Ulqini","description":"Lajme,Vijesti,Ulqini,Ulqin,Crna Gora,Mali i Zi","potentialAction":[{"@type":"SearchAction","target":{"@type":"EntryPoint","urlTemplate":"https:\/\/www.visit-ulcinj.com\/blog\/?s={search_term_string}"},"query-input":"required name=search_term_string"}],"inLanguage":"en-US"},{"@type":"ImageObject","inLanguage":"en-US","@id":"https:\/\/www.visit-ulcinj.com\/blog\/2009\/09\/07\/bisede-me-kryetarin-e-alternatives-shqiptare-gjergj-camaj\/#primaryimage","url":"https:\/\/www.visit-ulcinj.com\/blog\/wp-content\/uploads\/2009\/03\/gjergj-camaj_alternativa-shqiptare.jpg","contentUrl":"https:\/\/www.visit-ulcinj.com\/blog\/wp-content\/uploads\/2009\/03\/gjergj-camaj_alternativa-shqiptare.jpg","width":"290","height":"218"},{"@type":"WebPage","@id":"https:\/\/www.visit-ulcinj.com\/blog\/2009\/09\/07\/bisede-me-kryetarin-e-alternatives-shqiptare-gjergj-camaj\/#webpage","url":"https:\/\/www.visit-ulcinj.com\/blog\/2009\/09\/07\/bisede-me-kryetarin-e-alternatives-shqiptare-gjergj-camaj\/","name":"Bised\u00eb me kryetarin e Alternativ\u00ebs Shqiptare, Gjergj Camaj - Lajme nga Ulqini","isPartOf":{"@id":"https:\/\/www.visit-ulcinj.com\/blog\/#website"},"primaryImageOfPage":{"@id":"https:\/\/www.visit-ulcinj.com\/blog\/2009\/09\/07\/bisede-me-kryetarin-e-alternatives-shqiptare-gjergj-camaj\/#primaryimage"},"datePublished":"2009-09-07T20:31:36+00:00","dateModified":"2009-09-07T20:31:36+00:00","author":{"@id":"https:\/\/www.visit-ulcinj.com\/blog\/#\/schema\/person\/dcab619c614d3038751c63bc2aadc06d"},"description":"Shqiptar\u00ebve duhet t\u2019u sigurohet e drejta e garantuar Koha javore: Z. Camaj, redaksia e \u201cKoha Javore\u201d ka hapur tem\u00ebn, n\u00eb lidhje me pjes\u00ebmarrjen e pakicave","breadcrumb":{"@id":"https:\/\/www.visit-ulcinj.com\/blog\/2009\/09\/07\/bisede-me-kryetarin-e-alternatives-shqiptare-gjergj-camaj\/#breadcrumb"},"inLanguage":"en-US","potentialAction":[{"@type":"ReadAction","target":["https:\/\/www.visit-ulcinj.com\/blog\/2009\/09\/07\/bisede-me-kryetarin-e-alternatives-shqiptare-gjergj-camaj\/"]}]},{"@type":"BreadcrumbList","@id":"https:\/\/www.visit-ulcinj.com\/blog\/2009\/09\/07\/bisede-me-kryetarin-e-alternatives-shqiptare-gjergj-camaj\/#breadcrumb","itemListElement":[{"@type":"ListItem","position":1,"name":"Bised\u00eb me kryetarin e Alternativ\u00ebs Shqiptare, Gjergj Camaj"}]},{"@type":"Person","@id":"https:\/\/www.visit-ulcinj.com\/blog\/#\/schema\/person\/dcab619c614d3038751c63bc2aadc06d","name":"ulqini","sameAs":["http:\/\/www.visit-ulcinj.com"],"url":"https:\/\/www.visit-ulcinj.com\/blog\/author\/admin\/"}]}},"jetpack_featured_media_url":"","jetpack_sharing_enabled":true,"jetpack_shortlink":"https:\/\/wp.me\/pe6lTn-6BT","_links":{"self":[{"href":"https:\/\/www.visit-ulcinj.com\/blog\/wp-json\/wp\/v2\/posts\/25413"}],"collection":[{"href":"https:\/\/www.visit-ulcinj.com\/blog\/wp-json\/wp\/v2\/posts"}],"about":[{"href":"https:\/\/www.visit-ulcinj.com\/blog\/wp-json\/wp\/v2\/types\/post"}],"author":[{"embeddable":true,"href":"https:\/\/www.visit-ulcinj.com\/blog\/wp-json\/wp\/v2\/users\/1"}],"replies":[{"embeddable":true,"href":"https:\/\/www.visit-ulcinj.com\/blog\/wp-json\/wp\/v2\/comments?post=25413"}],"version-history":[{"count":0,"href":"https:\/\/www.visit-ulcinj.com\/blog\/wp-json\/wp\/v2\/posts\/25413\/revisions"}],"wp:attachment":[{"href":"https:\/\/www.visit-ulcinj.com\/blog\/wp-json\/wp\/v2\/media?parent=25413"}],"wp:term":[{"taxonomy":"category","embeddable":true,"href":"https:\/\/www.visit-ulcinj.com\/blog\/wp-json\/wp\/v2\/categories?post=25413"},{"taxonomy":"post_tag","embeddable":true,"href":"https:\/\/www.visit-ulcinj.com\/blog\/wp-json\/wp\/v2\/tags?post=25413"}],"curies":[{"name":"wp","href":"https:\/\/api.w.org\/{rel}","templated":true}]}}