{"id":25437,"date":"2009-09-08T09:11:12","date_gmt":"2009-09-08T07:11:12","guid":{"rendered":"http:\/\/www.visit-ulcinj.com\/blog\/?p=25437"},"modified":"2009-09-10T19:55:55","modified_gmt":"2009-09-10T17:55:55","slug":"palestera-sportive-e-ulqinit-do-bahet-ma-e-bukura-ne-mal-te-zi","status":"publish","type":"post","link":"https:\/\/www.visit-ulcinj.com\/blog\/2009\/09\/08\/palestera-sportive-e-ulqinit-do-bahet-ma-e-bukura-ne-mal-te-zi\/","title":{"rendered":"Palest\u00ebra sportive e Ulqinit do bahet ma e bukura ne Mal t\u00eb Zi"},"content":{"rendered":"<p><strong><a href=\"http:\/\/www.visit-ulcinj.com\/blog\/wp-content\/uploads\/2009\/09\/Palestra_Basketball-team-Ulcinj.1.jpg\"><img loading=\"lazy\" class=\"alignleft size-full wp-image-25439\" title=\"Palestra_Basketball team Ulcinj.1\" src=\"http:\/\/www.visit-ulcinj.com\/blog\/wp-content\/uploads\/2009\/09\/Palestra_Basketball-team-Ulcinj.1.jpg\" alt=\"Palestra_Basketball team Ulcinj.1\" width=\"580\" height=\"404\" \/><\/a>Palest\u00ebr q\u00eb plot\u00ebson standardet dhe kriteret nd\u00ebrkomb\u00ebtare<\/strong><\/p>\n<p>Projekti i palestr\u00ebs e cila do t\u00eb ket\u00eb kapacitet prej rreth 1300 vendesh \u00ebsht\u00eb punuar nga arkitekti i ri ulqinak, Valon Buzuku. Nd\u00ebrtimi i saj financohet t\u00ebr\u00ebsisht nga investitor\u00ebt privat\u00eb, miq t\u00eb KB \u201cUlqini\u201d, dhe pritet t\u00eb tejkaloj\u00eb vler\u00ebn prej 450 mij\u00eb eurosh. Drejtori i KB \u201cUlqini\u201d, Pavle Pepgjonoviq, thot\u00eb se kjo palest\u00ebr sportive do t\u00eb jet\u00eb gjithsesi nj\u00ebri prej objekteve m\u00eb t\u00eb bukur sportiv\u00eb t\u00eb k\u00ebtij lloji n\u00eb t\u00ebr\u00eb Malin e Zi.<br \/>\nDerisa p\u00ebrfaq\u00ebsuesit e institucioneve vendore dhe shtet\u00ebrore ka koh\u00eb q\u00eb flasin p\u00ebr nd\u00ebrtimin e nj\u00eb palestre sportive n\u00eb Ulqin, Klubi i Basketbollit \u201cUlqini\u201d ka vendosur t\u00eb nd\u00ebrtoj\u00eb vet\u00eb sall\u00ebn e sportit. Pun\u00ebt p\u00ebr nd\u00ebrtimin e saj kan\u00eb filluar q\u00eb n\u00eb muajin mars dhe sipas planit pritet t\u00eb p\u00ebrfundojn\u00eb m\u00eb 20 tetor. Palestra e re nd\u00ebrtohet n\u00eb vendin ku m\u00eb par\u00eb ka ekzistuar salla e fiskultur\u00ebs e Shkoll\u00ebs s\u00eb Mesme \u201cV\u00ebllaz\u00ebrim Bashkim\u201d, n\u00eb pron\u00ebsi t\u00eb s\u00eb cil\u00ebs edhe do t\u00eb jet\u00eb salla e re.<br \/>\nProjekti i palestr\u00ebs e cila do t\u00eb ket\u00eb kapacitet prej rreth 1300 vendesh, prej t\u00eb cilave 1100 ul\u00ebse, \u00ebsht\u00eb punuar nga arkitekti i ri ulqinak, Valon Buzuku. Nd\u00ebrtimi i saj financohet t\u00ebr\u00ebsisht nga investitor\u00ebt privat\u00eb, miq t\u00eb KB \u201cUlqini\u201d, dhe pritet t\u00eb tejkaloj\u00eb vler\u00ebn prej 450 mij\u00eb eurosh.<br \/>\n\n\t\t<style type=\"text\/css\">\n\t\t\t#gallery-1 {\n\t\t\t\tmargin: auto;\n\t\t\t}\n\t\t\t#gallery-1 .gallery-item {\n\t\t\t\tfloat: left;\n\t\t\t\tmargin-top: 10px;\n\t\t\t\ttext-align: center;\n\t\t\t\twidth: 33%;\n\t\t\t}\n\t\t\t#gallery-1 img {\n\t\t\t\tborder: 2px solid #cfcfcf;\n\t\t\t}\n\t\t\t#gallery-1 .gallery-caption {\n\t\t\t\tmargin-left: 0;\n\t\t\t}\n\t\t\t\/* see gallery_shortcode() in wp-includes\/media.php *\/\n\t\t<\/style>\n\t\t<div id='gallery-1' class='gallery galleryid-25437 gallery-columns-3 gallery-size-thumbnail'><dl class='gallery-item'>\n\t\t\t<dt class='gallery-icon landscape'>\n\t\t\t\t<a href='https:\/\/www.visit-ulcinj.com\/blog\/wp-content\/uploads\/2009\/09\/Palestra_Basketball-team-Ulcinj.jpg'><img width=\"150\" height=\"150\" src=\"https:\/\/www.visit-ulcinj.com\/blog\/wp-content\/uploads\/2009\/09\/Palestra_Basketball-team-Ulcinj-150x150.jpg\" class=\"attachment-thumbnail size-thumbnail\" alt=\"\" loading=\"lazy\" \/><\/a>\n\t\t\t<\/dt><\/dl><dl class='gallery-item'>\n\t\t\t<dt class='gallery-icon landscape'>\n\t\t\t\t<a href='https:\/\/www.visit-ulcinj.com\/blog\/wp-content\/uploads\/2009\/09\/Palestra_Basketball-team-Ulcinj.1.jpg'><img width=\"150\" height=\"150\" src=\"https:\/\/www.visit-ulcinj.com\/blog\/wp-content\/uploads\/2009\/09\/Palestra_Basketball-team-Ulcinj.1-150x150.jpg\" class=\"attachment-thumbnail size-thumbnail\" alt=\"\" loading=\"lazy\" \/><\/a>\n\t\t\t<\/dt><\/dl><dl class='gallery-item'>\n\t\t\t<dt class='gallery-icon landscape'>\n\t\t\t\t<a href='https:\/\/www.visit-ulcinj.com\/blog\/wp-content\/uploads\/2009\/09\/Palestra_Basketball-team-Ulcinj.2.jpg'><img width=\"150\" height=\"150\" src=\"https:\/\/www.visit-ulcinj.com\/blog\/wp-content\/uploads\/2009\/09\/Palestra_Basketball-team-Ulcinj.2-150x150.jpg\" class=\"attachment-thumbnail size-thumbnail\" alt=\"\" loading=\"lazy\" \/><\/a>\n\t\t\t<\/dt><\/dl><br style=\"clear: both\" \/><dl class='gallery-item'>\n\t\t\t<dt class='gallery-icon landscape'>\n\t\t\t\t<a href='https:\/\/www.visit-ulcinj.com\/blog\/wp-content\/uploads\/2009\/09\/Palestra_Basketball-team-Ulcinj.3.jpg'><img width=\"150\" height=\"150\" src=\"https:\/\/www.visit-ulcinj.com\/blog\/wp-content\/uploads\/2009\/09\/Palestra_Basketball-team-Ulcinj.3-150x150.jpg\" class=\"attachment-thumbnail size-thumbnail\" alt=\"\" loading=\"lazy\" \/><\/a>\n\t\t\t<\/dt><\/dl><dl class='gallery-item'>\n\t\t\t<dt class='gallery-icon portrait'>\n\t\t\t\t<a href='https:\/\/www.visit-ulcinj.com\/blog\/wp-content\/uploads\/2009\/09\/Palestra_Basketball-team-Ulcinj.4.jpg'><img width=\"150\" height=\"150\" src=\"https:\/\/www.visit-ulcinj.com\/blog\/wp-content\/uploads\/2009\/09\/Palestra_Basketball-team-Ulcinj.4-150x150.jpg\" class=\"attachment-thumbnail size-thumbnail\" alt=\"\" loading=\"lazy\" \/><\/a>\n\t\t\t<\/dt><\/dl><dl class='gallery-item'>\n\t\t\t<dt class='gallery-icon portrait'>\n\t\t\t\t<a href='https:\/\/www.visit-ulcinj.com\/blog\/wp-content\/uploads\/2009\/09\/Palestra_Basketball-team-Ulcinj.5.jpg'><img width=\"150\" height=\"150\" src=\"https:\/\/www.visit-ulcinj.com\/blog\/wp-content\/uploads\/2009\/09\/Palestra_Basketball-team-Ulcinj.5-150x150.jpg\" class=\"attachment-thumbnail size-thumbnail\" alt=\"\" loading=\"lazy\" \/><\/a>\n\t\t\t<\/dt><\/dl><br style=\"clear: both\" \/><dl class='gallery-item'>\n\t\t\t<dt class='gallery-icon landscape'>\n\t\t\t\t<a href='https:\/\/www.visit-ulcinj.com\/blog\/wp-content\/uploads\/2009\/09\/Palestra_Basketball-team-Ulcinj.6.jpg'><img width=\"150\" height=\"150\" src=\"https:\/\/www.visit-ulcinj.com\/blog\/wp-content\/uploads\/2009\/09\/Palestra_Basketball-team-Ulcinj.6-150x150.jpg\" class=\"attachment-thumbnail size-thumbnail\" alt=\"\" loading=\"lazy\" \/><\/a>\n\t\t\t<\/dt><\/dl><dl class='gallery-item'>\n\t\t\t<dt class='gallery-icon landscape'>\n\t\t\t\t<a href='https:\/\/www.visit-ulcinj.com\/blog\/wp-content\/uploads\/2009\/09\/Palestra_Basketball-team-Ulcinj.7.jpg'><img width=\"150\" height=\"150\" src=\"https:\/\/www.visit-ulcinj.com\/blog\/wp-content\/uploads\/2009\/09\/Palestra_Basketball-team-Ulcinj.7-150x150.jpg\" class=\"attachment-thumbnail size-thumbnail\" alt=\"\" loading=\"lazy\" \/><\/a>\n\t\t\t<\/dt><\/dl><dl class='gallery-item'>\n\t\t\t<dt class='gallery-icon portrait'>\n\t\t\t\t<a href='https:\/\/www.visit-ulcinj.com\/blog\/wp-content\/uploads\/2009\/09\/Palestra_Basketball-team-Ulcinj.8.jpg'><img width=\"150\" height=\"150\" src=\"https:\/\/www.visit-ulcinj.com\/blog\/wp-content\/uploads\/2009\/09\/Palestra_Basketball-team-Ulcinj.8-150x150.jpg\" class=\"attachment-thumbnail size-thumbnail\" alt=\"\" loading=\"lazy\" \/><\/a>\n\t\t\t<\/dt><\/dl><br style=\"clear: both\" \/><dl class='gallery-item'>\n\t\t\t<dt class='gallery-icon landscape'>\n\t\t\t\t<a href='https:\/\/www.visit-ulcinj.com\/blog\/wp-content\/uploads\/2009\/09\/Palestra_Basketball-team-Ulcinj.9.jpg'><img width=\"150\" height=\"150\" src=\"https:\/\/www.visit-ulcinj.com\/blog\/wp-content\/uploads\/2009\/09\/Palestra_Basketball-team-Ulcinj.9-150x150.jpg\" class=\"attachment-thumbnail size-thumbnail\" alt=\"\" loading=\"lazy\" \/><\/a>\n\t\t\t<\/dt><\/dl><dl class='gallery-item'>\n\t\t\t<dt class='gallery-icon landscape'>\n\t\t\t\t<a href='https:\/\/www.visit-ulcinj.com\/blog\/wp-content\/uploads\/2009\/09\/Palestra_Basketball-team-Ulcinj.10.jpg'><img width=\"150\" height=\"150\" src=\"https:\/\/www.visit-ulcinj.com\/blog\/wp-content\/uploads\/2009\/09\/Palestra_Basketball-team-Ulcinj.10-150x150.jpg\" class=\"attachment-thumbnail size-thumbnail\" alt=\"\" loading=\"lazy\" \/><\/a>\n\t\t\t<\/dt><\/dl><dl class='gallery-item'>\n\t\t\t<dt class='gallery-icon portrait'>\n\t\t\t\t<a href='https:\/\/www.visit-ulcinj.com\/blog\/wp-content\/uploads\/2009\/09\/Palestra_Basketball-team-Ulcinj.11.jpg'><img width=\"150\" height=\"150\" src=\"https:\/\/www.visit-ulcinj.com\/blog\/wp-content\/uploads\/2009\/09\/Palestra_Basketball-team-Ulcinj.11-150x150.jpg\" class=\"attachment-thumbnail size-thumbnail\" alt=\"\" loading=\"lazy\" \/><\/a>\n\t\t\t<\/dt><\/dl><br style=\"clear: both\" \/><dl class='gallery-item'>\n\t\t\t<dt class='gallery-icon portrait'>\n\t\t\t\t<a href='https:\/\/www.visit-ulcinj.com\/blog\/wp-content\/uploads\/2009\/09\/Palestra_Basketball-team-Ulcinj.12.jpg'><img width=\"150\" height=\"150\" src=\"https:\/\/www.visit-ulcinj.com\/blog\/wp-content\/uploads\/2009\/09\/Palestra_Basketball-team-Ulcinj.12-150x150.jpg\" class=\"attachment-thumbnail size-thumbnail\" alt=\"\" loading=\"lazy\" \/><\/a>\n\t\t\t<\/dt><\/dl><dl class='gallery-item'>\n\t\t\t<dt class='gallery-icon landscape'>\n\t\t\t\t<a href='https:\/\/www.visit-ulcinj.com\/blog\/wp-content\/uploads\/2009\/09\/Palestra_Basketball-team-Ulcinj.13.jpg'><img width=\"150\" height=\"150\" src=\"https:\/\/www.visit-ulcinj.com\/blog\/wp-content\/uploads\/2009\/09\/Palestra_Basketball-team-Ulcinj.13-150x150.jpg\" class=\"attachment-thumbnail size-thumbnail\" alt=\"\" loading=\"lazy\" \/><\/a>\n\t\t\t<\/dt><\/dl><dl class='gallery-item'>\n\t\t\t<dt class='gallery-icon landscape'>\n\t\t\t\t<a href='https:\/\/www.visit-ulcinj.com\/blog\/wp-content\/uploads\/2009\/09\/Palestra_Basketball-team-Ulcinj.14.jpg'><img width=\"150\" height=\"150\" src=\"https:\/\/www.visit-ulcinj.com\/blog\/wp-content\/uploads\/2009\/09\/Palestra_Basketball-team-Ulcinj.14-150x150.jpg\" class=\"attachment-thumbnail size-thumbnail\" alt=\"\" loading=\"lazy\" \/><\/a>\n\t\t\t<\/dt><\/dl><br style=\"clear: both\" \/><dl class='gallery-item'>\n\t\t\t<dt class='gallery-icon landscape'>\n\t\t\t\t<a href='https:\/\/www.visit-ulcinj.com\/blog\/wp-content\/uploads\/2009\/09\/Palestra_Basketball-team-Ulcinj.15.jpg'><img width=\"150\" height=\"150\" src=\"https:\/\/www.visit-ulcinj.com\/blog\/wp-content\/uploads\/2009\/09\/Palestra_Basketball-team-Ulcinj.15-150x150.jpg\" class=\"attachment-thumbnail size-thumbnail\" alt=\"\" loading=\"lazy\" \/><\/a>\n\t\t\t<\/dt><\/dl><dl class='gallery-item'>\n\t\t\t<dt class='gallery-icon landscape'>\n\t\t\t\t<a href='https:\/\/www.visit-ulcinj.com\/blog\/wp-content\/uploads\/2009\/09\/Palestra_Basketball-team-Ulcinj.16.jpg'><img width=\"150\" height=\"150\" src=\"https:\/\/www.visit-ulcinj.com\/blog\/wp-content\/uploads\/2009\/09\/Palestra_Basketball-team-Ulcinj.16-150x150.jpg\" class=\"attachment-thumbnail size-thumbnail\" alt=\"\" loading=\"lazy\" \/><\/a>\n\t\t\t<\/dt><\/dl><dl class='gallery-item'>\n\t\t\t<dt class='gallery-icon landscape'>\n\t\t\t\t<a href='https:\/\/www.visit-ulcinj.com\/blog\/wp-content\/uploads\/2009\/09\/Palestra_Basketball-team-Ulcinj.17.jpg'><img width=\"150\" height=\"150\" src=\"https:\/\/www.visit-ulcinj.com\/blog\/wp-content\/uploads\/2009\/09\/Palestra_Basketball-team-Ulcinj.17-150x150.jpg\" class=\"attachment-thumbnail size-thumbnail\" alt=\"\" loading=\"lazy\" \/><\/a>\n\t\t\t<\/dt><\/dl><br style=\"clear: both\" \/><dl class='gallery-item'>\n\t\t\t<dt class='gallery-icon landscape'>\n\t\t\t\t<a href='https:\/\/www.visit-ulcinj.com\/blog\/wp-content\/uploads\/2009\/09\/Palestra_Basketball-team-Ulcinj.18.jpg'><img width=\"150\" height=\"150\" src=\"https:\/\/www.visit-ulcinj.com\/blog\/wp-content\/uploads\/2009\/09\/Palestra_Basketball-team-Ulcinj.18-150x150.jpg\" class=\"attachment-thumbnail size-thumbnail\" alt=\"\" loading=\"lazy\" \/><\/a>\n\t\t\t<\/dt><\/dl><dl class='gallery-item'>\n\t\t\t<dt class='gallery-icon landscape'>\n\t\t\t\t<a href='https:\/\/www.visit-ulcinj.com\/blog\/wp-content\/uploads\/2009\/09\/Palestra_Basketball-team-Ulcinj.19.jpg'><img width=\"150\" height=\"150\" src=\"https:\/\/www.visit-ulcinj.com\/blog\/wp-content\/uploads\/2009\/09\/Palestra_Basketball-team-Ulcinj.19-150x150.jpg\" class=\"attachment-thumbnail size-thumbnail\" alt=\"\" loading=\"lazy\" \/><\/a>\n\t\t\t<\/dt><\/dl><dl class='gallery-item'>\n\t\t\t<dt class='gallery-icon landscape'>\n\t\t\t\t<a href='https:\/\/www.visit-ulcinj.com\/blog\/wp-content\/uploads\/2009\/09\/Palestra_Basketball-team-Ulcinj.21.jpg'><img width=\"150\" height=\"150\" src=\"https:\/\/www.visit-ulcinj.com\/blog\/wp-content\/uploads\/2009\/09\/Palestra_Basketball-team-Ulcinj.21-150x150.jpg\" class=\"attachment-thumbnail size-thumbnail\" alt=\"\" loading=\"lazy\" \/><\/a>\n\t\t\t<\/dt><\/dl><br style=\"clear: both\" \/>\n\t\t<\/div>\n<\/p>\n<!--YouTube Error: bad URL entered-->\n","protected":false},"excerpt":{"rendered":"<p>Palest\u00ebr q\u00eb plot\u00ebson standardet dhe kriteret nd\u00ebrkomb\u00ebtare Projekti i palestr\u00ebs e cila do t\u00eb ket\u00eb kapacitet prej rreth 1300 vendesh \u00ebsht\u00eb punuar nga arkitekti i ri ulqinak, Valon Buzuku. Nd\u00ebrtimi i saj financohet t\u00ebr\u00ebsisht nga investitor\u00ebt privat\u00eb, miq t\u00eb KB \u201cUlqini\u201d, dhe pritet t\u00eb tejkaloj\u00eb vler\u00ebn prej 450 mij\u00eb eurosh. Drejtori i KB \u201cUlqini\u201d, Pavle [&hellip;]<\/p>\n","protected":false},"author":1,"featured_media":0,"comment_status":"open","ping_status":"closed","sticky":false,"template":"","format":"standard","meta":{"spay_email":"","jetpack_publicize_message":"","jetpack_is_tweetstorm":false,"jetpack_publicize_feature_enabled":true},"categories":[1],"tags":[12427,12236,12425,4547,12426],"jetpack_publicize_connections":[],"yoast_head":"<!-- This site is optimized with the Yoast SEO plugin v19.1 - https:\/\/yoast.com\/wordpress\/plugins\/seo\/ -->\n<title>Palest\u00ebra sportive e Ulqinit do bahet ma e bukura ne Mal t\u00eb Zi - Lajme nga Ulqini<\/title>\n<meta name=\"description\" content=\"Palest\u00ebr q\u00eb plot\u00ebson standardet dhe kriteret nd\u00ebrkomb\u00ebtare Projekti i palestr\u00ebs e cila do t\u00eb ket\u00eb kapacitet prej rreth 1300 vendesh \u00ebsht\u00eb punuar nga\" \/>\n<meta name=\"robots\" content=\"index, follow, max-snippet:-1, max-image-preview:large, max-video-preview:-1\" \/>\n<link rel=\"canonical\" href=\"https:\/\/www.visit-ulcinj.com\/blog\/2009\/09\/08\/palestera-sportive-e-ulqinit-do-bahet-ma-e-bukura-ne-mal-te-zi\/\" \/>\n<meta property=\"og:locale\" content=\"en_US\" \/>\n<meta property=\"og:type\" content=\"article\" \/>\n<meta property=\"og:title\" content=\"Palest\u00ebra sportive e Ulqinit do bahet ma e bukura ne Mal t\u00eb Zi - Lajme nga Ulqini\" \/>\n<meta property=\"og:description\" content=\"Palest\u00ebr q\u00eb plot\u00ebson standardet dhe kriteret nd\u00ebrkomb\u00ebtare Projekti i palestr\u00ebs e cila do t\u00eb ket\u00eb kapacitet prej rreth 1300 vendesh \u00ebsht\u00eb punuar nga\" \/>\n<meta property=\"og:url\" content=\"https:\/\/www.visit-ulcinj.com\/blog\/2009\/09\/08\/palestera-sportive-e-ulqinit-do-bahet-ma-e-bukura-ne-mal-te-zi\/\" \/>\n<meta property=\"og:site_name\" content=\"Lajme nga Ulqini\" \/>\n<meta property=\"article:published_time\" content=\"2009-09-08T07:11:12+00:00\" \/>\n<meta property=\"article:modified_time\" content=\"2009-09-10T17:55:55+00:00\" \/>\n<meta property=\"og:image\" content=\"https:\/\/www.visit-ulcinj.com\/blog\/wp-content\/uploads\/2009\/09\/Palestra_Basketball-team-Ulcinj-150x150.jpg\" \/>\n<meta name=\"twitter:label1\" content=\"Written by\" \/>\n\t<meta name=\"twitter:data1\" content=\"ulqini\" \/>\n\t<meta name=\"twitter:label2\" content=\"Est. reading time\" \/>\n\t<meta name=\"twitter:data2\" content=\"1 minute\" \/>\n<script type=\"application\/ld+json\" class=\"yoast-schema-graph\">{\"@context\":\"https:\/\/schema.org\",\"@graph\":[{\"@type\":\"WebSite\",\"@id\":\"https:\/\/www.visit-ulcinj.com\/blog\/#website\",\"url\":\"https:\/\/www.visit-ulcinj.com\/blog\/\",\"name\":\"Lajme nga Ulqini\",\"description\":\"Lajme,Vijesti,Ulqini,Ulqin,Crna Gora,Mali i Zi\",\"potentialAction\":[{\"@type\":\"SearchAction\",\"target\":{\"@type\":\"EntryPoint\",\"urlTemplate\":\"https:\/\/www.visit-ulcinj.com\/blog\/?s={search_term_string}\"},\"query-input\":\"required name=search_term_string\"}],\"inLanguage\":\"en-US\"},{\"@type\":\"ImageObject\",\"inLanguage\":\"en-US\",\"@id\":\"https:\/\/www.visit-ulcinj.com\/blog\/2009\/09\/08\/palestera-sportive-e-ulqinit-do-bahet-ma-e-bukura-ne-mal-te-zi\/#primaryimage\",\"url\":\"https:\/\/www.visit-ulcinj.com\/blog\/wp-content\/uploads\/2009\/09\/Palestra_Basketball-team-Ulcinj.1.jpg\",\"contentUrl\":\"https:\/\/www.visit-ulcinj.com\/blog\/wp-content\/uploads\/2009\/09\/Palestra_Basketball-team-Ulcinj.1.jpg\",\"width\":\"604\",\"height\":\"404\"},{\"@type\":\"WebPage\",\"@id\":\"https:\/\/www.visit-ulcinj.com\/blog\/2009\/09\/08\/palestera-sportive-e-ulqinit-do-bahet-ma-e-bukura-ne-mal-te-zi\/#webpage\",\"url\":\"https:\/\/www.visit-ulcinj.com\/blog\/2009\/09\/08\/palestera-sportive-e-ulqinit-do-bahet-ma-e-bukura-ne-mal-te-zi\/\",\"name\":\"Palest\u00ebra sportive e Ulqinit do bahet ma e bukura ne Mal t\u00eb Zi - Lajme nga Ulqini\",\"isPartOf\":{\"@id\":\"https:\/\/www.visit-ulcinj.com\/blog\/#website\"},\"primaryImageOfPage\":{\"@id\":\"https:\/\/www.visit-ulcinj.com\/blog\/2009\/09\/08\/palestera-sportive-e-ulqinit-do-bahet-ma-e-bukura-ne-mal-te-zi\/#primaryimage\"},\"datePublished\":\"2009-09-08T07:11:12+00:00\",\"dateModified\":\"2009-09-10T17:55:55+00:00\",\"author\":{\"@id\":\"https:\/\/www.visit-ulcinj.com\/blog\/#\/schema\/person\/dcab619c614d3038751c63bc2aadc06d\"},\"description\":\"Palest\u00ebr q\u00eb plot\u00ebson standardet dhe kriteret nd\u00ebrkomb\u00ebtare Projekti i palestr\u00ebs e cila do t\u00eb ket\u00eb kapacitet prej rreth 1300 vendesh \u00ebsht\u00eb punuar nga\",\"breadcrumb\":{\"@id\":\"https:\/\/www.visit-ulcinj.com\/blog\/2009\/09\/08\/palestera-sportive-e-ulqinit-do-bahet-ma-e-bukura-ne-mal-te-zi\/#breadcrumb\"},\"inLanguage\":\"en-US\",\"potentialAction\":[{\"@type\":\"ReadAction\",\"target\":[\"https:\/\/www.visit-ulcinj.com\/blog\/2009\/09\/08\/palestera-sportive-e-ulqinit-do-bahet-ma-e-bukura-ne-mal-te-zi\/\"]}]},{\"@type\":\"BreadcrumbList\",\"@id\":\"https:\/\/www.visit-ulcinj.com\/blog\/2009\/09\/08\/palestera-sportive-e-ulqinit-do-bahet-ma-e-bukura-ne-mal-te-zi\/#breadcrumb\",\"itemListElement\":[{\"@type\":\"ListItem\",\"position\":1,\"name\":\"Palest\u00ebra sportive e Ulqinit do bahet ma e bukura ne Mal t\u00eb Zi\"}]},{\"@type\":\"Person\",\"@id\":\"https:\/\/www.visit-ulcinj.com\/blog\/#\/schema\/person\/dcab619c614d3038751c63bc2aadc06d\",\"name\":\"ulqini\",\"sameAs\":[\"http:\/\/www.visit-ulcinj.com\"],\"url\":\"https:\/\/www.visit-ulcinj.com\/blog\/author\/admin\/\"}]}<\/script>\n<!-- \/ Yoast SEO plugin. -->","yoast_head_json":{"title":"Palest\u00ebra sportive e Ulqinit do bahet ma e bukura ne Mal t\u00eb Zi - Lajme nga Ulqini","description":"Palest\u00ebr q\u00eb plot\u00ebson standardet dhe kriteret nd\u00ebrkomb\u00ebtare Projekti i palestr\u00ebs e cila do t\u00eb ket\u00eb kapacitet prej rreth 1300 vendesh \u00ebsht\u00eb punuar nga","robots":{"index":"index","follow":"follow","max-snippet":"max-snippet:-1","max-image-preview":"max-image-preview:large","max-video-preview":"max-video-preview:-1"},"canonical":"https:\/\/www.visit-ulcinj.com\/blog\/2009\/09\/08\/palestera-sportive-e-ulqinit-do-bahet-ma-e-bukura-ne-mal-te-zi\/","og_locale":"en_US","og_type":"article","og_title":"Palest\u00ebra sportive e Ulqinit do bahet ma e bukura ne Mal t\u00eb Zi - Lajme nga Ulqini","og_description":"Palest\u00ebr q\u00eb plot\u00ebson standardet dhe kriteret nd\u00ebrkomb\u00ebtare Projekti i palestr\u00ebs e cila do t\u00eb ket\u00eb kapacitet prej rreth 1300 vendesh \u00ebsht\u00eb punuar nga","og_url":"https:\/\/www.visit-ulcinj.com\/blog\/2009\/09\/08\/palestera-sportive-e-ulqinit-do-bahet-ma-e-bukura-ne-mal-te-zi\/","og_site_name":"Lajme nga Ulqini","article_published_time":"2009-09-08T07:11:12+00:00","article_modified_time":"2009-09-10T17:55:55+00:00","og_image":[{"url":"https:\/\/www.visit-ulcinj.com\/blog\/wp-content\/uploads\/2009\/09\/Palestra_Basketball-team-Ulcinj-150x150.jpg"}],"twitter_misc":{"Written by":"ulqini","Est. reading time":"1 minute"},"schema":{"@context":"https:\/\/schema.org","@graph":[{"@type":"WebSite","@id":"https:\/\/www.visit-ulcinj.com\/blog\/#website","url":"https:\/\/www.visit-ulcinj.com\/blog\/","name":"Lajme nga Ulqini","description":"Lajme,Vijesti,Ulqini,Ulqin,Crna Gora,Mali i Zi","potentialAction":[{"@type":"SearchAction","target":{"@type":"EntryPoint","urlTemplate":"https:\/\/www.visit-ulcinj.com\/blog\/?s={search_term_string}"},"query-input":"required name=search_term_string"}],"inLanguage":"en-US"},{"@type":"ImageObject","inLanguage":"en-US","@id":"https:\/\/www.visit-ulcinj.com\/blog\/2009\/09\/08\/palestera-sportive-e-ulqinit-do-bahet-ma-e-bukura-ne-mal-te-zi\/#primaryimage","url":"https:\/\/www.visit-ulcinj.com\/blog\/wp-content\/uploads\/2009\/09\/Palestra_Basketball-team-Ulcinj.1.jpg","contentUrl":"https:\/\/www.visit-ulcinj.com\/blog\/wp-content\/uploads\/2009\/09\/Palestra_Basketball-team-Ulcinj.1.jpg","width":"604","height":"404"},{"@type":"WebPage","@id":"https:\/\/www.visit-ulcinj.com\/blog\/2009\/09\/08\/palestera-sportive-e-ulqinit-do-bahet-ma-e-bukura-ne-mal-te-zi\/#webpage","url":"https:\/\/www.visit-ulcinj.com\/blog\/2009\/09\/08\/palestera-sportive-e-ulqinit-do-bahet-ma-e-bukura-ne-mal-te-zi\/","name":"Palest\u00ebra sportive e Ulqinit do bahet ma e bukura ne Mal t\u00eb Zi - Lajme nga Ulqini","isPartOf":{"@id":"https:\/\/www.visit-ulcinj.com\/blog\/#website"},"primaryImageOfPage":{"@id":"https:\/\/www.visit-ulcinj.com\/blog\/2009\/09\/08\/palestera-sportive-e-ulqinit-do-bahet-ma-e-bukura-ne-mal-te-zi\/#primaryimage"},"datePublished":"2009-09-08T07:11:12+00:00","dateModified":"2009-09-10T17:55:55+00:00","author":{"@id":"https:\/\/www.visit-ulcinj.com\/blog\/#\/schema\/person\/dcab619c614d3038751c63bc2aadc06d"},"description":"Palest\u00ebr q\u00eb plot\u00ebson standardet dhe kriteret nd\u00ebrkomb\u00ebtare Projekti i palestr\u00ebs e cila do t\u00eb ket\u00eb kapacitet prej rreth 1300 vendesh \u00ebsht\u00eb punuar nga","breadcrumb":{"@id":"https:\/\/www.visit-ulcinj.com\/blog\/2009\/09\/08\/palestera-sportive-e-ulqinit-do-bahet-ma-e-bukura-ne-mal-te-zi\/#breadcrumb"},"inLanguage":"en-US","potentialAction":[{"@type":"ReadAction","target":["https:\/\/www.visit-ulcinj.com\/blog\/2009\/09\/08\/palestera-sportive-e-ulqinit-do-bahet-ma-e-bukura-ne-mal-te-zi\/"]}]},{"@type":"BreadcrumbList","@id":"https:\/\/www.visit-ulcinj.com\/blog\/2009\/09\/08\/palestera-sportive-e-ulqinit-do-bahet-ma-e-bukura-ne-mal-te-zi\/#breadcrumb","itemListElement":[{"@type":"ListItem","position":1,"name":"Palest\u00ebra sportive e Ulqinit do bahet ma e bukura ne Mal t\u00eb Zi"}]},{"@type":"Person","@id":"https:\/\/www.visit-ulcinj.com\/blog\/#\/schema\/person\/dcab619c614d3038751c63bc2aadc06d","name":"ulqini","sameAs":["http:\/\/www.visit-ulcinj.com"],"url":"https:\/\/www.visit-ulcinj.com\/blog\/author\/admin\/"}]}},"jetpack_featured_media_url":"","jetpack_sharing_enabled":true,"jetpack_shortlink":"https:\/\/wp.me\/pe6lTn-6Ch","_links":{"self":[{"href":"https:\/\/www.visit-ulcinj.com\/blog\/wp-json\/wp\/v2\/posts\/25437"}],"collection":[{"href":"https:\/\/www.visit-ulcinj.com\/blog\/wp-json\/wp\/v2\/posts"}],"about":[{"href":"https:\/\/www.visit-ulcinj.com\/blog\/wp-json\/wp\/v2\/types\/post"}],"author":[{"embeddable":true,"href":"https:\/\/www.visit-ulcinj.com\/blog\/wp-json\/wp\/v2\/users\/1"}],"replies":[{"embeddable":true,"href":"https:\/\/www.visit-ulcinj.com\/blog\/wp-json\/wp\/v2\/comments?post=25437"}],"version-history":[{"count":0,"href":"https:\/\/www.visit-ulcinj.com\/blog\/wp-json\/wp\/v2\/posts\/25437\/revisions"}],"wp:attachment":[{"href":"https:\/\/www.visit-ulcinj.com\/blog\/wp-json\/wp\/v2\/media?parent=25437"}],"wp:term":[{"taxonomy":"category","embeddable":true,"href":"https:\/\/www.visit-ulcinj.com\/blog\/wp-json\/wp\/v2\/categories?post=25437"},{"taxonomy":"post_tag","embeddable":true,"href":"https:\/\/www.visit-ulcinj.com\/blog\/wp-json\/wp\/v2\/tags?post=25437"}],"curies":[{"name":"wp","href":"https:\/\/api.w.org\/{rel}","templated":true}]}}