{"id":25449,"date":"2009-09-08T20:21:05","date_gmt":"2009-09-08T18:21:05","guid":{"rendered":"http:\/\/www.visit-ulcinj.com\/blog\/?p=25449"},"modified":"2009-09-08T20:21:05","modified_gmt":"2009-09-08T18:21:05","slug":"genta-e-lumtur-me-milotin","status":"publish","type":"post","link":"https:\/\/www.visit-ulcinj.com\/blog\/2009\/09\/08\/genta-e-lumtur-me-milotin\/","title":{"rendered":"Genta e lumtur me Milotin"},"content":{"rendered":"<p><a href=\"http:\/\/www.visit-ulcinj.com\/blog\/wp-content\/uploads\/2009\/09\/Genta-Ismajli_Milot-Binaku.jpg\"><img loading=\"lazy\" class=\"alignleft size-full wp-image-25450\" title=\"Genta Ismajli_Milot Binaku\" src=\"http:\/\/www.visit-ulcinj.com\/blog\/wp-content\/uploads\/2009\/09\/Genta-Ismajli_Milot-Binaku.jpg\" alt=\"Genta Ismajli_Milot Binaku\" width=\"580\" height=\"692\" \/><\/a>Pavar\u00ebsisht thashmeve t\u00eb ndryshme p\u00ebr ndarjen e tyre Genta Ismajli dhe Milot Binaku kalojn\u00eb nj\u00eb jet\u00eb t\u00eb qet\u00eb dhe pa probleme.<br \/>\nK\u00ebshtu s\u00eb paku jan\u00eb paraqitur \u00e7ifti n\u00eb nj\u00eb intervist\u00eb t\u00eb p\u00ebrbashk\u00ebt me tabloidin shqiptar\u00eb, \u201cPaloma\u201d, ku Genta dhe Miloti kan\u00eb th\u00ebn\u00eb s\u00eb jan\u00eb shum\u00eb t\u00eb lumtur s\u00eb bashku.<br \/>\nNdryshe, Genta ka qen\u00eb shum\u00eb aktive gjat\u00eb ver\u00ebs dhe ka lansuar n\u00eb treg nj\u00eb video-klip, nd\u00ebrkaq nga koncertet e shumta ajo ka thyer edhe dor\u00ebn, por jo duke k\u00ebnduar&#8230;<\/p>\n<p><strong>Gazeta Express<\/strong><\/p>\n<p><strong><!--YouTube Error: bad URL entered--><br \/>\n<\/strong><\/p>\n","protected":false},"excerpt":{"rendered":"<p>Pavar\u00ebsisht thashmeve t\u00eb ndryshme p\u00ebr ndarjen e tyre Genta Ismajli dhe Milot Binaku kalojn\u00eb nj\u00eb jet\u00eb t\u00eb qet\u00eb dhe pa probleme. K\u00ebshtu s\u00eb paku jan\u00eb paraqitur \u00e7ifti n\u00eb nj\u00eb intervist\u00eb t\u00eb p\u00ebrbashk\u00ebt me tabloidin shqiptar\u00eb, \u201cPaloma\u201d, ku Genta dhe Miloti kan\u00eb th\u00ebn\u00eb s\u00eb jan\u00eb shum\u00eb t\u00eb lumtur s\u00eb bashku. Ndryshe, Genta ka qen\u00eb shum\u00eb aktive [&hellip;]<\/p>\n","protected":false},"author":1,"featured_media":0,"comment_status":"open","ping_status":"closed","sticky":false,"template":"","format":"standard","meta":{"spay_email":"","jetpack_publicize_message":"","jetpack_is_tweetstorm":false,"jetpack_publicize_feature_enabled":true},"categories":[1],"tags":[323,12428],"jetpack_publicize_connections":[],"yoast_head":"<!-- This site is optimized with the Yoast SEO plugin v19.1 - https:\/\/yoast.com\/wordpress\/plugins\/seo\/ -->\n<title>Genta e lumtur me Milotin - Lajme nga Ulqini<\/title>\n<meta name=\"description\" content=\"Pavar\u00ebsisht thashmeve t\u00eb ndryshme p\u00ebr ndarjen e tyre Genta Ismajli dhe Milot Binaku kalojn\u00eb nj\u00eb jet\u00eb t\u00eb qet\u00eb dhe pa probleme. K\u00ebshtu s\u00eb paku jan\u00eb\" \/>\n<meta name=\"robots\" content=\"index, follow, max-snippet:-1, max-image-preview:large, max-video-preview:-1\" \/>\n<link rel=\"canonical\" href=\"https:\/\/www.visit-ulcinj.com\/blog\/2009\/09\/08\/genta-e-lumtur-me-milotin\/\" \/>\n<meta property=\"og:locale\" content=\"en_US\" \/>\n<meta property=\"og:type\" content=\"article\" \/>\n<meta property=\"og:title\" content=\"Genta e lumtur me Milotin - Lajme nga Ulqini\" \/>\n<meta property=\"og:description\" content=\"Pavar\u00ebsisht thashmeve t\u00eb ndryshme p\u00ebr ndarjen e tyre Genta Ismajli dhe Milot Binaku kalojn\u00eb nj\u00eb jet\u00eb t\u00eb qet\u00eb dhe pa probleme. K\u00ebshtu s\u00eb paku jan\u00eb\" \/>\n<meta property=\"og:url\" content=\"https:\/\/www.visit-ulcinj.com\/blog\/2009\/09\/08\/genta-e-lumtur-me-milotin\/\" \/>\n<meta property=\"og:site_name\" content=\"Lajme nga Ulqini\" \/>\n<meta property=\"article:published_time\" content=\"2009-09-08T18:21:05+00:00\" \/>\n<meta property=\"og:image\" content=\"http:\/\/www.visit-ulcinj.com\/blog\/wp-content\/uploads\/2009\/09\/Genta-Ismajli_Milot-Binaku.jpg\" \/>\n<meta name=\"twitter:label1\" content=\"Written by\" \/>\n\t<meta name=\"twitter:data1\" content=\"ulqini\" \/>\n\t<meta name=\"twitter:label2\" content=\"Est. reading time\" \/>\n\t<meta name=\"twitter:data2\" content=\"1 minute\" \/>\n<script type=\"application\/ld+json\" class=\"yoast-schema-graph\">{\"@context\":\"https:\/\/schema.org\",\"@graph\":[{\"@type\":\"WebSite\",\"@id\":\"https:\/\/www.visit-ulcinj.com\/blog\/#website\",\"url\":\"https:\/\/www.visit-ulcinj.com\/blog\/\",\"name\":\"Lajme nga Ulqini\",\"description\":\"Lajme,Vijesti,Ulqini,Ulqin,Crna Gora,Mali i Zi\",\"potentialAction\":[{\"@type\":\"SearchAction\",\"target\":{\"@type\":\"EntryPoint\",\"urlTemplate\":\"https:\/\/www.visit-ulcinj.com\/blog\/?s={search_term_string}\"},\"query-input\":\"required name=search_term_string\"}],\"inLanguage\":\"en-US\"},{\"@type\":\"ImageObject\",\"inLanguage\":\"en-US\",\"@id\":\"https:\/\/www.visit-ulcinj.com\/blog\/2009\/09\/08\/genta-e-lumtur-me-milotin\/#primaryimage\",\"url\":\"http:\/\/www.visit-ulcinj.com\/blog\/wp-content\/uploads\/2009\/09\/Genta-Ismajli_Milot-Binaku.jpg\",\"contentUrl\":\"http:\/\/www.visit-ulcinj.com\/blog\/wp-content\/uploads\/2009\/09\/Genta-Ismajli_Milot-Binaku.jpg\"},{\"@type\":\"WebPage\",\"@id\":\"https:\/\/www.visit-ulcinj.com\/blog\/2009\/09\/08\/genta-e-lumtur-me-milotin\/#webpage\",\"url\":\"https:\/\/www.visit-ulcinj.com\/blog\/2009\/09\/08\/genta-e-lumtur-me-milotin\/\",\"name\":\"Genta e lumtur me Milotin - Lajme nga Ulqini\",\"isPartOf\":{\"@id\":\"https:\/\/www.visit-ulcinj.com\/blog\/#website\"},\"primaryImageOfPage\":{\"@id\":\"https:\/\/www.visit-ulcinj.com\/blog\/2009\/09\/08\/genta-e-lumtur-me-milotin\/#primaryimage\"},\"datePublished\":\"2009-09-08T18:21:05+00:00\",\"dateModified\":\"2009-09-08T18:21:05+00:00\",\"author\":{\"@id\":\"https:\/\/www.visit-ulcinj.com\/blog\/#\/schema\/person\/dcab619c614d3038751c63bc2aadc06d\"},\"description\":\"Pavar\u00ebsisht thashmeve t\u00eb ndryshme p\u00ebr ndarjen e tyre Genta Ismajli dhe Milot Binaku kalojn\u00eb nj\u00eb jet\u00eb t\u00eb qet\u00eb dhe pa probleme. K\u00ebshtu s\u00eb paku jan\u00eb\",\"breadcrumb\":{\"@id\":\"https:\/\/www.visit-ulcinj.com\/blog\/2009\/09\/08\/genta-e-lumtur-me-milotin\/#breadcrumb\"},\"inLanguage\":\"en-US\",\"potentialAction\":[{\"@type\":\"ReadAction\",\"target\":[\"https:\/\/www.visit-ulcinj.com\/blog\/2009\/09\/08\/genta-e-lumtur-me-milotin\/\"]}]},{\"@type\":\"BreadcrumbList\",\"@id\":\"https:\/\/www.visit-ulcinj.com\/blog\/2009\/09\/08\/genta-e-lumtur-me-milotin\/#breadcrumb\",\"itemListElement\":[{\"@type\":\"ListItem\",\"position\":1,\"name\":\"Genta e lumtur me Milotin\"}]},{\"@type\":\"Person\",\"@id\":\"https:\/\/www.visit-ulcinj.com\/blog\/#\/schema\/person\/dcab619c614d3038751c63bc2aadc06d\",\"name\":\"ulqini\",\"sameAs\":[\"http:\/\/www.visit-ulcinj.com\"],\"url\":\"https:\/\/www.visit-ulcinj.com\/blog\/author\/admin\/\"}]}<\/script>\n<!-- \/ Yoast SEO plugin. -->","yoast_head_json":{"title":"Genta e lumtur me Milotin - Lajme nga Ulqini","description":"Pavar\u00ebsisht thashmeve t\u00eb ndryshme p\u00ebr ndarjen e tyre Genta Ismajli dhe Milot Binaku kalojn\u00eb nj\u00eb jet\u00eb t\u00eb qet\u00eb dhe pa probleme. K\u00ebshtu s\u00eb paku jan\u00eb","robots":{"index":"index","follow":"follow","max-snippet":"max-snippet:-1","max-image-preview":"max-image-preview:large","max-video-preview":"max-video-preview:-1"},"canonical":"https:\/\/www.visit-ulcinj.com\/blog\/2009\/09\/08\/genta-e-lumtur-me-milotin\/","og_locale":"en_US","og_type":"article","og_title":"Genta e lumtur me Milotin - Lajme nga Ulqini","og_description":"Pavar\u00ebsisht thashmeve t\u00eb ndryshme p\u00ebr ndarjen e tyre Genta Ismajli dhe Milot Binaku kalojn\u00eb nj\u00eb jet\u00eb t\u00eb qet\u00eb dhe pa probleme. K\u00ebshtu s\u00eb paku jan\u00eb","og_url":"https:\/\/www.visit-ulcinj.com\/blog\/2009\/09\/08\/genta-e-lumtur-me-milotin\/","og_site_name":"Lajme nga Ulqini","article_published_time":"2009-09-08T18:21:05+00:00","og_image":[{"url":"http:\/\/www.visit-ulcinj.com\/blog\/wp-content\/uploads\/2009\/09\/Genta-Ismajli_Milot-Binaku.jpg"}],"twitter_misc":{"Written by":"ulqini","Est. reading time":"1 minute"},"schema":{"@context":"https:\/\/schema.org","@graph":[{"@type":"WebSite","@id":"https:\/\/www.visit-ulcinj.com\/blog\/#website","url":"https:\/\/www.visit-ulcinj.com\/blog\/","name":"Lajme nga Ulqini","description":"Lajme,Vijesti,Ulqini,Ulqin,Crna Gora,Mali i Zi","potentialAction":[{"@type":"SearchAction","target":{"@type":"EntryPoint","urlTemplate":"https:\/\/www.visit-ulcinj.com\/blog\/?s={search_term_string}"},"query-input":"required name=search_term_string"}],"inLanguage":"en-US"},{"@type":"ImageObject","inLanguage":"en-US","@id":"https:\/\/www.visit-ulcinj.com\/blog\/2009\/09\/08\/genta-e-lumtur-me-milotin\/#primaryimage","url":"http:\/\/www.visit-ulcinj.com\/blog\/wp-content\/uploads\/2009\/09\/Genta-Ismajli_Milot-Binaku.jpg","contentUrl":"http:\/\/www.visit-ulcinj.com\/blog\/wp-content\/uploads\/2009\/09\/Genta-Ismajli_Milot-Binaku.jpg"},{"@type":"WebPage","@id":"https:\/\/www.visit-ulcinj.com\/blog\/2009\/09\/08\/genta-e-lumtur-me-milotin\/#webpage","url":"https:\/\/www.visit-ulcinj.com\/blog\/2009\/09\/08\/genta-e-lumtur-me-milotin\/","name":"Genta e lumtur me Milotin - Lajme nga Ulqini","isPartOf":{"@id":"https:\/\/www.visit-ulcinj.com\/blog\/#website"},"primaryImageOfPage":{"@id":"https:\/\/www.visit-ulcinj.com\/blog\/2009\/09\/08\/genta-e-lumtur-me-milotin\/#primaryimage"},"datePublished":"2009-09-08T18:21:05+00:00","dateModified":"2009-09-08T18:21:05+00:00","author":{"@id":"https:\/\/www.visit-ulcinj.com\/blog\/#\/schema\/person\/dcab619c614d3038751c63bc2aadc06d"},"description":"Pavar\u00ebsisht thashmeve t\u00eb ndryshme p\u00ebr ndarjen e tyre Genta Ismajli dhe Milot Binaku kalojn\u00eb nj\u00eb jet\u00eb t\u00eb qet\u00eb dhe pa probleme. K\u00ebshtu s\u00eb paku jan\u00eb","breadcrumb":{"@id":"https:\/\/www.visit-ulcinj.com\/blog\/2009\/09\/08\/genta-e-lumtur-me-milotin\/#breadcrumb"},"inLanguage":"en-US","potentialAction":[{"@type":"ReadAction","target":["https:\/\/www.visit-ulcinj.com\/blog\/2009\/09\/08\/genta-e-lumtur-me-milotin\/"]}]},{"@type":"BreadcrumbList","@id":"https:\/\/www.visit-ulcinj.com\/blog\/2009\/09\/08\/genta-e-lumtur-me-milotin\/#breadcrumb","itemListElement":[{"@type":"ListItem","position":1,"name":"Genta e lumtur me Milotin"}]},{"@type":"Person","@id":"https:\/\/www.visit-ulcinj.com\/blog\/#\/schema\/person\/dcab619c614d3038751c63bc2aadc06d","name":"ulqini","sameAs":["http:\/\/www.visit-ulcinj.com"],"url":"https:\/\/www.visit-ulcinj.com\/blog\/author\/admin\/"}]}},"jetpack_featured_media_url":"","jetpack_sharing_enabled":true,"jetpack_shortlink":"https:\/\/wp.me\/pe6lTn-6Ct","_links":{"self":[{"href":"https:\/\/www.visit-ulcinj.com\/blog\/wp-json\/wp\/v2\/posts\/25449"}],"collection":[{"href":"https:\/\/www.visit-ulcinj.com\/blog\/wp-json\/wp\/v2\/posts"}],"about":[{"href":"https:\/\/www.visit-ulcinj.com\/blog\/wp-json\/wp\/v2\/types\/post"}],"author":[{"embeddable":true,"href":"https:\/\/www.visit-ulcinj.com\/blog\/wp-json\/wp\/v2\/users\/1"}],"replies":[{"embeddable":true,"href":"https:\/\/www.visit-ulcinj.com\/blog\/wp-json\/wp\/v2\/comments?post=25449"}],"version-history":[{"count":0,"href":"https:\/\/www.visit-ulcinj.com\/blog\/wp-json\/wp\/v2\/posts\/25449\/revisions"}],"wp:attachment":[{"href":"https:\/\/www.visit-ulcinj.com\/blog\/wp-json\/wp\/v2\/media?parent=25449"}],"wp:term":[{"taxonomy":"category","embeddable":true,"href":"https:\/\/www.visit-ulcinj.com\/blog\/wp-json\/wp\/v2\/categories?post=25449"},{"taxonomy":"post_tag","embeddable":true,"href":"https:\/\/www.visit-ulcinj.com\/blog\/wp-json\/wp\/v2\/tags?post=25449"}],"curies":[{"name":"wp","href":"https:\/\/api.w.org\/{rel}","templated":true}]}}