{"id":25477,"date":"2009-09-09T20:48:46","date_gmt":"2009-09-09T18:48:46","guid":{"rendered":"http:\/\/www.visit-ulcinj.com\/blog\/?p=25477"},"modified":"2009-09-09T20:50:11","modified_gmt":"2009-09-09T18:50:11","slug":"marigona-kam-shume-oferta-dhe-nuk-dua-te-ngutem","status":"publish","type":"post","link":"https:\/\/www.visit-ulcinj.com\/blog\/2009\/09\/09\/marigona-kam-shume-oferta-dhe-nuk-dua-te-ngutem\/","title":{"rendered":"Marigona: Kam shum\u00eb oferta dhe nuk dua t\u00eb ngutem"},"content":{"rendered":"<p><a href=\"http:\/\/www.visit-ulcinj.com\/blog\/wp-content\/uploads\/2009\/09\/Marigona-Dragusha.5.jpg\"><img loading=\"lazy\" class=\"alignleft size-full wp-image-25483\" title=\"Marigona Dragusha.5\" src=\"http:\/\/www.visit-ulcinj.com\/blog\/wp-content\/uploads\/2009\/09\/Marigona-Dragusha.5.jpg\" alt=\"Marigona Dragusha.5\" width=\"580\" height=\"400\" \/><\/a>\u00cbsht\u00eb shpallur shoqeruesja e dyt\u00eb e Miss Universe 2009, nd\u00ebrsa dhjet\u00ebra oferta nga sht\u00ebpi t\u00eb njohura mode i kan\u00eb ofruar bashk\u00ebpunim modeles kosovare, Marigona Dragusha, e cila ka vendosur t\u00eb mos ngutet. \u201c\u00cbsht\u00eb \u00e7mim shum\u00eb i madh dhe ndihem jasht\u00eb mase krenare q\u00eb kam p\u00ebrfaq\u00ebsuar Kosov\u00ebn dhe jam kthyer me k\u00ebt\u00eb \u00e7mim kaq t\u00eb r\u00ebnd\u00ebsish\u00ebm p\u00ebr vendin dhe veten\u201d, \u00ebsht\u00eb shprehur Marigona n\u00eb nj\u00eb intervist\u00eb p\u00ebr \u201cInfopress\u201d. Bukuroshja ka pasur mund\u00ebsin\u00eb t\u2019i bashk\u00ebngjitet kompanis\u00eb s\u00eb modelimit \u201cTrump\u201d, por ajo thot\u00eb se nuk ka n\u00ebnshkruar asgj\u00eb, pasi q\u00eb ka shum\u00eb oferta dhe nuk d\u00ebshiron t\u00eb ngutet. \u201cUn\u00eb ende nuk kam n\u00ebnshkruar kontrat\u00eb me kompanin\u00eb \u2018Trump\u2019, sepse kam shum\u00eb oferta dhe nuk dua t\u00eb ngutem. Por n\u00ebse arrij marr\u00ebveshje dhe n\u00ebnshkruaj, kontrata do t\u00eb jet\u00eb p\u00ebr dy vite\u201d, thot\u00eb Marigona.<\/p>\n<p><strong>Vip.shqiperia<br \/>\n<\/p>\n<p><\/strong><\/p>\n<p><strong><!--YouTube Error: bad URL entered--><br \/>\n<\/strong><\/p>\n","protected":false},"excerpt":{"rendered":"<p>\u00cbsht\u00eb shpallur shoqeruesja e dyt\u00eb e Miss Universe 2009, nd\u00ebrsa dhjet\u00ebra oferta nga sht\u00ebpi t\u00eb njohura mode i kan\u00eb ofruar bashk\u00ebpunim modeles kosovare, Marigona Dragusha, e cila ka vendosur t\u00eb mos ngutet. \u201c\u00cbsht\u00eb \u00e7mim shum\u00eb i madh dhe ndihem jasht\u00eb mase krenare q\u00eb kam p\u00ebrfaq\u00ebsuar Kosov\u00ebn dhe jam kthyer me k\u00ebt\u00eb \u00e7mim kaq t\u00eb r\u00ebnd\u00ebsish\u00ebm [&hellip;]<\/p>\n","protected":false},"author":1,"featured_media":0,"comment_status":"open","ping_status":"closed","sticky":false,"template":"","format":"standard","meta":{"spay_email":"","jetpack_publicize_message":"","jetpack_is_tweetstorm":false,"jetpack_publicize_feature_enabled":true},"categories":[1],"tags":[12335,12430],"jetpack_publicize_connections":[],"yoast_head":"<!-- This site is optimized with the Yoast SEO plugin v19.1 - https:\/\/yoast.com\/wordpress\/plugins\/seo\/ -->\n<title>Marigona: Kam shum\u00eb oferta dhe nuk dua t\u00eb ngutem - Lajme nga Ulqini<\/title>\n<meta name=\"description\" content=\"\u00cbsht\u00eb shpallur shoqeruesja e dyt\u00eb e Miss Universe 2009, nd\u00ebrsa dhjet\u00ebra oferta nga sht\u00ebpi t\u00eb njohura mode i kan\u00eb ofruar bashk\u00ebpunim modeles kosovare,\" \/>\n<meta name=\"robots\" content=\"index, follow, max-snippet:-1, max-image-preview:large, max-video-preview:-1\" \/>\n<link rel=\"canonical\" href=\"https:\/\/www.visit-ulcinj.com\/blog\/2009\/09\/09\/marigona-kam-shume-oferta-dhe-nuk-dua-te-ngutem\/\" \/>\n<meta property=\"og:locale\" content=\"en_US\" \/>\n<meta property=\"og:type\" content=\"article\" \/>\n<meta property=\"og:title\" content=\"Marigona: Kam shum\u00eb oferta dhe nuk dua t\u00eb ngutem - Lajme nga Ulqini\" \/>\n<meta property=\"og:description\" content=\"\u00cbsht\u00eb shpallur shoqeruesja e dyt\u00eb e Miss Universe 2009, nd\u00ebrsa dhjet\u00ebra oferta nga sht\u00ebpi t\u00eb njohura mode i kan\u00eb ofruar bashk\u00ebpunim modeles kosovare,\" \/>\n<meta property=\"og:url\" content=\"https:\/\/www.visit-ulcinj.com\/blog\/2009\/09\/09\/marigona-kam-shume-oferta-dhe-nuk-dua-te-ngutem\/\" \/>\n<meta property=\"og:site_name\" content=\"Lajme nga Ulqini\" \/>\n<meta property=\"article:published_time\" content=\"2009-09-09T18:48:46+00:00\" \/>\n<meta property=\"article:modified_time\" content=\"2009-09-09T18:50:11+00:00\" \/>\n<meta property=\"og:image\" content=\"https:\/\/www.visit-ulcinj.com\/blog\/wp-content\/uploads\/2009\/09\/Marigona-Dragusha-150x150.jpg\" \/>\n<meta name=\"twitter:label1\" content=\"Written by\" \/>\n\t<meta name=\"twitter:data1\" content=\"ulqini\" \/>\n\t<meta name=\"twitter:label2\" content=\"Est. reading time\" \/>\n\t<meta name=\"twitter:data2\" content=\"1 minute\" \/>\n<script type=\"application\/ld+json\" class=\"yoast-schema-graph\">{\"@context\":\"https:\/\/schema.org\",\"@graph\":[{\"@type\":\"WebSite\",\"@id\":\"https:\/\/www.visit-ulcinj.com\/blog\/#website\",\"url\":\"https:\/\/www.visit-ulcinj.com\/blog\/\",\"name\":\"Lajme nga Ulqini\",\"description\":\"Lajme,Vijesti,Ulqini,Ulqin,Crna Gora,Mali i Zi\",\"potentialAction\":[{\"@type\":\"SearchAction\",\"target\":{\"@type\":\"EntryPoint\",\"urlTemplate\":\"https:\/\/www.visit-ulcinj.com\/blog\/?s={search_term_string}\"},\"query-input\":\"required name=search_term_string\"}],\"inLanguage\":\"en-US\"},{\"@type\":\"ImageObject\",\"inLanguage\":\"en-US\",\"@id\":\"https:\/\/www.visit-ulcinj.com\/blog\/2009\/09\/09\/marigona-kam-shume-oferta-dhe-nuk-dua-te-ngutem\/#primaryimage\",\"url\":\"http:\/\/www.visit-ulcinj.com\/blog\/wp-content\/uploads\/2009\/09\/Marigona-Dragusha.5.jpg\",\"contentUrl\":\"http:\/\/www.visit-ulcinj.com\/blog\/wp-content\/uploads\/2009\/09\/Marigona-Dragusha.5.jpg\"},{\"@type\":\"WebPage\",\"@id\":\"https:\/\/www.visit-ulcinj.com\/blog\/2009\/09\/09\/marigona-kam-shume-oferta-dhe-nuk-dua-te-ngutem\/#webpage\",\"url\":\"https:\/\/www.visit-ulcinj.com\/blog\/2009\/09\/09\/marigona-kam-shume-oferta-dhe-nuk-dua-te-ngutem\/\",\"name\":\"Marigona: Kam shum\u00eb oferta dhe nuk dua t\u00eb ngutem - Lajme nga Ulqini\",\"isPartOf\":{\"@id\":\"https:\/\/www.visit-ulcinj.com\/blog\/#website\"},\"primaryImageOfPage\":{\"@id\":\"https:\/\/www.visit-ulcinj.com\/blog\/2009\/09\/09\/marigona-kam-shume-oferta-dhe-nuk-dua-te-ngutem\/#primaryimage\"},\"datePublished\":\"2009-09-09T18:48:46+00:00\",\"dateModified\":\"2009-09-09T18:50:11+00:00\",\"author\":{\"@id\":\"https:\/\/www.visit-ulcinj.com\/blog\/#\/schema\/person\/dcab619c614d3038751c63bc2aadc06d\"},\"description\":\"\u00cbsht\u00eb shpallur shoqeruesja e dyt\u00eb e Miss Universe 2009, nd\u00ebrsa dhjet\u00ebra oferta nga sht\u00ebpi t\u00eb njohura mode i kan\u00eb ofruar bashk\u00ebpunim modeles kosovare,\",\"breadcrumb\":{\"@id\":\"https:\/\/www.visit-ulcinj.com\/blog\/2009\/09\/09\/marigona-kam-shume-oferta-dhe-nuk-dua-te-ngutem\/#breadcrumb\"},\"inLanguage\":\"en-US\",\"potentialAction\":[{\"@type\":\"ReadAction\",\"target\":[\"https:\/\/www.visit-ulcinj.com\/blog\/2009\/09\/09\/marigona-kam-shume-oferta-dhe-nuk-dua-te-ngutem\/\"]}]},{\"@type\":\"BreadcrumbList\",\"@id\":\"https:\/\/www.visit-ulcinj.com\/blog\/2009\/09\/09\/marigona-kam-shume-oferta-dhe-nuk-dua-te-ngutem\/#breadcrumb\",\"itemListElement\":[{\"@type\":\"ListItem\",\"position\":1,\"name\":\"Marigona: Kam shum\u00eb oferta dhe nuk dua t\u00eb ngutem\"}]},{\"@type\":\"Person\",\"@id\":\"https:\/\/www.visit-ulcinj.com\/blog\/#\/schema\/person\/dcab619c614d3038751c63bc2aadc06d\",\"name\":\"ulqini\",\"sameAs\":[\"http:\/\/www.visit-ulcinj.com\"],\"url\":\"https:\/\/www.visit-ulcinj.com\/blog\/author\/admin\/\"}]}<\/script>\n<!-- \/ Yoast SEO plugin. -->","yoast_head_json":{"title":"Marigona: Kam shum\u00eb oferta dhe nuk dua t\u00eb ngutem - Lajme nga Ulqini","description":"\u00cbsht\u00eb shpallur shoqeruesja e dyt\u00eb e Miss Universe 2009, nd\u00ebrsa dhjet\u00ebra oferta nga sht\u00ebpi t\u00eb njohura mode i kan\u00eb ofruar bashk\u00ebpunim modeles kosovare,","robots":{"index":"index","follow":"follow","max-snippet":"max-snippet:-1","max-image-preview":"max-image-preview:large","max-video-preview":"max-video-preview:-1"},"canonical":"https:\/\/www.visit-ulcinj.com\/blog\/2009\/09\/09\/marigona-kam-shume-oferta-dhe-nuk-dua-te-ngutem\/","og_locale":"en_US","og_type":"article","og_title":"Marigona: Kam shum\u00eb oferta dhe nuk dua t\u00eb ngutem - Lajme nga Ulqini","og_description":"\u00cbsht\u00eb shpallur shoqeruesja e dyt\u00eb e Miss Universe 2009, nd\u00ebrsa dhjet\u00ebra oferta nga sht\u00ebpi t\u00eb njohura mode i kan\u00eb ofruar bashk\u00ebpunim modeles kosovare,","og_url":"https:\/\/www.visit-ulcinj.com\/blog\/2009\/09\/09\/marigona-kam-shume-oferta-dhe-nuk-dua-te-ngutem\/","og_site_name":"Lajme nga Ulqini","article_published_time":"2009-09-09T18:48:46+00:00","article_modified_time":"2009-09-09T18:50:11+00:00","og_image":[{"url":"https:\/\/www.visit-ulcinj.com\/blog\/wp-content\/uploads\/2009\/09\/Marigona-Dragusha-150x150.jpg"}],"twitter_misc":{"Written by":"ulqini","Est. reading time":"1 minute"},"schema":{"@context":"https:\/\/schema.org","@graph":[{"@type":"WebSite","@id":"https:\/\/www.visit-ulcinj.com\/blog\/#website","url":"https:\/\/www.visit-ulcinj.com\/blog\/","name":"Lajme nga Ulqini","description":"Lajme,Vijesti,Ulqini,Ulqin,Crna Gora,Mali i Zi","potentialAction":[{"@type":"SearchAction","target":{"@type":"EntryPoint","urlTemplate":"https:\/\/www.visit-ulcinj.com\/blog\/?s={search_term_string}"},"query-input":"required name=search_term_string"}],"inLanguage":"en-US"},{"@type":"ImageObject","inLanguage":"en-US","@id":"https:\/\/www.visit-ulcinj.com\/blog\/2009\/09\/09\/marigona-kam-shume-oferta-dhe-nuk-dua-te-ngutem\/#primaryimage","url":"http:\/\/www.visit-ulcinj.com\/blog\/wp-content\/uploads\/2009\/09\/Marigona-Dragusha.5.jpg","contentUrl":"http:\/\/www.visit-ulcinj.com\/blog\/wp-content\/uploads\/2009\/09\/Marigona-Dragusha.5.jpg"},{"@type":"WebPage","@id":"https:\/\/www.visit-ulcinj.com\/blog\/2009\/09\/09\/marigona-kam-shume-oferta-dhe-nuk-dua-te-ngutem\/#webpage","url":"https:\/\/www.visit-ulcinj.com\/blog\/2009\/09\/09\/marigona-kam-shume-oferta-dhe-nuk-dua-te-ngutem\/","name":"Marigona: Kam shum\u00eb oferta dhe nuk dua t\u00eb ngutem - Lajme nga Ulqini","isPartOf":{"@id":"https:\/\/www.visit-ulcinj.com\/blog\/#website"},"primaryImageOfPage":{"@id":"https:\/\/www.visit-ulcinj.com\/blog\/2009\/09\/09\/marigona-kam-shume-oferta-dhe-nuk-dua-te-ngutem\/#primaryimage"},"datePublished":"2009-09-09T18:48:46+00:00","dateModified":"2009-09-09T18:50:11+00:00","author":{"@id":"https:\/\/www.visit-ulcinj.com\/blog\/#\/schema\/person\/dcab619c614d3038751c63bc2aadc06d"},"description":"\u00cbsht\u00eb shpallur shoqeruesja e dyt\u00eb e Miss Universe 2009, nd\u00ebrsa dhjet\u00ebra oferta nga sht\u00ebpi t\u00eb njohura mode i kan\u00eb ofruar bashk\u00ebpunim modeles kosovare,","breadcrumb":{"@id":"https:\/\/www.visit-ulcinj.com\/blog\/2009\/09\/09\/marigona-kam-shume-oferta-dhe-nuk-dua-te-ngutem\/#breadcrumb"},"inLanguage":"en-US","potentialAction":[{"@type":"ReadAction","target":["https:\/\/www.visit-ulcinj.com\/blog\/2009\/09\/09\/marigona-kam-shume-oferta-dhe-nuk-dua-te-ngutem\/"]}]},{"@type":"BreadcrumbList","@id":"https:\/\/www.visit-ulcinj.com\/blog\/2009\/09\/09\/marigona-kam-shume-oferta-dhe-nuk-dua-te-ngutem\/#breadcrumb","itemListElement":[{"@type":"ListItem","position":1,"name":"Marigona: Kam shum\u00eb oferta dhe nuk dua t\u00eb ngutem"}]},{"@type":"Person","@id":"https:\/\/www.visit-ulcinj.com\/blog\/#\/schema\/person\/dcab619c614d3038751c63bc2aadc06d","name":"ulqini","sameAs":["http:\/\/www.visit-ulcinj.com"],"url":"https:\/\/www.visit-ulcinj.com\/blog\/author\/admin\/"}]}},"jetpack_featured_media_url":"","jetpack_sharing_enabled":true,"jetpack_shortlink":"https:\/\/wp.me\/pe6lTn-6CV","_links":{"self":[{"href":"https:\/\/www.visit-ulcinj.com\/blog\/wp-json\/wp\/v2\/posts\/25477"}],"collection":[{"href":"https:\/\/www.visit-ulcinj.com\/blog\/wp-json\/wp\/v2\/posts"}],"about":[{"href":"https:\/\/www.visit-ulcinj.com\/blog\/wp-json\/wp\/v2\/types\/post"}],"author":[{"embeddable":true,"href":"https:\/\/www.visit-ulcinj.com\/blog\/wp-json\/wp\/v2\/users\/1"}],"replies":[{"embeddable":true,"href":"https:\/\/www.visit-ulcinj.com\/blog\/wp-json\/wp\/v2\/comments?post=25477"}],"version-history":[{"count":0,"href":"https:\/\/www.visit-ulcinj.com\/blog\/wp-json\/wp\/v2\/posts\/25477\/revisions"}],"wp:attachment":[{"href":"https:\/\/www.visit-ulcinj.com\/blog\/wp-json\/wp\/v2\/media?parent=25477"}],"wp:term":[{"taxonomy":"category","embeddable":true,"href":"https:\/\/www.visit-ulcinj.com\/blog\/wp-json\/wp\/v2\/categories?post=25477"},{"taxonomy":"post_tag","embeddable":true,"href":"https:\/\/www.visit-ulcinj.com\/blog\/wp-json\/wp\/v2\/tags?post=25477"}],"curies":[{"name":"wp","href":"https:\/\/api.w.org\/{rel}","templated":true}]}}