{"id":255,"date":"2008-01-24T09:48:53","date_gmt":"2008-01-24T14:48:53","guid":{"rendered":"http:\/\/www.visit-ulcinj.com\/blog\/2008\/01\/24\/clooneys%e2%80%99jam-kunder-kosoves\/"},"modified":"2008-02-12T19:39:14","modified_gmt":"2008-02-13T00:39:14","slug":"clooneys%e2%80%99jam-kunder-kosoves","status":"publish","type":"post","link":"https:\/\/www.visit-ulcinj.com\/blog\/2008\/01\/24\/clooneys%e2%80%99jam-kunder-kosoves\/","title":{"rendered":"U organizua mbr\u00ebmje letrare kushtuar shkrimtarit t\u00eb njohur nga Ulqini, q\u00eb nj\u00ebkoh\u00ebsisht \u00ebsht\u00eb edhe kryetar i PEN-it t\u00eb Kosov\u00ebs, Basri \u00c7apriqit"},"content":{"rendered":"<p><strong><a href=\"http:\/\/www.kosovapen.com\/\" target=\"_blank\"><img loading=\"lazy\" src=\"http:\/\/myweb.tiscali.co.uk\/albania\/kosovo_pen_files\/basri_capriqi.jpg\" align=\"left\" border=\"0\" height=\"160\" hspace=\"2\" vspace=\"2\" width=\"220\" \/>Basri \u00c7apriqi kryetar i PEN-it t\u00eb Kosov\u00ebs<\/a><\/strong><\/p>\n<p>U organizua mbr\u00ebmje letrare kushtuar shkrimtarit t\u00eb njohur nga Ulqini, q\u00eb nj\u00ebkoh\u00ebsisht \u00ebsht\u00eb edhe kryetar i PEN-it t\u00eb Kosov\u00ebs, Basri \u00c7apriqit. N\u00eb k\u00ebt\u00eb eveniment kulturor fol\u00ebn: akademik Zuvdija Hoxhiq dhe shkrimtari dhe publicisti Andrej Nikollaidis, kurse moderator i mbr\u00ebmjes ishte Musa Gjoka.<!--more--> Nata e kat\u00ebrt e &#8220;Dit\u00ebve t\u00eb Kultur\u00ebs s\u00eb Pakicave&#8221; organizuar nga Ministria p\u00ebr Mbrojtjen e t\u00eb Drejtave t\u00eb Njeriut dhe t\u00eb Pakicave iu kushtua shkrimtarit Basri \u00c7apriqi. Poeti, studiuesi dhe intelektuali Basri \u00c7apriqi ka doktoruar n\u00eb Prishtin\u00eb dhe \u00ebsht\u00eb profesor i stilistik\u00ebs dhe i semiotik\u00ebs n\u00eb Fakultetin Filozofik t\u00eb Prishtin\u00ebs. Nga viti 2004 ai \u00ebsht\u00eb edhe kryetar i PEN-it t\u00eb Kosov\u00ebs. Merret me poezi, kritik\u00eb letrare dhe ese. Deri m\u00eb tani, ai ka publikua gjasht\u00eb p\u00ebrmbledhje vjershash. Po ashtu \u00ebsht\u00eb fitues i disa shp\u00ebrblimeve p\u00ebr krijimtarin\u00eb e tij letrare. Fol\u00ebsi i par\u00eb mbr\u00ebmjes, shkrimtari Andrej Nikollaidis, duke folur p\u00ebr portretin e \u00c7apriqit, u shpreh se \u00ebsht\u00eb irituese, q\u00eb Basri \u00c7apriqi, i lindur n\u00eb Ulqin, nuk \u00ebsht\u00eb shkrimtar i famsh\u00ebm n\u00eb Mal t\u00eb Zi, duke e krahasuar at\u00eb me shkrimtarian malazias Marko Veshoviq, p\u00ebr t\u00eb cilin ky shtet nuk ka b\u00ebr\u00eb asgj\u00eb q\u00eb ta p\u00ebrkrah\u00eb si shkrimtar t\u00eb vetin.<br \/>\n<img loading=\"lazy\" src=\"http:\/\/www.visit-ulcinj.com\/blog\/wp-content\/uploads\/2008\/01\/nikolaidis_andrej.jpg\" style=\"width: 143px; height: 115px\" align=\"left\" border=\"0\" height=\"1423\" hspace=\"2\" vspace=\"2\" width=\"2048\" \/>&#8220;\u00c7apriqi \u00ebsht\u00eb l\u00ebn\u00eb m\u00ebnjan\u00eb, sepse \u00ebsht\u00eb shqiptar. Ai \u00ebsht\u00eb i njohur n\u00eb Europ\u00eb dhe \u00ebsht\u00eb fitues i dhjetra shp\u00ebrblimeve&#8221;, tha shkrimtari Nikollaidis. Fisnik\u00ebria e tij e rafinuar dhe poezia e tij moderne e kan\u00eb provokuar shum\u00eb Nikollaidisin. Nd\u00ebrkaq shkrimtari i njohur, akademiku Zuvdija Hoxhiq, vuri n\u00eb dukje se \u00c7apriqi q\u00eb n\u00eb fillim \u00ebsht\u00eb dalluar si nx\u00ebn\u00ebs dhe student i shk\u00eblqyer, pastaj edhe si nj\u00eb shkrimtari i ri dhe mjaft i talentuar. &#8220;Pas p\u00ebrfundimit t\u00eb fakultetit n\u00eb Prishtin\u00eb Basriu kthehet n\u00eb Mal t\u00eb Zi, n\u00eb mjedisin ku ai ka lindur, me d\u00ebshir\u00eb t\u00eb sinqert\u00eb p\u00ebr t\u00eb punuar dhe krijuar, por pas pak kohe ai kthehet n\u00eb Prishtin\u00eb, n\u00eb nj\u00eb mjedis m\u00eb t\u00eb zhvilluar. Ai ka magjistruar dhe doktoruar n\u00eb nj\u00eb nga fushat m\u00eb t\u00eb v\u00ebshtira t\u00eb let\u00ebrsis\u00eb &#8211; teorin\u00eb e let\u00ebrsis\u00eb&#8221;, u shpreh Hoxhiq, duke shtuar se &#8220;p\u00ebrmes k\u00ebsaj \u00c7apriqi \u00ebsht\u00eb njohur m\u00eb af\u00ebr me let\u00ebrsin\u00eb europiane dhe at\u00eb bot\u00ebrore, duke inkorporuar p\u00ebrvoj\u00ebn e poezis\u00eb europiane n\u00eb at\u00eb tradicionale shqiptare&#8221;. Akademiku Hoxhiq n\u00eb vazhdim e <img loading=\"lazy\" src=\"http:\/\/www.visit-ulcinj.com\/blog\/wp-content\/uploads\/2008\/01\/zuhdijahoxhiq.thumbnail.jpg\" align=\"right\" border=\"0\" height=\"128\" hspace=\"2\" vspace=\"2\" width=\"92\" \/>fal\u00ebnderoi Qazim Muj\u00ebn p\u00ebr p\u00ebrkthimin e disa dhjet\u00ebra poezive t\u00eb \u00c7apriqit n\u00eb gjuh\u00ebn malazeze. Ai gjithashtu theksoi se \u00c7apriqi \u00ebsht\u00eb edhe nj\u00eb historian i madh i let\u00ebrsis\u00eb. &#8220;Ai nuk \u00ebsht\u00eb rast\u00ebsisht profesor i stilistik\u00ebs dhe i semiologjis\u00eb. Ai paraqitet si teoreticieni i par\u00eb i let\u00ebrsis\u00eb moderne n\u00eb Kosov\u00eb, librat e t\u00eb cilit priten si m\u00eb t\u00eb mir\u00ebt. Librat e \u00c7apriqit jan\u00eb t\u00eb p\u00ebrkthyer gati n\u00eb t\u00eb gjitha gjuh\u00ebt e bot\u00ebs. Ai nuk \u00ebsht\u00eb rast\u00ebsisht kryetar i PEN Qendr\u00ebs s\u00eb Kosov\u00ebs&#8221;, tha Zuvdija Hoxhiq. P\u00ebr t\u00eb \u00ebsht\u00eb d\u00ebm i madh q\u00eb n\u00eb Mal t\u00eb Zi nuk ka asgj\u00eb t\u00eb p\u00ebrkthyer nga shkrimtar\u00ebt shqiptar\u00eb. &#8220;\u00cbsht tragjik fakti, q\u00eb Mali i Zi nuk ka mir\u00ebkuptim p\u00ebr shqiptar\u00ebt tan\u00eb, p\u00ebr krijuesit tan\u00eb, sepse sikur t\u00eb kishte p\u00ebrkthime nga gjuha shqipe, p\u00ebr Malin e Zi kjo do t\u00eb ishte vet\u00ebm nj\u00eb pasurim. Basriu dhe t\u00eb tjer\u00ebt nuk mund t\u00eb ikin nga rr\u00ebnj\u00ebt&#8221;, potencoi Hoxhiq, duke shtuar se &#8220;pas k\u00ebtij promovimi, neve na duhet ti kemi librat e Basriut, ashtu si\u00e7 duhet tzi kemi edhe ata t\u00eb Idriz Ulajt, Rexhep Qosjes dhe autor\u00ebve t\u00eb tjer\u00eb shqiptar\u00eb q\u00eb jetojn\u00eb k\u00ebtu dhe jasht\u00eb, p\u00ebrndryshe, pa k\u00ebt\u00eb, nuk ka Mal t\u00eb Zi, p\u00ebrfundoi mes tjerash, akademiku Hoxhiq.<a href=\"http:\/\/www.visit-ulcinj.com\/blog\/wp-content\/uploads\/2008\/01\/zuhdijahoxhiq.jpg\" title=\"Zuvdija Hoxhiq\"><img loading=\"lazy\" src=\"http:\/\/www.visit-ulcinj.com\/blog\/wp-content\/uploads\/2008\/01\/zuhdijahoxhiq.thumbnail.jpg\" alt=\"Zuvdija Hoxhiq\" align=\"right\" border=\"0\" height=\"1\" hspace=\"2\" vspace=\"2\" width=\"1\" \/><\/a><img loading=\"lazy\" src=\"http:\/\/www.visit-ulcinj.com\/blog\/wp-content\/uploads\/2008\/01\/zuhdijahoxhiq.thumbnail.jpg\" alt=\"Zuvdija Hoxhiq\" align=\"right\" border=\"0\" height=\"1\" hspace=\"2\" vspace=\"2\" width=\"1\" \/><a href=\"http:\/\/www.visit-ulcinj.com\/blog\/wp-content\/uploads\/2008\/01\/zuhdijahoxhiq.jpg\" title=\"Zuvdija Hoxhiq\"><img loading=\"lazy\" src=\"http:\/\/www.visit-ulcinj.com\/blog\/wp-content\/uploads\/2008\/01\/zuhdijahoxhiq.thumbnail.jpg\" alt=\"Zuvdija Hoxhiq\" align=\"right\" border=\"0\" height=\"1\" hspace=\"5\" vspace=\"5\" width=\"1\" \/><\/a><img loading=\"lazy\" src=\"http:\/\/www.visit-ulcinj.com\/blog\/wp-content\/uploads\/2008\/01\/zuhdijahoxhiq.thumbnail.jpg\" alt=\"Zuvdija Hoxhiq\" align=\"right\" border=\"0\" height=\"1\" hspace=\"5\" vspace=\"5\" width=\"1\" \/><br \/>\nEdhe moderatori, Musa Gjoka, foli p\u00ebr jet\u00ebn dhe veprimtarin\u00eb e Basri \u00c7apriqit, si dhe lexoi disa poezi nga p\u00ebrmbledhjet e tij. Nd\u00ebrkaq, n\u00eb fund t\u00eb pranishm\u00ebve iu drejtua edhe vet\u00eb poeti Basri \u00c7apriqi, i cili pasi fal\u00ebnderoi pjes\u00ebmarr\u00ebsit, q\u00eb kishin ardhur p\u00ebr t\u2019u njohur m\u00eb af\u00ebr me krijimtarin\u00eb e tij, ai gjithashtu e fal\u00ebnderoi edhe organizatorin p\u00ebr ftes\u00eb. Dr. Basri \u00c7apriqi \u00ebsht\u00eb i mendimit se shkrimtar\u00ebt nuk p\u00ebrfaq\u00ebsojn\u00eb ask\u00ebnd, p\u00ebrve\u00e7 vetveten, sepse, si\u00e7 tha ai: &#8220;t\u00eb shkruarit \u00ebsht\u00eb nj\u00eb pun\u00eb e fort\u00eb autokratike, sepse nga askush nuk k\u00ebrkohet p\u00eblqim&#8221;. \u00c7apriqi duke vazhduar fjal\u00ebn tha: &#8220;pakicat kryesisht jan\u00eb izoluar nga frika e asimilimit, por edhe shumica ka qen\u00eb komode dhe nuk ka b\u00ebr\u00eb aq sa duhet q\u00eb pakicat dhe kultur\u00ebn e tyre t\u2019i pranoj\u00eb si t\u00eb vetat&#8221;. Sipas tij pakicat kan\u00eb shkuar n\u00eb izolim dhe kan\u00eb menduar se n\u00eb k\u00ebt\u00eb m\u00ebnyr\u00eb m\u00eb s\u00eb miri mund ta ruajn\u00eb identitetit, \u00e7ka p\u00ebr Basriun \u00ebsht\u00eb e gabuar. &#8220;N\u00eb k\u00ebt\u00eb izolim pakicat nuk kan\u00eb mundur t\u00eb krijojn\u00eb di\u00e7ka me vler\u00eb&#8221;. N\u00eb fund, \u00c7apriqi lexoi edhe disa poezi t\u00eb tij, t\u00eb p\u00ebrkthyera n\u00eb gjuh\u00ebn malazeze nga Qazim Muja.<\/p>\n","protected":false},"excerpt":{"rendered":"<p><img loading=\"lazy\" src=\"http:\/\/myweb.tiscali.co.uk\/albania\/kosovo_pen_files\/basri_capriqi.jpg\" height=\"140\" width=\"140\" \/><\/p>\n","protected":false},"author":1,"featured_media":0,"comment_status":"open","ping_status":"closed","sticky":false,"template":"","format":"standard","meta":{"spay_email":"","jetpack_publicize_message":"","jetpack_is_tweetstorm":false,"jetpack_publicize_feature_enabled":true},"categories":[4],"tags":[1233,954,951,956,953,957,955,952],"jetpack_publicize_connections":[],"yoast_head":"<!-- This site is optimized with the Yoast SEO plugin v19.1 - https:\/\/yoast.com\/wordpress\/plugins\/seo\/ -->\n<title>U organizua mbr\u00ebmje letrare kushtuar shkrimtarit t\u00eb njohur nga Ulqini, q\u00eb nj\u00ebkoh\u00ebsisht \u00ebsht\u00eb edhe kryetar i PEN-it t\u00eb Kosov\u00ebs, Basri \u00c7apriqit - Lajme nga Ulqini<\/title>\n<meta name=\"robots\" content=\"index, follow, max-snippet:-1, max-image-preview:large, max-video-preview:-1\" \/>\n<link rel=\"canonical\" href=\"https:\/\/www.visit-ulcinj.com\/blog\/2008\/01\/24\/clooneys\u2019jam-kunder-kosoves\/\" \/>\n<meta property=\"og:locale\" content=\"en_US\" \/>\n<meta property=\"og:type\" content=\"article\" \/>\n<meta property=\"og:title\" content=\"U organizua mbr\u00ebmje letrare kushtuar shkrimtarit t\u00eb njohur nga Ulqini, q\u00eb nj\u00ebkoh\u00ebsisht \u00ebsht\u00eb edhe kryetar i PEN-it t\u00eb Kosov\u00ebs, Basri \u00c7apriqit - Lajme nga Ulqini\" \/>\n<meta property=\"og:url\" content=\"https:\/\/www.visit-ulcinj.com\/blog\/2008\/01\/24\/clooneys\u2019jam-kunder-kosoves\/\" \/>\n<meta property=\"og:site_name\" content=\"Lajme nga Ulqini\" \/>\n<meta property=\"article:published_time\" content=\"2008-01-24T14:48:53+00:00\" \/>\n<meta property=\"article:modified_time\" content=\"2008-02-13T00:39:14+00:00\" \/>\n<meta property=\"og:image\" content=\"http:\/\/myweb.tiscali.co.uk\/albania\/kosovo_pen_files\/basri_capriqi.jpg\" \/>\n<meta name=\"twitter:label1\" content=\"Written by\" \/>\n\t<meta name=\"twitter:data1\" content=\"ulqini\" \/>\n\t<meta name=\"twitter:label2\" content=\"Est. reading time\" \/>\n\t<meta name=\"twitter:data2\" content=\"4 minutes\" \/>\n<script type=\"application\/ld+json\" class=\"yoast-schema-graph\">{\"@context\":\"https:\/\/schema.org\",\"@graph\":[{\"@type\":\"WebSite\",\"@id\":\"https:\/\/www.visit-ulcinj.com\/blog\/#website\",\"url\":\"https:\/\/www.visit-ulcinj.com\/blog\/\",\"name\":\"Lajme nga Ulqini\",\"description\":\"Lajme,Vijesti,Ulqini,Ulqin,Crna Gora,Mali i Zi\",\"potentialAction\":[{\"@type\":\"SearchAction\",\"target\":{\"@type\":\"EntryPoint\",\"urlTemplate\":\"https:\/\/www.visit-ulcinj.com\/blog\/?s={search_term_string}\"},\"query-input\":\"required name=search_term_string\"}],\"inLanguage\":\"en-US\"},{\"@type\":\"ImageObject\",\"inLanguage\":\"en-US\",\"@id\":\"https:\/\/www.visit-ulcinj.com\/blog\/2008\/01\/24\/clooneys%e2%80%99jam-kunder-kosoves\/#primaryimage\",\"url\":\"http:\/\/myweb.tiscali.co.uk\/albania\/kosovo_pen_files\/basri_capriqi.jpg\",\"contentUrl\":\"http:\/\/myweb.tiscali.co.uk\/albania\/kosovo_pen_files\/basri_capriqi.jpg\"},{\"@type\":\"WebPage\",\"@id\":\"https:\/\/www.visit-ulcinj.com\/blog\/2008\/01\/24\/clooneys%e2%80%99jam-kunder-kosoves\/#webpage\",\"url\":\"https:\/\/www.visit-ulcinj.com\/blog\/2008\/01\/24\/clooneys%e2%80%99jam-kunder-kosoves\/\",\"name\":\"U organizua mbr\u00ebmje letrare kushtuar shkrimtarit t\u00eb njohur nga Ulqini, q\u00eb nj\u00ebkoh\u00ebsisht \u00ebsht\u00eb edhe kryetar i PEN-it t\u00eb Kosov\u00ebs, Basri \u00c7apriqit - Lajme nga Ulqini\",\"isPartOf\":{\"@id\":\"https:\/\/www.visit-ulcinj.com\/blog\/#website\"},\"primaryImageOfPage\":{\"@id\":\"https:\/\/www.visit-ulcinj.com\/blog\/2008\/01\/24\/clooneys%e2%80%99jam-kunder-kosoves\/#primaryimage\"},\"datePublished\":\"2008-01-24T14:48:53+00:00\",\"dateModified\":\"2008-02-13T00:39:14+00:00\",\"author\":{\"@id\":\"https:\/\/www.visit-ulcinj.com\/blog\/#\/schema\/person\/dcab619c614d3038751c63bc2aadc06d\"},\"breadcrumb\":{\"@id\":\"https:\/\/www.visit-ulcinj.com\/blog\/2008\/01\/24\/clooneys%e2%80%99jam-kunder-kosoves\/#breadcrumb\"},\"inLanguage\":\"en-US\",\"potentialAction\":[{\"@type\":\"ReadAction\",\"target\":[\"https:\/\/www.visit-ulcinj.com\/blog\/2008\/01\/24\/clooneys%e2%80%99jam-kunder-kosoves\/\"]}]},{\"@type\":\"BreadcrumbList\",\"@id\":\"https:\/\/www.visit-ulcinj.com\/blog\/2008\/01\/24\/clooneys%e2%80%99jam-kunder-kosoves\/#breadcrumb\",\"itemListElement\":[{\"@type\":\"ListItem\",\"position\":1,\"name\":\"U organizua mbr\u00ebmje letrare kushtuar shkrimtarit t\u00eb njohur nga Ulqini, q\u00eb nj\u00ebkoh\u00ebsisht \u00ebsht\u00eb edhe kryetar i PEN-it t\u00eb Kosov\u00ebs, Basri \u00c7apriqit\"}]},{\"@type\":\"Person\",\"@id\":\"https:\/\/www.visit-ulcinj.com\/blog\/#\/schema\/person\/dcab619c614d3038751c63bc2aadc06d\",\"name\":\"ulqini\",\"sameAs\":[\"http:\/\/www.visit-ulcinj.com\"],\"url\":\"https:\/\/www.visit-ulcinj.com\/blog\/author\/admin\/\"}]}<\/script>\n<!-- \/ Yoast SEO plugin. -->","yoast_head_json":{"title":"U organizua mbr\u00ebmje letrare kushtuar shkrimtarit t\u00eb njohur nga Ulqini, q\u00eb nj\u00ebkoh\u00ebsisht \u00ebsht\u00eb edhe kryetar i PEN-it t\u00eb Kosov\u00ebs, Basri \u00c7apriqit - Lajme nga Ulqini","robots":{"index":"index","follow":"follow","max-snippet":"max-snippet:-1","max-image-preview":"max-image-preview:large","max-video-preview":"max-video-preview:-1"},"canonical":"https:\/\/www.visit-ulcinj.com\/blog\/2008\/01\/24\/clooneys\u2019jam-kunder-kosoves\/","og_locale":"en_US","og_type":"article","og_title":"U organizua mbr\u00ebmje letrare kushtuar shkrimtarit t\u00eb njohur nga Ulqini, q\u00eb nj\u00ebkoh\u00ebsisht \u00ebsht\u00eb edhe kryetar i PEN-it t\u00eb Kosov\u00ebs, Basri \u00c7apriqit - Lajme nga Ulqini","og_url":"https:\/\/www.visit-ulcinj.com\/blog\/2008\/01\/24\/clooneys\u2019jam-kunder-kosoves\/","og_site_name":"Lajme nga Ulqini","article_published_time":"2008-01-24T14:48:53+00:00","article_modified_time":"2008-02-13T00:39:14+00:00","og_image":[{"url":"http:\/\/myweb.tiscali.co.uk\/albania\/kosovo_pen_files\/basri_capriqi.jpg"}],"twitter_misc":{"Written by":"ulqini","Est. reading time":"4 minutes"},"schema":{"@context":"https:\/\/schema.org","@graph":[{"@type":"WebSite","@id":"https:\/\/www.visit-ulcinj.com\/blog\/#website","url":"https:\/\/www.visit-ulcinj.com\/blog\/","name":"Lajme nga Ulqini","description":"Lajme,Vijesti,Ulqini,Ulqin,Crna Gora,Mali i Zi","potentialAction":[{"@type":"SearchAction","target":{"@type":"EntryPoint","urlTemplate":"https:\/\/www.visit-ulcinj.com\/blog\/?s={search_term_string}"},"query-input":"required name=search_term_string"}],"inLanguage":"en-US"},{"@type":"ImageObject","inLanguage":"en-US","@id":"https:\/\/www.visit-ulcinj.com\/blog\/2008\/01\/24\/clooneys%e2%80%99jam-kunder-kosoves\/#primaryimage","url":"http:\/\/myweb.tiscali.co.uk\/albania\/kosovo_pen_files\/basri_capriqi.jpg","contentUrl":"http:\/\/myweb.tiscali.co.uk\/albania\/kosovo_pen_files\/basri_capriqi.jpg"},{"@type":"WebPage","@id":"https:\/\/www.visit-ulcinj.com\/blog\/2008\/01\/24\/clooneys%e2%80%99jam-kunder-kosoves\/#webpage","url":"https:\/\/www.visit-ulcinj.com\/blog\/2008\/01\/24\/clooneys%e2%80%99jam-kunder-kosoves\/","name":"U organizua mbr\u00ebmje letrare kushtuar shkrimtarit t\u00eb njohur nga Ulqini, q\u00eb nj\u00ebkoh\u00ebsisht \u00ebsht\u00eb edhe kryetar i PEN-it t\u00eb Kosov\u00ebs, Basri \u00c7apriqit - Lajme nga Ulqini","isPartOf":{"@id":"https:\/\/www.visit-ulcinj.com\/blog\/#website"},"primaryImageOfPage":{"@id":"https:\/\/www.visit-ulcinj.com\/blog\/2008\/01\/24\/clooneys%e2%80%99jam-kunder-kosoves\/#primaryimage"},"datePublished":"2008-01-24T14:48:53+00:00","dateModified":"2008-02-13T00:39:14+00:00","author":{"@id":"https:\/\/www.visit-ulcinj.com\/blog\/#\/schema\/person\/dcab619c614d3038751c63bc2aadc06d"},"breadcrumb":{"@id":"https:\/\/www.visit-ulcinj.com\/blog\/2008\/01\/24\/clooneys%e2%80%99jam-kunder-kosoves\/#breadcrumb"},"inLanguage":"en-US","potentialAction":[{"@type":"ReadAction","target":["https:\/\/www.visit-ulcinj.com\/blog\/2008\/01\/24\/clooneys%e2%80%99jam-kunder-kosoves\/"]}]},{"@type":"BreadcrumbList","@id":"https:\/\/www.visit-ulcinj.com\/blog\/2008\/01\/24\/clooneys%e2%80%99jam-kunder-kosoves\/#breadcrumb","itemListElement":[{"@type":"ListItem","position":1,"name":"U organizua mbr\u00ebmje letrare kushtuar shkrimtarit t\u00eb njohur nga Ulqini, q\u00eb nj\u00ebkoh\u00ebsisht \u00ebsht\u00eb edhe kryetar i PEN-it t\u00eb Kosov\u00ebs, Basri \u00c7apriqit"}]},{"@type":"Person","@id":"https:\/\/www.visit-ulcinj.com\/blog\/#\/schema\/person\/dcab619c614d3038751c63bc2aadc06d","name":"ulqini","sameAs":["http:\/\/www.visit-ulcinj.com"],"url":"https:\/\/www.visit-ulcinj.com\/blog\/author\/admin\/"}]}},"jetpack_featured_media_url":"","jetpack_sharing_enabled":true,"jetpack_shortlink":"https:\/\/wp.me\/pe6lTn-47","_links":{"self":[{"href":"https:\/\/www.visit-ulcinj.com\/blog\/wp-json\/wp\/v2\/posts\/255"}],"collection":[{"href":"https:\/\/www.visit-ulcinj.com\/blog\/wp-json\/wp\/v2\/posts"}],"about":[{"href":"https:\/\/www.visit-ulcinj.com\/blog\/wp-json\/wp\/v2\/types\/post"}],"author":[{"embeddable":true,"href":"https:\/\/www.visit-ulcinj.com\/blog\/wp-json\/wp\/v2\/users\/1"}],"replies":[{"embeddable":true,"href":"https:\/\/www.visit-ulcinj.com\/blog\/wp-json\/wp\/v2\/comments?post=255"}],"version-history":[{"count":0,"href":"https:\/\/www.visit-ulcinj.com\/blog\/wp-json\/wp\/v2\/posts\/255\/revisions"}],"wp:attachment":[{"href":"https:\/\/www.visit-ulcinj.com\/blog\/wp-json\/wp\/v2\/media?parent=255"}],"wp:term":[{"taxonomy":"category","embeddable":true,"href":"https:\/\/www.visit-ulcinj.com\/blog\/wp-json\/wp\/v2\/categories?post=255"},{"taxonomy":"post_tag","embeddable":true,"href":"https:\/\/www.visit-ulcinj.com\/blog\/wp-json\/wp\/v2\/tags?post=255"}],"curies":[{"name":"wp","href":"https:\/\/api.w.org\/{rel}","templated":true}]}}