{"id":2551,"date":"2008-08-18T11:45:29","date_gmt":"2008-08-18T16:45:29","guid":{"rendered":"http:\/\/www.visit-ulcinj.com\/blog\/?p=2551"},"modified":"2008-08-18T11:45:29","modified_gmt":"2008-08-18T16:45:29","slug":"kumtese-per-opinion-e-forces-se-re-demokratike","status":"publish","type":"post","link":"https:\/\/www.visit-ulcinj.com\/blog\/2008\/08\/18\/kumtese-per-opinion-e-forces-se-re-demokratike\/","title":{"rendered":"Kumtes\u00eb p\u00ebr opinion e Forc\u00ebs s\u00eb Re Demokratike"},"content":{"rendered":"<p><a href=\"http:\/\/www.visit-ulcinj.com\/blog\/wp-content\/uploads\/2008\/02\/forca-e-re-demokratike-logo.gif\"><img loading=\"lazy\" class=\"alignleft\" title=\"forca e re demokratike\" src=\"http:\/\/www.visit-ulcinj.com\/blog\/wp-content\/uploads\/2008\/02\/forca-e-re-demokratike-logo.gif\" alt=\"\" width=\"200\" height=\"200\" \/><\/a><strong>Proces me prapavij\u00eb politike<\/strong><br \/>\nMe rastin e shpalljes s\u00eb aktgjykimit ndaj t\u00eb 18 t\u00eb akuzuarve shqiptar\u00eb nga Mali i Zi t\u00eb arrestuar n\u00eb aksionin policor &#8220;Fluturimi i shqiponj\u00ebs&#8221; Forca e Re demokratike del me k\u00ebt\u00eb kumtes\u00eb p\u00ebr opinion:<br \/>\nT\u00eb mart\u00ebn q\u00eb shkoi n\u00eb Gjykat\u00ebn e Lart\u00eb n\u00eb Podgoric\u00eb iu shqiptuan d\u00ebnimet grupit 18 an\u00ebtar\u00ebsh t\u00eb shqiptar\u00ebve nga Mali i Zi t\u00eb akuzuar p\u00ebr &#8220;p\u00ebrgatitjen e kryengritjes s\u00eb armatosur n\u00eb Mal\u00ebsi dhe mbajtjen e arm\u00ebve pa leje dhe mjet\u00ebve shp\u00ebrthyese&#8221;, ku t\u00eb gjith\u00eb t\u00eb akuzuarit jan\u00eb jan\u00eb shpallur t\u00eb fajsh\u00ebm dhe jan\u00eb d\u00ebnuar me koh\u00ebzgjatje gjithsej prej 51 vitesh. Grupi \u00ebsht\u00eb arrestuar me 9.9.2009 n\u00eb operacionin policor &#8220;Fluturimi i shqiponj\u00ebs&#8221;, nd\u00ebrsa pas shqiptimit t\u00eb aktvendimit, 17 prej tyre jan\u00eb liruar t\u00eb mbrohen nga liria deri sa ky aktvendim t\u00eb b\u00ebhet i plotfuqish\u00ebm.<br \/>\nProcesi i operacionit policor i koduar &#8220;Fluturimi i shqiponj\u00ebs&#8221; i realizuar me dat\u00ebn 9.9.2006, nj\u00eb dit\u00eb para mbajtjes s\u00eb votimeve parlamentare n\u00eb Mal t\u00eb Zi, si dhe zgjatja e procesit gjyq\u00ebsor ndaj t\u00eb arrestuarve, na b\u00ebn t\u00eb dyshojm\u00eb se ka prapavij\u00eb politike dhe si i till\u00eb iu ngjan proceseve t\u00eb montuara politike t\u00eb cilat jan\u00eb t\u00eb njohura p\u00ebr opinionin e gjer\u00eb.<br \/>\nN\u00eb favor t\u00eb k\u00ebti konstatimi jan\u00eb t\u00eb dh\u00ebnat se si prova vendimtare t\u00eb aktgjykimit jan\u00eb &#8220;ditari i nj\u00eb t\u00eb akuzuari, raporti i kalimeve legale t\u00eb kufirit dhe n\u00eb baz\u00eb t\u00eb p\u00ebrgjimeve t\u00eb bisedave telefonike&#8221;, \u00e7ka mund t\u00eb ndikoj\u00eb q\u00eb vendimi i gjykat\u00ebs s\u00eb shkall\u00ebs s\u00eb par\u00eb t\u00eb tjet\u00ebrsohet nga gjykatat e niveleve m\u00eb t\u00eb larta t\u00eb Malit t\u00eb Zi, ose, n\u00eb munges\u00eb t\u00eb pavar\u00ebsis\u00eb s\u00eb gjyq\u00ebsorit dhe t\u00eb objektivitetit n\u00eb vend, t\u00eb gjykat\u00ebs nd\u00ebrkomb\u00ebtare.<br \/>\nShpallja e k\u00ebtij aktgjykimi ka ngjashm\u00ebri me arrestimin e grupit t\u00eb boshnjak\u00ebve n\u00eb vitin 1993 dhe si e till\u00eb paraqet vazhdimin e humbjes s\u00eb besimit t\u00eb qytetar\u00ebve n\u00eb pushtetin e s\u00eb drejt\u00ebs n\u00eb Mal t\u00eb Zi, nga del se jemi shum\u00eb larg gjyq\u00ebsis\u00eb s\u00eb pavarur.<\/p>\n<div style=\"width: 300px\" class=\"wp-caption alignright\"><a href=\"http:\/\/www.kohajavore.cg.yu\/slike\/1219043750.jpg\"><img loading=\"lazy\" title=\"Procesi i operacionit policor i koduar Fluturimi i shqiponj\u00ebs\" src=\"http:\/\/www.kohajavore.cg.yu\/slike\/1219043750.jpg\" alt=\"Procesi i operacionit policor i koduar Fluturimi i shqiponj\u00ebs\" width=\"290\" height=\"218\" \/><\/a><p class=\"wp-caption-text\">Procesi i operacionit policor i koduar &quot;Fluturimi i shqiponj\u00ebs&quot;<\/p><\/div>\n<p>Nd\u00ebrsa mos angazhimi i prokuroris\u00eb p\u00ebr hetimin e torturave dhe tejkalimin e kompetencave t\u00eb policis\u00eb ndaj t\u00eb arrestuarve dhe familjeve t\u00eb tyre p\u00ebr dy vite, \u00ebsht\u00eb shkelje flagrante e t\u00eb drejtave t\u00eb njeriut, q\u00eb nxit dyshimin n\u00eb prapavin\u00eb politike t\u00eb k\u00ebtij aksioni policor. Me nj\u00eb veprim t\u00eb till\u00eb joligjor Mali i Zi vazhdon t\u00eb shkel\u00eb nenin 3 t\u00eb Konvent\u00ebs evropiane p\u00ebr t\u00eb drejtat e njeriut i cili k\u00ebrkon hetim urgjent dhe efektiv p\u00ebr \u00e7do denoncim t\u00eb tortur\u00ebs.<br \/>\nVazhdimi i k\u00ebsaj procedure qjyq\u00ebsore, si\u00e7 \u00ebsht\u00eb paralajm\u00ebruar, do ta komplikoj\u00eb gjithnj\u00eb situat\u00ebn nd\u00ebrsa, n\u00eb munges\u00eb t\u00eb provave, vendimi i vet\u00ebm i drejt\u00eb, do t\u00eb ishte shpallja e t\u00eb akuzuarve t\u00eb pafajsh\u00ebm.<br \/>\n<strong>Autor \/ Forca e Re Demokratike<br \/>\nBurimi \/ Koha Javore<\/strong><\/p>\n","protected":false},"excerpt":{"rendered":"<p><img loading=\"lazy\" class=\"alignleft\" title=\"forca e re demokratike\" src=\"http:\/\/www.visit-ulcinj.com\/blog\/wp-content\/uploads\/2008\/02\/forca-e-re-demokratike-logo.gif\" alt=\"\" width=\"140\" height=\"140\" \/><\/p>\n","protected":false},"author":1,"featured_media":0,"comment_status":"open","ping_status":"closed","sticky":false,"template":"","format":"standard","meta":{"spay_email":"","jetpack_publicize_message":"","jetpack_is_tweetstorm":false,"jetpack_publicize_feature_enabled":true},"categories":[6,12],"tags":[4372],"jetpack_publicize_connections":[],"yoast_head":"<!-- This site is optimized with the Yoast SEO plugin v19.1 - https:\/\/yoast.com\/wordpress\/plugins\/seo\/ -->\n<title>Kumtes\u00eb p\u00ebr opinion e Forc\u00ebs s\u00eb Re Demokratike - Lajme nga Ulqini<\/title>\n<meta name=\"robots\" content=\"index, follow, max-snippet:-1, max-image-preview:large, max-video-preview:-1\" \/>\n<link rel=\"canonical\" href=\"https:\/\/www.visit-ulcinj.com\/blog\/2008\/08\/18\/kumtese-per-opinion-e-forces-se-re-demokratike\/\" \/>\n<meta property=\"og:locale\" content=\"en_US\" \/>\n<meta property=\"og:type\" content=\"article\" \/>\n<meta property=\"og:title\" content=\"Kumtes\u00eb p\u00ebr opinion e Forc\u00ebs s\u00eb Re Demokratike - Lajme nga Ulqini\" \/>\n<meta property=\"og:url\" content=\"https:\/\/www.visit-ulcinj.com\/blog\/2008\/08\/18\/kumtese-per-opinion-e-forces-se-re-demokratike\/\" \/>\n<meta property=\"og:site_name\" content=\"Lajme nga Ulqini\" \/>\n<meta property=\"article:published_time\" content=\"2008-08-18T16:45:29+00:00\" \/>\n<meta property=\"og:image\" content=\"http:\/\/www.visit-ulcinj.com\/blog\/wp-content\/uploads\/2008\/02\/forca-e-re-demokratike-logo.gif\" \/>\n<meta name=\"twitter:label1\" content=\"Written by\" \/>\n\t<meta name=\"twitter:data1\" content=\"ulqini\" \/>\n\t<meta name=\"twitter:label2\" content=\"Est. reading time\" \/>\n\t<meta name=\"twitter:data2\" content=\"2 minutes\" \/>\n<script type=\"application\/ld+json\" class=\"yoast-schema-graph\">{\"@context\":\"https:\/\/schema.org\",\"@graph\":[{\"@type\":\"WebSite\",\"@id\":\"https:\/\/www.visit-ulcinj.com\/blog\/#website\",\"url\":\"https:\/\/www.visit-ulcinj.com\/blog\/\",\"name\":\"Lajme nga Ulqini\",\"description\":\"Lajme,Vijesti,Ulqini,Ulqin,Crna Gora,Mali i Zi\",\"potentialAction\":[{\"@type\":\"SearchAction\",\"target\":{\"@type\":\"EntryPoint\",\"urlTemplate\":\"https:\/\/www.visit-ulcinj.com\/blog\/?s={search_term_string}\"},\"query-input\":\"required name=search_term_string\"}],\"inLanguage\":\"en-US\"},{\"@type\":\"ImageObject\",\"inLanguage\":\"en-US\",\"@id\":\"https:\/\/www.visit-ulcinj.com\/blog\/2008\/08\/18\/kumtese-per-opinion-e-forces-se-re-demokratike\/#primaryimage\",\"url\":\"http:\/\/www.visit-ulcinj.com\/blog\/wp-content\/uploads\/2008\/02\/forca-e-re-demokratike-logo.gif\",\"contentUrl\":\"http:\/\/www.visit-ulcinj.com\/blog\/wp-content\/uploads\/2008\/02\/forca-e-re-demokratike-logo.gif\"},{\"@type\":\"WebPage\",\"@id\":\"https:\/\/www.visit-ulcinj.com\/blog\/2008\/08\/18\/kumtese-per-opinion-e-forces-se-re-demokratike\/#webpage\",\"url\":\"https:\/\/www.visit-ulcinj.com\/blog\/2008\/08\/18\/kumtese-per-opinion-e-forces-se-re-demokratike\/\",\"name\":\"Kumtes\u00eb p\u00ebr opinion e Forc\u00ebs s\u00eb Re Demokratike - Lajme nga Ulqini\",\"isPartOf\":{\"@id\":\"https:\/\/www.visit-ulcinj.com\/blog\/#website\"},\"primaryImageOfPage\":{\"@id\":\"https:\/\/www.visit-ulcinj.com\/blog\/2008\/08\/18\/kumtese-per-opinion-e-forces-se-re-demokratike\/#primaryimage\"},\"datePublished\":\"2008-08-18T16:45:29+00:00\",\"dateModified\":\"2008-08-18T16:45:29+00:00\",\"author\":{\"@id\":\"https:\/\/www.visit-ulcinj.com\/blog\/#\/schema\/person\/dcab619c614d3038751c63bc2aadc06d\"},\"breadcrumb\":{\"@id\":\"https:\/\/www.visit-ulcinj.com\/blog\/2008\/08\/18\/kumtese-per-opinion-e-forces-se-re-demokratike\/#breadcrumb\"},\"inLanguage\":\"en-US\",\"potentialAction\":[{\"@type\":\"ReadAction\",\"target\":[\"https:\/\/www.visit-ulcinj.com\/blog\/2008\/08\/18\/kumtese-per-opinion-e-forces-se-re-demokratike\/\"]}]},{\"@type\":\"BreadcrumbList\",\"@id\":\"https:\/\/www.visit-ulcinj.com\/blog\/2008\/08\/18\/kumtese-per-opinion-e-forces-se-re-demokratike\/#breadcrumb\",\"itemListElement\":[{\"@type\":\"ListItem\",\"position\":1,\"name\":\"Kumtes\u00eb p\u00ebr opinion e Forc\u00ebs s\u00eb Re Demokratike\"}]},{\"@type\":\"Person\",\"@id\":\"https:\/\/www.visit-ulcinj.com\/blog\/#\/schema\/person\/dcab619c614d3038751c63bc2aadc06d\",\"name\":\"ulqini\",\"sameAs\":[\"http:\/\/www.visit-ulcinj.com\"],\"url\":\"https:\/\/www.visit-ulcinj.com\/blog\/author\/admin\/\"}]}<\/script>\n<!-- \/ Yoast SEO plugin. -->","yoast_head_json":{"title":"Kumtes\u00eb p\u00ebr opinion e Forc\u00ebs s\u00eb Re Demokratike - Lajme nga Ulqini","robots":{"index":"index","follow":"follow","max-snippet":"max-snippet:-1","max-image-preview":"max-image-preview:large","max-video-preview":"max-video-preview:-1"},"canonical":"https:\/\/www.visit-ulcinj.com\/blog\/2008\/08\/18\/kumtese-per-opinion-e-forces-se-re-demokratike\/","og_locale":"en_US","og_type":"article","og_title":"Kumtes\u00eb p\u00ebr opinion e Forc\u00ebs s\u00eb Re Demokratike - Lajme nga Ulqini","og_url":"https:\/\/www.visit-ulcinj.com\/blog\/2008\/08\/18\/kumtese-per-opinion-e-forces-se-re-demokratike\/","og_site_name":"Lajme nga Ulqini","article_published_time":"2008-08-18T16:45:29+00:00","og_image":[{"url":"http:\/\/www.visit-ulcinj.com\/blog\/wp-content\/uploads\/2008\/02\/forca-e-re-demokratike-logo.gif"}],"twitter_misc":{"Written by":"ulqini","Est. reading time":"2 minutes"},"schema":{"@context":"https:\/\/schema.org","@graph":[{"@type":"WebSite","@id":"https:\/\/www.visit-ulcinj.com\/blog\/#website","url":"https:\/\/www.visit-ulcinj.com\/blog\/","name":"Lajme nga Ulqini","description":"Lajme,Vijesti,Ulqini,Ulqin,Crna Gora,Mali i Zi","potentialAction":[{"@type":"SearchAction","target":{"@type":"EntryPoint","urlTemplate":"https:\/\/www.visit-ulcinj.com\/blog\/?s={search_term_string}"},"query-input":"required name=search_term_string"}],"inLanguage":"en-US"},{"@type":"ImageObject","inLanguage":"en-US","@id":"https:\/\/www.visit-ulcinj.com\/blog\/2008\/08\/18\/kumtese-per-opinion-e-forces-se-re-demokratike\/#primaryimage","url":"http:\/\/www.visit-ulcinj.com\/blog\/wp-content\/uploads\/2008\/02\/forca-e-re-demokratike-logo.gif","contentUrl":"http:\/\/www.visit-ulcinj.com\/blog\/wp-content\/uploads\/2008\/02\/forca-e-re-demokratike-logo.gif"},{"@type":"WebPage","@id":"https:\/\/www.visit-ulcinj.com\/blog\/2008\/08\/18\/kumtese-per-opinion-e-forces-se-re-demokratike\/#webpage","url":"https:\/\/www.visit-ulcinj.com\/blog\/2008\/08\/18\/kumtese-per-opinion-e-forces-se-re-demokratike\/","name":"Kumtes\u00eb p\u00ebr opinion e Forc\u00ebs s\u00eb Re Demokratike - Lajme nga Ulqini","isPartOf":{"@id":"https:\/\/www.visit-ulcinj.com\/blog\/#website"},"primaryImageOfPage":{"@id":"https:\/\/www.visit-ulcinj.com\/blog\/2008\/08\/18\/kumtese-per-opinion-e-forces-se-re-demokratike\/#primaryimage"},"datePublished":"2008-08-18T16:45:29+00:00","dateModified":"2008-08-18T16:45:29+00:00","author":{"@id":"https:\/\/www.visit-ulcinj.com\/blog\/#\/schema\/person\/dcab619c614d3038751c63bc2aadc06d"},"breadcrumb":{"@id":"https:\/\/www.visit-ulcinj.com\/blog\/2008\/08\/18\/kumtese-per-opinion-e-forces-se-re-demokratike\/#breadcrumb"},"inLanguage":"en-US","potentialAction":[{"@type":"ReadAction","target":["https:\/\/www.visit-ulcinj.com\/blog\/2008\/08\/18\/kumtese-per-opinion-e-forces-se-re-demokratike\/"]}]},{"@type":"BreadcrumbList","@id":"https:\/\/www.visit-ulcinj.com\/blog\/2008\/08\/18\/kumtese-per-opinion-e-forces-se-re-demokratike\/#breadcrumb","itemListElement":[{"@type":"ListItem","position":1,"name":"Kumtes\u00eb p\u00ebr opinion e Forc\u00ebs s\u00eb Re Demokratike"}]},{"@type":"Person","@id":"https:\/\/www.visit-ulcinj.com\/blog\/#\/schema\/person\/dcab619c614d3038751c63bc2aadc06d","name":"ulqini","sameAs":["http:\/\/www.visit-ulcinj.com"],"url":"https:\/\/www.visit-ulcinj.com\/blog\/author\/admin\/"}]}},"jetpack_featured_media_url":"","jetpack_sharing_enabled":true,"jetpack_shortlink":"https:\/\/wp.me\/pe6lTn-F9","_links":{"self":[{"href":"https:\/\/www.visit-ulcinj.com\/blog\/wp-json\/wp\/v2\/posts\/2551"}],"collection":[{"href":"https:\/\/www.visit-ulcinj.com\/blog\/wp-json\/wp\/v2\/posts"}],"about":[{"href":"https:\/\/www.visit-ulcinj.com\/blog\/wp-json\/wp\/v2\/types\/post"}],"author":[{"embeddable":true,"href":"https:\/\/www.visit-ulcinj.com\/blog\/wp-json\/wp\/v2\/users\/1"}],"replies":[{"embeddable":true,"href":"https:\/\/www.visit-ulcinj.com\/blog\/wp-json\/wp\/v2\/comments?post=2551"}],"version-history":[{"count":0,"href":"https:\/\/www.visit-ulcinj.com\/blog\/wp-json\/wp\/v2\/posts\/2551\/revisions"}],"wp:attachment":[{"href":"https:\/\/www.visit-ulcinj.com\/blog\/wp-json\/wp\/v2\/media?parent=2551"}],"wp:term":[{"taxonomy":"category","embeddable":true,"href":"https:\/\/www.visit-ulcinj.com\/blog\/wp-json\/wp\/v2\/categories?post=2551"},{"taxonomy":"post_tag","embeddable":true,"href":"https:\/\/www.visit-ulcinj.com\/blog\/wp-json\/wp\/v2\/tags?post=2551"}],"curies":[{"name":"wp","href":"https:\/\/api.w.org\/{rel}","templated":true}]}}