{"id":25527,"date":"2009-09-12T19:12:21","date_gmt":"2009-09-12T17:12:21","guid":{"rendered":"http:\/\/www.visit-ulcinj.com\/blog\/?p=25527"},"modified":"2009-09-12T19:13:00","modified_gmt":"2009-09-12T17:13:00","slug":"sekretet-qe-ndajme-se-bashkuingridi-dhe-mbesa","status":"publish","type":"post","link":"https:\/\/www.visit-ulcinj.com\/blog\/2009\/09\/12\/sekretet-qe-ndajme-se-bashkuingridi-dhe-mbesa\/","title":{"rendered":"Sekretet q\u00eb ndajm\u00eb s\u00eb bashku,Ingridi dhe mbesa"},"content":{"rendered":"<div id=\"font\">\n<p align=\"justify\"><a href=\"http:\/\/www.visit-ulcinj.com\/blog\/wp-content\/uploads\/2009\/09\/Ingrid-Gjoni.jpg\"><img loading=\"lazy\" class=\"alignleft size-full wp-image-25528\" title=\"Ingrid Gjoni\" src=\"http:\/\/www.visit-ulcinj.com\/blog\/wp-content\/uploads\/2009\/09\/Ingrid-Gjoni.jpg\" alt=\"Ingrid Gjoni\" width=\"580\" height=\"359\" \/><\/a>Ingridi shikon veten n\u00eb talentin, p\u00ebrkushtimin dhe d\u00ebshir\u00ebn q\u00eb ajo ka p\u00ebr artin. Por nuk kishte si t\u00eb mos lindte nj\u00eb talent i till\u00eb n\u00eb nj\u00eb familje q\u00eb k\u00ebndohet dhe k\u00ebrcehet. Po flasim p\u00ebr Ingrid Gjonin dhe p\u00ebr mbes\u00ebn e saj, An\u00ebn, e cila \u00ebsht\u00eb balerina e par\u00eb n\u00eb klipet muzikore t\u00eb tezes. Gati-gati i vijn\u00eb n\u00eb ndihm\u00eb nj\u00ebra-tjetr\u00ebs. Ana e ndjen veten me fat se e ka gjetur t\u00eb shtruar &#8220;tapetin&#8221; e karrier\u00ebs, edhe pse e ndjen \u00e7do dit\u00eb e m\u00eb shum\u00eb se duhet t\u00eb punoj\u00eb p\u00ebr t\u00eb arritur majat.<\/p>\n<p style=\"text-align: justify;\">Stina e ver\u00ebs ka qen\u00eb shum\u00eb e ngjeshur p\u00ebr t\u00eb dyja, me koncerte pa fund, aq sa ka qen\u00eb e v\u00ebshtir\u00eb t&#8217;i kap\u00ebsh n\u00eb k\u00ebto dit\u00eb t\u00eb nxehta. T\u00eb dyja flasin me pasion p\u00ebr pun\u00ebt q\u00eb b\u00ebjn\u00eb dhe po kaq me pasion p\u00ebr marr\u00ebdh\u00ebniet q\u00eb kan\u00eb me nj\u00ebra-tjetr\u00ebn. Ana \u00ebsht\u00eb rritur me imazhin e tezes s\u00eb saj q\u00eb n\u00eb f\u00ebmij\u00ebri.<\/p>\n<p style=\"text-align: justify;\">E ka ndjekur hap pas hapi, dhe po ta pyes\u00ebsh se cili \u00ebsht\u00eb idhulli i saj, p\u00ebrgjigja \u00ebsht\u00eb e prer\u00eb: Ingridi. Gjoni, nga ana tjet\u00ebr, sapo ka p\u00ebrfunduar pun\u00ebn p\u00ebr realizimin e nj\u00eb k\u00ebnge t\u00eb re dhe t\u00eb nj\u00eb klipi gjithashtu, i cili po b\u00ebn vet\u00ebm dy dit\u00eb q\u00eb \u00ebsht\u00eb shfaqur n\u00eb ekranet muzikore shqiptare. E quan nj\u00eb klip luksoz, ku nuk kan\u00eb qen\u00eb t\u00eb pakta parat\u00eb q\u00eb jan\u00eb hedhur. N\u00eb qend\u00ebr \u00ebsht\u00eb nj\u00eb histori dashurie, e cila goditet nga nj\u00eb tradhti.<\/p>\n<p style=\"text-align: justify;\">E gjith\u00eb fabula q\u00eb i ngjan nj\u00eb filmi me metrazh t\u00eb shkurt\u00ebr, zhvillohet n\u00eb nj\u00eb Jaht superluksoz n\u00eb bregdetin e Jonit. \u00cbsht\u00eb hera e par\u00eb q\u00eb mbesa dhe tezja dalin n\u00eb nj\u00eb intervist\u00eb dyshe. N\u00eb k\u00ebt\u00eb rr\u00ebfim p\u00ebr SH2-shin, ato tregojn\u00eb gjith\u00e7ka p\u00ebr veten e tyre, p\u00ebr marr\u00ebdh\u00ebniet me nj\u00ebra-tjetr\u00ebn dhe pun\u00ebt q\u00eb i presin n\u00eb vazhdim.<\/p>\n<p style=\"text-align: justify;\"><strong>Cila \u00ebsht\u00eb lidhja juaj me mbes\u00ebn? E kemi par\u00eb t\u00eb jet\u00eb pran\u00eb jush n\u00eb koncerte e videoklipe?<\/strong><\/p>\n<p style=\"text-align: justify;\"><span style=\"font-style: italic;\">Me mbes\u00ebn time, An\u00ebn, jam shum\u00eb e lidhur. Faktikisht shkoj mir\u00eb me t\u00eb tre, me dy mbesat dhe nipin tim, megjith\u00ebse ai \u00ebsht\u00eb i vog\u00ebl. An\u00ebn nuk e di pse, po e kam konsideruar gjithmon\u00eb si shoqe. <\/span><\/p>\n<p style=\"text-align: justify; font-style: italic;\">P\u00ebr sa i p\u00ebrket fush\u00ebs s\u00eb saj, ajo vazhdon shkoll\u00ebn e baletit. E ka zgjedhur paksa vet\u00eb dhe me shtys\u00ebn ton\u00eb. Un\u00eb e kam provuar An\u00ebn ta nxjerr n\u00eb sken\u00eb q\u00eb n\u00eb mosh\u00ebn dy vje\u00e7e dhe nuk na ka zhg\u00ebnjyer. Ka qen\u00eb dalja e par\u00eb me balerin\u00ebn Ambeta Toromanin dhe q\u00eb n\u00eb at\u00eb mosh\u00eb nuk iu dridh qerpiku fare t\u00eb k\u00ebrcente para gjith\u00eb publikut.<\/p>\n<p style=\"text-align: justify;\"><strong>Ana \u00ebsht\u00eb balerina juaj e par\u00eb n\u00eb videoklipet tuaja?<\/strong><\/p>\n<p style=\"text-align: justify; font-style: italic;\">Po, e kam marr\u00eb dhe ua kam dh\u00ebn\u00eb edhe shoqeve p\u00ebr xhirimet e tyre muzikore, duke marr\u00eb pjes\u00eb dhe n\u00eb klipet e kolegeve t\u00eb mia, pa\u00e7ka se tek i imi ka dal\u00eb her\u00ebt.<\/p>\n<p style=\"text-align: justify;\"><strong>Ka pasur fatin t\u00eb jet\u00eb pran\u00eb jush&#8230;?<\/strong><\/p>\n<p style=\"text-align: justify;\"><span style=\"font-style: italic;\">Fatin e ka pasur, ashtu si kam pasur un\u00eb fatin nga Inisi. Pak a shum\u00eb e kemi gjetur terrenin gati, na duhej vet\u00ebm t\u00eb luftonim. Por Ana ka b\u00ebr\u00eb p\u00ebrpjekjet e saj p\u00ebr t&#8217;u evidentur vet\u00eb m\u00eb p\u00ebrpjekjet e saj, duke marr\u00eb pjes\u00eb n\u00eb &#8220;Star Akademi&#8221;, ku ka dal\u00eb me \u00e7mim. Ingridi i ka dh\u00ebn\u00eb nj\u00eb dor\u00eb p\u00ebr t\u00eb njohur nj\u00eb brez m\u00eb t\u00eb madh. <\/span><\/p>\n<p style=\"text-align: justify;\"><strong>Ju i keni dh\u00ebn\u00eb An\u00ebs mund\u00ebsin\u00eb t\u00eb afirmohet, po ajo \u00e7far\u00eb ju ka dh\u00ebn\u00eb juve n\u00eb k\u00ebto koh\u00eb?<\/strong><\/p>\n<p style=\"text-align: justify; font-style: italic;\">Gjith\u00e7ka, brenda kuadratit q\u00eb mund t\u00eb ket\u00eb fuqi Ana t\u00eb m\u00eb jap\u00eb mua. Them se gjith\u00e7ka, ose mbase pak m\u00eb shum\u00eb, sa\u00e7 mund t&#8217;i jap\u00eb nj\u00eb mbes\u00eb nj\u00eb tezeje. P\u00ebr mosh\u00ebn q\u00eb ka, \u00ebsht\u00eb shum\u00eb e p\u00ebrkushtuar ndaj meje. Madje, dhe ata t\u00eb sht\u00ebpis\u00eb fillojn\u00eb dhe b\u00ebhen xheloz\u00eb, pasi An\u00ebn po ta pyes\u00ebsh kush njeriu m\u00eb i bukur, apo k\u00ebng\u00ebtarja m\u00eb e mir\u00eb e bot\u00ebs, do t\u00eb thot\u00eb Ingridi (qesh).<\/p>\n<p style=\"text-align: justify;\"><strong>Si e ka ndjekur Ana karrier\u00ebn tuaj q\u00eb nga f\u00ebmij\u00ebria e saj?<\/strong><\/p>\n<p style=\"text-align: justify; font-style: italic;\">Si\u00e7 e thash\u00eb, e ka ndjekur q\u00eb n\u00eb mosh\u00ebn 2 vje\u00e7e, pasi ka dal\u00eb n\u00eb sken\u00eb n\u00eb nj\u00eb koncert t\u00eb realizuar me regjin\u00eb time, kur un\u00eb isha vet\u00ebm 14 vje\u00e7e. Me ndihm\u00ebn e Inisit, p\u00ebr sa u p\u00ebrket njohjeve dhe p\u00ebr sa u p\u00ebrket k\u00ebng\u00ebtar\u00ebve n\u00eb at\u00eb koh\u00eb.<\/p>\n<p style=\"text-align: justify;\"><span style=\"font-style: italic;\">Ne kemi realizuar at\u00eb spektak\u00ebl, sa kur e shikoj sot n\u00eb filmimet q\u00eb kam n\u00eb arkiv\u00ebn time, nuk m\u00eb besohet q\u00eb ajo \u00ebsht\u00eb b\u00ebr\u00eb nga nj\u00eb vajz\u00eb 14 vje\u00e7e, q\u00eb jam un\u00eb (qesh). Gjithashtu, ajo mban mend p\u00ebrmend\u00ebsh k\u00ebng\u00ebt e albumit tim t\u00eb par\u00eb, q\u00eb mua nuk me kujtohen me th\u00ebn\u00eb t\u00eb drejt\u00ebn. Ka qen\u00eb n\u00eb \u00e7do etap\u00eb t\u00eb angazhimeve t\u00eb mia.<\/span><\/p>\n<p style=\"text-align: justify;\"><strong>Duke par\u00eb se keni kaluar vet\u00eb n\u00eb rrug\u00ebn e artit, \u00e7far\u00eb i ke k\u00ebshilluar dhe \u00e7far\u00eb i k\u00ebshillon aktualisht An\u00ebs?<\/strong><\/p>\n<p style=\"text-align: justify; font-style: italic;\">K\u00ebshilla e vetme \u00ebsht\u00eb q\u00eb t\u00eb vazhdoj\u00eb baletin, dhe t\u00eb p\u00ebrkushtohet pas shkoll\u00ebs. E vendos m\u00eb shum\u00eb theksin te baleti, se ana \u00ebsht\u00eb e talentuar dhe un\u00eb e shoh \u00e7do dit\u00eb. P\u00ebr sa i p\u00ebrket jet\u00ebs private, nuk \u00ebsht\u00eb se nd\u00ebrhyj shum\u00eb, pasi po nd\u00ebrhyra jam shum\u00eb e eg\u00ebr, por Ana m\u00eb kupton me sy q\u00eb e ka gabim edhe&#8230;<\/p>\n<p style=\"text-align: justify;\"><strong>E keni b\u00ebr\u00eb ndonj\u00ebher\u00eb mbes\u00ebn tuaj t\u00eb qaj\u00eb?<\/strong><\/p>\n<p style=\"text-align: justify; font-style: italic;\">Po, ka ndodhur n\u00eb rrethana pun\u00eb. Faktikisht, Ana \u00ebsht\u00eb e qeshur, nuk m\u00ebrzitet. Un\u00eb i b\u00ebrtas q\u00eb me nj\u00eb gur t\u00eb vras gjith\u00eb balerin\u00ebt e tjer\u00eb. I b\u00ebrtas asaj q\u00eb mos t&#8217;u ngel\u00eb hatri t\u00eb tjer\u00ebve. Q\u00eblloji nj\u00eb dit\u00eb q\u00eb Ana e mori p\u00ebr ters dhe na u m\u00ebrzit n\u00eb provat e baletit.<\/p>\n<p style=\"text-align: justify;\"><strong>\u00cbsht\u00eb e k\u00ebnaqur motra juaj q\u00eb i mbani vajz\u00ebn af\u00ebr dhe e mb\u00ebshtet?<\/strong><\/p>\n<p style=\"text-align: justify;\"><span style=\"font-style: italic;\">Po, patjet\u00ebr q\u00eb po. \u00cbsht\u00eb e k\u00ebnaqur. E para, se e ka n\u00ebn mbik\u00ebqyrje t\u00eb motr\u00ebs dhe e dyta, Ana ka k\u00ebrcyer gjat\u00eb gjith\u00eb ver\u00ebs me mua n\u00eb koncertet q\u00eb kemi pasur, ka qen\u00eb nj\u00eb ogur i mir\u00eb.<\/span><\/p>\n<p style=\"text-align: justify;\"><span style=\"font-weight: bold;\">Sa po ka dal\u00eb klipi juaj i fundit. Na flisni pak p\u00ebr t\u00eb&#8230;<\/span><\/p>\n<p style=\"text-align: justify;\"><span style=\"font-style: italic;\">\u00cbsht\u00eb i papar\u00eb, shum\u00eb i bukur, nuk dua q\u00eb ta lavd\u00ebroj, por publiku do ta shoh\u00eb, pasi ai sapo ka dal\u00eb. <\/span><\/p>\n<p style=\"text-align: justify; font-style: italic;\">\u00cbsht\u00eb b\u00ebr\u00eb n\u00eb Shqip\u00ebri, duket sikur \u00ebsht\u00eb b\u00ebr\u00eb n\u00eb Maiemi. Si tipi i &#8220;Jek e jekut&#8221; me past\u00ebrtin\u00eb e detit. Un\u00eb gjithmon\u00eb kam pasur edhe mund\u00ebsin\u00eb ta b\u00ebj jasht\u00eb, por kam zgjedhur bregdetin ton. Regjia \u00ebsht\u00eb e Inisit, me tekstin e Big Bast\u00ebs dhe kompozimin e Andi DJ.<\/p>\n<p style=\"text-align: justify;\"><span style=\"font-style: italic;\">Un\u00eb jam me nj\u00eb Jaht me t\u00eb dashurin tim. Befas shoh di\u00e7ka n\u00eb telefonin e tij, b\u00ebhem xheloze dhe marr valixhet e iki. M\u00eb pas k\u00ebndoj dhe me vijn\u00eb nd\u00ebrmend kujtime me t\u00eb, pastaj e kam l\u00ebn\u00eb t\u00eb hapur. \u00cbsht\u00eb si film me metrazh t\u00eb shkurt\u00ebr, na \u00ebsht\u00eb dashur 2 muaj pun\u00eb intensive p\u00ebr ta p\u00ebrgatitur.<\/span><\/p>\n<p style=\"text-align: justify;\"><strong>Ka kushtuar shum\u00eb?<\/strong><\/p>\n<p style=\"text-align: justify;\"><span style=\"font-style: italic;\">Po, ka kushtuar. Pa\u00e7ka se un\u00eb Inisin e kam mot\u00ebr, e vler\u00ebsoj pun\u00ebn e saj, lodhjen. P\u00ebrve\u00e7 stafit q\u00eb paguaj, i detyrohem edhe motr\u00ebs sime, pavar\u00ebsisht se ajo nuk do t&#8217;i marr\u00eb n\u00eb at\u00eb form\u00eb. <\/span><\/p>\n<p style=\"text-align: justify; font-style: italic;\">Do t\u00eb gjej\u00eb nj\u00eb m\u00ebnyr\u00eb tjet\u00ebr p\u00ebr t&#8217;ia b\u00ebr\u00eb dhurat\u00eb. Fatkeq\u00ebsisht, An\u00ebn nuk e kam pasur k\u00ebsaj radhe, pasi ajo do t\u00eb jet\u00eb n\u00eb kompeticionin e ardhsh\u00ebm q\u00eb mund t\u00eb jem n\u00eb &#8220;K\u00ebng\u00ebn magjike&#8221; dhe po p\u00ebrgatitet.<br \/>\nNa fole p\u00ebr mbes\u00ebn, p\u00ebr videoklipin, na fol pak p\u00ebr vete.<\/p>\n<p style=\"text-align: justify;\"><span style=\"font-style: italic;\">Jam shum\u00eb e k\u00ebnaqur nga klipi i fundit. Kam dy materiale shum\u00eb t\u00eb mira n\u00eb dor\u00eb. M\u00eb dat\u00eb 20 iki n\u00eb Amerik\u00eb me turne, kam 8 koncerte atje, bashk\u00eb me koleget e mia. Shpresoj t\u00eb vazhdoj\u00eb suksessh\u00ebm dhe muaji i turneut q\u00eb kam n\u00eb Kanada.<\/span><\/p>\n<p style=\"text-align: justify;\"><strong>Keni mbaruar nj\u00eb shkoll\u00eb p\u00ebr aktrim, \u00e7far\u00eb po b\u00ebhet me at\u00eb diplom\u00eb?<\/strong><\/p>\n<p style=\"text-align: justify;\"><span style=\"font-style: italic;\">Pothuajse t\u00eb nj\u00ebjtin fat kan\u00eb pasur t\u00eb gjith\u00eb at\u00eb q\u00eb kan\u00eb mbaruar n\u00eb brezin tim. Kam pasur fatin q\u00eb t\u00eb m\u00eb ket\u00eb mbushur k\u00ebnga dhe t\u00eb mos ia ndjej, por jo se nuk dua. Nuk na \u00ebsht\u00eb dh\u00ebn\u00eb mund\u00ebsia. Megjithat\u00eb, kam pasur dy k\u00ebrkesa p\u00ebr n\u00eb Kosov\u00eb, p\u00ebr nj\u00eb pjes\u00eb dramatike, p\u00ebr nj\u00eb teat\u00ebr dhe p\u00ebr nj\u00eb tip telefilmi q\u00eb ata e transmetojn\u00eb n\u00eb m\u00ebngjes. Por, end\u00eb \u00ebsht\u00eb n\u00eb projekt.<\/span><\/p>\n<p style=\"text-align: justify;\"><strong>Angazhime pun\u00eb, po angazhime p\u00ebr veten, nj\u00eb lidhje dashurie ndoshta?<\/strong><\/p>\n<p style=\"text-align: justify;\"><span style=\"font-style: italic;\">Jo, akoma nuk jam gati.<\/span><\/p>\n<p style=\"text-align: justify;\"><strong>Pas gjith\u00eb k\u00ebtyre koncerteve dhe impenjimeve, e quan veten k\u00ebng\u00ebtare t\u00eb pasur?<\/strong><\/p>\n<p style=\"text-align: justify;\"><span style=\"font-style: italic;\">Pas kaq shum\u00eb koncerteve, impakti i par\u00eb duket kush e di se \u00e7far\u00eb, por nuk \u00ebsht\u00eb ashtu. Jetoj mir\u00eb. Jetoj me kushtet e nj\u00eb njeriu q\u00eb i ka arritur standardet maksimale, por jo p\u00ebr ta quajtur veten t\u00eb pasur. Nj\u00eb njeri q\u00eb i ka t\u00eb gjith\u00eb kushtet p\u00ebr ta kaluar jet\u00ebn mir\u00eb, kaq. <\/span><\/p>\n<p style=\"text-align: justify;\"><span style=\"font-weight: bold; font-style: italic;\">Ana<\/span><br \/>\n<strong> <\/strong><\/p>\n<p style=\"text-align: justify;\"><strong>Ana, ju studioni n\u00eb shkoll\u00ebn e baletit, n\u00eb \u00e7far\u00eb viti jeni?<\/strong><\/p>\n<p style=\"text-align: justify;\"><span style=\"font-style: italic;\">Po, studioj n\u00eb shkoll\u00eb t\u00eb baletit q\u00eb n\u00eb mosh\u00ebn 9 vje\u00e7e. Aktualisht hidhem n\u00eb vitin e tret\u00eb. Kam filluar t\u00eb k\u00ebrcej q\u00eb n\u00eb mosh\u00ebn 2-vje\u00e7are. Pastaj hyra n\u00eb nj\u00eb kurs k\u00ebrcimi dhe n\u00eb klas\u00eb t\u00eb kat\u00ebrt konkurrova n\u00eb shkoll\u00eb baleti, fitova, dola e dyta dhe aktualisht vazhdoj atje.<\/span><\/p>\n<p style=\"text-align: justify;\"><strong>E ke gjenetik faktin q\u00eb ke marr\u00eb rrug\u00ebn e artit, apo nuk mendon k\u00ebshtu?<\/strong><\/p>\n<p style=\"text-align: justify;\"><span style=\"font-style: italic;\">Po, me sa duket, k\u00ebshtu qenka gjenetike.<\/span><\/p>\n<p style=\"text-align: justify;\"><strong>Sa e lidhur jeni me tezen tuaj, Ingridin dhe sa ka ndikuar ajo n\u00eb suksesin q\u00eb ju keni si nj\u00eb balerin\u00eb ende n\u00eb fillimet tuaja?<\/strong><\/p>\n<p style=\"text-align: justify;\"><span style=\"font-style: italic;\">Me Ingridin jam shum\u00eb, shum\u00eb e lidhur. Kjo vjen ngaq\u00eb Ingridi m\u00eb ka konsideruar gjithmon\u00eb si shoqe. Ia tregoja t\u00eb gjitha. M\u00eb ka ndihmuar tmerr\u00ebsisht, sepse nj\u00eb balerin\u00eb n\u00eb mosh\u00ebn time nuk do t\u00eb kishte kurrsesi shansin q\u00eb t\u00eb k\u00ebrcente n\u00eb skenat ku kam k\u00ebrcyer un\u00eb dhe k\u00ebt\u00eb e kam fal\u00eb Ingridit.<\/span><\/p>\n<p style=\"text-align: justify;\"><strong>Jan\u00eb xheloze mikeshat e tua p\u00ebr ty?<\/strong><\/p>\n<p style=\"text-align: justify;\"><span style=\"font-style: italic;\">Nuk besoj se jan\u00eb, sepse un\u00eb dhe Ingridi i kemi marr\u00eb edhe ato n\u00eb videoklipe.<\/span><\/p>\n<p style=\"text-align: justify;\"><strong>Si i kujton fillimet e karrier\u00ebs s\u00eb tezes? Ti vet\u00eb sa e dh\u00ebn\u00eb je pas k\u00ebng\u00ebve t\u00eb saj?<\/strong><\/p>\n<p style=\"text-align: justify;\"><span style=\"font-style: italic;\">Un\u00eb nga qejfi i madh q\u00eb kam pasur, q\u00ebndroja gjith\u00eb koh\u00ebs me Ingridin. Ashtu si\u00e7 dija un\u00eb edhe i k\u00ebndoja k\u00ebng\u00ebt e saj dhe sot e k\u00ebsaj dite i mbaj mend. <\/span><\/p>\n<p style=\"text-align: justify;\"><strong>Je krenare q\u00eb je mbesa e saj?<\/strong><\/p>\n<p style=\"text-align: justify;\"><span style=\"font-style: italic;\">Shum\u00eb, kjo fjal\u00eb i p\u00ebrmbledh t\u00eb gjitha.<\/span><\/p>\n<p style=\"text-align: justify;\"><strong>Pasi t\u00eb mbarosh liceun, do vazhdosh s\u00ebrish p\u00ebr balet?<\/strong><\/p>\n<p style=\"text-align: justify;\"><span style=\"font-style: italic;\">Kam qejf q\u00eb shkoll\u00ebn e lart\u00eb ta vazhdoj p\u00ebr aktrim. <\/span><\/p>\n<p style=\"text-align: justify;\"><strong>Kush \u00ebsht\u00eb idhulli i juaj?<\/strong><\/p>\n<p style=\"text-align: justify;\"><span style=\"font-style: italic;\">Ingridi.<\/span><\/p>\n<p style=\"text-align: justify;\"><strong>E konsideron veten njeri me fat Ana?<\/strong><\/p>\n<p style=\"text-align: justify;\"><span style=\"font-style: italic;\">Shum\u00eb. Jam me fat q\u00eb kam nj\u00eb familje t\u00eb mrekullueshme dhe q\u00eb kam dy teze. Jam me fat p\u00ebr \u00e7do gj\u00eb.<\/span><\/p>\n<p style=\"text-align: justify;\"><strong>Cilat jan\u00eb sekretet q\u00eb t&#8217;i ndan me Ingridin?<\/strong><\/p>\n<p style=\"text-align: justify;\"><span style=\"font-style: italic;\">T\u00eb gjitha, pothuajse.<\/span><\/p>\n<p style=\"text-align: justify;\"><strong>\u00c7far\u00eb t\u00eb p\u00eblqen dhe \u00e7far\u00eb nuk t\u00eb p\u00eblqen te Ingridi?<\/strong><\/p>\n<p style=\"text-align: justify; font-style: italic;\">Nuk e kam par\u00eb me syrin kritik, po nj\u00eb gj\u00eb \u00ebsht\u00eb e sigurt: i dua t\u00eb gjitha \u00e7far\u00eb ka tezja ime.<\/p>\n<p style=\"text-align: justify;\"><strong>Tezja dhe mbesa <\/strong><\/p>\n<p style=\"text-align: justify;\">Kur e pyet Ingridin se a i kujtohet vetja n\u00eb at\u00eb mosh\u00eb, ajo tregon se ka qen\u00eb m\u00eb shum\u00eb k\u00ebrkuese ndaj vetes. Nj\u00eb gj\u00eb q\u00eb m\u00eb \u00ebsht\u00eb dukur e pamundur, e kam realizuar dhe e kam b\u00ebr\u00eb t\u00eb mundur, thot\u00eb ajo. &#8220;Ana \u00ebsht\u00eb pak me e but\u00eb se un\u00eb, \u00ebsht\u00eb natyr\u00eb politikane. Nd\u00ebrsa un\u00eb kam qen\u00eb m\u00eb e drejtp\u00ebrdrejt\u00eb.<\/p>\n<p style=\"text-align: justify;\">Kjo q\u00eb ka Ana nuk \u00ebsht\u00eb gj\u00eb e keqe. Kam qen\u00eb natyr\u00eb e hedhur&#8221;, &#8211; rr\u00ebfen Gjoni, duke par\u00eb mbes\u00ebn e saj n\u00eb sy. Duke vazhduar se ajo ka nj\u00eb mama q\u00eb i ka ndenjur te koka, nd\u00ebrsa un\u00eb kam pyetur m\u00eb shum\u00eb babin, n\u00eb k\u00ebt\u00eb m\u00ebnyr\u00eb b\u00ebn dallimin e tipit t\u00eb saj dhe t\u00eb mbes\u00ebs n\u00eb mosh\u00ebn e adoleshenc\u00ebs.<\/p>\n<p style=\"text-align: justify;\">\n<\/div>\n<div id=\"font\"><span style=\"font-weight: bold; font-style: italic;\">Gazeta Shekulli<\/span><\/div>\n<div><span style=\"font-weight: bold; font-style: italic;\"><\/p>\n<p><\/span><\/div>\n<div><span style=\"font-weight: bold; font-style: italic;\"><!--YouTube Error: bad URL entered--><br \/>\n<\/span><\/div>\n<div><span style=\"font-weight: bold; font-style: italic;\"><br \/>\n<\/span><\/div>\n<div><span style=\"font-weight: bold; font-style: italic;\"><br \/>\n<\/span><\/div>\n","protected":false},"excerpt":{"rendered":"<p>Ingridi shikon veten n\u00eb talentin, p\u00ebrkushtimin dhe d\u00ebshir\u00ebn q\u00eb ajo ka p\u00ebr artin. Por nuk kishte si t\u00eb mos lindte nj\u00eb talent i till\u00eb n\u00eb nj\u00eb familje q\u00eb k\u00ebndohet dhe k\u00ebrcehet. Po flasim p\u00ebr Ingrid Gjonin dhe p\u00ebr mbes\u00ebn e saj, An\u00ebn, e cila \u00ebsht\u00eb balerina e par\u00eb n\u00eb klipet muzikore t\u00eb tezes. Gati-gati i [&hellip;]<\/p>\n","protected":false},"author":1,"featured_media":0,"comment_status":"open","ping_status":"closed","sticky":false,"template":"","format":"standard","meta":{"spay_email":"","jetpack_publicize_message":"","jetpack_is_tweetstorm":false,"jetpack_publicize_feature_enabled":true},"categories":[1],"tags":[4966],"jetpack_publicize_connections":[],"yoast_head":"<!-- This site is optimized with the Yoast SEO plugin v19.1 - https:\/\/yoast.com\/wordpress\/plugins\/seo\/ -->\n<title>Sekretet q\u00eb ndajm\u00eb s\u00eb bashku,Ingridi dhe mbesa - Lajme nga Ulqini<\/title>\n<meta name=\"description\" content=\"Ingridi shikon veten n\u00eb talentin, p\u00ebrkushtimin dhe d\u00ebshir\u00ebn q\u00eb ajo ka p\u00ebr artin. Por nuk kishte si t\u00eb mos lindte nj\u00eb talent i till\u00eb n\u00eb nj\u00eb familje q\u00eb\" \/>\n<meta name=\"robots\" content=\"index, follow, max-snippet:-1, max-image-preview:large, max-video-preview:-1\" \/>\n<link rel=\"canonical\" href=\"https:\/\/www.visit-ulcinj.com\/blog\/2009\/09\/12\/sekretet-qe-ndajme-se-bashkuingridi-dhe-mbesa\/\" \/>\n<meta property=\"og:locale\" content=\"en_US\" \/>\n<meta property=\"og:type\" content=\"article\" \/>\n<meta property=\"og:title\" content=\"Sekretet q\u00eb ndajm\u00eb s\u00eb bashku,Ingridi dhe mbesa - Lajme nga Ulqini\" \/>\n<meta property=\"og:description\" content=\"Ingridi shikon veten n\u00eb talentin, p\u00ebrkushtimin dhe d\u00ebshir\u00ebn q\u00eb ajo ka p\u00ebr artin. Por nuk kishte si t\u00eb mos lindte nj\u00eb talent i till\u00eb n\u00eb nj\u00eb familje q\u00eb\" \/>\n<meta property=\"og:url\" content=\"https:\/\/www.visit-ulcinj.com\/blog\/2009\/09\/12\/sekretet-qe-ndajme-se-bashkuingridi-dhe-mbesa\/\" \/>\n<meta property=\"og:site_name\" content=\"Lajme nga Ulqini\" \/>\n<meta property=\"article:published_time\" content=\"2009-09-12T17:12:21+00:00\" \/>\n<meta property=\"article:modified_time\" content=\"2009-09-12T17:13:00+00:00\" \/>\n<meta property=\"og:image\" content=\"http:\/\/www.visit-ulcinj.com\/blog\/wp-content\/uploads\/2009\/09\/Ingrid-Gjoni.jpg\" \/>\n<meta name=\"twitter:label1\" content=\"Written by\" \/>\n\t<meta name=\"twitter:data1\" content=\"ulqini\" \/>\n\t<meta name=\"twitter:label2\" content=\"Est. reading time\" \/>\n\t<meta name=\"twitter:data2\" content=\"10 minutes\" \/>\n<script type=\"application\/ld+json\" class=\"yoast-schema-graph\">{\"@context\":\"https:\/\/schema.org\",\"@graph\":[{\"@type\":\"WebSite\",\"@id\":\"https:\/\/www.visit-ulcinj.com\/blog\/#website\",\"url\":\"https:\/\/www.visit-ulcinj.com\/blog\/\",\"name\":\"Lajme nga Ulqini\",\"description\":\"Lajme,Vijesti,Ulqini,Ulqin,Crna Gora,Mali i Zi\",\"potentialAction\":[{\"@type\":\"SearchAction\",\"target\":{\"@type\":\"EntryPoint\",\"urlTemplate\":\"https:\/\/www.visit-ulcinj.com\/blog\/?s={search_term_string}\"},\"query-input\":\"required name=search_term_string\"}],\"inLanguage\":\"en-US\"},{\"@type\":\"ImageObject\",\"inLanguage\":\"en-US\",\"@id\":\"https:\/\/www.visit-ulcinj.com\/blog\/2009\/09\/12\/sekretet-qe-ndajme-se-bashkuingridi-dhe-mbesa\/#primaryimage\",\"url\":\"http:\/\/www.visit-ulcinj.com\/blog\/wp-content\/uploads\/2009\/09\/Ingrid-Gjoni.jpg\",\"contentUrl\":\"http:\/\/www.visit-ulcinj.com\/blog\/wp-content\/uploads\/2009\/09\/Ingrid-Gjoni.jpg\"},{\"@type\":\"WebPage\",\"@id\":\"https:\/\/www.visit-ulcinj.com\/blog\/2009\/09\/12\/sekretet-qe-ndajme-se-bashkuingridi-dhe-mbesa\/#webpage\",\"url\":\"https:\/\/www.visit-ulcinj.com\/blog\/2009\/09\/12\/sekretet-qe-ndajme-se-bashkuingridi-dhe-mbesa\/\",\"name\":\"Sekretet q\u00eb ndajm\u00eb s\u00eb bashku,Ingridi dhe mbesa - Lajme nga Ulqini\",\"isPartOf\":{\"@id\":\"https:\/\/www.visit-ulcinj.com\/blog\/#website\"},\"primaryImageOfPage\":{\"@id\":\"https:\/\/www.visit-ulcinj.com\/blog\/2009\/09\/12\/sekretet-qe-ndajme-se-bashkuingridi-dhe-mbesa\/#primaryimage\"},\"datePublished\":\"2009-09-12T17:12:21+00:00\",\"dateModified\":\"2009-09-12T17:13:00+00:00\",\"author\":{\"@id\":\"https:\/\/www.visit-ulcinj.com\/blog\/#\/schema\/person\/dcab619c614d3038751c63bc2aadc06d\"},\"description\":\"Ingridi shikon veten n\u00eb talentin, p\u00ebrkushtimin dhe d\u00ebshir\u00ebn q\u00eb ajo ka p\u00ebr artin. Por nuk kishte si t\u00eb mos lindte nj\u00eb talent i till\u00eb n\u00eb nj\u00eb familje q\u00eb\",\"breadcrumb\":{\"@id\":\"https:\/\/www.visit-ulcinj.com\/blog\/2009\/09\/12\/sekretet-qe-ndajme-se-bashkuingridi-dhe-mbesa\/#breadcrumb\"},\"inLanguage\":\"en-US\",\"potentialAction\":[{\"@type\":\"ReadAction\",\"target\":[\"https:\/\/www.visit-ulcinj.com\/blog\/2009\/09\/12\/sekretet-qe-ndajme-se-bashkuingridi-dhe-mbesa\/\"]}]},{\"@type\":\"BreadcrumbList\",\"@id\":\"https:\/\/www.visit-ulcinj.com\/blog\/2009\/09\/12\/sekretet-qe-ndajme-se-bashkuingridi-dhe-mbesa\/#breadcrumb\",\"itemListElement\":[{\"@type\":\"ListItem\",\"position\":1,\"name\":\"Sekretet q\u00eb ndajm\u00eb s\u00eb bashku,Ingridi dhe mbesa\"}]},{\"@type\":\"Person\",\"@id\":\"https:\/\/www.visit-ulcinj.com\/blog\/#\/schema\/person\/dcab619c614d3038751c63bc2aadc06d\",\"name\":\"ulqini\",\"sameAs\":[\"http:\/\/www.visit-ulcinj.com\"],\"url\":\"https:\/\/www.visit-ulcinj.com\/blog\/author\/admin\/\"}]}<\/script>\n<!-- \/ Yoast SEO plugin. -->","yoast_head_json":{"title":"Sekretet q\u00eb ndajm\u00eb s\u00eb bashku,Ingridi dhe mbesa - Lajme nga Ulqini","description":"Ingridi shikon veten n\u00eb talentin, p\u00ebrkushtimin dhe d\u00ebshir\u00ebn q\u00eb ajo ka p\u00ebr artin. Por nuk kishte si t\u00eb mos lindte nj\u00eb talent i till\u00eb n\u00eb nj\u00eb familje q\u00eb","robots":{"index":"index","follow":"follow","max-snippet":"max-snippet:-1","max-image-preview":"max-image-preview:large","max-video-preview":"max-video-preview:-1"},"canonical":"https:\/\/www.visit-ulcinj.com\/blog\/2009\/09\/12\/sekretet-qe-ndajme-se-bashkuingridi-dhe-mbesa\/","og_locale":"en_US","og_type":"article","og_title":"Sekretet q\u00eb ndajm\u00eb s\u00eb bashku,Ingridi dhe mbesa - Lajme nga Ulqini","og_description":"Ingridi shikon veten n\u00eb talentin, p\u00ebrkushtimin dhe d\u00ebshir\u00ebn q\u00eb ajo ka p\u00ebr artin. Por nuk kishte si t\u00eb mos lindte nj\u00eb talent i till\u00eb n\u00eb nj\u00eb familje q\u00eb","og_url":"https:\/\/www.visit-ulcinj.com\/blog\/2009\/09\/12\/sekretet-qe-ndajme-se-bashkuingridi-dhe-mbesa\/","og_site_name":"Lajme nga Ulqini","article_published_time":"2009-09-12T17:12:21+00:00","article_modified_time":"2009-09-12T17:13:00+00:00","og_image":[{"url":"http:\/\/www.visit-ulcinj.com\/blog\/wp-content\/uploads\/2009\/09\/Ingrid-Gjoni.jpg"}],"twitter_misc":{"Written by":"ulqini","Est. reading time":"10 minutes"},"schema":{"@context":"https:\/\/schema.org","@graph":[{"@type":"WebSite","@id":"https:\/\/www.visit-ulcinj.com\/blog\/#website","url":"https:\/\/www.visit-ulcinj.com\/blog\/","name":"Lajme nga Ulqini","description":"Lajme,Vijesti,Ulqini,Ulqin,Crna Gora,Mali i Zi","potentialAction":[{"@type":"SearchAction","target":{"@type":"EntryPoint","urlTemplate":"https:\/\/www.visit-ulcinj.com\/blog\/?s={search_term_string}"},"query-input":"required name=search_term_string"}],"inLanguage":"en-US"},{"@type":"ImageObject","inLanguage":"en-US","@id":"https:\/\/www.visit-ulcinj.com\/blog\/2009\/09\/12\/sekretet-qe-ndajme-se-bashkuingridi-dhe-mbesa\/#primaryimage","url":"http:\/\/www.visit-ulcinj.com\/blog\/wp-content\/uploads\/2009\/09\/Ingrid-Gjoni.jpg","contentUrl":"http:\/\/www.visit-ulcinj.com\/blog\/wp-content\/uploads\/2009\/09\/Ingrid-Gjoni.jpg"},{"@type":"WebPage","@id":"https:\/\/www.visit-ulcinj.com\/blog\/2009\/09\/12\/sekretet-qe-ndajme-se-bashkuingridi-dhe-mbesa\/#webpage","url":"https:\/\/www.visit-ulcinj.com\/blog\/2009\/09\/12\/sekretet-qe-ndajme-se-bashkuingridi-dhe-mbesa\/","name":"Sekretet q\u00eb ndajm\u00eb s\u00eb bashku,Ingridi dhe mbesa - Lajme nga Ulqini","isPartOf":{"@id":"https:\/\/www.visit-ulcinj.com\/blog\/#website"},"primaryImageOfPage":{"@id":"https:\/\/www.visit-ulcinj.com\/blog\/2009\/09\/12\/sekretet-qe-ndajme-se-bashkuingridi-dhe-mbesa\/#primaryimage"},"datePublished":"2009-09-12T17:12:21+00:00","dateModified":"2009-09-12T17:13:00+00:00","author":{"@id":"https:\/\/www.visit-ulcinj.com\/blog\/#\/schema\/person\/dcab619c614d3038751c63bc2aadc06d"},"description":"Ingridi shikon veten n\u00eb talentin, p\u00ebrkushtimin dhe d\u00ebshir\u00ebn q\u00eb ajo ka p\u00ebr artin. Por nuk kishte si t\u00eb mos lindte nj\u00eb talent i till\u00eb n\u00eb nj\u00eb familje q\u00eb","breadcrumb":{"@id":"https:\/\/www.visit-ulcinj.com\/blog\/2009\/09\/12\/sekretet-qe-ndajme-se-bashkuingridi-dhe-mbesa\/#breadcrumb"},"inLanguage":"en-US","potentialAction":[{"@type":"ReadAction","target":["https:\/\/www.visit-ulcinj.com\/blog\/2009\/09\/12\/sekretet-qe-ndajme-se-bashkuingridi-dhe-mbesa\/"]}]},{"@type":"BreadcrumbList","@id":"https:\/\/www.visit-ulcinj.com\/blog\/2009\/09\/12\/sekretet-qe-ndajme-se-bashkuingridi-dhe-mbesa\/#breadcrumb","itemListElement":[{"@type":"ListItem","position":1,"name":"Sekretet q\u00eb ndajm\u00eb s\u00eb bashku,Ingridi dhe mbesa"}]},{"@type":"Person","@id":"https:\/\/www.visit-ulcinj.com\/blog\/#\/schema\/person\/dcab619c614d3038751c63bc2aadc06d","name":"ulqini","sameAs":["http:\/\/www.visit-ulcinj.com"],"url":"https:\/\/www.visit-ulcinj.com\/blog\/author\/admin\/"}]}},"jetpack_featured_media_url":"","jetpack_sharing_enabled":true,"jetpack_shortlink":"https:\/\/wp.me\/pe6lTn-6DJ","_links":{"self":[{"href":"https:\/\/www.visit-ulcinj.com\/blog\/wp-json\/wp\/v2\/posts\/25527"}],"collection":[{"href":"https:\/\/www.visit-ulcinj.com\/blog\/wp-json\/wp\/v2\/posts"}],"about":[{"href":"https:\/\/www.visit-ulcinj.com\/blog\/wp-json\/wp\/v2\/types\/post"}],"author":[{"embeddable":true,"href":"https:\/\/www.visit-ulcinj.com\/blog\/wp-json\/wp\/v2\/users\/1"}],"replies":[{"embeddable":true,"href":"https:\/\/www.visit-ulcinj.com\/blog\/wp-json\/wp\/v2\/comments?post=25527"}],"version-history":[{"count":0,"href":"https:\/\/www.visit-ulcinj.com\/blog\/wp-json\/wp\/v2\/posts\/25527\/revisions"}],"wp:attachment":[{"href":"https:\/\/www.visit-ulcinj.com\/blog\/wp-json\/wp\/v2\/media?parent=25527"}],"wp:term":[{"taxonomy":"category","embeddable":true,"href":"https:\/\/www.visit-ulcinj.com\/blog\/wp-json\/wp\/v2\/categories?post=25527"},{"taxonomy":"post_tag","embeddable":true,"href":"https:\/\/www.visit-ulcinj.com\/blog\/wp-json\/wp\/v2\/tags?post=25527"}],"curies":[{"name":"wp","href":"https:\/\/api.w.org\/{rel}","templated":true}]}}