{"id":25535,"date":"2009-09-12T22:59:06","date_gmt":"2009-09-12T20:59:06","guid":{"rendered":"http:\/\/www.visit-ulcinj.com\/blog\/?p=25535"},"modified":"2009-09-12T22:59:06","modified_gmt":"2009-09-12T20:59:06","slug":"adelina-thaci-do-te-jete-e-pranishme-ne-mbremjen-shqiptaro-amerikane","status":"publish","type":"post","link":"https:\/\/www.visit-ulcinj.com\/blog\/2009\/09\/12\/adelina-thaci-do-te-jete-e-pranishme-ne-mbremjen-shqiptaro-amerikane\/","title":{"rendered":"Adelina Tha\u00e7i do t\u00eb jet\u00eb e pranishme n\u00eb mbr\u00ebmjen shqiptaro-amerikane"},"content":{"rendered":"<p><a href=\"http:\/\/www.visit-ulcinj.com\/blog\/wp-content\/uploads\/2009\/09\/Adelina-Tha\u00e7i.jpg\"><img loading=\"lazy\" class=\"alignleft size-full wp-image-25536\" title=\"Adelina Tha\u00e7i\" src=\"http:\/\/www.visit-ulcinj.com\/blog\/wp-content\/uploads\/2009\/09\/Adelina-Tha\u00e7i.jpg\" alt=\"Adelina Tha\u00e7i\" width=\"320\" height=\"480\" \/><\/a>M\u00eb 25 shtator, k\u00ebng\u00ebtarja Adelina Tha\u00e7i do t\u00eb jet\u00eb e pranishme n\u00eb mbr\u00ebmjen shqiptaro-amerikane n\u00eb SHBA, ku do t\u00eb jen\u00eb t\u00eb pranish\u00ebm fytyra t\u00eb politik\u00ebs, aktivist\u00eb dhe artist\u00eb nga Kosova dhe Shqip\u00ebria, t\u00eb cil\u00ebt n\u00eb pranin\u00eb e miqve amerikan\u00eb p\u00ebrmes mir\u00ebnjohjeve do t\u00eb fal\u00ebnderojn\u00eb njer\u00ebzit q\u00eb b\u00ebn\u00eb historin\u00eb.<br \/>\n\u201cDo t\u00eb jet\u00eb nj\u00eb mbr\u00ebmje shqiptaro-amerikane n\u00eb t\u00eb cil\u00ebn do t\u00eb ndahen \u00e7mime p\u00ebr disa njer\u00ebz q\u00eb kan\u00eb punuar p\u00ebr Kosov\u00ebn, nj\u00ebri nga ata do t\u00eb jet\u00eb edhe Martii Ahtisaari\u201d, tregon Adelina p\u00ebr \u201cInfopress\u201d.<br \/>\nN\u00eb k\u00ebt\u00eb mbr\u00ebmje nuk do t\u00eb mungojn\u00eb edhe k\u00ebng\u00ebtar\u00ebt nga trojet shqiptare, t\u00eb cil\u00ebt do t\u00eb k\u00ebndojn\u00eb k\u00ebng\u00eb nga repertor\u00ebt e tyre, nd\u00ebrsa nj\u00eb prej tyre \u00ebsht\u00eb edhe Adelina Tha\u00e7i.<br \/>\n\u201cDo t\u00eb prezantohem live, por nuk e di se cilat do t\u00eb jen\u00eb k\u00ebng\u00ebt q\u00eb do t\u2019i k\u00ebndoj. Gjithsesi do t\u00eb jen\u00eb disa nga k\u00ebng\u00ebt e mia m\u00eb t\u00eb mira, ndon\u00ebse ende nuk m\u00eb kan\u00eb prezantuar programin me t\u00eb cilin do t\u00eb prezantohem atje\u201d, shton k\u00ebng\u00ebtarja.<\/p>\n<p><strong>Infopress<\/strong><\/p>\n<p><strong><!--YouTube Error: bad URL entered--><br \/>\n<\/strong><\/p>\n","protected":false},"excerpt":{"rendered":"<p>M\u00eb 25 shtator, k\u00ebng\u00ebtarja Adelina Tha\u00e7i do t\u00eb jet\u00eb e pranishme n\u00eb mbr\u00ebmjen shqiptaro-amerikane n\u00eb SHBA, ku do t\u00eb jen\u00eb t\u00eb pranish\u00ebm fytyra t\u00eb politik\u00ebs, aktivist\u00eb dhe artist\u00eb nga Kosova dhe Shqip\u00ebria, t\u00eb cil\u00ebt n\u00eb pranin\u00eb e miqve amerikan\u00eb p\u00ebrmes mir\u00ebnjohjeve do t\u00eb fal\u00ebnderojn\u00eb njer\u00ebzit q\u00eb b\u00ebn\u00eb historin\u00eb. \u201cDo t\u00eb jet\u00eb nj\u00eb mbr\u00ebmje shqiptaro-amerikane n\u00eb [&hellip;]<\/p>\n","protected":false},"author":1,"featured_media":0,"comment_status":"open","ping_status":"closed","sticky":false,"template":"","format":"standard","meta":{"spay_email":"","jetpack_publicize_message":"","jetpack_is_tweetstorm":false,"jetpack_publicize_feature_enabled":true},"categories":[1],"tags":[12441],"jetpack_publicize_connections":[],"yoast_head":"<!-- This site is optimized with the Yoast SEO plugin v19.1 - https:\/\/yoast.com\/wordpress\/plugins\/seo\/ -->\n<title>Adelina Tha\u00e7i do t\u00eb jet\u00eb e pranishme n\u00eb mbr\u00ebmjen shqiptaro-amerikane - Lajme nga Ulqini<\/title>\n<meta name=\"description\" content=\"M\u00eb 25 shtator, k\u00ebng\u00ebtarja Adelina Tha\u00e7i do t\u00eb jet\u00eb e pranishme n\u00eb mbr\u00ebmjen shqiptaro-amerikane n\u00eb SHBA, ku do t\u00eb jen\u00eb t\u00eb pranish\u00ebm fytyra t\u00eb politik\u00ebs,\" \/>\n<meta name=\"robots\" content=\"index, follow, max-snippet:-1, max-image-preview:large, max-video-preview:-1\" \/>\n<link rel=\"canonical\" href=\"https:\/\/www.visit-ulcinj.com\/blog\/2009\/09\/12\/adelina-thaci-do-te-jete-e-pranishme-ne-mbremjen-shqiptaro-amerikane\/\" \/>\n<meta property=\"og:locale\" content=\"en_US\" \/>\n<meta property=\"og:type\" content=\"article\" \/>\n<meta property=\"og:title\" content=\"Adelina Tha\u00e7i do t\u00eb jet\u00eb e pranishme n\u00eb mbr\u00ebmjen shqiptaro-amerikane - Lajme nga Ulqini\" \/>\n<meta property=\"og:description\" content=\"M\u00eb 25 shtator, k\u00ebng\u00ebtarja Adelina Tha\u00e7i do t\u00eb jet\u00eb e pranishme n\u00eb mbr\u00ebmjen shqiptaro-amerikane n\u00eb SHBA, ku do t\u00eb jen\u00eb t\u00eb pranish\u00ebm fytyra t\u00eb politik\u00ebs,\" \/>\n<meta property=\"og:url\" content=\"https:\/\/www.visit-ulcinj.com\/blog\/2009\/09\/12\/adelina-thaci-do-te-jete-e-pranishme-ne-mbremjen-shqiptaro-amerikane\/\" \/>\n<meta property=\"og:site_name\" content=\"Lajme nga Ulqini\" \/>\n<meta property=\"article:published_time\" content=\"2009-09-12T20:59:06+00:00\" \/>\n<meta name=\"twitter:label1\" content=\"Written by\" \/>\n\t<meta name=\"twitter:data1\" content=\"ulqini\" \/>\n\t<meta name=\"twitter:label2\" content=\"Est. reading time\" \/>\n\t<meta name=\"twitter:data2\" content=\"1 minute\" \/>\n<script type=\"application\/ld+json\" class=\"yoast-schema-graph\">{\"@context\":\"https:\/\/schema.org\",\"@graph\":[{\"@type\":\"WebSite\",\"@id\":\"https:\/\/www.visit-ulcinj.com\/blog\/#website\",\"url\":\"https:\/\/www.visit-ulcinj.com\/blog\/\",\"name\":\"Lajme nga Ulqini\",\"description\":\"Lajme,Vijesti,Ulqini,Ulqin,Crna Gora,Mali i Zi\",\"potentialAction\":[{\"@type\":\"SearchAction\",\"target\":{\"@type\":\"EntryPoint\",\"urlTemplate\":\"https:\/\/www.visit-ulcinj.com\/blog\/?s={search_term_string}\"},\"query-input\":\"required name=search_term_string\"}],\"inLanguage\":\"en-US\"},{\"@type\":\"WebPage\",\"@id\":\"https:\/\/www.visit-ulcinj.com\/blog\/2009\/09\/12\/adelina-thaci-do-te-jete-e-pranishme-ne-mbremjen-shqiptaro-amerikane\/#webpage\",\"url\":\"https:\/\/www.visit-ulcinj.com\/blog\/2009\/09\/12\/adelina-thaci-do-te-jete-e-pranishme-ne-mbremjen-shqiptaro-amerikane\/\",\"name\":\"Adelina Tha\u00e7i do t\u00eb jet\u00eb e pranishme n\u00eb mbr\u00ebmjen shqiptaro-amerikane - Lajme nga Ulqini\",\"isPartOf\":{\"@id\":\"https:\/\/www.visit-ulcinj.com\/blog\/#website\"},\"datePublished\":\"2009-09-12T20:59:06+00:00\",\"dateModified\":\"2009-09-12T20:59:06+00:00\",\"author\":{\"@id\":\"https:\/\/www.visit-ulcinj.com\/blog\/#\/schema\/person\/dcab619c614d3038751c63bc2aadc06d\"},\"description\":\"M\u00eb 25 shtator, k\u00ebng\u00ebtarja Adelina Tha\u00e7i do t\u00eb jet\u00eb e pranishme n\u00eb mbr\u00ebmjen shqiptaro-amerikane n\u00eb SHBA, ku do t\u00eb jen\u00eb t\u00eb pranish\u00ebm fytyra t\u00eb politik\u00ebs,\",\"breadcrumb\":{\"@id\":\"https:\/\/www.visit-ulcinj.com\/blog\/2009\/09\/12\/adelina-thaci-do-te-jete-e-pranishme-ne-mbremjen-shqiptaro-amerikane\/#breadcrumb\"},\"inLanguage\":\"en-US\",\"potentialAction\":[{\"@type\":\"ReadAction\",\"target\":[\"https:\/\/www.visit-ulcinj.com\/blog\/2009\/09\/12\/adelina-thaci-do-te-jete-e-pranishme-ne-mbremjen-shqiptaro-amerikane\/\"]}]},{\"@type\":\"BreadcrumbList\",\"@id\":\"https:\/\/www.visit-ulcinj.com\/blog\/2009\/09\/12\/adelina-thaci-do-te-jete-e-pranishme-ne-mbremjen-shqiptaro-amerikane\/#breadcrumb\",\"itemListElement\":[{\"@type\":\"ListItem\",\"position\":1,\"name\":\"Adelina Tha\u00e7i do t\u00eb jet\u00eb e pranishme n\u00eb mbr\u00ebmjen shqiptaro-amerikane\"}]},{\"@type\":\"Person\",\"@id\":\"https:\/\/www.visit-ulcinj.com\/blog\/#\/schema\/person\/dcab619c614d3038751c63bc2aadc06d\",\"name\":\"ulqini\",\"sameAs\":[\"http:\/\/www.visit-ulcinj.com\"],\"url\":\"https:\/\/www.visit-ulcinj.com\/blog\/author\/admin\/\"}]}<\/script>\n<!-- \/ Yoast SEO plugin. -->","yoast_head_json":{"title":"Adelina Tha\u00e7i do t\u00eb jet\u00eb e pranishme n\u00eb mbr\u00ebmjen shqiptaro-amerikane - Lajme nga Ulqini","description":"M\u00eb 25 shtator, k\u00ebng\u00ebtarja Adelina Tha\u00e7i do t\u00eb jet\u00eb e pranishme n\u00eb mbr\u00ebmjen shqiptaro-amerikane n\u00eb SHBA, ku do t\u00eb jen\u00eb t\u00eb pranish\u00ebm fytyra t\u00eb politik\u00ebs,","robots":{"index":"index","follow":"follow","max-snippet":"max-snippet:-1","max-image-preview":"max-image-preview:large","max-video-preview":"max-video-preview:-1"},"canonical":"https:\/\/www.visit-ulcinj.com\/blog\/2009\/09\/12\/adelina-thaci-do-te-jete-e-pranishme-ne-mbremjen-shqiptaro-amerikane\/","og_locale":"en_US","og_type":"article","og_title":"Adelina Tha\u00e7i do t\u00eb jet\u00eb e pranishme n\u00eb mbr\u00ebmjen shqiptaro-amerikane - Lajme nga Ulqini","og_description":"M\u00eb 25 shtator, k\u00ebng\u00ebtarja Adelina Tha\u00e7i do t\u00eb jet\u00eb e pranishme n\u00eb mbr\u00ebmjen shqiptaro-amerikane n\u00eb SHBA, ku do t\u00eb jen\u00eb t\u00eb pranish\u00ebm fytyra t\u00eb politik\u00ebs,","og_url":"https:\/\/www.visit-ulcinj.com\/blog\/2009\/09\/12\/adelina-thaci-do-te-jete-e-pranishme-ne-mbremjen-shqiptaro-amerikane\/","og_site_name":"Lajme nga Ulqini","article_published_time":"2009-09-12T20:59:06+00:00","twitter_misc":{"Written by":"ulqini","Est. reading time":"1 minute"},"schema":{"@context":"https:\/\/schema.org","@graph":[{"@type":"WebSite","@id":"https:\/\/www.visit-ulcinj.com\/blog\/#website","url":"https:\/\/www.visit-ulcinj.com\/blog\/","name":"Lajme nga Ulqini","description":"Lajme,Vijesti,Ulqini,Ulqin,Crna Gora,Mali i Zi","potentialAction":[{"@type":"SearchAction","target":{"@type":"EntryPoint","urlTemplate":"https:\/\/www.visit-ulcinj.com\/blog\/?s={search_term_string}"},"query-input":"required name=search_term_string"}],"inLanguage":"en-US"},{"@type":"WebPage","@id":"https:\/\/www.visit-ulcinj.com\/blog\/2009\/09\/12\/adelina-thaci-do-te-jete-e-pranishme-ne-mbremjen-shqiptaro-amerikane\/#webpage","url":"https:\/\/www.visit-ulcinj.com\/blog\/2009\/09\/12\/adelina-thaci-do-te-jete-e-pranishme-ne-mbremjen-shqiptaro-amerikane\/","name":"Adelina Tha\u00e7i do t\u00eb jet\u00eb e pranishme n\u00eb mbr\u00ebmjen shqiptaro-amerikane - Lajme nga Ulqini","isPartOf":{"@id":"https:\/\/www.visit-ulcinj.com\/blog\/#website"},"datePublished":"2009-09-12T20:59:06+00:00","dateModified":"2009-09-12T20:59:06+00:00","author":{"@id":"https:\/\/www.visit-ulcinj.com\/blog\/#\/schema\/person\/dcab619c614d3038751c63bc2aadc06d"},"description":"M\u00eb 25 shtator, k\u00ebng\u00ebtarja Adelina Tha\u00e7i do t\u00eb jet\u00eb e pranishme n\u00eb mbr\u00ebmjen shqiptaro-amerikane n\u00eb SHBA, ku do t\u00eb jen\u00eb t\u00eb pranish\u00ebm fytyra t\u00eb politik\u00ebs,","breadcrumb":{"@id":"https:\/\/www.visit-ulcinj.com\/blog\/2009\/09\/12\/adelina-thaci-do-te-jete-e-pranishme-ne-mbremjen-shqiptaro-amerikane\/#breadcrumb"},"inLanguage":"en-US","potentialAction":[{"@type":"ReadAction","target":["https:\/\/www.visit-ulcinj.com\/blog\/2009\/09\/12\/adelina-thaci-do-te-jete-e-pranishme-ne-mbremjen-shqiptaro-amerikane\/"]}]},{"@type":"BreadcrumbList","@id":"https:\/\/www.visit-ulcinj.com\/blog\/2009\/09\/12\/adelina-thaci-do-te-jete-e-pranishme-ne-mbremjen-shqiptaro-amerikane\/#breadcrumb","itemListElement":[{"@type":"ListItem","position":1,"name":"Adelina Tha\u00e7i do t\u00eb jet\u00eb e pranishme n\u00eb mbr\u00ebmjen shqiptaro-amerikane"}]},{"@type":"Person","@id":"https:\/\/www.visit-ulcinj.com\/blog\/#\/schema\/person\/dcab619c614d3038751c63bc2aadc06d","name":"ulqini","sameAs":["http:\/\/www.visit-ulcinj.com"],"url":"https:\/\/www.visit-ulcinj.com\/blog\/author\/admin\/"}]}},"jetpack_featured_media_url":"","jetpack_sharing_enabled":true,"jetpack_shortlink":"https:\/\/wp.me\/pe6lTn-6DR","_links":{"self":[{"href":"https:\/\/www.visit-ulcinj.com\/blog\/wp-json\/wp\/v2\/posts\/25535"}],"collection":[{"href":"https:\/\/www.visit-ulcinj.com\/blog\/wp-json\/wp\/v2\/posts"}],"about":[{"href":"https:\/\/www.visit-ulcinj.com\/blog\/wp-json\/wp\/v2\/types\/post"}],"author":[{"embeddable":true,"href":"https:\/\/www.visit-ulcinj.com\/blog\/wp-json\/wp\/v2\/users\/1"}],"replies":[{"embeddable":true,"href":"https:\/\/www.visit-ulcinj.com\/blog\/wp-json\/wp\/v2\/comments?post=25535"}],"version-history":[{"count":0,"href":"https:\/\/www.visit-ulcinj.com\/blog\/wp-json\/wp\/v2\/posts\/25535\/revisions"}],"wp:attachment":[{"href":"https:\/\/www.visit-ulcinj.com\/blog\/wp-json\/wp\/v2\/media?parent=25535"}],"wp:term":[{"taxonomy":"category","embeddable":true,"href":"https:\/\/www.visit-ulcinj.com\/blog\/wp-json\/wp\/v2\/categories?post=25535"},{"taxonomy":"post_tag","embeddable":true,"href":"https:\/\/www.visit-ulcinj.com\/blog\/wp-json\/wp\/v2\/tags?post=25535"}],"curies":[{"name":"wp","href":"https:\/\/api.w.org\/{rel}","templated":true}]}}