{"id":25541,"date":"2009-09-13T15:00:19","date_gmt":"2009-09-13T13:00:19","guid":{"rendered":"http:\/\/www.visit-ulcinj.com\/blog\/?p=25541"},"modified":"2009-09-13T15:00:19","modified_gmt":"2009-09-13T13:00:19","slug":"arta-arifi-nuk-jam-as-fanse-e-korabitlere-me-te-kem-dicka-me-te","status":"publish","type":"post","link":"https:\/\/www.visit-ulcinj.com\/blog\/2009\/09\/13\/arta-arifi-nuk-jam-as-fanse-e-korabitlere-me-te-kem-dicka-me-te\/","title":{"rendered":"Arta Arifi: Nuk jam as fanse e Korabit,l\u00ebre m\u00eb t\u00eb kem di\u00e7ka me t\u00eb"},"content":{"rendered":"<p><a href=\"http:\/\/www.visit-ulcinj.com\/blog\/wp-content\/uploads\/2009\/09\/Arta-Arifi.jpg\"><img loading=\"lazy\" class=\"alignleft size-full wp-image-25542\" title=\"Arta Arifi\" src=\"http:\/\/www.visit-ulcinj.com\/blog\/wp-content\/uploads\/2009\/09\/Arta-Arifi.jpg\" alt=\"Arta Arifi\" width=\"356\" height=\"600\" \/><\/a>Nj\u00eb foto e p\u00ebrbashk\u00ebt e realizuar n\u00eb nj\u00eb dit\u00eblindje n\u00eb mes k\u00ebng\u00ebtarit Korab Shaqiri e modeles Arta Arifi ka ngjallur shum\u00eb reagime n\u00eb media. I pari dyshon se publikimi i k\u00ebsaj fotoje \u00ebsht\u00eb b\u00ebr\u00eb me q\u00ebllim nga ana e modeles e cila &#8216;\u00ebnd\u00ebrron&#8217; t\u00eb jet\u00eb n\u00eb lidhje me t\u00eb, nd\u00ebrsa e dyta reagon duke mohuar \u00e7far\u00ebdo mund\u00ebsie t\u00eb till\u00eb. &#8220;Ajo q\u00eb Korabi ka th\u00ebn\u00eb nuk \u00ebsht\u00eb aspak e v\u00ebrtet\u00eb. Ato foto kan\u00eb qen\u00eb n\u00eb Facebook-un tim, por kan\u00eb qen\u00eb n\u00eb m\u00ebnyr\u00ebn m\u00eb shoq\u00ebrore ashtu edhe si i kemi pasur raportet, kan\u00eb qen\u00eb n\u00eb dit\u00eblindje t\u00eb nj\u00eb shokut ton\u00eb, i kam publikuar se thjesht me gjith\u00eb shoq\u00ebrin\u00eb time kam foto n\u00eb FB&#8221;, justifikohet Arta duke shtuar se nuk e kupton pse Korabi kishte arsye p\u00ebr t&#8217;u shprehur n\u00eb at\u00eb m\u00ebnyr\u00eb, &#8220;e kam njohur si djal\u00eb me edukat\u00eb q\u00eb i p\u00ebrket nj\u00eb familjeje shum\u00eb t\u00eb mir\u00eb, gjithashtu edhe familja ime e kan\u00eb ftuar p\u00ebr drek\u00eb tek sht\u00ebpia ime, sepse babi i tij ishte mik i sht\u00ebpis\u00eb son\u00eb dhe \u00ebsht\u00eb ende. Gjithashtu babai i tij ka b\u00ebr\u00eb edhe k\u00ebng\u00eb p\u00ebr v\u00ebllain tim d\u00ebshmor Skifter Arifin. Un\u00eb dhe Korabi kemi qen\u00eb vet\u00ebm miq dhe asnj\u00ebher\u00eb nuk m\u00eb ka p\u00eblqyer dhe nuk m\u00eb p\u00eblqen n\u00eb m\u00ebnyr\u00ebn si\u00e7 ka th\u00ebn\u00eb ai. Dhe nuk kam nevoj\u00eb t\u00eb b\u00ebhem e famshme n\u00eb em\u00ebr t\u00eb tij, sepse un\u00eb ka koh\u00eb q\u00eb merrem me bot\u00ebn e artit, kurse Korabi \u00ebsht\u00eb fillestar k\u00ebshtu q\u00eb nuk jam as fanse e tij se l\u00ebre m\u00eb t\u00eb kem di\u00e7ka me t\u00eb&#8221;, thekson modelja.<\/p>\n\n<div><object width=\"580\" height=\"401\"><param name=\"movie\" value=\"http:\/\/www.dailymotion.com\/swf\/xafru4_welcome-to-ulcinj-ulqini-montenegro_travel&#038;autoPlay=1\"><\/param><param name=\"allowFullScreen\" value=\"true\"><\/param><param name=\"allowScriptAccess\" value=\"always\"><\/param><\/object><\/p>\n","protected":false},"excerpt":{"rendered":"<p>Nj\u00eb foto e p\u00ebrbashk\u00ebt e realizuar n\u00eb nj\u00eb dit\u00eblindje n\u00eb mes k\u00ebng\u00ebtarit Korab Shaqiri e modeles Arta Arifi ka ngjallur shum\u00eb reagime n\u00eb media. I pari dyshon se publikimi i k\u00ebsaj fotoje \u00ebsht\u00eb b\u00ebr\u00eb me q\u00ebllim nga ana e modeles e cila &#8216;\u00ebnd\u00ebrron&#8217; t\u00eb jet\u00eb n\u00eb lidhje me t\u00eb, nd\u00ebrsa e dyta reagon duke mohuar [&hellip;]<\/p>\n","protected":false},"author":1,"featured_media":0,"comment_status":"open","ping_status":"closed","sticky":false,"template":"","format":"standard","meta":{"spay_email":"","jetpack_publicize_message":"","jetpack_is_tweetstorm":false,"jetpack_publicize_feature_enabled":true},"categories":[1],"tags":[4930],"jetpack_publicize_connections":[],"yoast_head":"<!-- This site is optimized with the Yoast SEO plugin v19.1 - https:\/\/yoast.com\/wordpress\/plugins\/seo\/ -->\n<title>Arta Arifi: Nuk jam as fanse e Korabit,l\u00ebre m\u00eb t\u00eb kem di\u00e7ka me t\u00eb - Lajme nga Ulqini<\/title>\n<meta name=\"description\" content=\"Nj\u00eb foto e p\u00ebrbashk\u00ebt e realizuar n\u00eb nj\u00eb dit\u00eblindje n\u00eb mes k\u00ebng\u00ebtarit Korab Shaqiri e modeles Arta Arifi ka ngjallur shum\u00eb reagime n\u00eb media. I pari dyshon\" \/>\n<meta name=\"robots\" content=\"index, follow, max-snippet:-1, max-image-preview:large, max-video-preview:-1\" \/>\n<link rel=\"canonical\" href=\"https:\/\/www.visit-ulcinj.com\/blog\/2009\/09\/13\/arta-arifi-nuk-jam-as-fanse-e-korabitlere-me-te-kem-dicka-me-te\/\" \/>\n<meta property=\"og:locale\" content=\"en_US\" \/>\n<meta property=\"og:type\" content=\"article\" \/>\n<meta property=\"og:title\" content=\"Arta Arifi: Nuk jam as fanse e Korabit,l\u00ebre m\u00eb t\u00eb kem di\u00e7ka me t\u00eb - Lajme nga Ulqini\" \/>\n<meta property=\"og:description\" content=\"Nj\u00eb foto e p\u00ebrbashk\u00ebt e realizuar n\u00eb nj\u00eb dit\u00eblindje n\u00eb mes k\u00ebng\u00ebtarit Korab Shaqiri e modeles Arta Arifi ka ngjallur shum\u00eb reagime n\u00eb media. I pari dyshon\" \/>\n<meta property=\"og:url\" content=\"https:\/\/www.visit-ulcinj.com\/blog\/2009\/09\/13\/arta-arifi-nuk-jam-as-fanse-e-korabitlere-me-te-kem-dicka-me-te\/\" \/>\n<meta property=\"og:site_name\" content=\"Lajme nga Ulqini\" \/>\n<meta property=\"article:published_time\" content=\"2009-09-13T13:00:19+00:00\" \/>\n<meta property=\"og:image\" content=\"https:\/\/www.visit-ulcinj.com\/blog\/wp-content\/uploads\/2009\/09\/Arta-Arifi-150x150.jpg\" \/>\n<meta name=\"twitter:label1\" content=\"Written by\" \/>\n\t<meta name=\"twitter:data1\" content=\"ulqini\" \/>\n\t<meta name=\"twitter:label2\" content=\"Est. reading time\" \/>\n\t<meta name=\"twitter:data2\" content=\"1 minute\" \/>\n<script type=\"application\/ld+json\" class=\"yoast-schema-graph\">{\"@context\":\"https:\/\/schema.org\",\"@graph\":[{\"@type\":\"WebSite\",\"@id\":\"https:\/\/www.visit-ulcinj.com\/blog\/#website\",\"url\":\"https:\/\/www.visit-ulcinj.com\/blog\/\",\"name\":\"Lajme nga Ulqini\",\"description\":\"Lajme,Vijesti,Ulqini,Ulqin,Crna Gora,Mali i Zi\",\"potentialAction\":[{\"@type\":\"SearchAction\",\"target\":{\"@type\":\"EntryPoint\",\"urlTemplate\":\"https:\/\/www.visit-ulcinj.com\/blog\/?s={search_term_string}\"},\"query-input\":\"required name=search_term_string\"}],\"inLanguage\":\"en-US\"},{\"@type\":\"ImageObject\",\"inLanguage\":\"en-US\",\"@id\":\"https:\/\/www.visit-ulcinj.com\/blog\/2009\/09\/13\/arta-arifi-nuk-jam-as-fanse-e-korabitlere-me-te-kem-dicka-me-te\/#primaryimage\",\"url\":\"http:\/\/www.visit-ulcinj.com\/blog\/wp-content\/uploads\/2009\/09\/Arta-Arifi.jpg\",\"contentUrl\":\"http:\/\/www.visit-ulcinj.com\/blog\/wp-content\/uploads\/2009\/09\/Arta-Arifi.jpg\"},{\"@type\":\"WebPage\",\"@id\":\"https:\/\/www.visit-ulcinj.com\/blog\/2009\/09\/13\/arta-arifi-nuk-jam-as-fanse-e-korabitlere-me-te-kem-dicka-me-te\/#webpage\",\"url\":\"https:\/\/www.visit-ulcinj.com\/blog\/2009\/09\/13\/arta-arifi-nuk-jam-as-fanse-e-korabitlere-me-te-kem-dicka-me-te\/\",\"name\":\"Arta Arifi: Nuk jam as fanse e Korabit,l\u00ebre m\u00eb t\u00eb kem di\u00e7ka me t\u00eb - Lajme nga Ulqini\",\"isPartOf\":{\"@id\":\"https:\/\/www.visit-ulcinj.com\/blog\/#website\"},\"primaryImageOfPage\":{\"@id\":\"https:\/\/www.visit-ulcinj.com\/blog\/2009\/09\/13\/arta-arifi-nuk-jam-as-fanse-e-korabitlere-me-te-kem-dicka-me-te\/#primaryimage\"},\"datePublished\":\"2009-09-13T13:00:19+00:00\",\"dateModified\":\"2009-09-13T13:00:19+00:00\",\"author\":{\"@id\":\"https:\/\/www.visit-ulcinj.com\/blog\/#\/schema\/person\/dcab619c614d3038751c63bc2aadc06d\"},\"description\":\"Nj\u00eb foto e p\u00ebrbashk\u00ebt e realizuar n\u00eb nj\u00eb dit\u00eblindje n\u00eb mes k\u00ebng\u00ebtarit Korab Shaqiri e modeles Arta Arifi ka ngjallur shum\u00eb reagime n\u00eb media. I pari dyshon\",\"breadcrumb\":{\"@id\":\"https:\/\/www.visit-ulcinj.com\/blog\/2009\/09\/13\/arta-arifi-nuk-jam-as-fanse-e-korabitlere-me-te-kem-dicka-me-te\/#breadcrumb\"},\"inLanguage\":\"en-US\",\"potentialAction\":[{\"@type\":\"ReadAction\",\"target\":[\"https:\/\/www.visit-ulcinj.com\/blog\/2009\/09\/13\/arta-arifi-nuk-jam-as-fanse-e-korabitlere-me-te-kem-dicka-me-te\/\"]}]},{\"@type\":\"BreadcrumbList\",\"@id\":\"https:\/\/www.visit-ulcinj.com\/blog\/2009\/09\/13\/arta-arifi-nuk-jam-as-fanse-e-korabitlere-me-te-kem-dicka-me-te\/#breadcrumb\",\"itemListElement\":[{\"@type\":\"ListItem\",\"position\":1,\"name\":\"Arta Arifi: Nuk jam as fanse e Korabit,l\u00ebre m\u00eb t\u00eb kem di\u00e7ka me t\u00eb\"}]},{\"@type\":\"Person\",\"@id\":\"https:\/\/www.visit-ulcinj.com\/blog\/#\/schema\/person\/dcab619c614d3038751c63bc2aadc06d\",\"name\":\"ulqini\",\"sameAs\":[\"http:\/\/www.visit-ulcinj.com\"],\"url\":\"https:\/\/www.visit-ulcinj.com\/blog\/author\/admin\/\"}]}<\/script>\n<!-- \/ Yoast SEO plugin. -->","yoast_head_json":{"title":"Arta Arifi: Nuk jam as fanse e Korabit,l\u00ebre m\u00eb t\u00eb kem di\u00e7ka me t\u00eb - Lajme nga Ulqini","description":"Nj\u00eb foto e p\u00ebrbashk\u00ebt e realizuar n\u00eb nj\u00eb dit\u00eblindje n\u00eb mes k\u00ebng\u00ebtarit Korab Shaqiri e modeles Arta Arifi ka ngjallur shum\u00eb reagime n\u00eb media. I pari dyshon","robots":{"index":"index","follow":"follow","max-snippet":"max-snippet:-1","max-image-preview":"max-image-preview:large","max-video-preview":"max-video-preview:-1"},"canonical":"https:\/\/www.visit-ulcinj.com\/blog\/2009\/09\/13\/arta-arifi-nuk-jam-as-fanse-e-korabitlere-me-te-kem-dicka-me-te\/","og_locale":"en_US","og_type":"article","og_title":"Arta Arifi: Nuk jam as fanse e Korabit,l\u00ebre m\u00eb t\u00eb kem di\u00e7ka me t\u00eb - Lajme nga Ulqini","og_description":"Nj\u00eb foto e p\u00ebrbashk\u00ebt e realizuar n\u00eb nj\u00eb dit\u00eblindje n\u00eb mes k\u00ebng\u00ebtarit Korab Shaqiri e modeles Arta Arifi ka ngjallur shum\u00eb reagime n\u00eb media. I pari dyshon","og_url":"https:\/\/www.visit-ulcinj.com\/blog\/2009\/09\/13\/arta-arifi-nuk-jam-as-fanse-e-korabitlere-me-te-kem-dicka-me-te\/","og_site_name":"Lajme nga Ulqini","article_published_time":"2009-09-13T13:00:19+00:00","og_image":[{"url":"https:\/\/www.visit-ulcinj.com\/blog\/wp-content\/uploads\/2009\/09\/Arta-Arifi-150x150.jpg"}],"twitter_misc":{"Written by":"ulqini","Est. reading time":"1 minute"},"schema":{"@context":"https:\/\/schema.org","@graph":[{"@type":"WebSite","@id":"https:\/\/www.visit-ulcinj.com\/blog\/#website","url":"https:\/\/www.visit-ulcinj.com\/blog\/","name":"Lajme nga Ulqini","description":"Lajme,Vijesti,Ulqini,Ulqin,Crna Gora,Mali i Zi","potentialAction":[{"@type":"SearchAction","target":{"@type":"EntryPoint","urlTemplate":"https:\/\/www.visit-ulcinj.com\/blog\/?s={search_term_string}"},"query-input":"required name=search_term_string"}],"inLanguage":"en-US"},{"@type":"ImageObject","inLanguage":"en-US","@id":"https:\/\/www.visit-ulcinj.com\/blog\/2009\/09\/13\/arta-arifi-nuk-jam-as-fanse-e-korabitlere-me-te-kem-dicka-me-te\/#primaryimage","url":"http:\/\/www.visit-ulcinj.com\/blog\/wp-content\/uploads\/2009\/09\/Arta-Arifi.jpg","contentUrl":"http:\/\/www.visit-ulcinj.com\/blog\/wp-content\/uploads\/2009\/09\/Arta-Arifi.jpg"},{"@type":"WebPage","@id":"https:\/\/www.visit-ulcinj.com\/blog\/2009\/09\/13\/arta-arifi-nuk-jam-as-fanse-e-korabitlere-me-te-kem-dicka-me-te\/#webpage","url":"https:\/\/www.visit-ulcinj.com\/blog\/2009\/09\/13\/arta-arifi-nuk-jam-as-fanse-e-korabitlere-me-te-kem-dicka-me-te\/","name":"Arta Arifi: Nuk jam as fanse e Korabit,l\u00ebre m\u00eb t\u00eb kem di\u00e7ka me t\u00eb - Lajme nga Ulqini","isPartOf":{"@id":"https:\/\/www.visit-ulcinj.com\/blog\/#website"},"primaryImageOfPage":{"@id":"https:\/\/www.visit-ulcinj.com\/blog\/2009\/09\/13\/arta-arifi-nuk-jam-as-fanse-e-korabitlere-me-te-kem-dicka-me-te\/#primaryimage"},"datePublished":"2009-09-13T13:00:19+00:00","dateModified":"2009-09-13T13:00:19+00:00","author":{"@id":"https:\/\/www.visit-ulcinj.com\/blog\/#\/schema\/person\/dcab619c614d3038751c63bc2aadc06d"},"description":"Nj\u00eb foto e p\u00ebrbashk\u00ebt e realizuar n\u00eb nj\u00eb dit\u00eblindje n\u00eb mes k\u00ebng\u00ebtarit Korab Shaqiri e modeles Arta Arifi ka ngjallur shum\u00eb reagime n\u00eb media. I pari dyshon","breadcrumb":{"@id":"https:\/\/www.visit-ulcinj.com\/blog\/2009\/09\/13\/arta-arifi-nuk-jam-as-fanse-e-korabitlere-me-te-kem-dicka-me-te\/#breadcrumb"},"inLanguage":"en-US","potentialAction":[{"@type":"ReadAction","target":["https:\/\/www.visit-ulcinj.com\/blog\/2009\/09\/13\/arta-arifi-nuk-jam-as-fanse-e-korabitlere-me-te-kem-dicka-me-te\/"]}]},{"@type":"BreadcrumbList","@id":"https:\/\/www.visit-ulcinj.com\/blog\/2009\/09\/13\/arta-arifi-nuk-jam-as-fanse-e-korabitlere-me-te-kem-dicka-me-te\/#breadcrumb","itemListElement":[{"@type":"ListItem","position":1,"name":"Arta Arifi: Nuk jam as fanse e Korabit,l\u00ebre m\u00eb t\u00eb kem di\u00e7ka me t\u00eb"}]},{"@type":"Person","@id":"https:\/\/www.visit-ulcinj.com\/blog\/#\/schema\/person\/dcab619c614d3038751c63bc2aadc06d","name":"ulqini","sameAs":["http:\/\/www.visit-ulcinj.com"],"url":"https:\/\/www.visit-ulcinj.com\/blog\/author\/admin\/"}]}},"jetpack_featured_media_url":"","jetpack_sharing_enabled":true,"jetpack_shortlink":"https:\/\/wp.me\/pe6lTn-6DX","_links":{"self":[{"href":"https:\/\/www.visit-ulcinj.com\/blog\/wp-json\/wp\/v2\/posts\/25541"}],"collection":[{"href":"https:\/\/www.visit-ulcinj.com\/blog\/wp-json\/wp\/v2\/posts"}],"about":[{"href":"https:\/\/www.visit-ulcinj.com\/blog\/wp-json\/wp\/v2\/types\/post"}],"author":[{"embeddable":true,"href":"https:\/\/www.visit-ulcinj.com\/blog\/wp-json\/wp\/v2\/users\/1"}],"replies":[{"embeddable":true,"href":"https:\/\/www.visit-ulcinj.com\/blog\/wp-json\/wp\/v2\/comments?post=25541"}],"version-history":[{"count":0,"href":"https:\/\/www.visit-ulcinj.com\/blog\/wp-json\/wp\/v2\/posts\/25541\/revisions"}],"wp:attachment":[{"href":"https:\/\/www.visit-ulcinj.com\/blog\/wp-json\/wp\/v2\/media?parent=25541"}],"wp:term":[{"taxonomy":"category","embeddable":true,"href":"https:\/\/www.visit-ulcinj.com\/blog\/wp-json\/wp\/v2\/categories?post=25541"},{"taxonomy":"post_tag","embeddable":true,"href":"https:\/\/www.visit-ulcinj.com\/blog\/wp-json\/wp\/v2\/tags?post=25541"}],"curies":[{"name":"wp","href":"https:\/\/api.w.org\/{rel}","templated":true}]}}