{"id":2555,"date":"2008-08-18T12:08:25","date_gmt":"2008-08-18T17:08:25","guid":{"rendered":"http:\/\/www.visit-ulcinj.com\/blog\/?p=2555"},"modified":"2008-08-18T12:13:04","modified_gmt":"2008-08-18T17:13:04","slug":"kumtese-per-opinion-e-ld-ne-mz","status":"publish","type":"post","link":"https:\/\/www.visit-ulcinj.com\/blog\/2008\/08\/18\/kumtese-per-opinion-e-ld-ne-mz\/","title":{"rendered":"Kumtes\u00eb p\u00ebr opinion e LD n\u00eb MZ"},"content":{"rendered":"<p><a href=\"http:\/\/www.visit-ulcinj.com\/blog\/wp-content\/uploads\/2008\/08\/ldmz_logo.jpg\"><img loading=\"lazy\" class=\"alignleft size-medium wp-image-2557\" title=\"ldmz_logo\" src=\"http:\/\/www.visit-ulcinj.com\/blog\/wp-content\/uploads\/2008\/08\/ldmz_logo.jpg\" alt=\"\" width=\"225\" height=\"227\" srcset=\"https:\/\/www.visit-ulcinj.com\/blog\/wp-content\/uploads\/2008\/08\/ldmz_logo.jpg 225w, https:\/\/www.visit-ulcinj.com\/blog\/wp-content\/uploads\/2008\/08\/ldmz_logo-150x150.jpg 150w\" sizes=\"(max-width: 225px) 100vw, 225px\" \/><\/a><strong>Me gabime nuk mund t\u00eb ndreqen gabimet<\/strong><br \/>\nAktgjykimet e shqiptuara n\u00eb Gjykat\u00ebn e Lart\u00eb n\u00eb Podgoric\u00eb kund\u00ebr t\u00eb pandehurve n\u00eb aksionin policor &#8220;Fluturimi i Shqiponj\u00ebs&#8221;, vet\u00ebm v\u00ebrteton dyshimet tona t\u00eb shprehura n\u00eb vazhdim\u00ebsi mbi pavar\u00ebsin\u00eb e gjyq\u00ebsis\u00eb dhe mbi procesin e montuar politikisht. Ndon\u00ebse duke ndjekur ecurin\u00eb e gjykimit p\u00ebrmes mediave, ka pasur raste kur kemi shpresuar se duke par\u00eb q\u00eb nuk ka prova, drejt\u00ebsia do t\u00eb triumfoj\u00eb, pakkush ka mundur tzi besoj\u00eb k\u00ebsaj, duke v\u00ebrejtur se kemi t\u00eb b\u00ebjm\u00eb me aktakuz\u00ebn e motivuar politikisht, gj\u00eb q\u00eb u d\u00ebshmua edhe me rastin e shqiptimit t\u00eb aktgjykimit t\u00eb shkall\u00ebs s\u00eb par\u00eb. Kjo d\u00ebshmoi at\u00eb p\u00ebr \u00e7ka kemi qen\u00eb t\u00eb bindur, se ky pushtet nuk \u00ebsht\u00eb i gatsh\u00ebm t\u00eb p\u00ebrballet me gabimet e veta. Me gabim nuk mund t\u00eb ndreqen gabimet, prandaj as me nj\u00eb aktgjykim t\u00eb k\u00ebtill\u00eb nuk mund t\u00eb arsyetohet brutaliteti i vet\u00eb aksionit dhe mosbazueshm\u00ebria e aktakuz\u00ebs dhe e aktgjykimit t\u00eb k\u00ebtill\u00eb. Mir\u00ebpo, ky proces vet\u00ebm m\u00eb pastaj duhet t\u00eb marr\u00eb &#8220;dimensionin e mir\u00ebfillt\u00eb juridik&#8221;, sepse rasti &#8220;Fluturimi i Shqiponj\u00ebs&#8221; p\u00ebrfundimisht vazhdon m\u00eb tutje dhe do t\u00eb jet\u00eb interesante t\u00eb shihet se si do ta interpretojn\u00eb njer\u00ebzit e k\u00ebtij profesioni arsyetimin e aktgjykimeve t\u00eb dh\u00ebna, n\u00eb baz\u00eb t\u00eb gjith\u00eb asaj q\u00eb \u00ebsht\u00eb &#8220;d\u00ebshmuar&#8221;. T\u00eb shohim se si njer\u00ebzit e zanatit dhe t\u00eb profesionit do tzi arsyetojn\u00eb dhe n\u00ebse do tzi arsyetojn\u00eb &#8220;provat nga ditari gjat\u00eb zhvillimit t\u00eb procesit&#8221;, q\u00eb ka qen\u00eb &#8220;prov\u00eb&#8221; kryesore e k\u00ebtij kolegji gjyq\u00ebsor, t\u00eb cilit p\u00ebr fat t\u00eb keq n\u00eb shkall\u00ebn e par\u00eb i mungoi guximi profesional, por d\u00ebshirojm\u00eb t\u00eb theksojm\u00eb se megjithat\u00eb, shikuar n\u00eb global, e ka zhvilluar mir\u00eb k\u00ebt\u00eb proces politik. Por, mosveprimi sipas &#8220;t\u00eb drejt\u00ebs hyjnore dhe t\u00eb drejt\u00ebs tok\u00ebsore&#8221; nuk i b\u00ebn sh\u00ebrbim t\u00eb mir\u00eb as pushtetit gjyq\u00ebsor, as shtetit t\u00eb Malit t\u00eb Zi.<br \/>\nProcesi i m\u00ebtutjesh\u00ebm, padyshim do t\u00eb tregoj\u00eb fatin e k\u00ebtyre aktgjykimeve, t\u00eb dh\u00ebna vet\u00ebm p\u00ebr t\u00eb d\u00ebshmuar bazueshm\u00ebrin\u00eb e veprimit t\u00eb pushtetit mbi qytetar\u00ebt e vet t\u00eb pafajsh\u00ebm, n\u00eb \u00e7zdrejtim v\u00ebrtet\u00eb nuk pat\u00ebn sukses. Synimi i regjimit t\u00eb k\u00ebtush\u00ebm q\u00eb shtetin juridik, drejt\u00ebsin\u00eb dhe p\u00ebrcaktimin p\u00ebr nd\u00ebrtimin e shoq\u00ebris\u00eb s\u00eb drejt\u00eb, kur kemi t\u00eb b\u00ebjm\u00eb me shqiptar\u00ebt dhe me disa \u00e7\u00ebshtje t\u00eb tjera m\u00eb t\u00eb par\u00ebnd\u00ebsishme, u d\u00ebshmua si i pasuksessh\u00ebm. P\u00ebr fat t\u00eb keq, gjyq\u00ebsia nuk d\u00ebshmohet me faktin se &#8220;tejkalohet afati&#8221; t\u00eb cilin e ka caktuar kryeministri si dat\u00eb t\u00eb p\u00ebrfundimit t\u00eb procesit, por me faktin q\u00eb t\u00eb jepen aktgjykime t\u00eb drejta dhe t\u00eb pavarura, t\u00eb bazuara n\u00eb drejt\u00ebsi. Sikurse edhe n\u00eb t\u00eb kaluar\u00ebn, rastet e ngjashme, sikur ky i tanishmi, vet\u00ebm nxjerrin n\u00eb sip\u00ebrfaqe var\u00ebsin\u00eb e sistemit t\u00eb jurisprudenc\u00ebs nga sistemi politik i Malit t\u00eb Zi, p\u00ebr \u00e7ka flitet haptas n\u00eb strukturat serioze relevante t\u00eb brendshme dhe nd\u00ebrkomb\u00ebtare.<\/p>\n<div style=\"width: 300px\" class=\"wp-caption alignright\"><a href=\"http:\/\/www.kohajavore.cg.yu\/slike\/1219043750.jpg\"><img loading=\"lazy\" title=\"aksionin policor Fluturimi i Shqiponj\u00ebs\" src=\"http:\/\/www.kohajavore.cg.yu\/slike\/1219043750.jpg\" alt=\"aksionin policor Fluturimi i Shqiponj\u00ebs\" width=\"290\" height=\"218\" \/><\/a><p class=\"wp-caption-text\">Aksionin policor &quot;Fluturimi i Shqiponj\u00ebs&quot;<\/p><\/div>\n<p>Opinioni publik i Malit t\u00eb Zi, si dhe opinioni i gjer\u00eb profesional dhe politik nd\u00ebrkomb\u00ebtar, kryesisht ka dh\u00ebn\u00eb edhe gjykimin e vet dhe padyshim se do ta jap\u00eb edhe tutje, p\u00ebrderisa t\u00eb mos konstatohet e v\u00ebrteta e mir\u00ebfillt\u00eb mbi k\u00ebt\u00eb aksion t\u00eb ngjyrosur politikisht mbi motivet dhe urdh\u00ebrdh\u00ebn\u00ebsit e tij.<br \/>\nLD n\u00eb MZ do t\u00eb ndjek\u00eb edhe tutje me v\u00ebmendje t\u00eb gjitha ndodhit\u00eb rreth k\u00ebtij procesi, i cili do t\u00eb marr\u00eb epilogun e vet n\u00eb instancat m\u00eb t\u00eb larta gjyq\u00ebsore t\u00eb vendit, e ndoshta edhe t\u00eb huaja, me d\u00ebshir\u00eb q\u00eb ky t\u00eb jet\u00eb procesi i fundit gjyq\u00ebsor politiko-policor i montuar n\u00eb Mal t\u00eb Zi, n\u00eb drejtim t\u00eb demokratizimit p\u00ebrfundimtar t\u00eb shoq\u00ebris\u00eb t\u00eb cil\u00ebs i takojm\u00eb.<br \/>\n<strong>Autor \/ Nikoll\u00eb Camaj<br \/>\nBurimi \/ Koha Javore<\/strong><\/p>\n","protected":false},"excerpt":{"rendered":"<p><img loading=\"lazy\" class=\"alignleft size-medium wp-image-2557\" title=\"ldmz_logo\" src=\"http:\/\/www.visit-ulcinj.com\/blog\/wp-content\/uploads\/2008\/08\/ldmz_logo.jpg\" alt=\"\" width=\"140\" height=\"140\" srcset=\"https:\/\/www.visit-ulcinj.com\/blog\/wp-content\/uploads\/2008\/08\/ldmz_logo.jpg 225w, https:\/\/www.visit-ulcinj.com\/blog\/wp-content\/uploads\/2008\/08\/ldmz_logo-150x150.jpg 150w\" sizes=\"(max-width: 140px) 100vw, 140px\" \/><\/p>\n","protected":false},"author":1,"featured_media":0,"comment_status":"open","ping_status":"closed","sticky":false,"template":"","format":"standard","meta":{"spay_email":"","jetpack_publicize_message":"","jetpack_is_tweetstorm":false,"jetpack_publicize_feature_enabled":true},"categories":[1,12],"tags":[4375,189,2450],"jetpack_publicize_connections":[],"yoast_head":"<!-- This site is optimized with the Yoast SEO plugin v19.1 - https:\/\/yoast.com\/wordpress\/plugins\/seo\/ -->\n<title>Kumtes\u00eb p\u00ebr opinion e LD n\u00eb MZ - Lajme nga Ulqini<\/title>\n<meta name=\"robots\" content=\"index, follow, max-snippet:-1, max-image-preview:large, max-video-preview:-1\" \/>\n<link rel=\"canonical\" href=\"https:\/\/www.visit-ulcinj.com\/blog\/2008\/08\/18\/kumtese-per-opinion-e-ld-ne-mz\/\" \/>\n<meta property=\"og:locale\" content=\"en_US\" \/>\n<meta property=\"og:type\" content=\"article\" \/>\n<meta property=\"og:title\" content=\"Kumtes\u00eb p\u00ebr opinion e LD n\u00eb MZ - Lajme nga Ulqini\" \/>\n<meta property=\"og:url\" content=\"https:\/\/www.visit-ulcinj.com\/blog\/2008\/08\/18\/kumtese-per-opinion-e-ld-ne-mz\/\" \/>\n<meta property=\"og:site_name\" content=\"Lajme nga Ulqini\" \/>\n<meta property=\"article:published_time\" content=\"2008-08-18T17:08:25+00:00\" \/>\n<meta property=\"article:modified_time\" content=\"2008-08-18T17:13:04+00:00\" \/>\n<meta property=\"og:image\" content=\"http:\/\/www.visit-ulcinj.com\/blog\/wp-content\/uploads\/2008\/08\/ldmz_logo.jpg\" \/>\n<meta name=\"twitter:label1\" content=\"Written by\" \/>\n\t<meta name=\"twitter:data1\" content=\"ulqini\" \/>\n\t<meta name=\"twitter:label2\" content=\"Est. reading time\" \/>\n\t<meta name=\"twitter:data2\" content=\"3 minutes\" \/>\n<script type=\"application\/ld+json\" class=\"yoast-schema-graph\">{\"@context\":\"https:\/\/schema.org\",\"@graph\":[{\"@type\":\"WebSite\",\"@id\":\"https:\/\/www.visit-ulcinj.com\/blog\/#website\",\"url\":\"https:\/\/www.visit-ulcinj.com\/blog\/\",\"name\":\"Lajme nga Ulqini\",\"description\":\"Lajme,Vijesti,Ulqini,Ulqin,Crna Gora,Mali i Zi\",\"potentialAction\":[{\"@type\":\"SearchAction\",\"target\":{\"@type\":\"EntryPoint\",\"urlTemplate\":\"https:\/\/www.visit-ulcinj.com\/blog\/?s={search_term_string}\"},\"query-input\":\"required name=search_term_string\"}],\"inLanguage\":\"en-US\"},{\"@type\":\"ImageObject\",\"inLanguage\":\"en-US\",\"@id\":\"https:\/\/www.visit-ulcinj.com\/blog\/2008\/08\/18\/kumtese-per-opinion-e-ld-ne-mz\/#primaryimage\",\"url\":\"http:\/\/www.visit-ulcinj.com\/blog\/wp-content\/uploads\/2008\/08\/ldmz_logo.jpg\",\"contentUrl\":\"http:\/\/www.visit-ulcinj.com\/blog\/wp-content\/uploads\/2008\/08\/ldmz_logo.jpg\"},{\"@type\":\"WebPage\",\"@id\":\"https:\/\/www.visit-ulcinj.com\/blog\/2008\/08\/18\/kumtese-per-opinion-e-ld-ne-mz\/#webpage\",\"url\":\"https:\/\/www.visit-ulcinj.com\/blog\/2008\/08\/18\/kumtese-per-opinion-e-ld-ne-mz\/\",\"name\":\"Kumtes\u00eb p\u00ebr opinion e LD n\u00eb MZ - Lajme nga Ulqini\",\"isPartOf\":{\"@id\":\"https:\/\/www.visit-ulcinj.com\/blog\/#website\"},\"primaryImageOfPage\":{\"@id\":\"https:\/\/www.visit-ulcinj.com\/blog\/2008\/08\/18\/kumtese-per-opinion-e-ld-ne-mz\/#primaryimage\"},\"datePublished\":\"2008-08-18T17:08:25+00:00\",\"dateModified\":\"2008-08-18T17:13:04+00:00\",\"author\":{\"@id\":\"https:\/\/www.visit-ulcinj.com\/blog\/#\/schema\/person\/dcab619c614d3038751c63bc2aadc06d\"},\"breadcrumb\":{\"@id\":\"https:\/\/www.visit-ulcinj.com\/blog\/2008\/08\/18\/kumtese-per-opinion-e-ld-ne-mz\/#breadcrumb\"},\"inLanguage\":\"en-US\",\"potentialAction\":[{\"@type\":\"ReadAction\",\"target\":[\"https:\/\/www.visit-ulcinj.com\/blog\/2008\/08\/18\/kumtese-per-opinion-e-ld-ne-mz\/\"]}]},{\"@type\":\"BreadcrumbList\",\"@id\":\"https:\/\/www.visit-ulcinj.com\/blog\/2008\/08\/18\/kumtese-per-opinion-e-ld-ne-mz\/#breadcrumb\",\"itemListElement\":[{\"@type\":\"ListItem\",\"position\":1,\"name\":\"Kumtes\u00eb p\u00ebr opinion e LD n\u00eb MZ\"}]},{\"@type\":\"Person\",\"@id\":\"https:\/\/www.visit-ulcinj.com\/blog\/#\/schema\/person\/dcab619c614d3038751c63bc2aadc06d\",\"name\":\"ulqini\",\"sameAs\":[\"http:\/\/www.visit-ulcinj.com\"],\"url\":\"https:\/\/www.visit-ulcinj.com\/blog\/author\/admin\/\"}]}<\/script>\n<!-- \/ Yoast SEO plugin. -->","yoast_head_json":{"title":"Kumtes\u00eb p\u00ebr opinion e LD n\u00eb MZ - Lajme nga Ulqini","robots":{"index":"index","follow":"follow","max-snippet":"max-snippet:-1","max-image-preview":"max-image-preview:large","max-video-preview":"max-video-preview:-1"},"canonical":"https:\/\/www.visit-ulcinj.com\/blog\/2008\/08\/18\/kumtese-per-opinion-e-ld-ne-mz\/","og_locale":"en_US","og_type":"article","og_title":"Kumtes\u00eb p\u00ebr opinion e LD n\u00eb MZ - Lajme nga Ulqini","og_url":"https:\/\/www.visit-ulcinj.com\/blog\/2008\/08\/18\/kumtese-per-opinion-e-ld-ne-mz\/","og_site_name":"Lajme nga Ulqini","article_published_time":"2008-08-18T17:08:25+00:00","article_modified_time":"2008-08-18T17:13:04+00:00","og_image":[{"url":"http:\/\/www.visit-ulcinj.com\/blog\/wp-content\/uploads\/2008\/08\/ldmz_logo.jpg"}],"twitter_misc":{"Written by":"ulqini","Est. reading time":"3 minutes"},"schema":{"@context":"https:\/\/schema.org","@graph":[{"@type":"WebSite","@id":"https:\/\/www.visit-ulcinj.com\/blog\/#website","url":"https:\/\/www.visit-ulcinj.com\/blog\/","name":"Lajme nga Ulqini","description":"Lajme,Vijesti,Ulqini,Ulqin,Crna Gora,Mali i Zi","potentialAction":[{"@type":"SearchAction","target":{"@type":"EntryPoint","urlTemplate":"https:\/\/www.visit-ulcinj.com\/blog\/?s={search_term_string}"},"query-input":"required name=search_term_string"}],"inLanguage":"en-US"},{"@type":"ImageObject","inLanguage":"en-US","@id":"https:\/\/www.visit-ulcinj.com\/blog\/2008\/08\/18\/kumtese-per-opinion-e-ld-ne-mz\/#primaryimage","url":"http:\/\/www.visit-ulcinj.com\/blog\/wp-content\/uploads\/2008\/08\/ldmz_logo.jpg","contentUrl":"http:\/\/www.visit-ulcinj.com\/blog\/wp-content\/uploads\/2008\/08\/ldmz_logo.jpg"},{"@type":"WebPage","@id":"https:\/\/www.visit-ulcinj.com\/blog\/2008\/08\/18\/kumtese-per-opinion-e-ld-ne-mz\/#webpage","url":"https:\/\/www.visit-ulcinj.com\/blog\/2008\/08\/18\/kumtese-per-opinion-e-ld-ne-mz\/","name":"Kumtes\u00eb p\u00ebr opinion e LD n\u00eb MZ - Lajme nga Ulqini","isPartOf":{"@id":"https:\/\/www.visit-ulcinj.com\/blog\/#website"},"primaryImageOfPage":{"@id":"https:\/\/www.visit-ulcinj.com\/blog\/2008\/08\/18\/kumtese-per-opinion-e-ld-ne-mz\/#primaryimage"},"datePublished":"2008-08-18T17:08:25+00:00","dateModified":"2008-08-18T17:13:04+00:00","author":{"@id":"https:\/\/www.visit-ulcinj.com\/blog\/#\/schema\/person\/dcab619c614d3038751c63bc2aadc06d"},"breadcrumb":{"@id":"https:\/\/www.visit-ulcinj.com\/blog\/2008\/08\/18\/kumtese-per-opinion-e-ld-ne-mz\/#breadcrumb"},"inLanguage":"en-US","potentialAction":[{"@type":"ReadAction","target":["https:\/\/www.visit-ulcinj.com\/blog\/2008\/08\/18\/kumtese-per-opinion-e-ld-ne-mz\/"]}]},{"@type":"BreadcrumbList","@id":"https:\/\/www.visit-ulcinj.com\/blog\/2008\/08\/18\/kumtese-per-opinion-e-ld-ne-mz\/#breadcrumb","itemListElement":[{"@type":"ListItem","position":1,"name":"Kumtes\u00eb p\u00ebr opinion e LD n\u00eb MZ"}]},{"@type":"Person","@id":"https:\/\/www.visit-ulcinj.com\/blog\/#\/schema\/person\/dcab619c614d3038751c63bc2aadc06d","name":"ulqini","sameAs":["http:\/\/www.visit-ulcinj.com"],"url":"https:\/\/www.visit-ulcinj.com\/blog\/author\/admin\/"}]}},"jetpack_featured_media_url":"","jetpack_sharing_enabled":true,"jetpack_shortlink":"https:\/\/wp.me\/pe6lTn-Fd","_links":{"self":[{"href":"https:\/\/www.visit-ulcinj.com\/blog\/wp-json\/wp\/v2\/posts\/2555"}],"collection":[{"href":"https:\/\/www.visit-ulcinj.com\/blog\/wp-json\/wp\/v2\/posts"}],"about":[{"href":"https:\/\/www.visit-ulcinj.com\/blog\/wp-json\/wp\/v2\/types\/post"}],"author":[{"embeddable":true,"href":"https:\/\/www.visit-ulcinj.com\/blog\/wp-json\/wp\/v2\/users\/1"}],"replies":[{"embeddable":true,"href":"https:\/\/www.visit-ulcinj.com\/blog\/wp-json\/wp\/v2\/comments?post=2555"}],"version-history":[{"count":0,"href":"https:\/\/www.visit-ulcinj.com\/blog\/wp-json\/wp\/v2\/posts\/2555\/revisions"}],"wp:attachment":[{"href":"https:\/\/www.visit-ulcinj.com\/blog\/wp-json\/wp\/v2\/media?parent=2555"}],"wp:term":[{"taxonomy":"category","embeddable":true,"href":"https:\/\/www.visit-ulcinj.com\/blog\/wp-json\/wp\/v2\/categories?post=2555"},{"taxonomy":"post_tag","embeddable":true,"href":"https:\/\/www.visit-ulcinj.com\/blog\/wp-json\/wp\/v2\/tags?post=2555"}],"curies":[{"name":"wp","href":"https:\/\/api.w.org\/{rel}","templated":true}]}}