{"id":25576,"date":"2009-09-14T16:53:26","date_gmt":"2009-09-14T14:53:26","guid":{"rendered":"http:\/\/www.visit-ulcinj.com\/blog\/?p=25576"},"modified":"2009-09-14T16:53:26","modified_gmt":"2009-09-14T14:53:26","slug":"shtyhet-tenderi-per-dorezimin-e-ofertave-per-nht-%e2%80%9criviera-e-ulqinit%e2%80%9d","status":"publish","type":"post","link":"https:\/\/www.visit-ulcinj.com\/blog\/2009\/09\/14\/shtyhet-tenderi-per-dorezimin-e-ofertave-per-nht-%e2%80%9criviera-e-ulqinit%e2%80%9d\/","title":{"rendered":"Shtyhet tenderi p\u00ebr dor\u00ebzimin e ofertave p\u00ebr NHT \u201cRiviera e Ulqinit\u201d"},"content":{"rendered":"<p><strong><a href=\"http:\/\/www.visit-ulcinj.com\/blog\/wp-content\/uploads\/2009\/09\/Tender_NHT-_Riviera-e-Ulqinit.jpg\"><img loading=\"lazy\" class=\"alignleft size-full wp-image-25577\" title=\"Tender_NHT _Riviera e Ulqinit\" src=\"http:\/\/www.visit-ulcinj.com\/blog\/wp-content\/uploads\/2009\/09\/Tender_NHT-_Riviera-e-Ulqinit.jpg\" alt=\"Tender_NHT _Riviera e Ulqinit\" width=\"580\" height=\"400\" \/><\/a>Afati deri m\u00eb 23 tetor<\/strong><br \/>\nPodgoric\u00eb \u2013 Agjencia p\u00ebr Ristrukturimin e Ekonomis\u00eb dhe Investimeve t\u00eb Huaja ka shtyer deri m\u00eb 23 tetor afatin p\u00ebr d\u00ebrgimin e ofertave p\u00ebr blerjen e 60.73 p\u00ebr qind t\u00eb aksioneve t\u00eb NHT \u201cRiviera e Ulqinit\u201d.<br \/>\nK\u00ebrkesat p\u00ebr blerjen e dokumentacionit t\u00eb tenderit, me \u00e7mim prej 10 mij\u00eb eurosh, mund t\u00eb dor\u00ebzohen deri m\u00eb 22 tetor, nd\u00ebrsa bler\u00ebsit e interesuar n\u00eb nd\u00ebrkoh\u00eb mund t\u00eb vizitojn\u00eb kompanin\u00eb dhe dhom\u00ebn me t\u00eb dh\u00ebna.<br \/>\nTenderi \u00ebsht\u00eb hapur m\u00eb 8 qershor, nd\u00ebrsa afati paraprak p\u00ebr dor\u00ebzimin e ofertave ka qen\u00eb 8 shtatori.<br \/>\nPjes\u00ebmarr\u00ebsit n\u00eb tender mund t\u00eb formojn\u00eb konzorciumin me kompanit\u00eb e tjera para apo pas blerjes s\u00eb dokumentacionit t\u00eb tenderit.<br \/>\nPronar\u00eb t\u00eb aksioneve t\u00eb NHT \u201cRiviera e Ulqinit\u201d t\u00eb cilat shiten jan\u00eb Fondi i Sigurimit Pensionist dhe Invalidor, i cili ka 24.18 p\u00ebr qind t\u00eb aksioneve, Fondi p\u00ebr Zhvillim 18.79 p\u00ebr qind, Qeveria e Malit t\u00eb Zi 9.7 p\u00ebr qind dhe Enti p\u00ebr Pun\u00ebsim 8.06 p\u00ebr qind.<br \/>\nVlera nominale e kapitalit t\u00eb NHT \u201cRiviera e Ulqinit\u201d, sipas t\u00eb dh\u00ebnave t\u00eb azhurnuara t\u00eb Agjencis\u00eb Qendrore t\u00eb Depozitimit, \u00ebsht\u00eb 62.99 milion\u00eb euro.<br \/>\nKapitali i kompanis\u00eb \u00ebsht\u00eb i ndar\u00eb n\u00eb 1.59 milion\u00eb aksione, me vler\u00eb nominale 39.5 euro.<\/p>\n<p><strong>Kohapress<br \/>\n<\/strong><strong>[flv width=&#8221;580&#8243; height=&#8221;400&#8243;]http:\/\/www.velikaplaza.info\/gallery\/video\/stream.php?f=Velika_Plaza_movie_Jan_2009.flv[\/flv]<\/strong><\/p>\n","protected":false},"excerpt":{"rendered":"<p>Afati deri m\u00eb 23 tetor Podgoric\u00eb \u2013 Agjencia p\u00ebr Ristrukturimin e Ekonomis\u00eb dhe Investimeve t\u00eb Huaja ka shtyer deri m\u00eb 23 tetor afatin p\u00ebr d\u00ebrgimin e ofertave p\u00ebr blerjen e 60.73 p\u00ebr qind t\u00eb aksioneve t\u00eb NHT \u201cRiviera e Ulqinit\u201d. K\u00ebrkesat p\u00ebr blerjen e dokumentacionit t\u00eb tenderit, me \u00e7mim prej 10 mij\u00eb eurosh, mund t\u00eb [&hellip;]<\/p>\n","protected":false},"author":1,"featured_media":0,"comment_status":"open","ping_status":"closed","sticky":false,"template":"","format":"standard","meta":{"spay_email":"","jetpack_publicize_message":"","jetpack_is_tweetstorm":false,"jetpack_publicize_feature_enabled":true},"categories":[10],"tags":[11191,12447],"jetpack_publicize_connections":[],"yoast_head":"<!-- This site is optimized with the Yoast SEO plugin v19.1 - https:\/\/yoast.com\/wordpress\/plugins\/seo\/ -->\n<title>Shtyhet tenderi p\u00ebr dor\u00ebzimin e ofertave p\u00ebr NHT \u201cRiviera e Ulqinit\u201d - Lajme nga Ulqini<\/title>\n<meta name=\"description\" content=\"Afati deri m\u00eb 23 tetor Podgoric\u00eb \u2013 Agjencia p\u00ebr Ristrukturimin e Ekonomis\u00eb dhe Investimeve t\u00eb Huaja ka shtyer deri m\u00eb 23 tetor afatin p\u00ebr d\u00ebrgimin e\" \/>\n<meta name=\"robots\" content=\"index, follow, max-snippet:-1, max-image-preview:large, max-video-preview:-1\" \/>\n<link rel=\"canonical\" href=\"https:\/\/www.visit-ulcinj.com\/blog\/2009\/09\/14\/shtyhet-tenderi-per-dorezimin-e-ofertave-per-nht-\u201criviera-e-ulqinit\u201d\/\" \/>\n<meta property=\"og:locale\" content=\"en_US\" \/>\n<meta property=\"og:type\" content=\"article\" \/>\n<meta property=\"og:title\" content=\"Shtyhet tenderi p\u00ebr dor\u00ebzimin e ofertave p\u00ebr NHT \u201cRiviera e Ulqinit\u201d - Lajme nga Ulqini\" \/>\n<meta property=\"og:description\" content=\"Afati deri m\u00eb 23 tetor Podgoric\u00eb \u2013 Agjencia p\u00ebr Ristrukturimin e Ekonomis\u00eb dhe Investimeve t\u00eb Huaja ka shtyer deri m\u00eb 23 tetor afatin p\u00ebr d\u00ebrgimin e\" \/>\n<meta property=\"og:url\" content=\"https:\/\/www.visit-ulcinj.com\/blog\/2009\/09\/14\/shtyhet-tenderi-per-dorezimin-e-ofertave-per-nht-\u201criviera-e-ulqinit\u201d\/\" \/>\n<meta property=\"og:site_name\" content=\"Lajme nga Ulqini\" \/>\n<meta property=\"article:published_time\" content=\"2009-09-14T14:53:26+00:00\" \/>\n<meta property=\"og:image\" content=\"http:\/\/www.visit-ulcinj.com\/blog\/wp-content\/uploads\/2009\/09\/Tender_NHT-_Riviera-e-Ulqinit.jpg\" \/>\n<meta name=\"twitter:label1\" content=\"Written by\" \/>\n\t<meta name=\"twitter:data1\" content=\"ulqini\" \/>\n\t<meta name=\"twitter:label2\" content=\"Est. reading time\" \/>\n\t<meta name=\"twitter:data2\" content=\"1 minute\" \/>\n<script type=\"application\/ld+json\" class=\"yoast-schema-graph\">{\"@context\":\"https:\/\/schema.org\",\"@graph\":[{\"@type\":\"WebSite\",\"@id\":\"https:\/\/www.visit-ulcinj.com\/blog\/#website\",\"url\":\"https:\/\/www.visit-ulcinj.com\/blog\/\",\"name\":\"Lajme nga Ulqini\",\"description\":\"Lajme,Vijesti,Ulqini,Ulqin,Crna Gora,Mali i Zi\",\"potentialAction\":[{\"@type\":\"SearchAction\",\"target\":{\"@type\":\"EntryPoint\",\"urlTemplate\":\"https:\/\/www.visit-ulcinj.com\/blog\/?s={search_term_string}\"},\"query-input\":\"required name=search_term_string\"}],\"inLanguage\":\"en-US\"},{\"@type\":\"ImageObject\",\"inLanguage\":\"en-US\",\"@id\":\"https:\/\/www.visit-ulcinj.com\/blog\/2009\/09\/14\/shtyhet-tenderi-per-dorezimin-e-ofertave-per-nht-%e2%80%9criviera-e-ulqinit%e2%80%9d\/#primaryimage\",\"url\":\"https:\/\/www.visit-ulcinj.com\/blog\/wp-content\/uploads\/2009\/09\/Tender_NHT-_Riviera-e-Ulqinit.jpg\",\"contentUrl\":\"https:\/\/www.visit-ulcinj.com\/blog\/wp-content\/uploads\/2009\/09\/Tender_NHT-_Riviera-e-Ulqinit.jpg\",\"width\":\"800\",\"height\":\"400\"},{\"@type\":\"WebPage\",\"@id\":\"https:\/\/www.visit-ulcinj.com\/blog\/2009\/09\/14\/shtyhet-tenderi-per-dorezimin-e-ofertave-per-nht-%e2%80%9criviera-e-ulqinit%e2%80%9d\/#webpage\",\"url\":\"https:\/\/www.visit-ulcinj.com\/blog\/2009\/09\/14\/shtyhet-tenderi-per-dorezimin-e-ofertave-per-nht-%e2%80%9criviera-e-ulqinit%e2%80%9d\/\",\"name\":\"Shtyhet tenderi p\u00ebr dor\u00ebzimin e ofertave p\u00ebr NHT \u201cRiviera e Ulqinit\u201d - Lajme nga Ulqini\",\"isPartOf\":{\"@id\":\"https:\/\/www.visit-ulcinj.com\/blog\/#website\"},\"primaryImageOfPage\":{\"@id\":\"https:\/\/www.visit-ulcinj.com\/blog\/2009\/09\/14\/shtyhet-tenderi-per-dorezimin-e-ofertave-per-nht-%e2%80%9criviera-e-ulqinit%e2%80%9d\/#primaryimage\"},\"datePublished\":\"2009-09-14T14:53:26+00:00\",\"dateModified\":\"2009-09-14T14:53:26+00:00\",\"author\":{\"@id\":\"https:\/\/www.visit-ulcinj.com\/blog\/#\/schema\/person\/dcab619c614d3038751c63bc2aadc06d\"},\"description\":\"Afati deri m\u00eb 23 tetor Podgoric\u00eb \u2013 Agjencia p\u00ebr Ristrukturimin e Ekonomis\u00eb dhe Investimeve t\u00eb Huaja ka shtyer deri m\u00eb 23 tetor afatin p\u00ebr d\u00ebrgimin e\",\"breadcrumb\":{\"@id\":\"https:\/\/www.visit-ulcinj.com\/blog\/2009\/09\/14\/shtyhet-tenderi-per-dorezimin-e-ofertave-per-nht-%e2%80%9criviera-e-ulqinit%e2%80%9d\/#breadcrumb\"},\"inLanguage\":\"en-US\",\"potentialAction\":[{\"@type\":\"ReadAction\",\"target\":[\"https:\/\/www.visit-ulcinj.com\/blog\/2009\/09\/14\/shtyhet-tenderi-per-dorezimin-e-ofertave-per-nht-%e2%80%9criviera-e-ulqinit%e2%80%9d\/\"]}]},{\"@type\":\"BreadcrumbList\",\"@id\":\"https:\/\/www.visit-ulcinj.com\/blog\/2009\/09\/14\/shtyhet-tenderi-per-dorezimin-e-ofertave-per-nht-%e2%80%9criviera-e-ulqinit%e2%80%9d\/#breadcrumb\",\"itemListElement\":[{\"@type\":\"ListItem\",\"position\":1,\"name\":\"Shtyhet tenderi p\u00ebr dor\u00ebzimin e ofertave p\u00ebr NHT \u201cRiviera e Ulqinit\u201d\"}]},{\"@type\":\"Person\",\"@id\":\"https:\/\/www.visit-ulcinj.com\/blog\/#\/schema\/person\/dcab619c614d3038751c63bc2aadc06d\",\"name\":\"ulqini\",\"sameAs\":[\"http:\/\/www.visit-ulcinj.com\"],\"url\":\"https:\/\/www.visit-ulcinj.com\/blog\/author\/admin\/\"}]}<\/script>\n<!-- \/ Yoast SEO plugin. -->","yoast_head_json":{"title":"Shtyhet tenderi p\u00ebr dor\u00ebzimin e ofertave p\u00ebr NHT \u201cRiviera e Ulqinit\u201d - Lajme nga Ulqini","description":"Afati deri m\u00eb 23 tetor Podgoric\u00eb \u2013 Agjencia p\u00ebr Ristrukturimin e Ekonomis\u00eb dhe Investimeve t\u00eb Huaja ka shtyer deri m\u00eb 23 tetor afatin p\u00ebr d\u00ebrgimin e","robots":{"index":"index","follow":"follow","max-snippet":"max-snippet:-1","max-image-preview":"max-image-preview:large","max-video-preview":"max-video-preview:-1"},"canonical":"https:\/\/www.visit-ulcinj.com\/blog\/2009\/09\/14\/shtyhet-tenderi-per-dorezimin-e-ofertave-per-nht-\u201criviera-e-ulqinit\u201d\/","og_locale":"en_US","og_type":"article","og_title":"Shtyhet tenderi p\u00ebr dor\u00ebzimin e ofertave p\u00ebr NHT \u201cRiviera e Ulqinit\u201d - Lajme nga Ulqini","og_description":"Afati deri m\u00eb 23 tetor Podgoric\u00eb \u2013 Agjencia p\u00ebr Ristrukturimin e Ekonomis\u00eb dhe Investimeve t\u00eb Huaja ka shtyer deri m\u00eb 23 tetor afatin p\u00ebr d\u00ebrgimin e","og_url":"https:\/\/www.visit-ulcinj.com\/blog\/2009\/09\/14\/shtyhet-tenderi-per-dorezimin-e-ofertave-per-nht-\u201criviera-e-ulqinit\u201d\/","og_site_name":"Lajme nga Ulqini","article_published_time":"2009-09-14T14:53:26+00:00","og_image":[{"url":"http:\/\/www.visit-ulcinj.com\/blog\/wp-content\/uploads\/2009\/09\/Tender_NHT-_Riviera-e-Ulqinit.jpg"}],"twitter_misc":{"Written by":"ulqini","Est. reading time":"1 minute"},"schema":{"@context":"https:\/\/schema.org","@graph":[{"@type":"WebSite","@id":"https:\/\/www.visit-ulcinj.com\/blog\/#website","url":"https:\/\/www.visit-ulcinj.com\/blog\/","name":"Lajme nga Ulqini","description":"Lajme,Vijesti,Ulqini,Ulqin,Crna Gora,Mali i Zi","potentialAction":[{"@type":"SearchAction","target":{"@type":"EntryPoint","urlTemplate":"https:\/\/www.visit-ulcinj.com\/blog\/?s={search_term_string}"},"query-input":"required name=search_term_string"}],"inLanguage":"en-US"},{"@type":"ImageObject","inLanguage":"en-US","@id":"https:\/\/www.visit-ulcinj.com\/blog\/2009\/09\/14\/shtyhet-tenderi-per-dorezimin-e-ofertave-per-nht-%e2%80%9criviera-e-ulqinit%e2%80%9d\/#primaryimage","url":"https:\/\/www.visit-ulcinj.com\/blog\/wp-content\/uploads\/2009\/09\/Tender_NHT-_Riviera-e-Ulqinit.jpg","contentUrl":"https:\/\/www.visit-ulcinj.com\/blog\/wp-content\/uploads\/2009\/09\/Tender_NHT-_Riviera-e-Ulqinit.jpg","width":"800","height":"400"},{"@type":"WebPage","@id":"https:\/\/www.visit-ulcinj.com\/blog\/2009\/09\/14\/shtyhet-tenderi-per-dorezimin-e-ofertave-per-nht-%e2%80%9criviera-e-ulqinit%e2%80%9d\/#webpage","url":"https:\/\/www.visit-ulcinj.com\/blog\/2009\/09\/14\/shtyhet-tenderi-per-dorezimin-e-ofertave-per-nht-%e2%80%9criviera-e-ulqinit%e2%80%9d\/","name":"Shtyhet tenderi p\u00ebr dor\u00ebzimin e ofertave p\u00ebr NHT \u201cRiviera e Ulqinit\u201d - Lajme nga Ulqini","isPartOf":{"@id":"https:\/\/www.visit-ulcinj.com\/blog\/#website"},"primaryImageOfPage":{"@id":"https:\/\/www.visit-ulcinj.com\/blog\/2009\/09\/14\/shtyhet-tenderi-per-dorezimin-e-ofertave-per-nht-%e2%80%9criviera-e-ulqinit%e2%80%9d\/#primaryimage"},"datePublished":"2009-09-14T14:53:26+00:00","dateModified":"2009-09-14T14:53:26+00:00","author":{"@id":"https:\/\/www.visit-ulcinj.com\/blog\/#\/schema\/person\/dcab619c614d3038751c63bc2aadc06d"},"description":"Afati deri m\u00eb 23 tetor Podgoric\u00eb \u2013 Agjencia p\u00ebr Ristrukturimin e Ekonomis\u00eb dhe Investimeve t\u00eb Huaja ka shtyer deri m\u00eb 23 tetor afatin p\u00ebr d\u00ebrgimin e","breadcrumb":{"@id":"https:\/\/www.visit-ulcinj.com\/blog\/2009\/09\/14\/shtyhet-tenderi-per-dorezimin-e-ofertave-per-nht-%e2%80%9criviera-e-ulqinit%e2%80%9d\/#breadcrumb"},"inLanguage":"en-US","potentialAction":[{"@type":"ReadAction","target":["https:\/\/www.visit-ulcinj.com\/blog\/2009\/09\/14\/shtyhet-tenderi-per-dorezimin-e-ofertave-per-nht-%e2%80%9criviera-e-ulqinit%e2%80%9d\/"]}]},{"@type":"BreadcrumbList","@id":"https:\/\/www.visit-ulcinj.com\/blog\/2009\/09\/14\/shtyhet-tenderi-per-dorezimin-e-ofertave-per-nht-%e2%80%9criviera-e-ulqinit%e2%80%9d\/#breadcrumb","itemListElement":[{"@type":"ListItem","position":1,"name":"Shtyhet tenderi p\u00ebr dor\u00ebzimin e ofertave p\u00ebr NHT \u201cRiviera e Ulqinit\u201d"}]},{"@type":"Person","@id":"https:\/\/www.visit-ulcinj.com\/blog\/#\/schema\/person\/dcab619c614d3038751c63bc2aadc06d","name":"ulqini","sameAs":["http:\/\/www.visit-ulcinj.com"],"url":"https:\/\/www.visit-ulcinj.com\/blog\/author\/admin\/"}]}},"jetpack_featured_media_url":"","jetpack_sharing_enabled":true,"jetpack_shortlink":"https:\/\/wp.me\/pe6lTn-6Ew","_links":{"self":[{"href":"https:\/\/www.visit-ulcinj.com\/blog\/wp-json\/wp\/v2\/posts\/25576"}],"collection":[{"href":"https:\/\/www.visit-ulcinj.com\/blog\/wp-json\/wp\/v2\/posts"}],"about":[{"href":"https:\/\/www.visit-ulcinj.com\/blog\/wp-json\/wp\/v2\/types\/post"}],"author":[{"embeddable":true,"href":"https:\/\/www.visit-ulcinj.com\/blog\/wp-json\/wp\/v2\/users\/1"}],"replies":[{"embeddable":true,"href":"https:\/\/www.visit-ulcinj.com\/blog\/wp-json\/wp\/v2\/comments?post=25576"}],"version-history":[{"count":0,"href":"https:\/\/www.visit-ulcinj.com\/blog\/wp-json\/wp\/v2\/posts\/25576\/revisions"}],"wp:attachment":[{"href":"https:\/\/www.visit-ulcinj.com\/blog\/wp-json\/wp\/v2\/media?parent=25576"}],"wp:term":[{"taxonomy":"category","embeddable":true,"href":"https:\/\/www.visit-ulcinj.com\/blog\/wp-json\/wp\/v2\/categories?post=25576"},{"taxonomy":"post_tag","embeddable":true,"href":"https:\/\/www.visit-ulcinj.com\/blog\/wp-json\/wp\/v2\/tags?post=25576"}],"curies":[{"name":"wp","href":"https:\/\/api.w.org\/{rel}","templated":true}]}}