{"id":25579,"date":"2009-09-14T17:16:21","date_gmt":"2009-09-14T15:16:21","guid":{"rendered":"http:\/\/www.visit-ulcinj.com\/blog\/?p=25579"},"modified":"2009-09-14T17:16:21","modified_gmt":"2009-09-14T15:16:21","slug":"sezoni-pa-hotele","status":"publish","type":"post","link":"https:\/\/www.visit-ulcinj.com\/blog\/2009\/09\/14\/sezoni-pa-hotele\/","title":{"rendered":"Sezoni pa hotele"},"content":{"rendered":"<p><a href=\"http:\/\/www.visit-ulcinj.com\/blog\/wp-content\/uploads\/2009\/09\/plazha-madhe_ulqin.jpg\"><img loading=\"lazy\" class=\"alignleft size-full wp-image-25580\" title=\"plazha madhe_ulqin\" src=\"http:\/\/www.visit-ulcinj.com\/blog\/wp-content\/uploads\/2009\/09\/plazha-madhe_ulqin.jpg\" alt=\"plazha madhe_ulqin\" width=\"580\" height=\"375\" \/><\/a>Pas nj\u00eb vrapimi, zhurme dhe rr\u00ebmuje dymujore dhe rropatjes p\u00ebr t\u00eb fituar di\u00e7ka, qyteti dal\u00ebngadal\u00eb po kthehet n\u00eb gjendje normale. Gjithashtu duket se dal\u00ebngadal\u00eb po zbehet entuziazmi zyrtar se sezoni ka qen\u00eb jasht\u00ebzakonisht i bereqetsh\u00ebm.<br \/>\nN\u00eb nj\u00eb aspekt t\u00eb gjith\u00eb jan\u00eb dakord: gushti n\u00eb Rivier\u00ebn e Ulqinit ka qen\u00eb i shk\u00eblqyesh\u00ebm, por megjithat\u00eb i pamjaftuesh\u00ebm q\u00eb t\u00eb anuloj\u00eb minuset nga parasezoni. Gjithashtu \u00ebsht\u00eb inkurajuese struktura e klient\u00ebve, por ajo, para s\u00eb gjithash, \u00ebsht\u00eb rezultat i politik\u00ebs s\u00eb \u00e7mimeve: klient\u00ebt nga Kosova gjat\u00eb k\u00ebsaj stine m\u00eb shum\u00eb kan\u00eb preferuar q\u00eb pushimet t\u2019i kalojn\u00eb n\u00eb Shqip\u00ebri, derisa p\u00ebr shkak t\u00eb strehimit t\u00eb lir\u00eb n\u00eb Ulqin ka pasur duksh\u00ebm m\u00eb tep\u00ebr boshnjak\u00eb, polak\u00eb, \u00e7ek\u00eb dhe sllovak\u00eb. Ata vet\u00ebm te ne kan\u00eb mundur q\u00eb bujtjen ta paguajn\u00eb prej 7-8 euro, apo tri her\u00eb m\u00eb lir\u00eb sesa n\u00eb Kroaci. N\u00eb disa hotele madje \u2013 dhjet\u00eb euro! (Gjerman\u00eb n\u00eb Ulqin edhe n\u00eb k\u00ebt\u00eb vit ka pasur aq pak sa \u00ebsht\u00eb p\u00ebr t\u00eb ardhur keq. E ata gjith\u00ebher\u00eb kan\u00eb qen\u00eb sinonim p\u00ebr turistin n\u00eb k\u00ebt\u00eb qytet).<br \/>\nP\u00ebr shkak t\u00eb aranzhmaneve t\u00eb tilla \u201clast minute\u201d, konsumit t\u00eb zvog\u00ebluar (m\u00eb s\u00eb shumti kan\u00eb p\u00ebrfituar restorantet fast-food dhe vet\u00ebsh\u00ebrbimet, pastaj rentuesit e plazheve) dhe \u00e7mimet e ul\u00ebta t\u00eb strehimit, fitimi nuk i ka ndjekur treguesit fizik\u00eb t\u00eb sezonit. N\u00eb fund t\u00eb gushtit ata zyrtarisht kan\u00eb qen\u00eb madje 59% m\u00eb t\u00eb lart\u00eb sesa n\u00eb t\u00eb nj\u00ebjt\u00ebn periudh\u00eb t\u00eb vitit t\u00eb kaluar!?<br \/>\nKur t\u00eb rezumohen t\u00eb gjitha, mund t\u00eb vihet n\u00eb p\u00ebrfundim se qiradh\u00ebn\u00ebsit privat\u00eb, hotelier\u00ebt dhe mejhanexhinjt\u00eb kan\u00eb fituar mesatarisht rreth 15% m\u00eb pak sesa n\u00eb vitin 2008. \u00cbsht\u00eb joreale t\u00eb pritet \u00e7do gj\u00eb tjet\u00ebr nga sezoni q\u00eb nuk zgjat as 50 dit\u00eb.<br \/>\nE kjo \u00ebsht\u00eb v\u00ebrtet\u00eb pak p\u00ebr t\u00eb jetuar rehatsh\u00ebm dhjet\u00eb muaj t\u00eb tjer\u00eb, p\u00ebr t\u2019i shlyer detyrimet, tagrat dhe tatimet enorme, p\u00ebr t\u2019i paguar k\u00ebstet e kredive dhe (n\u00ebse di\u00e7ka tepron) t\u00eb investohet n\u00eb p\u00ebrmir\u00ebsimin e ofert\u00ebs turistike.<br \/>\nK\u00ebtu n\u00eb radh\u00eb t\u00eb par\u00eb e kam fjal\u00ebn p\u00ebr kapacitetet e strehimit. Sepse, tani mbase \u00e7dokush definitivisht e ka t\u00eb qart\u00eb se pa hotele t\u00eb reja nuk ka zgjatje aq shum\u00eb t\u00eb d\u00ebshiruar t\u00eb sezonit dhe turiz\u00ebm cil\u00ebsor. Do t\u00eb mbesin vet\u00ebm improvizimet. Problem tjet\u00ebr strukturor i yni \u00ebsht\u00eb q\u00eb ne jemi kampion\u00eb t\u00eb bot\u00ebs n\u00eb struktur\u00ebn negative t\u00eb kapaciteteve t\u00eb strehimit. K\u00ebtu madje nuk ekzistojn\u00eb as dyp\u00ebrqind t\u00eb kapaciteteve themelore!?<br \/>\nDominojn\u00eb apsolutisht sht\u00ebpit\u00eb dhe uikend-banesat, banimi sekundar i cili m\u00eb se nj\u00eb decenie ka qen\u00eb biznes profitabil, por biznes ky mjaft i d\u00ebmsh\u00ebm p\u00ebr turizmin. Sepse, kjo i shkakton probleme t\u00eb m\u00ebdha strukturore k\u00ebsaj dege t\u00eb ekonomis\u00eb dhe t\u00ebr\u00eb qytetit dhe n\u00eb nj\u00ebfar\u00eb m\u00ebnyre e zhvler\u00ebson strategjin\u00eb valide t\u00eb zhvillimit t\u00eb turizmit.<br \/>\nKurse Ulqinit i duhen shtat\u00eb ose tet\u00eb hotele t\u00eb m\u00ebdha cil\u00ebsore, me kat\u00ebr dhe pes\u00eb yje, t\u00eb cil\u00ebt do t\u00eb ngrisin n\u00eb m\u00ebnyr\u00eb t\u00eb r\u00ebnd\u00ebsishme cil\u00ebsin\u00eb e k\u00ebsaj dege t\u00eb ekonomis\u00eb dhe t\u00eb cil\u00ebt do t\u00eb punojn\u00eb gjat\u00eb t\u00ebr\u00eb vitit.<br \/>\nMir\u00ebpo, jemi d\u00ebshmitar\u00eb sesi e gjith\u00eb kjo po ec\u00ebn me v\u00ebshtir\u00ebsi. Vet\u00ebm \u201cOtranti\u201d \u00ebsht\u00eb rinovuar dhe kjo pas pes\u00eb vitesh nga privatizimi i dyshimt\u00eb.<br \/>\nPasi q\u00eb at\u00eb e menaxhon firma e huaj e cila ushtron veprimtari sipas sistemit \u201col inkluziv\u201d, qyteti ka efekte fare t\u00eb vogla pozitive nga turist\u00ebt n\u00eb k\u00ebt\u00eb objekt. Shumica e turist\u00ebve nga Franca, t\u00eb cil\u00ebt m\u00eb par\u00eb kishin rezervuar pushimin, denoncoi q\u00ebndrimin n\u00eb shtator.<br \/>\nJan\u00eb t\u00eb vogla shpresat q\u00eb do t\u00eb rinovohet \u201cGalebi\u201d, \u201cJadrani\u201d nuk figuron m\u00eb as n\u00eb tabel\u00ebn n\u00eb t\u00eb cil\u00ebn kan\u00eb qen\u00eb sh\u00ebnuar afatet p\u00ebr fillimin e nd\u00ebrtimit t\u00eb tij (gjith\u00e7ka ishte g\u00ebnjesht\u00ebr e kulluar!), n\u00eb \u201cAlbatros\u201d tashm\u00eb 15 vite nuk \u00ebsht\u00eb ngulur asnj\u00eb gozhd\u00eb, nga \u201cMediterani\u201d dhe \u201cLido\u201d thon\u00eb se kan\u00eb probleme me administrat\u00ebn.<br \/>\nP\u00ebrs\u00ebri \u00ebsht\u00eb vazhduar tenderi p\u00ebr shitjen e nj\u00eb pjese t\u00eb aksioneve t\u00eb aksionar\u00ebve t\u00eb m\u00ebdhenj t\u00eb Nd\u00ebrmarrjes Hoteliere Turistike \u201cRiviera e Ulqinit\u201d, kurse mbetjet e mbetjeve t\u00eb k\u00ebsaj kompanie dikur t\u00eb fuqishme duhet t\u00eb rikonstruktohen rr\u00ebnj\u00ebsisht, apo n\u00ebse \u00ebsht\u00eb fjala p\u00ebr hotelin \u201cBelvi\u201d edhe t\u00eb rr\u00ebnohen, n\u00eb m\u00ebnyr\u00eb q\u00eb n\u00eb k\u00ebt\u00eb troll t\u00eb nd\u00ebrtohet nj\u00eb objekt i ri hotelier.<br \/>\nMir\u00ebpo, p\u00ebrderisa t\u00eb mos ket\u00eb ndodhur kjo, krer\u00ebt tan\u00eb n\u00eb intervale t\u00eb rregullta kohore p\u00ebrmes mediave na bombardojn\u00eb me lajme sipas t\u00eb cilave investitor\u00ebt e huaj vet\u00ebm sa nuk kan\u00eb behur n\u00eb Ulqin.<br \/>\nDerisa t\u00eb mos shfaqen investuesit serioz\u00eb, e jo si deri tani, q\u00eb paraqiteshin vet\u00ebm spekulant\u00ebt, duhet t\u00eb nd\u00ebrmerret di\u00e7ka. Ata qiradh\u00ebn\u00ebs t\u00eb cil\u00ebt kan\u00eb mbi 30 shtret\u00ebr, duhet t\u00eb gjejn\u00eb m\u00ebnyra (k\u00ebtu sidomos duhet t\u00eb ndihmoj\u00eb shteti me masat e veta t\u00eb politik\u00ebs ekonomike) q\u00eb sht\u00ebpit\u00eb e veta t\u2019i shnd\u00ebrrojn\u00eb n\u00eb hotele t\u00eb vogla familjare, kondo-hotele dhe apartamente. Vet\u00ebm n\u00eb k\u00ebt\u00eb m\u00ebnyr\u00eb mund t\u00eb fitohet m\u00eb shum\u00eb, kurse struktura tejet e pavolitshme e kapaciteteve t\u00eb strehimit do t\u00eb filloj\u00eb t\u00eb p\u00ebrmir\u00ebsohet dal\u00ebngadal\u00eb.<br \/>\nSido q\u00eb t\u00eb jet\u00eb, n\u00eb situat\u00ebn kur nuk nuk kemi kriterin e sigurt\u00eb, p\u00ebr secilin pohim mund t\u00eb gjendet sqarimi numerik, i cili p\u00ebrs\u00ebri nuk \u00ebsht\u00eb valid, k\u00ebshtu q\u00eb \u00ebsht\u00eb shterp debati lidhur me faktin se sa ka pasur klient\u00eb krahasurar me vitin e kaluar apo me vitet e m\u00ebparshme. Debati i k\u00ebtill\u00eb \u00ebsht\u00eb i padobish\u00ebm dhe nuk \u00ebsht\u00eb n\u00eb interesin e turizmit.<br \/>\nP\u00ebr k\u00ebt\u00eb arsye pas k\u00ebtij sezoni m\u00eb n\u00eb fund duhet t\u00eb hapet debati i gjer\u00eb dhe profesional mbi \u201cindustrin\u00eb turistike t\u00eb Ulqinit\u201d, n\u00eb m\u00ebnyr\u00eb q\u00eb sezonet e ardhshme t\u00eb mos jen\u00eb si ato paraprake. Tani m\u00eb s\u00eb paku na nevojiten vet\u00ebk\u00ebnaq\u00ebsia dhe dritshkurt\u00ebsia. Kurse n\u00eb turiz\u00ebm \u00ebsht\u00eb i shkurt\u00ebr afati prej tri deri n\u00eb pes\u00eb vite, sepse ne jetojm\u00eb n\u00eb qytetin i cili ka potencialet m\u00eb t\u00eb m\u00ebdha p\u00ebr zhvillimin e t\u00eb gjitha formave t\u00eb turizmit, kurse t\u00eb tjer\u00ebt pothuajse i kan\u00eb konsumuar.<br \/>\nTurizmi, bashk\u00eb me bujq\u00ebsin\u00eb, \u00ebsht\u00eb shansi yn\u00eb m\u00eb i madh i zhvillimit dhe prandaj \u00ebsht\u00eb e domosdoshme q\u00eb t\u00eb gjith\u00eb t\u00eb bashkohemi dhe t\u00eb tubohemi rreth tij. K\u00ebtu fillon \u00e7do politik\u00eb.<\/p>\n<p><strong>Mustafa Canka<br \/>\nKoha Javore<br \/>\n<!--YouTube Error: bad URL entered--><\/strong><\/p>\n","protected":false},"excerpt":{"rendered":"<p>Pas nj\u00eb vrapimi, zhurme dhe rr\u00ebmuje dymujore dhe rropatjes p\u00ebr t\u00eb fituar di\u00e7ka, qyteti dal\u00ebngadal\u00eb po kthehet n\u00eb gjendje normale. Gjithashtu duket se dal\u00ebngadal\u00eb po zbehet entuziazmi zyrtar se sezoni ka qen\u00eb jasht\u00ebzakonisht i bereqetsh\u00ebm. N\u00eb nj\u00eb aspekt t\u00eb gjith\u00eb jan\u00eb dakord: gushti n\u00eb Rivier\u00ebn e Ulqinit ka qen\u00eb i shk\u00eblqyesh\u00ebm, por megjithat\u00eb i pamjaftuesh\u00ebm [&hellip;]<\/p>\n","protected":false},"author":1,"featured_media":0,"comment_status":"open","ping_status":"closed","sticky":false,"template":"","format":"standard","meta":{"spay_email":"","jetpack_publicize_message":"","jetpack_is_tweetstorm":false,"jetpack_publicize_feature_enabled":true},"categories":[15],"tags":[12448],"jetpack_publicize_connections":[],"yoast_head":"<!-- This site is optimized with the Yoast SEO plugin v19.1 - https:\/\/yoast.com\/wordpress\/plugins\/seo\/ -->\n<title>Sezoni pa hotele - Lajme nga Ulqini<\/title>\n<meta name=\"description\" content=\"Pas nj\u00eb vrapimi, zhurme dhe rr\u00ebmuje dymujore dhe rropatjes p\u00ebr t\u00eb fituar di\u00e7ka, qyteti dal\u00ebngadal\u00eb po kthehet n\u00eb gjendje normale. Gjithashtu duket se\" \/>\n<meta name=\"robots\" content=\"index, follow, max-snippet:-1, max-image-preview:large, max-video-preview:-1\" \/>\n<link rel=\"canonical\" href=\"https:\/\/www.visit-ulcinj.com\/blog\/2009\/09\/14\/sezoni-pa-hotele\/\" \/>\n<meta property=\"og:locale\" content=\"en_US\" \/>\n<meta property=\"og:type\" content=\"article\" \/>\n<meta property=\"og:title\" content=\"Sezoni pa hotele - Lajme nga Ulqini\" \/>\n<meta property=\"og:description\" content=\"Pas nj\u00eb vrapimi, zhurme dhe rr\u00ebmuje dymujore dhe rropatjes p\u00ebr t\u00eb fituar di\u00e7ka, qyteti dal\u00ebngadal\u00eb po kthehet n\u00eb gjendje normale. Gjithashtu duket se\" \/>\n<meta property=\"og:url\" content=\"https:\/\/www.visit-ulcinj.com\/blog\/2009\/09\/14\/sezoni-pa-hotele\/\" \/>\n<meta property=\"og:site_name\" content=\"Lajme nga Ulqini\" \/>\n<meta property=\"article:published_time\" content=\"2009-09-14T15:16:21+00:00\" \/>\n<meta property=\"og:image\" content=\"http:\/\/www.visit-ulcinj.com\/blog\/wp-content\/uploads\/2009\/09\/plazha-madhe_ulqin.jpg\" \/>\n<meta name=\"twitter:label1\" content=\"Written by\" \/>\n\t<meta name=\"twitter:data1\" content=\"ulqini\" \/>\n\t<meta name=\"twitter:label2\" content=\"Est. reading time\" \/>\n\t<meta name=\"twitter:data2\" content=\"6 minutes\" \/>\n<script type=\"application\/ld+json\" class=\"yoast-schema-graph\">{\"@context\":\"https:\/\/schema.org\",\"@graph\":[{\"@type\":\"WebSite\",\"@id\":\"https:\/\/www.visit-ulcinj.com\/blog\/#website\",\"url\":\"https:\/\/www.visit-ulcinj.com\/blog\/\",\"name\":\"Lajme nga Ulqini\",\"description\":\"Lajme,Vijesti,Ulqini,Ulqin,Crna Gora,Mali i Zi\",\"potentialAction\":[{\"@type\":\"SearchAction\",\"target\":{\"@type\":\"EntryPoint\",\"urlTemplate\":\"https:\/\/www.visit-ulcinj.com\/blog\/?s={search_term_string}\"},\"query-input\":\"required name=search_term_string\"}],\"inLanguage\":\"en-US\"},{\"@type\":\"ImageObject\",\"inLanguage\":\"en-US\",\"@id\":\"https:\/\/www.visit-ulcinj.com\/blog\/2009\/09\/14\/sezoni-pa-hotele\/#primaryimage\",\"url\":\"https:\/\/www.visit-ulcinj.com\/blog\/wp-content\/uploads\/2009\/09\/plazha-madhe_ulqin.jpg\",\"contentUrl\":\"https:\/\/www.visit-ulcinj.com\/blog\/wp-content\/uploads\/2009\/09\/plazha-madhe_ulqin.jpg\",\"width\":\"500\",\"height\":\"375\"},{\"@type\":\"WebPage\",\"@id\":\"https:\/\/www.visit-ulcinj.com\/blog\/2009\/09\/14\/sezoni-pa-hotele\/#webpage\",\"url\":\"https:\/\/www.visit-ulcinj.com\/blog\/2009\/09\/14\/sezoni-pa-hotele\/\",\"name\":\"Sezoni pa hotele - Lajme nga Ulqini\",\"isPartOf\":{\"@id\":\"https:\/\/www.visit-ulcinj.com\/blog\/#website\"},\"primaryImageOfPage\":{\"@id\":\"https:\/\/www.visit-ulcinj.com\/blog\/2009\/09\/14\/sezoni-pa-hotele\/#primaryimage\"},\"datePublished\":\"2009-09-14T15:16:21+00:00\",\"dateModified\":\"2009-09-14T15:16:21+00:00\",\"author\":{\"@id\":\"https:\/\/www.visit-ulcinj.com\/blog\/#\/schema\/person\/dcab619c614d3038751c63bc2aadc06d\"},\"description\":\"Pas nj\u00eb vrapimi, zhurme dhe rr\u00ebmuje dymujore dhe rropatjes p\u00ebr t\u00eb fituar di\u00e7ka, qyteti dal\u00ebngadal\u00eb po kthehet n\u00eb gjendje normale. Gjithashtu duket se\",\"breadcrumb\":{\"@id\":\"https:\/\/www.visit-ulcinj.com\/blog\/2009\/09\/14\/sezoni-pa-hotele\/#breadcrumb\"},\"inLanguage\":\"en-US\",\"potentialAction\":[{\"@type\":\"ReadAction\",\"target\":[\"https:\/\/www.visit-ulcinj.com\/blog\/2009\/09\/14\/sezoni-pa-hotele\/\"]}]},{\"@type\":\"BreadcrumbList\",\"@id\":\"https:\/\/www.visit-ulcinj.com\/blog\/2009\/09\/14\/sezoni-pa-hotele\/#breadcrumb\",\"itemListElement\":[{\"@type\":\"ListItem\",\"position\":1,\"name\":\"Sezoni pa hotele\"}]},{\"@type\":\"Person\",\"@id\":\"https:\/\/www.visit-ulcinj.com\/blog\/#\/schema\/person\/dcab619c614d3038751c63bc2aadc06d\",\"name\":\"ulqini\",\"sameAs\":[\"http:\/\/www.visit-ulcinj.com\"],\"url\":\"https:\/\/www.visit-ulcinj.com\/blog\/author\/admin\/\"}]}<\/script>\n<!-- \/ Yoast SEO plugin. -->","yoast_head_json":{"title":"Sezoni pa hotele - Lajme nga Ulqini","description":"Pas nj\u00eb vrapimi, zhurme dhe rr\u00ebmuje dymujore dhe rropatjes p\u00ebr t\u00eb fituar di\u00e7ka, qyteti dal\u00ebngadal\u00eb po kthehet n\u00eb gjendje normale. Gjithashtu duket se","robots":{"index":"index","follow":"follow","max-snippet":"max-snippet:-1","max-image-preview":"max-image-preview:large","max-video-preview":"max-video-preview:-1"},"canonical":"https:\/\/www.visit-ulcinj.com\/blog\/2009\/09\/14\/sezoni-pa-hotele\/","og_locale":"en_US","og_type":"article","og_title":"Sezoni pa hotele - Lajme nga Ulqini","og_description":"Pas nj\u00eb vrapimi, zhurme dhe rr\u00ebmuje dymujore dhe rropatjes p\u00ebr t\u00eb fituar di\u00e7ka, qyteti dal\u00ebngadal\u00eb po kthehet n\u00eb gjendje normale. Gjithashtu duket se","og_url":"https:\/\/www.visit-ulcinj.com\/blog\/2009\/09\/14\/sezoni-pa-hotele\/","og_site_name":"Lajme nga Ulqini","article_published_time":"2009-09-14T15:16:21+00:00","og_image":[{"url":"http:\/\/www.visit-ulcinj.com\/blog\/wp-content\/uploads\/2009\/09\/plazha-madhe_ulqin.jpg"}],"twitter_misc":{"Written by":"ulqini","Est. reading time":"6 minutes"},"schema":{"@context":"https:\/\/schema.org","@graph":[{"@type":"WebSite","@id":"https:\/\/www.visit-ulcinj.com\/blog\/#website","url":"https:\/\/www.visit-ulcinj.com\/blog\/","name":"Lajme nga Ulqini","description":"Lajme,Vijesti,Ulqini,Ulqin,Crna Gora,Mali i Zi","potentialAction":[{"@type":"SearchAction","target":{"@type":"EntryPoint","urlTemplate":"https:\/\/www.visit-ulcinj.com\/blog\/?s={search_term_string}"},"query-input":"required name=search_term_string"}],"inLanguage":"en-US"},{"@type":"ImageObject","inLanguage":"en-US","@id":"https:\/\/www.visit-ulcinj.com\/blog\/2009\/09\/14\/sezoni-pa-hotele\/#primaryimage","url":"https:\/\/www.visit-ulcinj.com\/blog\/wp-content\/uploads\/2009\/09\/plazha-madhe_ulqin.jpg","contentUrl":"https:\/\/www.visit-ulcinj.com\/blog\/wp-content\/uploads\/2009\/09\/plazha-madhe_ulqin.jpg","width":"500","height":"375"},{"@type":"WebPage","@id":"https:\/\/www.visit-ulcinj.com\/blog\/2009\/09\/14\/sezoni-pa-hotele\/#webpage","url":"https:\/\/www.visit-ulcinj.com\/blog\/2009\/09\/14\/sezoni-pa-hotele\/","name":"Sezoni pa hotele - Lajme nga Ulqini","isPartOf":{"@id":"https:\/\/www.visit-ulcinj.com\/blog\/#website"},"primaryImageOfPage":{"@id":"https:\/\/www.visit-ulcinj.com\/blog\/2009\/09\/14\/sezoni-pa-hotele\/#primaryimage"},"datePublished":"2009-09-14T15:16:21+00:00","dateModified":"2009-09-14T15:16:21+00:00","author":{"@id":"https:\/\/www.visit-ulcinj.com\/blog\/#\/schema\/person\/dcab619c614d3038751c63bc2aadc06d"},"description":"Pas nj\u00eb vrapimi, zhurme dhe rr\u00ebmuje dymujore dhe rropatjes p\u00ebr t\u00eb fituar di\u00e7ka, qyteti dal\u00ebngadal\u00eb po kthehet n\u00eb gjendje normale. Gjithashtu duket se","breadcrumb":{"@id":"https:\/\/www.visit-ulcinj.com\/blog\/2009\/09\/14\/sezoni-pa-hotele\/#breadcrumb"},"inLanguage":"en-US","potentialAction":[{"@type":"ReadAction","target":["https:\/\/www.visit-ulcinj.com\/blog\/2009\/09\/14\/sezoni-pa-hotele\/"]}]},{"@type":"BreadcrumbList","@id":"https:\/\/www.visit-ulcinj.com\/blog\/2009\/09\/14\/sezoni-pa-hotele\/#breadcrumb","itemListElement":[{"@type":"ListItem","position":1,"name":"Sezoni pa hotele"}]},{"@type":"Person","@id":"https:\/\/www.visit-ulcinj.com\/blog\/#\/schema\/person\/dcab619c614d3038751c63bc2aadc06d","name":"ulqini","sameAs":["http:\/\/www.visit-ulcinj.com"],"url":"https:\/\/www.visit-ulcinj.com\/blog\/author\/admin\/"}]}},"jetpack_featured_media_url":"","jetpack_sharing_enabled":true,"jetpack_shortlink":"https:\/\/wp.me\/pe6lTn-6Ez","_links":{"self":[{"href":"https:\/\/www.visit-ulcinj.com\/blog\/wp-json\/wp\/v2\/posts\/25579"}],"collection":[{"href":"https:\/\/www.visit-ulcinj.com\/blog\/wp-json\/wp\/v2\/posts"}],"about":[{"href":"https:\/\/www.visit-ulcinj.com\/blog\/wp-json\/wp\/v2\/types\/post"}],"author":[{"embeddable":true,"href":"https:\/\/www.visit-ulcinj.com\/blog\/wp-json\/wp\/v2\/users\/1"}],"replies":[{"embeddable":true,"href":"https:\/\/www.visit-ulcinj.com\/blog\/wp-json\/wp\/v2\/comments?post=25579"}],"version-history":[{"count":0,"href":"https:\/\/www.visit-ulcinj.com\/blog\/wp-json\/wp\/v2\/posts\/25579\/revisions"}],"wp:attachment":[{"href":"https:\/\/www.visit-ulcinj.com\/blog\/wp-json\/wp\/v2\/media?parent=25579"}],"wp:term":[{"taxonomy":"category","embeddable":true,"href":"https:\/\/www.visit-ulcinj.com\/blog\/wp-json\/wp\/v2\/categories?post=25579"},{"taxonomy":"post_tag","embeddable":true,"href":"https:\/\/www.visit-ulcinj.com\/blog\/wp-json\/wp\/v2\/tags?post=25579"}],"curies":[{"name":"wp","href":"https:\/\/api.w.org\/{rel}","templated":true}]}}