{"id":25602,"date":"2009-09-16T19:56:35","date_gmt":"2009-09-16T17:56:35","guid":{"rendered":"http:\/\/www.visit-ulcinj.com\/blog\/?p=25602"},"modified":"2009-09-16T19:56:35","modified_gmt":"2009-09-16T17:56:35","slug":"alternativa-shqiptare-ka-dorezuar-raportin-per-parate-e-shpenzuara-ne-zgjedhjet-e-kaluar","status":"publish","type":"post","link":"https:\/\/www.visit-ulcinj.com\/blog\/2009\/09\/16\/alternativa-shqiptare-ka-dorezuar-raportin-per-parate-e-shpenzuara-ne-zgjedhjet-e-kaluar\/","title":{"rendered":"Alternativa Shqiptare ka dor\u00ebzuar raportin p\u00ebr parat\u00eb e shpenzuara n\u00eb zgjedhjet e kaluar"},"content":{"rendered":"<p><a href=\"http:\/\/www.visit-ulcinj.com\/blog\/wp-content\/uploads\/2009\/09\/Alternativa-shqiptare-NE-MAL-TE-ZI.jpg\"><img loading=\"lazy\" class=\"alignleft size-full wp-image-25603\" title=\"Alternativa shqiptare NE MAL TE ZI\" src=\"http:\/\/www.visit-ulcinj.com\/blog\/wp-content\/uploads\/2009\/09\/Alternativa-shqiptare-NE-MAL-TE-ZI.jpg\" alt=\"Alternativa shqiptare NE MAL TE ZI\" width=\"318\" height=\"315\" srcset=\"https:\/\/www.visit-ulcinj.com\/blog\/wp-content\/uploads\/2009\/09\/Alternativa-shqiptare-NE-MAL-TE-ZI.jpg 318w, https:\/\/www.visit-ulcinj.com\/blog\/wp-content\/uploads\/2009\/09\/Alternativa-shqiptare-NE-MAL-TE-ZI-150x150.jpg 150w, https:\/\/www.visit-ulcinj.com\/blog\/wp-content\/uploads\/2009\/09\/Alternativa-shqiptare-NE-MAL-TE-ZI-300x297.jpg 300w\" sizes=\"(max-width: 318px) 100vw, 318px\" \/><\/a>Alternativa shqiptare e ka plot\u00ebsuar obligimin e vet ligjor t\u00eb dor\u00ebzimit t\u00eb raportit p\u00ebr prejardhjen dhe shum\u00ebn e mjeteve t\u00eb shpenzuara p\u00ebr zgjedhjet parlamentare t\u00eb marsit.<\/p>\n<p>Qendra p\u00ebr monitorin ka paraqitur dje k\u00ebrkes\u00ebn p\u00ebr fillimin e procedur\u00ebs p\u00ebr kund\u00ebrvajtje kund\u00ebr 11 partive politike dhe listave zgjedhore t\u00eb cilat nuk i kan\u00eb plot\u00ebsuar obligimin e paraqitjes s\u00eb raportit p\u00ebr financimin e fushat\u00ebs zgjedhore.<\/p>\n<p>N\u00eb mesin e partive t\u00eb cilat nuk e kan\u00eb plot\u00ebsuar k\u00ebt\u00eb obligim gjendet edhe Alternativa shqiptare. N\u00eb kumtes\u00ebn shtes\u00eb t\u00eb Qendr\u00ebs p\u00ebr motorin thuhet se n\u00eb pajtime me informatat zyrtare t\u00eb fituara nga Komisioni zgjedhor shtet\u00ebror, alternativa shqiptare nuk e ka paraqitur raportin. Megjithat\u00eb kjo parti ka marr pjes\u00eb n\u00eb zgjedhje n\u00eb koalicion me Lidhjen demokratike n\u00eb Mal t\u00eb Zi, k\u00ebshtu q\u00eb ka plot\u00ebsuar obligimin e paraqitjes s\u00eb raportit komplet p\u00ebr prejardhjen dhe shum\u00ebn e mjeteve t\u00eb shpenzuara n\u00eb fushat\u00ebn zgjedhore, thuhet n\u00eb kumtes\u00eb.<\/p>\n<p><strong>RTCG<\/strong><\/p>\n<!--YouTube Error: bad URL entered-->\n","protected":false},"excerpt":{"rendered":"<p>Alternativa shqiptare e ka plot\u00ebsuar obligimin e vet ligjor t\u00eb dor\u00ebzimit t\u00eb raportit p\u00ebr prejardhjen dhe shum\u00ebn e mjeteve t\u00eb shpenzuara p\u00ebr zgjedhjet parlamentare t\u00eb marsit. Qendra p\u00ebr monitorin ka paraqitur dje k\u00ebrkes\u00ebn p\u00ebr fillimin e procedur\u00ebs p\u00ebr kund\u00ebrvajtje kund\u00ebr 11 partive politike dhe listave zgjedhore t\u00eb cilat nuk i kan\u00eb plot\u00ebsuar obligimin e paraqitjes [&hellip;]<\/p>\n","protected":false},"author":1,"featured_media":0,"comment_status":"open","ping_status":"closed","sticky":false,"template":"","format":"standard","meta":{"spay_email":"","jetpack_publicize_message":"","jetpack_is_tweetstorm":false,"jetpack_publicize_feature_enabled":true},"categories":[12],"tags":[3461,687],"jetpack_publicize_connections":[],"yoast_head":"<!-- This site is optimized with the Yoast SEO plugin v19.1 - https:\/\/yoast.com\/wordpress\/plugins\/seo\/ -->\n<title>Alternativa Shqiptare ka dor\u00ebzuar raportin p\u00ebr parat\u00eb e shpenzuara n\u00eb zgjedhjet e kaluar - Lajme nga Ulqini<\/title>\n<meta name=\"description\" content=\"Alternativa shqiptare e ka plot\u00ebsuar obligimin e vet ligjor t\u00eb dor\u00ebzimit t\u00eb raportit p\u00ebr prejardhjen dhe shum\u00ebn e mjeteve t\u00eb shpenzuara p\u00ebr zgjedhjet\" \/>\n<meta name=\"robots\" content=\"index, follow, max-snippet:-1, max-image-preview:large, max-video-preview:-1\" \/>\n<link rel=\"canonical\" href=\"https:\/\/www.visit-ulcinj.com\/blog\/2009\/09\/16\/alternativa-shqiptare-ka-dorezuar-raportin-per-parate-e-shpenzuara-ne-zgjedhjet-e-kaluar\/\" \/>\n<meta property=\"og:locale\" content=\"en_US\" \/>\n<meta property=\"og:type\" content=\"article\" \/>\n<meta property=\"og:title\" content=\"Alternativa Shqiptare ka dor\u00ebzuar raportin p\u00ebr parat\u00eb e shpenzuara n\u00eb zgjedhjet e kaluar - Lajme nga Ulqini\" \/>\n<meta property=\"og:description\" content=\"Alternativa shqiptare e ka plot\u00ebsuar obligimin e vet ligjor t\u00eb dor\u00ebzimit t\u00eb raportit p\u00ebr prejardhjen dhe shum\u00ebn e mjeteve t\u00eb shpenzuara p\u00ebr zgjedhjet\" \/>\n<meta property=\"og:url\" content=\"https:\/\/www.visit-ulcinj.com\/blog\/2009\/09\/16\/alternativa-shqiptare-ka-dorezuar-raportin-per-parate-e-shpenzuara-ne-zgjedhjet-e-kaluar\/\" \/>\n<meta property=\"og:site_name\" content=\"Lajme nga Ulqini\" \/>\n<meta property=\"article:published_time\" content=\"2009-09-16T17:56:35+00:00\" \/>\n<meta property=\"og:image\" content=\"http:\/\/www.visit-ulcinj.com\/blog\/wp-content\/uploads\/2009\/09\/Alternativa-shqiptare-NE-MAL-TE-ZI.jpg\" \/>\n<meta name=\"twitter:label1\" content=\"Written by\" \/>\n\t<meta name=\"twitter:data1\" content=\"ulqini\" \/>\n\t<meta name=\"twitter:label2\" content=\"Est. reading time\" \/>\n\t<meta name=\"twitter:data2\" content=\"1 minute\" \/>\n<script type=\"application\/ld+json\" class=\"yoast-schema-graph\">{\"@context\":\"https:\/\/schema.org\",\"@graph\":[{\"@type\":\"WebSite\",\"@id\":\"https:\/\/www.visit-ulcinj.com\/blog\/#website\",\"url\":\"https:\/\/www.visit-ulcinj.com\/blog\/\",\"name\":\"Lajme nga Ulqini\",\"description\":\"Lajme,Vijesti,Ulqini,Ulqin,Crna Gora,Mali i Zi\",\"potentialAction\":[{\"@type\":\"SearchAction\",\"target\":{\"@type\":\"EntryPoint\",\"urlTemplate\":\"https:\/\/www.visit-ulcinj.com\/blog\/?s={search_term_string}\"},\"query-input\":\"required name=search_term_string\"}],\"inLanguage\":\"en-US\"},{\"@type\":\"ImageObject\",\"inLanguage\":\"en-US\",\"@id\":\"https:\/\/www.visit-ulcinj.com\/blog\/2009\/09\/16\/alternativa-shqiptare-ka-dorezuar-raportin-per-parate-e-shpenzuara-ne-zgjedhjet-e-kaluar\/#primaryimage\",\"url\":\"https:\/\/www.visit-ulcinj.com\/blog\/wp-content\/uploads\/2009\/09\/Alternativa-shqiptare-NE-MAL-TE-ZI.jpg\",\"contentUrl\":\"https:\/\/www.visit-ulcinj.com\/blog\/wp-content\/uploads\/2009\/09\/Alternativa-shqiptare-NE-MAL-TE-ZI.jpg\",\"width\":\"318\",\"height\":\"315\"},{\"@type\":\"WebPage\",\"@id\":\"https:\/\/www.visit-ulcinj.com\/blog\/2009\/09\/16\/alternativa-shqiptare-ka-dorezuar-raportin-per-parate-e-shpenzuara-ne-zgjedhjet-e-kaluar\/#webpage\",\"url\":\"https:\/\/www.visit-ulcinj.com\/blog\/2009\/09\/16\/alternativa-shqiptare-ka-dorezuar-raportin-per-parate-e-shpenzuara-ne-zgjedhjet-e-kaluar\/\",\"name\":\"Alternativa Shqiptare ka dor\u00ebzuar raportin p\u00ebr parat\u00eb e shpenzuara n\u00eb zgjedhjet e kaluar - Lajme nga Ulqini\",\"isPartOf\":{\"@id\":\"https:\/\/www.visit-ulcinj.com\/blog\/#website\"},\"primaryImageOfPage\":{\"@id\":\"https:\/\/www.visit-ulcinj.com\/blog\/2009\/09\/16\/alternativa-shqiptare-ka-dorezuar-raportin-per-parate-e-shpenzuara-ne-zgjedhjet-e-kaluar\/#primaryimage\"},\"datePublished\":\"2009-09-16T17:56:35+00:00\",\"dateModified\":\"2009-09-16T17:56:35+00:00\",\"author\":{\"@id\":\"https:\/\/www.visit-ulcinj.com\/blog\/#\/schema\/person\/dcab619c614d3038751c63bc2aadc06d\"},\"description\":\"Alternativa shqiptare e ka plot\u00ebsuar obligimin e vet ligjor t\u00eb dor\u00ebzimit t\u00eb raportit p\u00ebr prejardhjen dhe shum\u00ebn e mjeteve t\u00eb shpenzuara p\u00ebr zgjedhjet\",\"breadcrumb\":{\"@id\":\"https:\/\/www.visit-ulcinj.com\/blog\/2009\/09\/16\/alternativa-shqiptare-ka-dorezuar-raportin-per-parate-e-shpenzuara-ne-zgjedhjet-e-kaluar\/#breadcrumb\"},\"inLanguage\":\"en-US\",\"potentialAction\":[{\"@type\":\"ReadAction\",\"target\":[\"https:\/\/www.visit-ulcinj.com\/blog\/2009\/09\/16\/alternativa-shqiptare-ka-dorezuar-raportin-per-parate-e-shpenzuara-ne-zgjedhjet-e-kaluar\/\"]}]},{\"@type\":\"BreadcrumbList\",\"@id\":\"https:\/\/www.visit-ulcinj.com\/blog\/2009\/09\/16\/alternativa-shqiptare-ka-dorezuar-raportin-per-parate-e-shpenzuara-ne-zgjedhjet-e-kaluar\/#breadcrumb\",\"itemListElement\":[{\"@type\":\"ListItem\",\"position\":1,\"name\":\"Alternativa Shqiptare ka dor\u00ebzuar raportin p\u00ebr parat\u00eb e shpenzuara n\u00eb zgjedhjet e kaluar\"}]},{\"@type\":\"Person\",\"@id\":\"https:\/\/www.visit-ulcinj.com\/blog\/#\/schema\/person\/dcab619c614d3038751c63bc2aadc06d\",\"name\":\"ulqini\",\"sameAs\":[\"http:\/\/www.visit-ulcinj.com\"],\"url\":\"https:\/\/www.visit-ulcinj.com\/blog\/author\/admin\/\"}]}<\/script>\n<!-- \/ Yoast SEO plugin. -->","yoast_head_json":{"title":"Alternativa Shqiptare ka dor\u00ebzuar raportin p\u00ebr parat\u00eb e shpenzuara n\u00eb zgjedhjet e kaluar - Lajme nga Ulqini","description":"Alternativa shqiptare e ka plot\u00ebsuar obligimin e vet ligjor t\u00eb dor\u00ebzimit t\u00eb raportit p\u00ebr prejardhjen dhe shum\u00ebn e mjeteve t\u00eb shpenzuara p\u00ebr zgjedhjet","robots":{"index":"index","follow":"follow","max-snippet":"max-snippet:-1","max-image-preview":"max-image-preview:large","max-video-preview":"max-video-preview:-1"},"canonical":"https:\/\/www.visit-ulcinj.com\/blog\/2009\/09\/16\/alternativa-shqiptare-ka-dorezuar-raportin-per-parate-e-shpenzuara-ne-zgjedhjet-e-kaluar\/","og_locale":"en_US","og_type":"article","og_title":"Alternativa Shqiptare ka dor\u00ebzuar raportin p\u00ebr parat\u00eb e shpenzuara n\u00eb zgjedhjet e kaluar - Lajme nga Ulqini","og_description":"Alternativa shqiptare e ka plot\u00ebsuar obligimin e vet ligjor t\u00eb dor\u00ebzimit t\u00eb raportit p\u00ebr prejardhjen dhe shum\u00ebn e mjeteve t\u00eb shpenzuara p\u00ebr zgjedhjet","og_url":"https:\/\/www.visit-ulcinj.com\/blog\/2009\/09\/16\/alternativa-shqiptare-ka-dorezuar-raportin-per-parate-e-shpenzuara-ne-zgjedhjet-e-kaluar\/","og_site_name":"Lajme nga Ulqini","article_published_time":"2009-09-16T17:56:35+00:00","og_image":[{"url":"http:\/\/www.visit-ulcinj.com\/blog\/wp-content\/uploads\/2009\/09\/Alternativa-shqiptare-NE-MAL-TE-ZI.jpg"}],"twitter_misc":{"Written by":"ulqini","Est. reading time":"1 minute"},"schema":{"@context":"https:\/\/schema.org","@graph":[{"@type":"WebSite","@id":"https:\/\/www.visit-ulcinj.com\/blog\/#website","url":"https:\/\/www.visit-ulcinj.com\/blog\/","name":"Lajme nga Ulqini","description":"Lajme,Vijesti,Ulqini,Ulqin,Crna Gora,Mali i Zi","potentialAction":[{"@type":"SearchAction","target":{"@type":"EntryPoint","urlTemplate":"https:\/\/www.visit-ulcinj.com\/blog\/?s={search_term_string}"},"query-input":"required name=search_term_string"}],"inLanguage":"en-US"},{"@type":"ImageObject","inLanguage":"en-US","@id":"https:\/\/www.visit-ulcinj.com\/blog\/2009\/09\/16\/alternativa-shqiptare-ka-dorezuar-raportin-per-parate-e-shpenzuara-ne-zgjedhjet-e-kaluar\/#primaryimage","url":"https:\/\/www.visit-ulcinj.com\/blog\/wp-content\/uploads\/2009\/09\/Alternativa-shqiptare-NE-MAL-TE-ZI.jpg","contentUrl":"https:\/\/www.visit-ulcinj.com\/blog\/wp-content\/uploads\/2009\/09\/Alternativa-shqiptare-NE-MAL-TE-ZI.jpg","width":"318","height":"315"},{"@type":"WebPage","@id":"https:\/\/www.visit-ulcinj.com\/blog\/2009\/09\/16\/alternativa-shqiptare-ka-dorezuar-raportin-per-parate-e-shpenzuara-ne-zgjedhjet-e-kaluar\/#webpage","url":"https:\/\/www.visit-ulcinj.com\/blog\/2009\/09\/16\/alternativa-shqiptare-ka-dorezuar-raportin-per-parate-e-shpenzuara-ne-zgjedhjet-e-kaluar\/","name":"Alternativa Shqiptare ka dor\u00ebzuar raportin p\u00ebr parat\u00eb e shpenzuara n\u00eb zgjedhjet e kaluar - Lajme nga Ulqini","isPartOf":{"@id":"https:\/\/www.visit-ulcinj.com\/blog\/#website"},"primaryImageOfPage":{"@id":"https:\/\/www.visit-ulcinj.com\/blog\/2009\/09\/16\/alternativa-shqiptare-ka-dorezuar-raportin-per-parate-e-shpenzuara-ne-zgjedhjet-e-kaluar\/#primaryimage"},"datePublished":"2009-09-16T17:56:35+00:00","dateModified":"2009-09-16T17:56:35+00:00","author":{"@id":"https:\/\/www.visit-ulcinj.com\/blog\/#\/schema\/person\/dcab619c614d3038751c63bc2aadc06d"},"description":"Alternativa shqiptare e ka plot\u00ebsuar obligimin e vet ligjor t\u00eb dor\u00ebzimit t\u00eb raportit p\u00ebr prejardhjen dhe shum\u00ebn e mjeteve t\u00eb shpenzuara p\u00ebr zgjedhjet","breadcrumb":{"@id":"https:\/\/www.visit-ulcinj.com\/blog\/2009\/09\/16\/alternativa-shqiptare-ka-dorezuar-raportin-per-parate-e-shpenzuara-ne-zgjedhjet-e-kaluar\/#breadcrumb"},"inLanguage":"en-US","potentialAction":[{"@type":"ReadAction","target":["https:\/\/www.visit-ulcinj.com\/blog\/2009\/09\/16\/alternativa-shqiptare-ka-dorezuar-raportin-per-parate-e-shpenzuara-ne-zgjedhjet-e-kaluar\/"]}]},{"@type":"BreadcrumbList","@id":"https:\/\/www.visit-ulcinj.com\/blog\/2009\/09\/16\/alternativa-shqiptare-ka-dorezuar-raportin-per-parate-e-shpenzuara-ne-zgjedhjet-e-kaluar\/#breadcrumb","itemListElement":[{"@type":"ListItem","position":1,"name":"Alternativa Shqiptare ka dor\u00ebzuar raportin p\u00ebr parat\u00eb e shpenzuara n\u00eb zgjedhjet e kaluar"}]},{"@type":"Person","@id":"https:\/\/www.visit-ulcinj.com\/blog\/#\/schema\/person\/dcab619c614d3038751c63bc2aadc06d","name":"ulqini","sameAs":["http:\/\/www.visit-ulcinj.com"],"url":"https:\/\/www.visit-ulcinj.com\/blog\/author\/admin\/"}]}},"jetpack_featured_media_url":"","jetpack_sharing_enabled":true,"jetpack_shortlink":"https:\/\/wp.me\/pe6lTn-6EW","_links":{"self":[{"href":"https:\/\/www.visit-ulcinj.com\/blog\/wp-json\/wp\/v2\/posts\/25602"}],"collection":[{"href":"https:\/\/www.visit-ulcinj.com\/blog\/wp-json\/wp\/v2\/posts"}],"about":[{"href":"https:\/\/www.visit-ulcinj.com\/blog\/wp-json\/wp\/v2\/types\/post"}],"author":[{"embeddable":true,"href":"https:\/\/www.visit-ulcinj.com\/blog\/wp-json\/wp\/v2\/users\/1"}],"replies":[{"embeddable":true,"href":"https:\/\/www.visit-ulcinj.com\/blog\/wp-json\/wp\/v2\/comments?post=25602"}],"version-history":[{"count":0,"href":"https:\/\/www.visit-ulcinj.com\/blog\/wp-json\/wp\/v2\/posts\/25602\/revisions"}],"wp:attachment":[{"href":"https:\/\/www.visit-ulcinj.com\/blog\/wp-json\/wp\/v2\/media?parent=25602"}],"wp:term":[{"taxonomy":"category","embeddable":true,"href":"https:\/\/www.visit-ulcinj.com\/blog\/wp-json\/wp\/v2\/categories?post=25602"},{"taxonomy":"post_tag","embeddable":true,"href":"https:\/\/www.visit-ulcinj.com\/blog\/wp-json\/wp\/v2\/tags?post=25602"}],"curies":[{"name":"wp","href":"https:\/\/api.w.org\/{rel}","templated":true}]}}