{"id":2562,"date":"2008-08-19T06:51:04","date_gmt":"2008-08-19T11:51:04","guid":{"rendered":"http:\/\/www.visit-ulcinj.com\/blog\/?p=2562"},"modified":"2008-08-19T06:52:09","modified_gmt":"2008-08-19T11:52:09","slug":"kumtese-pe-opinion-e-keshillit-nacional-te-shqiptareve-ne-malin-e-zi","status":"publish","type":"post","link":"https:\/\/www.visit-ulcinj.com\/blog\/2008\/08\/19\/kumtese-pe-opinion-e-keshillit-nacional-te-shqiptareve-ne-malin-e-zi\/","title":{"rendered":"Kumtes\u00eb p\u00ebr opinion e K\u00ebshillit Nacional t\u00eb Shqiptar\u00ebve n\u00eb Malin e Zi"},"content":{"rendered":"<p><a href=\"http:\/\/www.visit-ulcinj.com\/blog\/wp-content\/uploads\/2008\/05\/tahir-tahiri.jpg\"><img loading=\"lazy\" class=\"size-medium wp-image-1633 alignleft\" title=\"Tahir Tahiri kryetar i kshillit nacional shqiptar \" src=\"http:\/\/www.visit-ulcinj.com\/blog\/wp-content\/uploads\/2008\/05\/tahir-tahiri.jpg\" alt=\"Tahir Tahiri kryetar i Kshillit Nacional Shqiptar \" width=\"288\" height=\"300\" \/><\/a><\/p>\n<p><strong>Akuza p\u00ebr terroriz\u00ebm nuk ka t\u00eb b\u00ebj\u00eb me shqiptar\u00ebt<\/strong><br \/>\nK\u00ebshilli Nacional i Shqiptar\u00ebve vler\u00ebson se procesi gjyq\u00ebsor ndaj 17 t\u00eb akuzuarve shqiptar\u00eb nga Mal\u00ebsia, t\u00eb arrestuar m\u00eb 9 shtator 2006 n\u00eb aksionin policor t\u00eb ashtuquajtur &#8220;Fluturimi i shqiponj\u00ebs&#8221; \u00ebsht\u00eb nj\u00eb proces i montuar e politik i pabazuar n\u00eb prova reale.<br \/>\nU pa qart\u00eb se gjykata nuk posedon prova reale-bind\u00ebse p\u00ebr akuzat e b\u00ebra, kurse n\u00eb baz\u00eb t\u00eb deklarimit t\u00eb t\u00eb akuzuarve, deklaratat e tyre t\u00eb dh\u00ebna n\u00eb hetuesi jan\u00eb b\u00ebr\u00eb n\u00ebn tortur\u00eb dhe dhun\u00eb policore.<br \/>\nVendimi i shqiptuar jav\u00ebn e kaluar, nga Gjykata e Lart\u00eb e Podgoric\u00ebs d\u00ebshmon se i t\u00ebr\u00eb ky proces gjyq\u00ebsor dhe aktvendimi p\u00ebr d\u00ebnimin e t\u00eb akuzuarve \u00ebsht\u00eb b\u00ebr\u00eb sa p\u00ebr t\u00eb arsyetuar dhun\u00ebn dhe veprimet e tjera jo t\u00eb ligjshme t\u00eb organeve kompetente dhe p\u00ebr t\u00eb bindur sa m\u00eb shum\u00eb q\u00eb t\u00eb jet\u00eb e mundur opinionin vendas dhe t\u00eb huaj se gjoja shqiptar\u00ebt n\u00eb Malin e Zi na qenkan element destabilizues dhe t\u00eb rreziksh\u00ebm. K\u00ebt\u00eb m\u00eb s\u00eb miri e v\u00ebrteton fakti se gati gjysma e t\u00eb akuzuarve p\u00ebr terroriz\u00ebm m\u00eb n\u00eb fund u shpall\u00ebn fajtor vet\u00ebm p\u00ebr arm\u00ebmbajtje pa leje.<br \/>\nNga ana tjet\u00ebr, p\u00ebr \u00e7udi tortura policore e ushtruar ndaj t\u00eb akuzuarve dhe pjes\u00ebtar\u00ebve t\u00eb familjeve t\u00eb tyre gjat\u00eb nat\u00ebs s\u00eb arrestimit po neglizhohet nga organet kompetente p\u00ebrkat\u00ebse.<br \/>\nAktet dhe veprimet e tilla K\u00ebshilli Nacional i Shqiptar\u00ebve i vler\u00ebson si t\u00eb papranueshme dhe veprime diskriminuese e antishqiptare.<\/p>\n<div id=\"attachment_2134\" style=\"width: 215px\" class=\"wp-caption alignright\"><a href=\"http:\/\/www.visit-ulcinj.com\/blog\/wp-content\/uploads\/2008\/07\/74830967_2c46d8d1c2.jpg\"><img aria-describedby=\"caption-attachment-2134\" loading=\"lazy\" class=\"size-medium wp-image-2134\" title=\"Tahir Tahiri kryetar i kshillit nacional shqiptar \" src=\"http:\/\/www.visit-ulcinj.com\/blog\/wp-content\/uploads\/2008\/07\/74830967_2c46d8d1c2.jpg\" alt=\"Tahir Tahiri kryetar i Kshillit Nacional Shqiptar \" width=\"205\" height=\"210\" \/><\/a><p id=\"caption-attachment-2134\" class=\"wp-caption-text\">Tahir Tahiri kryetar i Kshillit Nacional Shqiptar <\/p><\/div>\n<p>\u00c7udit fakti, si Mali i Zi si shtet q\u00eb pretendon integrimet Euroatlantike dhe q\u00eb propagandon me t\u00eb madhe barazin\u00eb nacionale, politike, fetare etj&#8230; nd\u00ebrmerr aksione t\u00eb tilla ndaj shqiptar\u00ebve, aksione t\u00eb cilat gjasojn\u00eb me proceset e montuara politike t\u00eb viteve 80-ta ndaj shqiptar\u00ebve.<br \/>\nAkuza p\u00ebr terroriz\u00ebm nuk ka t\u00eb b\u00ebj\u00eb me shqiptar\u00ebt, sepse ata asnj\u00ebher\u00eb gjat\u00eb historis\u00eb s\u00eb tyre t\u00eb v\u00ebshtir\u00eb nuk ishin t\u00eb till\u00eb, por p\u00ebrkundrazi ishin dhe do t\u00eb jen\u00eb faktor stabilizues, tolerant dhe liridash\u00ebs si n\u00eb Malin e Zi dhe n\u00eb rajon.<br \/>\nK\u00ebshilli Nacional i Shqiptar\u00ebve edhe nj\u00eb her\u00eb lidhur me procesin n\u00eb fjal\u00eb shpreh brengosjen e thell\u00eb dhe b\u00ebn me dije se do t\u00eb reagoj\u00eb fuqish\u00ebm n\u00eb baz\u00eb t\u00eb kompetencave t\u00eb veta, p\u00ebr t\u00eb denoncuar t\u00eb gjitha rastet e shkeljeve dhe cenimit t\u00eb t\u00eb drejtave t\u00eb Shqiptar\u00ebve n\u00eb Malin e Zi q\u00eb kan\u00eb p\u00ebr synim diskriminimin e tyre.<br \/>\n<strong>Kryetari, Tahir Tahiri<br \/>\nBurimi \/ Koha Javore<\/strong><\/p>\n","protected":false},"excerpt":{"rendered":"<p><img loading=\"lazy\" class=\"size-medium wp-image-1633 alignleft\" title=\"Tahir Tahiri kryetar i kshillit nacional shqiptar \" src=\"http:\/\/www.visit-ulcinj.com\/blog\/wp-content\/uploads\/2008\/05\/tahir-tahiri.jpg\" alt=\"Tahir Tahiri kryetar i Kshillit Nacional Shqiptar \" width=\"140\" height=\"140\" \/><\/p>\n","protected":false},"author":1,"featured_media":0,"comment_status":"open","ping_status":"closed","sticky":false,"template":"","format":"standard","meta":{"spay_email":"","jetpack_publicize_message":"","jetpack_is_tweetstorm":false,"jetpack_publicize_feature_enabled":true},"categories":[6,12],"tags":[4376],"jetpack_publicize_connections":[],"yoast_head":"<!-- This site is optimized with the Yoast SEO plugin v19.1 - https:\/\/yoast.com\/wordpress\/plugins\/seo\/ -->\n<title>Kumtes\u00eb p\u00ebr opinion e K\u00ebshillit Nacional t\u00eb Shqiptar\u00ebve n\u00eb Malin e Zi - Lajme nga Ulqini<\/title>\n<meta name=\"robots\" content=\"index, follow, max-snippet:-1, max-image-preview:large, max-video-preview:-1\" \/>\n<link rel=\"canonical\" href=\"https:\/\/www.visit-ulcinj.com\/blog\/2008\/08\/19\/kumtese-pe-opinion-e-keshillit-nacional-te-shqiptareve-ne-malin-e-zi\/\" \/>\n<meta property=\"og:locale\" content=\"en_US\" \/>\n<meta property=\"og:type\" content=\"article\" \/>\n<meta property=\"og:title\" content=\"Kumtes\u00eb p\u00ebr opinion e K\u00ebshillit Nacional t\u00eb Shqiptar\u00ebve n\u00eb Malin e Zi - Lajme nga Ulqini\" \/>\n<meta property=\"og:url\" content=\"https:\/\/www.visit-ulcinj.com\/blog\/2008\/08\/19\/kumtese-pe-opinion-e-keshillit-nacional-te-shqiptareve-ne-malin-e-zi\/\" \/>\n<meta property=\"og:site_name\" content=\"Lajme nga Ulqini\" \/>\n<meta property=\"article:published_time\" content=\"2008-08-19T11:51:04+00:00\" \/>\n<meta property=\"article:modified_time\" content=\"2008-08-19T11:52:09+00:00\" \/>\n<meta property=\"og:image\" content=\"http:\/\/www.visit-ulcinj.com\/blog\/wp-content\/uploads\/2008\/05\/tahir-tahiri.jpg\" \/>\n<meta name=\"twitter:label1\" content=\"Written by\" \/>\n\t<meta name=\"twitter:data1\" content=\"ulqini\" \/>\n\t<meta name=\"twitter:label2\" content=\"Est. reading time\" \/>\n\t<meta name=\"twitter:data2\" content=\"2 minutes\" \/>\n<script type=\"application\/ld+json\" class=\"yoast-schema-graph\">{\"@context\":\"https:\/\/schema.org\",\"@graph\":[{\"@type\":\"WebSite\",\"@id\":\"https:\/\/www.visit-ulcinj.com\/blog\/#website\",\"url\":\"https:\/\/www.visit-ulcinj.com\/blog\/\",\"name\":\"Lajme nga Ulqini\",\"description\":\"Lajme,Vijesti,Ulqini,Ulqin,Crna Gora,Mali i Zi\",\"potentialAction\":[{\"@type\":\"SearchAction\",\"target\":{\"@type\":\"EntryPoint\",\"urlTemplate\":\"https:\/\/www.visit-ulcinj.com\/blog\/?s={search_term_string}\"},\"query-input\":\"required name=search_term_string\"}],\"inLanguage\":\"en-US\"},{\"@type\":\"ImageObject\",\"inLanguage\":\"en-US\",\"@id\":\"https:\/\/www.visit-ulcinj.com\/blog\/2008\/08\/19\/kumtese-pe-opinion-e-keshillit-nacional-te-shqiptareve-ne-malin-e-zi\/#primaryimage\",\"url\":\"http:\/\/www.visit-ulcinj.com\/blog\/wp-content\/uploads\/2008\/05\/tahir-tahiri.jpg\",\"contentUrl\":\"http:\/\/www.visit-ulcinj.com\/blog\/wp-content\/uploads\/2008\/05\/tahir-tahiri.jpg\"},{\"@type\":\"WebPage\",\"@id\":\"https:\/\/www.visit-ulcinj.com\/blog\/2008\/08\/19\/kumtese-pe-opinion-e-keshillit-nacional-te-shqiptareve-ne-malin-e-zi\/#webpage\",\"url\":\"https:\/\/www.visit-ulcinj.com\/blog\/2008\/08\/19\/kumtese-pe-opinion-e-keshillit-nacional-te-shqiptareve-ne-malin-e-zi\/\",\"name\":\"Kumtes\u00eb p\u00ebr opinion e K\u00ebshillit Nacional t\u00eb Shqiptar\u00ebve n\u00eb Malin e Zi - Lajme nga Ulqini\",\"isPartOf\":{\"@id\":\"https:\/\/www.visit-ulcinj.com\/blog\/#website\"},\"primaryImageOfPage\":{\"@id\":\"https:\/\/www.visit-ulcinj.com\/blog\/2008\/08\/19\/kumtese-pe-opinion-e-keshillit-nacional-te-shqiptareve-ne-malin-e-zi\/#primaryimage\"},\"datePublished\":\"2008-08-19T11:51:04+00:00\",\"dateModified\":\"2008-08-19T11:52:09+00:00\",\"author\":{\"@id\":\"https:\/\/www.visit-ulcinj.com\/blog\/#\/schema\/person\/dcab619c614d3038751c63bc2aadc06d\"},\"breadcrumb\":{\"@id\":\"https:\/\/www.visit-ulcinj.com\/blog\/2008\/08\/19\/kumtese-pe-opinion-e-keshillit-nacional-te-shqiptareve-ne-malin-e-zi\/#breadcrumb\"},\"inLanguage\":\"en-US\",\"potentialAction\":[{\"@type\":\"ReadAction\",\"target\":[\"https:\/\/www.visit-ulcinj.com\/blog\/2008\/08\/19\/kumtese-pe-opinion-e-keshillit-nacional-te-shqiptareve-ne-malin-e-zi\/\"]}]},{\"@type\":\"BreadcrumbList\",\"@id\":\"https:\/\/www.visit-ulcinj.com\/blog\/2008\/08\/19\/kumtese-pe-opinion-e-keshillit-nacional-te-shqiptareve-ne-malin-e-zi\/#breadcrumb\",\"itemListElement\":[{\"@type\":\"ListItem\",\"position\":1,\"name\":\"Kumtes\u00eb p\u00ebr opinion e K\u00ebshillit Nacional t\u00eb Shqiptar\u00ebve n\u00eb Malin e Zi\"}]},{\"@type\":\"Person\",\"@id\":\"https:\/\/www.visit-ulcinj.com\/blog\/#\/schema\/person\/dcab619c614d3038751c63bc2aadc06d\",\"name\":\"ulqini\",\"sameAs\":[\"http:\/\/www.visit-ulcinj.com\"],\"url\":\"https:\/\/www.visit-ulcinj.com\/blog\/author\/admin\/\"}]}<\/script>\n<!-- \/ Yoast SEO plugin. -->","yoast_head_json":{"title":"Kumtes\u00eb p\u00ebr opinion e K\u00ebshillit Nacional t\u00eb Shqiptar\u00ebve n\u00eb Malin e Zi - Lajme nga Ulqini","robots":{"index":"index","follow":"follow","max-snippet":"max-snippet:-1","max-image-preview":"max-image-preview:large","max-video-preview":"max-video-preview:-1"},"canonical":"https:\/\/www.visit-ulcinj.com\/blog\/2008\/08\/19\/kumtese-pe-opinion-e-keshillit-nacional-te-shqiptareve-ne-malin-e-zi\/","og_locale":"en_US","og_type":"article","og_title":"Kumtes\u00eb p\u00ebr opinion e K\u00ebshillit Nacional t\u00eb Shqiptar\u00ebve n\u00eb Malin e Zi - Lajme nga Ulqini","og_url":"https:\/\/www.visit-ulcinj.com\/blog\/2008\/08\/19\/kumtese-pe-opinion-e-keshillit-nacional-te-shqiptareve-ne-malin-e-zi\/","og_site_name":"Lajme nga Ulqini","article_published_time":"2008-08-19T11:51:04+00:00","article_modified_time":"2008-08-19T11:52:09+00:00","og_image":[{"url":"http:\/\/www.visit-ulcinj.com\/blog\/wp-content\/uploads\/2008\/05\/tahir-tahiri.jpg"}],"twitter_misc":{"Written by":"ulqini","Est. reading time":"2 minutes"},"schema":{"@context":"https:\/\/schema.org","@graph":[{"@type":"WebSite","@id":"https:\/\/www.visit-ulcinj.com\/blog\/#website","url":"https:\/\/www.visit-ulcinj.com\/blog\/","name":"Lajme nga Ulqini","description":"Lajme,Vijesti,Ulqini,Ulqin,Crna Gora,Mali i Zi","potentialAction":[{"@type":"SearchAction","target":{"@type":"EntryPoint","urlTemplate":"https:\/\/www.visit-ulcinj.com\/blog\/?s={search_term_string}"},"query-input":"required name=search_term_string"}],"inLanguage":"en-US"},{"@type":"ImageObject","inLanguage":"en-US","@id":"https:\/\/www.visit-ulcinj.com\/blog\/2008\/08\/19\/kumtese-pe-opinion-e-keshillit-nacional-te-shqiptareve-ne-malin-e-zi\/#primaryimage","url":"http:\/\/www.visit-ulcinj.com\/blog\/wp-content\/uploads\/2008\/05\/tahir-tahiri.jpg","contentUrl":"http:\/\/www.visit-ulcinj.com\/blog\/wp-content\/uploads\/2008\/05\/tahir-tahiri.jpg"},{"@type":"WebPage","@id":"https:\/\/www.visit-ulcinj.com\/blog\/2008\/08\/19\/kumtese-pe-opinion-e-keshillit-nacional-te-shqiptareve-ne-malin-e-zi\/#webpage","url":"https:\/\/www.visit-ulcinj.com\/blog\/2008\/08\/19\/kumtese-pe-opinion-e-keshillit-nacional-te-shqiptareve-ne-malin-e-zi\/","name":"Kumtes\u00eb p\u00ebr opinion e K\u00ebshillit Nacional t\u00eb Shqiptar\u00ebve n\u00eb Malin e Zi - Lajme nga Ulqini","isPartOf":{"@id":"https:\/\/www.visit-ulcinj.com\/blog\/#website"},"primaryImageOfPage":{"@id":"https:\/\/www.visit-ulcinj.com\/blog\/2008\/08\/19\/kumtese-pe-opinion-e-keshillit-nacional-te-shqiptareve-ne-malin-e-zi\/#primaryimage"},"datePublished":"2008-08-19T11:51:04+00:00","dateModified":"2008-08-19T11:52:09+00:00","author":{"@id":"https:\/\/www.visit-ulcinj.com\/blog\/#\/schema\/person\/dcab619c614d3038751c63bc2aadc06d"},"breadcrumb":{"@id":"https:\/\/www.visit-ulcinj.com\/blog\/2008\/08\/19\/kumtese-pe-opinion-e-keshillit-nacional-te-shqiptareve-ne-malin-e-zi\/#breadcrumb"},"inLanguage":"en-US","potentialAction":[{"@type":"ReadAction","target":["https:\/\/www.visit-ulcinj.com\/blog\/2008\/08\/19\/kumtese-pe-opinion-e-keshillit-nacional-te-shqiptareve-ne-malin-e-zi\/"]}]},{"@type":"BreadcrumbList","@id":"https:\/\/www.visit-ulcinj.com\/blog\/2008\/08\/19\/kumtese-pe-opinion-e-keshillit-nacional-te-shqiptareve-ne-malin-e-zi\/#breadcrumb","itemListElement":[{"@type":"ListItem","position":1,"name":"Kumtes\u00eb p\u00ebr opinion e K\u00ebshillit Nacional t\u00eb Shqiptar\u00ebve n\u00eb Malin e Zi"}]},{"@type":"Person","@id":"https:\/\/www.visit-ulcinj.com\/blog\/#\/schema\/person\/dcab619c614d3038751c63bc2aadc06d","name":"ulqini","sameAs":["http:\/\/www.visit-ulcinj.com"],"url":"https:\/\/www.visit-ulcinj.com\/blog\/author\/admin\/"}]}},"jetpack_featured_media_url":"","jetpack_sharing_enabled":true,"jetpack_shortlink":"https:\/\/wp.me\/pe6lTn-Fk","_links":{"self":[{"href":"https:\/\/www.visit-ulcinj.com\/blog\/wp-json\/wp\/v2\/posts\/2562"}],"collection":[{"href":"https:\/\/www.visit-ulcinj.com\/blog\/wp-json\/wp\/v2\/posts"}],"about":[{"href":"https:\/\/www.visit-ulcinj.com\/blog\/wp-json\/wp\/v2\/types\/post"}],"author":[{"embeddable":true,"href":"https:\/\/www.visit-ulcinj.com\/blog\/wp-json\/wp\/v2\/users\/1"}],"replies":[{"embeddable":true,"href":"https:\/\/www.visit-ulcinj.com\/blog\/wp-json\/wp\/v2\/comments?post=2562"}],"version-history":[{"count":0,"href":"https:\/\/www.visit-ulcinj.com\/blog\/wp-json\/wp\/v2\/posts\/2562\/revisions"}],"wp:attachment":[{"href":"https:\/\/www.visit-ulcinj.com\/blog\/wp-json\/wp\/v2\/media?parent=2562"}],"wp:term":[{"taxonomy":"category","embeddable":true,"href":"https:\/\/www.visit-ulcinj.com\/blog\/wp-json\/wp\/v2\/categories?post=2562"},{"taxonomy":"post_tag","embeddable":true,"href":"https:\/\/www.visit-ulcinj.com\/blog\/wp-json\/wp\/v2\/tags?post=2562"}],"curies":[{"name":"wp","href":"https:\/\/api.w.org\/{rel}","templated":true}]}}