{"id":25624,"date":"2009-09-17T19:23:34","date_gmt":"2009-09-17T17:23:34","guid":{"rendered":"http:\/\/www.visit-ulcinj.com\/blog\/?p=25624"},"modified":"2009-09-17T19:23:34","modified_gmt":"2009-09-17T17:23:34","slug":"heqja-e-vizave-ndermjet-malit-te-zi-dhe-izraelit","status":"publish","type":"post","link":"https:\/\/www.visit-ulcinj.com\/blog\/2009\/09\/17\/heqja-e-vizave-ndermjet-malit-te-zi-dhe-izraelit\/","title":{"rendered":"Heqja e vizave ndermjet Malit te Zi dhe Izraelit"},"content":{"rendered":"<p><a href=\"http:\/\/www.visit-ulcinj.com\/blog\/wp-content\/uploads\/2009\/09\/Milo-?ukanovi?_Avigdor-Liberman.jpg\"><img loading=\"lazy\" class=\"alignleft size-full wp-image-25625\" title=\"Milo ?ukanovi?_Avigdor Liberman\" src=\"http:\/\/www.visit-ulcinj.com\/blog\/wp-content\/uploads\/2009\/09\/Milo-?ukanovi?_Avigdor-Liberman.jpg\" alt=\"Milo ?ukanovi?_Avigdor Liberman\" width=\"580\" height=\"400\" \/><\/a>Marr\u00ebveshja p\u00ebr heqjen e vizave ndermjet Malit t\u00eb Zi dhe Izraelit do t\u00eb mund\u00ebsoj\u00eb komunikim m\u00eb intensiv t\u00eb njerezve afarist, investues\u00ebve dhe turist\u00ebve, vler\u00ebsoi kryeministri i Malit t\u00eb Zi Millo Gjukanoviq.<br \/>\nAi sot n\u00eb Podgoric\u00eb bisedoi me n\u00ebnkryetarin e Qeveris\u00eb e minist\u00ebr p\u00ebr pun\u00eb t\u00eb jashtme t\u00eb Izraelit Avigdor Liberman, i cili qendron p\u00ebr vizit\u00eb zyrtare n\u00eb Mal t\u00eb Zi.<br \/>\nGjukanoviq u shpreh i k\u00ebnaqur me vizit\u00ebn e par\u00eb t\u00eb nj\u00eb zyrtari t\u00eb lart\u00eb izraelit n\u00eb Mal t\u00eb Zi duke i vler\u00ebsuar kualitative marr\u00ebdh\u00ebniet bilaterale nd\u00ebrmjet dy vendeve.<br \/>\nMali i Zi \u00ebsht\u00eb i interesuar p\u00ebr pjes\u00ebmarrjen e investuesve izraelit n\u00eb projektet e infrastruktur\u00ebs si dhe n\u00eb komunikacion, turiz\u00ebm dhe bujq\u00ebsi, theksoi Gjukanoviq.<br \/>\nLiberman theksoi se modeli malazez i zgjidhjes s\u00eb qet\u00eb t\u00eb \u00e7\u00ebshtjeve politike , pra edhe i atyre m\u00eb t\u00eb nd\u00ebrlikuara si\u00e7 \u00ebsht\u00eb \u00e7\u00ebshtja e pavar\u00ebsis\u00eb shtet\u00ebrore, mund t\u00eb sherbej\u00eb si shembull p\u00ebr tejkalimin e situatave t\u00eb ngjashme edhe n\u00eb rajonet tjera.<\/p>\n<p><strong>RTCG<\/strong><\/p>\n","protected":false},"excerpt":{"rendered":"<p>Marr\u00ebveshja p\u00ebr heqjen e vizave ndermjet Malit t\u00eb Zi dhe Izraelit do t\u00eb mund\u00ebsoj\u00eb komunikim m\u00eb intensiv t\u00eb njerezve afarist, investues\u00ebve dhe turist\u00ebve, vler\u00ebsoi kryeministri i Malit t\u00eb Zi Millo Gjukanoviq. Ai sot n\u00eb Podgoric\u00eb bisedoi me n\u00ebnkryetarin e Qeveris\u00eb e minist\u00ebr p\u00ebr pun\u00eb t\u00eb jashtme t\u00eb Izraelit Avigdor Liberman, i cili qendron p\u00ebr vizit\u00eb [&hellip;]<\/p>\n","protected":false},"author":1,"featured_media":0,"comment_status":"open","ping_status":"closed","sticky":false,"template":"","format":"standard","meta":{"spay_email":"","jetpack_publicize_message":"","jetpack_is_tweetstorm":false,"jetpack_publicize_feature_enabled":true},"categories":[12],"tags":[12456,924],"jetpack_publicize_connections":[],"yoast_head":"<!-- This site is optimized with the Yoast SEO plugin v19.1 - https:\/\/yoast.com\/wordpress\/plugins\/seo\/ -->\n<title>Heqja e vizave ndermjet Malit te Zi dhe Izraelit - Lajme nga Ulqini<\/title>\n<meta name=\"description\" content=\"Marr\u00ebveshja p\u00ebr heqjen e vizave ndermjet Malit t\u00eb Zi dhe Izraelit do t\u00eb mund\u00ebsoj\u00eb komunikim m\u00eb intensiv t\u00eb njerezve afarist, investues\u00ebve dhe turist\u00ebve,\" \/>\n<meta name=\"robots\" content=\"index, follow, max-snippet:-1, max-image-preview:large, max-video-preview:-1\" \/>\n<link rel=\"canonical\" href=\"https:\/\/www.visit-ulcinj.com\/blog\/2009\/09\/17\/heqja-e-vizave-ndermjet-malit-te-zi-dhe-izraelit\/\" \/>\n<meta property=\"og:locale\" content=\"en_US\" \/>\n<meta property=\"og:type\" content=\"article\" \/>\n<meta property=\"og:title\" content=\"Heqja e vizave ndermjet Malit te Zi dhe Izraelit - Lajme nga Ulqini\" \/>\n<meta property=\"og:description\" content=\"Marr\u00ebveshja p\u00ebr heqjen e vizave ndermjet Malit t\u00eb Zi dhe Izraelit do t\u00eb mund\u00ebsoj\u00eb komunikim m\u00eb intensiv t\u00eb njerezve afarist, investues\u00ebve dhe turist\u00ebve,\" \/>\n<meta property=\"og:url\" content=\"https:\/\/www.visit-ulcinj.com\/blog\/2009\/09\/17\/heqja-e-vizave-ndermjet-malit-te-zi-dhe-izraelit\/\" \/>\n<meta property=\"og:site_name\" content=\"Lajme nga Ulqini\" \/>\n<meta property=\"article:published_time\" content=\"2009-09-17T17:23:34+00:00\" \/>\n<meta property=\"og:image\" content=\"http:\/\/www.visit-ulcinj.com\/blog\/wp-content\/uploads\/2009\/09\/Milo-?ukanovi?_Avigdor-Liberman.jpg\" \/>\n<meta name=\"twitter:label1\" content=\"Written by\" \/>\n\t<meta name=\"twitter:data1\" content=\"ulqini\" \/>\n\t<meta name=\"twitter:label2\" content=\"Est. reading time\" \/>\n\t<meta name=\"twitter:data2\" content=\"1 minute\" \/>\n<script type=\"application\/ld+json\" class=\"yoast-schema-graph\">{\"@context\":\"https:\/\/schema.org\",\"@graph\":[{\"@type\":\"WebSite\",\"@id\":\"https:\/\/www.visit-ulcinj.com\/blog\/#website\",\"url\":\"https:\/\/www.visit-ulcinj.com\/blog\/\",\"name\":\"Lajme nga Ulqini\",\"description\":\"Lajme,Vijesti,Ulqini,Ulqin,Crna Gora,Mali i Zi\",\"potentialAction\":[{\"@type\":\"SearchAction\",\"target\":{\"@type\":\"EntryPoint\",\"urlTemplate\":\"https:\/\/www.visit-ulcinj.com\/blog\/?s={search_term_string}\"},\"query-input\":\"required name=search_term_string\"}],\"inLanguage\":\"en-US\"},{\"@type\":\"ImageObject\",\"inLanguage\":\"en-US\",\"@id\":\"https:\/\/www.visit-ulcinj.com\/blog\/2009\/09\/17\/heqja-e-vizave-ndermjet-malit-te-zi-dhe-izraelit\/#primaryimage\",\"url\":\"http:\/\/www.visit-ulcinj.com\/blog\/wp-content\/uploads\/2009\/09\/Milo-?ukanovi?_Avigdor-Liberman.jpg\",\"contentUrl\":\"http:\/\/www.visit-ulcinj.com\/blog\/wp-content\/uploads\/2009\/09\/Milo-?ukanovi?_Avigdor-Liberman.jpg\"},{\"@type\":\"WebPage\",\"@id\":\"https:\/\/www.visit-ulcinj.com\/blog\/2009\/09\/17\/heqja-e-vizave-ndermjet-malit-te-zi-dhe-izraelit\/#webpage\",\"url\":\"https:\/\/www.visit-ulcinj.com\/blog\/2009\/09\/17\/heqja-e-vizave-ndermjet-malit-te-zi-dhe-izraelit\/\",\"name\":\"Heqja e vizave ndermjet Malit te Zi dhe Izraelit - Lajme nga Ulqini\",\"isPartOf\":{\"@id\":\"https:\/\/www.visit-ulcinj.com\/blog\/#website\"},\"primaryImageOfPage\":{\"@id\":\"https:\/\/www.visit-ulcinj.com\/blog\/2009\/09\/17\/heqja-e-vizave-ndermjet-malit-te-zi-dhe-izraelit\/#primaryimage\"},\"datePublished\":\"2009-09-17T17:23:34+00:00\",\"dateModified\":\"2009-09-17T17:23:34+00:00\",\"author\":{\"@id\":\"https:\/\/www.visit-ulcinj.com\/blog\/#\/schema\/person\/dcab619c614d3038751c63bc2aadc06d\"},\"description\":\"Marr\u00ebveshja p\u00ebr heqjen e vizave ndermjet Malit t\u00eb Zi dhe Izraelit do t\u00eb mund\u00ebsoj\u00eb komunikim m\u00eb intensiv t\u00eb njerezve afarist, investues\u00ebve dhe turist\u00ebve,\",\"breadcrumb\":{\"@id\":\"https:\/\/www.visit-ulcinj.com\/blog\/2009\/09\/17\/heqja-e-vizave-ndermjet-malit-te-zi-dhe-izraelit\/#breadcrumb\"},\"inLanguage\":\"en-US\",\"potentialAction\":[{\"@type\":\"ReadAction\",\"target\":[\"https:\/\/www.visit-ulcinj.com\/blog\/2009\/09\/17\/heqja-e-vizave-ndermjet-malit-te-zi-dhe-izraelit\/\"]}]},{\"@type\":\"BreadcrumbList\",\"@id\":\"https:\/\/www.visit-ulcinj.com\/blog\/2009\/09\/17\/heqja-e-vizave-ndermjet-malit-te-zi-dhe-izraelit\/#breadcrumb\",\"itemListElement\":[{\"@type\":\"ListItem\",\"position\":1,\"name\":\"Heqja e vizave ndermjet Malit te Zi dhe Izraelit\"}]},{\"@type\":\"Person\",\"@id\":\"https:\/\/www.visit-ulcinj.com\/blog\/#\/schema\/person\/dcab619c614d3038751c63bc2aadc06d\",\"name\":\"ulqini\",\"sameAs\":[\"http:\/\/www.visit-ulcinj.com\"],\"url\":\"https:\/\/www.visit-ulcinj.com\/blog\/author\/admin\/\"}]}<\/script>\n<!-- \/ Yoast SEO plugin. -->","yoast_head_json":{"title":"Heqja e vizave ndermjet Malit te Zi dhe Izraelit - Lajme nga Ulqini","description":"Marr\u00ebveshja p\u00ebr heqjen e vizave ndermjet Malit t\u00eb Zi dhe Izraelit do t\u00eb mund\u00ebsoj\u00eb komunikim m\u00eb intensiv t\u00eb njerezve afarist, investues\u00ebve dhe turist\u00ebve,","robots":{"index":"index","follow":"follow","max-snippet":"max-snippet:-1","max-image-preview":"max-image-preview:large","max-video-preview":"max-video-preview:-1"},"canonical":"https:\/\/www.visit-ulcinj.com\/blog\/2009\/09\/17\/heqja-e-vizave-ndermjet-malit-te-zi-dhe-izraelit\/","og_locale":"en_US","og_type":"article","og_title":"Heqja e vizave ndermjet Malit te Zi dhe Izraelit - Lajme nga Ulqini","og_description":"Marr\u00ebveshja p\u00ebr heqjen e vizave ndermjet Malit t\u00eb Zi dhe Izraelit do t\u00eb mund\u00ebsoj\u00eb komunikim m\u00eb intensiv t\u00eb njerezve afarist, investues\u00ebve dhe turist\u00ebve,","og_url":"https:\/\/www.visit-ulcinj.com\/blog\/2009\/09\/17\/heqja-e-vizave-ndermjet-malit-te-zi-dhe-izraelit\/","og_site_name":"Lajme nga Ulqini","article_published_time":"2009-09-17T17:23:34+00:00","og_image":[{"url":"http:\/\/www.visit-ulcinj.com\/blog\/wp-content\/uploads\/2009\/09\/Milo-?ukanovi?_Avigdor-Liberman.jpg"}],"twitter_misc":{"Written by":"ulqini","Est. reading time":"1 minute"},"schema":{"@context":"https:\/\/schema.org","@graph":[{"@type":"WebSite","@id":"https:\/\/www.visit-ulcinj.com\/blog\/#website","url":"https:\/\/www.visit-ulcinj.com\/blog\/","name":"Lajme nga Ulqini","description":"Lajme,Vijesti,Ulqini,Ulqin,Crna Gora,Mali i Zi","potentialAction":[{"@type":"SearchAction","target":{"@type":"EntryPoint","urlTemplate":"https:\/\/www.visit-ulcinj.com\/blog\/?s={search_term_string}"},"query-input":"required name=search_term_string"}],"inLanguage":"en-US"},{"@type":"ImageObject","inLanguage":"en-US","@id":"https:\/\/www.visit-ulcinj.com\/blog\/2009\/09\/17\/heqja-e-vizave-ndermjet-malit-te-zi-dhe-izraelit\/#primaryimage","url":"http:\/\/www.visit-ulcinj.com\/blog\/wp-content\/uploads\/2009\/09\/Milo-?ukanovi?_Avigdor-Liberman.jpg","contentUrl":"http:\/\/www.visit-ulcinj.com\/blog\/wp-content\/uploads\/2009\/09\/Milo-?ukanovi?_Avigdor-Liberman.jpg"},{"@type":"WebPage","@id":"https:\/\/www.visit-ulcinj.com\/blog\/2009\/09\/17\/heqja-e-vizave-ndermjet-malit-te-zi-dhe-izraelit\/#webpage","url":"https:\/\/www.visit-ulcinj.com\/blog\/2009\/09\/17\/heqja-e-vizave-ndermjet-malit-te-zi-dhe-izraelit\/","name":"Heqja e vizave ndermjet Malit te Zi dhe Izraelit - Lajme nga Ulqini","isPartOf":{"@id":"https:\/\/www.visit-ulcinj.com\/blog\/#website"},"primaryImageOfPage":{"@id":"https:\/\/www.visit-ulcinj.com\/blog\/2009\/09\/17\/heqja-e-vizave-ndermjet-malit-te-zi-dhe-izraelit\/#primaryimage"},"datePublished":"2009-09-17T17:23:34+00:00","dateModified":"2009-09-17T17:23:34+00:00","author":{"@id":"https:\/\/www.visit-ulcinj.com\/blog\/#\/schema\/person\/dcab619c614d3038751c63bc2aadc06d"},"description":"Marr\u00ebveshja p\u00ebr heqjen e vizave ndermjet Malit t\u00eb Zi dhe Izraelit do t\u00eb mund\u00ebsoj\u00eb komunikim m\u00eb intensiv t\u00eb njerezve afarist, investues\u00ebve dhe turist\u00ebve,","breadcrumb":{"@id":"https:\/\/www.visit-ulcinj.com\/blog\/2009\/09\/17\/heqja-e-vizave-ndermjet-malit-te-zi-dhe-izraelit\/#breadcrumb"},"inLanguage":"en-US","potentialAction":[{"@type":"ReadAction","target":["https:\/\/www.visit-ulcinj.com\/blog\/2009\/09\/17\/heqja-e-vizave-ndermjet-malit-te-zi-dhe-izraelit\/"]}]},{"@type":"BreadcrumbList","@id":"https:\/\/www.visit-ulcinj.com\/blog\/2009\/09\/17\/heqja-e-vizave-ndermjet-malit-te-zi-dhe-izraelit\/#breadcrumb","itemListElement":[{"@type":"ListItem","position":1,"name":"Heqja e vizave ndermjet Malit te Zi dhe Izraelit"}]},{"@type":"Person","@id":"https:\/\/www.visit-ulcinj.com\/blog\/#\/schema\/person\/dcab619c614d3038751c63bc2aadc06d","name":"ulqini","sameAs":["http:\/\/www.visit-ulcinj.com"],"url":"https:\/\/www.visit-ulcinj.com\/blog\/author\/admin\/"}]}},"jetpack_featured_media_url":"","jetpack_sharing_enabled":true,"jetpack_shortlink":"https:\/\/wp.me\/pe6lTn-6Fi","_links":{"self":[{"href":"https:\/\/www.visit-ulcinj.com\/blog\/wp-json\/wp\/v2\/posts\/25624"}],"collection":[{"href":"https:\/\/www.visit-ulcinj.com\/blog\/wp-json\/wp\/v2\/posts"}],"about":[{"href":"https:\/\/www.visit-ulcinj.com\/blog\/wp-json\/wp\/v2\/types\/post"}],"author":[{"embeddable":true,"href":"https:\/\/www.visit-ulcinj.com\/blog\/wp-json\/wp\/v2\/users\/1"}],"replies":[{"embeddable":true,"href":"https:\/\/www.visit-ulcinj.com\/blog\/wp-json\/wp\/v2\/comments?post=25624"}],"version-history":[{"count":0,"href":"https:\/\/www.visit-ulcinj.com\/blog\/wp-json\/wp\/v2\/posts\/25624\/revisions"}],"wp:attachment":[{"href":"https:\/\/www.visit-ulcinj.com\/blog\/wp-json\/wp\/v2\/media?parent=25624"}],"wp:term":[{"taxonomy":"category","embeddable":true,"href":"https:\/\/www.visit-ulcinj.com\/blog\/wp-json\/wp\/v2\/categories?post=25624"},{"taxonomy":"post_tag","embeddable":true,"href":"https:\/\/www.visit-ulcinj.com\/blog\/wp-json\/wp\/v2\/tags?post=25624"}],"curies":[{"name":"wp","href":"https:\/\/api.w.org\/{rel}","templated":true}]}}