{"id":25628,"date":"2009-09-17T19:52:02","date_gmt":"2009-09-17T17:52:02","guid":{"rendered":"http:\/\/www.visit-ulcinj.com\/blog\/?p=25628"},"modified":"2009-09-17T19:53:06","modified_gmt":"2009-09-17T17:53:06","slug":"presidenti-topi-ne-vizite-zyrtare-ne-republiken-e-malit-te-zi","status":"publish","type":"post","link":"https:\/\/www.visit-ulcinj.com\/blog\/2009\/09\/17\/presidenti-topi-ne-vizite-zyrtare-ne-republiken-e-malit-te-zi\/","title":{"rendered":"Presidenti Topi n\u00eb vizit\u00eb zyrtare n\u00eb Republik\u00ebn e Malit t\u00eb Zi"},"content":{"rendered":"<p><a href=\"http:\/\/www.visit-ulcinj.com\/blog\/wp-content\/uploads\/2009\/09\/Vujanovic_Topi.jpg\"><img loading=\"lazy\" class=\"alignleft size-full wp-image-25629\" title=\"Vujanovic_Topi\" src=\"http:\/\/www.visit-ulcinj.com\/blog\/wp-content\/uploads\/2009\/09\/Vujanovic_Topi.jpg\" alt=\"Vujanovic_Topi\" width=\"580\" height=\"402\" \/><\/a>Presidenti i Republik\u00ebs, Prof. Dr. Bamir Topi u nis sot p\u00ebr nj\u00eb vizit\u00eb zyrtare dyditore n\u00eb Republik\u00ebn e Malit t\u00eb Zi, me ftes\u00eb t\u00eb Presidentit malazez, Filip Vujanovi\u00e7.<br \/>\nGjat\u00eb q\u00ebndrimit t\u00eb tij n\u00eb shtetin fqinj, Presidenti Topi do t\u00eb zhvilloj\u00eb takime me Presidentin e Malit t\u00eb Zi, Filip Vujanovi\u00e7, Kryeministrin malazez, Milo Djukanovi\u00e7, si dhe me p\u00ebrfaq\u00ebsues t\u00eb tjer\u00eb t\u00eb lart\u00eb parlamentar\u00eb, politik\u00eb dhe t\u00eb pushtetit lokal.<br \/>\nTem\u00eb q\u00ebndrore e bisedimeve do t\u00eb jet\u00eb thellimi dhe forcimi i m\u00ebtejsh\u00ebm i marr\u00ebdh\u00ebnieve t\u00eb mira mes dy vendeve dhe popujve tan\u00eb, n\u00eb kuad\u00ebr dhe t\u00eb zhvillimit dhe t\u00eb integrimit t\u00eb rajonit ballkanik n\u00eb strukturat euroatlantike. Zgjerimi i bashk\u00ebpunimit ekonomik e tregtar mes Shqip\u00ebris\u00eb dhe Malit t\u00eb Zi, leht\u00ebsimi i l\u00ebvizjes s\u00eb lir\u00eb t\u00eb njer\u00ebzve sipas standardeve t\u00eb BE-s\u00eb, forcimi i bashk\u00ebpunimit kund\u00ebr krimit t\u00eb organizuar nd\u00ebrkufitar dhe trafiqeve t\u00eb paligjshme, jan\u00eb disa nga pikat kryesore p\u00ebr t\u00eb cilat do t\u00eb bisedohet n\u00eb k\u00ebto takime. N\u00eb p\u00ebrfundim t\u00eb takimit mes tyre, Presidenti Topi dhe homologu i tij malazez, Vujanovi\u00e7, do t\u00eb japin nj\u00eb konferenc\u00eb t\u00eb p\u00ebrbashk\u00ebt p\u00ebr shtyp.<\/p>\n<p><strong>Nga Kabineti i Pesidentit<\/strong><\/p>\n","protected":false},"excerpt":{"rendered":"<p>Presidenti i Republik\u00ebs, Prof. Dr. Bamir Topi u nis sot p\u00ebr nj\u00eb vizit\u00eb zyrtare dyditore n\u00eb Republik\u00ebn e Malit t\u00eb Zi, me ftes\u00eb t\u00eb Presidentit malazez, Filip Vujanovi\u00e7. Gjat\u00eb q\u00ebndrimit t\u00eb tij n\u00eb shtetin fqinj, Presidenti Topi do t\u00eb zhvilloj\u00eb takime me Presidentin e Malit t\u00eb Zi, Filip Vujanovi\u00e7, Kryeministrin malazez, Milo Djukanovi\u00e7, si dhe [&hellip;]<\/p>\n","protected":false},"author":1,"featured_media":0,"comment_status":"open","ping_status":"closed","sticky":false,"template":"","format":"standard","meta":{"spay_email":"","jetpack_publicize_message":"","jetpack_is_tweetstorm":false,"jetpack_publicize_feature_enabled":true},"categories":[14],"tags":[93,10978,10954,12457,10979],"jetpack_publicize_connections":[],"yoast_head":"<!-- This site is optimized with the Yoast SEO plugin v19.1 - https:\/\/yoast.com\/wordpress\/plugins\/seo\/ -->\n<title>Presidenti Topi n\u00eb vizit\u00eb zyrtare n\u00eb Republik\u00ebn e Malit t\u00eb Zi - Lajme nga Ulqini<\/title>\n<meta name=\"description\" content=\"Presidenti i Republik\u00ebs, Prof. Dr. Bamir Topi u nis sot p\u00ebr nj\u00eb vizit\u00eb zyrtare dyditore n\u00eb Republik\u00ebn e Malit t\u00eb Zi, me ftes\u00eb t\u00eb Presidentit malazez,\" \/>\n<meta name=\"robots\" content=\"index, follow, max-snippet:-1, max-image-preview:large, max-video-preview:-1\" \/>\n<link rel=\"canonical\" href=\"https:\/\/www.visit-ulcinj.com\/blog\/2009\/09\/17\/presidenti-topi-ne-vizite-zyrtare-ne-republiken-e-malit-te-zi\/\" \/>\n<meta property=\"og:locale\" content=\"en_US\" \/>\n<meta property=\"og:type\" content=\"article\" \/>\n<meta property=\"og:title\" content=\"Presidenti Topi n\u00eb vizit\u00eb zyrtare n\u00eb Republik\u00ebn e Malit t\u00eb Zi - Lajme nga Ulqini\" \/>\n<meta property=\"og:description\" content=\"Presidenti i Republik\u00ebs, Prof. Dr. Bamir Topi u nis sot p\u00ebr nj\u00eb vizit\u00eb zyrtare dyditore n\u00eb Republik\u00ebn e Malit t\u00eb Zi, me ftes\u00eb t\u00eb Presidentit malazez,\" \/>\n<meta property=\"og:url\" content=\"https:\/\/www.visit-ulcinj.com\/blog\/2009\/09\/17\/presidenti-topi-ne-vizite-zyrtare-ne-republiken-e-malit-te-zi\/\" \/>\n<meta property=\"og:site_name\" content=\"Lajme nga Ulqini\" \/>\n<meta property=\"article:published_time\" content=\"2009-09-17T17:52:02+00:00\" \/>\n<meta property=\"article:modified_time\" content=\"2009-09-17T17:53:06+00:00\" \/>\n<meta property=\"og:image\" content=\"http:\/\/www.visit-ulcinj.com\/blog\/wp-content\/uploads\/2009\/09\/Vujanovic_Topi.jpg\" \/>\n<meta name=\"twitter:label1\" content=\"Written by\" \/>\n\t<meta name=\"twitter:data1\" content=\"ulqini\" \/>\n\t<meta name=\"twitter:label2\" content=\"Est. reading time\" \/>\n\t<meta name=\"twitter:data2\" content=\"1 minute\" \/>\n<script type=\"application\/ld+json\" class=\"yoast-schema-graph\">{\"@context\":\"https:\/\/schema.org\",\"@graph\":[{\"@type\":\"WebSite\",\"@id\":\"https:\/\/www.visit-ulcinj.com\/blog\/#website\",\"url\":\"https:\/\/www.visit-ulcinj.com\/blog\/\",\"name\":\"Lajme nga Ulqini\",\"description\":\"Lajme,Vijesti,Ulqini,Ulqin,Crna Gora,Mali i Zi\",\"potentialAction\":[{\"@type\":\"SearchAction\",\"target\":{\"@type\":\"EntryPoint\",\"urlTemplate\":\"https:\/\/www.visit-ulcinj.com\/blog\/?s={search_term_string}\"},\"query-input\":\"required name=search_term_string\"}],\"inLanguage\":\"en-US\"},{\"@type\":\"ImageObject\",\"inLanguage\":\"en-US\",\"@id\":\"https:\/\/www.visit-ulcinj.com\/blog\/2009\/09\/17\/presidenti-topi-ne-vizite-zyrtare-ne-republiken-e-malit-te-zi\/#primaryimage\",\"url\":\"https:\/\/www.visit-ulcinj.com\/blog\/wp-content\/uploads\/2009\/09\/Vujanovic_Topi.jpg\",\"contentUrl\":\"https:\/\/www.visit-ulcinj.com\/blog\/wp-content\/uploads\/2009\/09\/Vujanovic_Topi.jpg\",\"width\":\"503\",\"height\":\"402\"},{\"@type\":\"WebPage\",\"@id\":\"https:\/\/www.visit-ulcinj.com\/blog\/2009\/09\/17\/presidenti-topi-ne-vizite-zyrtare-ne-republiken-e-malit-te-zi\/#webpage\",\"url\":\"https:\/\/www.visit-ulcinj.com\/blog\/2009\/09\/17\/presidenti-topi-ne-vizite-zyrtare-ne-republiken-e-malit-te-zi\/\",\"name\":\"Presidenti Topi n\u00eb vizit\u00eb zyrtare n\u00eb Republik\u00ebn e Malit t\u00eb Zi - Lajme nga Ulqini\",\"isPartOf\":{\"@id\":\"https:\/\/www.visit-ulcinj.com\/blog\/#website\"},\"primaryImageOfPage\":{\"@id\":\"https:\/\/www.visit-ulcinj.com\/blog\/2009\/09\/17\/presidenti-topi-ne-vizite-zyrtare-ne-republiken-e-malit-te-zi\/#primaryimage\"},\"datePublished\":\"2009-09-17T17:52:02+00:00\",\"dateModified\":\"2009-09-17T17:53:06+00:00\",\"author\":{\"@id\":\"https:\/\/www.visit-ulcinj.com\/blog\/#\/schema\/person\/dcab619c614d3038751c63bc2aadc06d\"},\"description\":\"Presidenti i Republik\u00ebs, Prof. Dr. Bamir Topi u nis sot p\u00ebr nj\u00eb vizit\u00eb zyrtare dyditore n\u00eb Republik\u00ebn e Malit t\u00eb Zi, me ftes\u00eb t\u00eb Presidentit malazez,\",\"breadcrumb\":{\"@id\":\"https:\/\/www.visit-ulcinj.com\/blog\/2009\/09\/17\/presidenti-topi-ne-vizite-zyrtare-ne-republiken-e-malit-te-zi\/#breadcrumb\"},\"inLanguage\":\"en-US\",\"potentialAction\":[{\"@type\":\"ReadAction\",\"target\":[\"https:\/\/www.visit-ulcinj.com\/blog\/2009\/09\/17\/presidenti-topi-ne-vizite-zyrtare-ne-republiken-e-malit-te-zi\/\"]}]},{\"@type\":\"BreadcrumbList\",\"@id\":\"https:\/\/www.visit-ulcinj.com\/blog\/2009\/09\/17\/presidenti-topi-ne-vizite-zyrtare-ne-republiken-e-malit-te-zi\/#breadcrumb\",\"itemListElement\":[{\"@type\":\"ListItem\",\"position\":1,\"name\":\"Presidenti Topi n\u00eb vizit\u00eb zyrtare n\u00eb Republik\u00ebn e Malit t\u00eb Zi\"}]},{\"@type\":\"Person\",\"@id\":\"https:\/\/www.visit-ulcinj.com\/blog\/#\/schema\/person\/dcab619c614d3038751c63bc2aadc06d\",\"name\":\"ulqini\",\"sameAs\":[\"http:\/\/www.visit-ulcinj.com\"],\"url\":\"https:\/\/www.visit-ulcinj.com\/blog\/author\/admin\/\"}]}<\/script>\n<!-- \/ Yoast SEO plugin. -->","yoast_head_json":{"title":"Presidenti Topi n\u00eb vizit\u00eb zyrtare n\u00eb Republik\u00ebn e Malit t\u00eb Zi - Lajme nga Ulqini","description":"Presidenti i Republik\u00ebs, Prof. Dr. Bamir Topi u nis sot p\u00ebr nj\u00eb vizit\u00eb zyrtare dyditore n\u00eb Republik\u00ebn e Malit t\u00eb Zi, me ftes\u00eb t\u00eb Presidentit malazez,","robots":{"index":"index","follow":"follow","max-snippet":"max-snippet:-1","max-image-preview":"max-image-preview:large","max-video-preview":"max-video-preview:-1"},"canonical":"https:\/\/www.visit-ulcinj.com\/blog\/2009\/09\/17\/presidenti-topi-ne-vizite-zyrtare-ne-republiken-e-malit-te-zi\/","og_locale":"en_US","og_type":"article","og_title":"Presidenti Topi n\u00eb vizit\u00eb zyrtare n\u00eb Republik\u00ebn e Malit t\u00eb Zi - Lajme nga Ulqini","og_description":"Presidenti i Republik\u00ebs, Prof. Dr. Bamir Topi u nis sot p\u00ebr nj\u00eb vizit\u00eb zyrtare dyditore n\u00eb Republik\u00ebn e Malit t\u00eb Zi, me ftes\u00eb t\u00eb Presidentit malazez,","og_url":"https:\/\/www.visit-ulcinj.com\/blog\/2009\/09\/17\/presidenti-topi-ne-vizite-zyrtare-ne-republiken-e-malit-te-zi\/","og_site_name":"Lajme nga Ulqini","article_published_time":"2009-09-17T17:52:02+00:00","article_modified_time":"2009-09-17T17:53:06+00:00","og_image":[{"url":"http:\/\/www.visit-ulcinj.com\/blog\/wp-content\/uploads\/2009\/09\/Vujanovic_Topi.jpg"}],"twitter_misc":{"Written by":"ulqini","Est. reading time":"1 minute"},"schema":{"@context":"https:\/\/schema.org","@graph":[{"@type":"WebSite","@id":"https:\/\/www.visit-ulcinj.com\/blog\/#website","url":"https:\/\/www.visit-ulcinj.com\/blog\/","name":"Lajme nga Ulqini","description":"Lajme,Vijesti,Ulqini,Ulqin,Crna Gora,Mali i Zi","potentialAction":[{"@type":"SearchAction","target":{"@type":"EntryPoint","urlTemplate":"https:\/\/www.visit-ulcinj.com\/blog\/?s={search_term_string}"},"query-input":"required name=search_term_string"}],"inLanguage":"en-US"},{"@type":"ImageObject","inLanguage":"en-US","@id":"https:\/\/www.visit-ulcinj.com\/blog\/2009\/09\/17\/presidenti-topi-ne-vizite-zyrtare-ne-republiken-e-malit-te-zi\/#primaryimage","url":"https:\/\/www.visit-ulcinj.com\/blog\/wp-content\/uploads\/2009\/09\/Vujanovic_Topi.jpg","contentUrl":"https:\/\/www.visit-ulcinj.com\/blog\/wp-content\/uploads\/2009\/09\/Vujanovic_Topi.jpg","width":"503","height":"402"},{"@type":"WebPage","@id":"https:\/\/www.visit-ulcinj.com\/blog\/2009\/09\/17\/presidenti-topi-ne-vizite-zyrtare-ne-republiken-e-malit-te-zi\/#webpage","url":"https:\/\/www.visit-ulcinj.com\/blog\/2009\/09\/17\/presidenti-topi-ne-vizite-zyrtare-ne-republiken-e-malit-te-zi\/","name":"Presidenti Topi n\u00eb vizit\u00eb zyrtare n\u00eb Republik\u00ebn e Malit t\u00eb Zi - Lajme nga Ulqini","isPartOf":{"@id":"https:\/\/www.visit-ulcinj.com\/blog\/#website"},"primaryImageOfPage":{"@id":"https:\/\/www.visit-ulcinj.com\/blog\/2009\/09\/17\/presidenti-topi-ne-vizite-zyrtare-ne-republiken-e-malit-te-zi\/#primaryimage"},"datePublished":"2009-09-17T17:52:02+00:00","dateModified":"2009-09-17T17:53:06+00:00","author":{"@id":"https:\/\/www.visit-ulcinj.com\/blog\/#\/schema\/person\/dcab619c614d3038751c63bc2aadc06d"},"description":"Presidenti i Republik\u00ebs, Prof. Dr. Bamir Topi u nis sot p\u00ebr nj\u00eb vizit\u00eb zyrtare dyditore n\u00eb Republik\u00ebn e Malit t\u00eb Zi, me ftes\u00eb t\u00eb Presidentit malazez,","breadcrumb":{"@id":"https:\/\/www.visit-ulcinj.com\/blog\/2009\/09\/17\/presidenti-topi-ne-vizite-zyrtare-ne-republiken-e-malit-te-zi\/#breadcrumb"},"inLanguage":"en-US","potentialAction":[{"@type":"ReadAction","target":["https:\/\/www.visit-ulcinj.com\/blog\/2009\/09\/17\/presidenti-topi-ne-vizite-zyrtare-ne-republiken-e-malit-te-zi\/"]}]},{"@type":"BreadcrumbList","@id":"https:\/\/www.visit-ulcinj.com\/blog\/2009\/09\/17\/presidenti-topi-ne-vizite-zyrtare-ne-republiken-e-malit-te-zi\/#breadcrumb","itemListElement":[{"@type":"ListItem","position":1,"name":"Presidenti Topi n\u00eb vizit\u00eb zyrtare n\u00eb Republik\u00ebn e Malit t\u00eb Zi"}]},{"@type":"Person","@id":"https:\/\/www.visit-ulcinj.com\/blog\/#\/schema\/person\/dcab619c614d3038751c63bc2aadc06d","name":"ulqini","sameAs":["http:\/\/www.visit-ulcinj.com"],"url":"https:\/\/www.visit-ulcinj.com\/blog\/author\/admin\/"}]}},"jetpack_featured_media_url":"","jetpack_sharing_enabled":true,"jetpack_shortlink":"https:\/\/wp.me\/pe6lTn-6Fm","_links":{"self":[{"href":"https:\/\/www.visit-ulcinj.com\/blog\/wp-json\/wp\/v2\/posts\/25628"}],"collection":[{"href":"https:\/\/www.visit-ulcinj.com\/blog\/wp-json\/wp\/v2\/posts"}],"about":[{"href":"https:\/\/www.visit-ulcinj.com\/blog\/wp-json\/wp\/v2\/types\/post"}],"author":[{"embeddable":true,"href":"https:\/\/www.visit-ulcinj.com\/blog\/wp-json\/wp\/v2\/users\/1"}],"replies":[{"embeddable":true,"href":"https:\/\/www.visit-ulcinj.com\/blog\/wp-json\/wp\/v2\/comments?post=25628"}],"version-history":[{"count":0,"href":"https:\/\/www.visit-ulcinj.com\/blog\/wp-json\/wp\/v2\/posts\/25628\/revisions"}],"wp:attachment":[{"href":"https:\/\/www.visit-ulcinj.com\/blog\/wp-json\/wp\/v2\/media?parent=25628"}],"wp:term":[{"taxonomy":"category","embeddable":true,"href":"https:\/\/www.visit-ulcinj.com\/blog\/wp-json\/wp\/v2\/categories?post=25628"},{"taxonomy":"post_tag","embeddable":true,"href":"https:\/\/www.visit-ulcinj.com\/blog\/wp-json\/wp\/v2\/tags?post=25628"}],"curies":[{"name":"wp","href":"https:\/\/api.w.org\/{rel}","templated":true}]}}