{"id":25634,"date":"2009-09-17T20:40:55","date_gmt":"2009-09-17T18:40:55","guid":{"rendered":"http:\/\/www.visit-ulcinj.com\/blog\/?p=25634"},"modified":"2009-09-18T22:29:29","modified_gmt":"2009-09-18T20:29:29","slug":"diplomacia-ne-udhekryq","status":"publish","type":"post","link":"https:\/\/www.visit-ulcinj.com\/blog\/2009\/09\/17\/diplomacia-ne-udhekryq\/","title":{"rendered":"Diplomacia n\u00eb udh\u00ebkryq"},"content":{"rendered":"<p><a href=\"http:\/\/www.visit-ulcinj.com\/blog\/wp-content\/uploads\/2009\/09\/refugjatet-nga-kosova.jpg\"><img loading=\"lazy\" class=\"alignleft size-full wp-image-25635\" title=\"refugjatet nga kosova\" src=\"http:\/\/www.visit-ulcinj.com\/blog\/wp-content\/uploads\/2009\/09\/refugjatet-nga-kosova.jpg\" alt=\"refugjatet nga kosova\" width=\"386\" height=\"289\" srcset=\"https:\/\/www.visit-ulcinj.com\/blog\/wp-content\/uploads\/2009\/09\/refugjatet-nga-kosova.jpg 400w, https:\/\/www.visit-ulcinj.com\/blog\/wp-content\/uploads\/2009\/09\/refugjatet-nga-kosova-300x225.jpg 300w\" sizes=\"(max-width: 386px) 100vw, 386px\" \/><\/a>Nd\u00ebrsa Kosova \u00ebsht\u00eb duke iu afruar fundit t\u00eb dekretimit t\u00eb ambasador\u00ebve p\u00ebr misionet e reja, aktualisht jan\u00eb dy vende Maqedonia dhe Mali i Zi me t\u00eb cilat ende nuk jan\u00eb vendosur raportet n\u00eb nivel diplomatik. K\u00ebto dy vende kan\u00eb njohur pavar\u00ebsin\u00eb e Kosov\u00ebs me 9 tetor t\u00eb viti t\u00eb kaluar, hap ky i cili \u00ebsht\u00eb vler\u00ebsuar me tone m\u00eb pozitive nga politika zyrtare e Kosov\u00ebs. Teksa bashk\u00ebpunimi i Kosov\u00eb me k\u00ebto dy vende vler\u00ebsohet tejet i mir\u00eb, komunikimi n\u00eb rrafshin diplomatik vazhdon t\u00eb jet\u00eb n\u00eb nj\u00eb ng\u00ebr\u00e7 pozicion.<\/p>\n<p><strong>Shkupi do raporte t\u00eb mira me Serbin\u00eb dhe Kosov\u00ebn<\/strong><br \/>\nNjohja e Kosov\u00ebs nga k\u00ebto dy vende ka reflektuar n\u00eb raportet e tyre me Serbin\u00eb. Kjo e fundit menj\u00ebher\u00eb ka shpallur ambasador\u00ebt e tyre persona non grata. Aktualisht diplomacia maqedonase vazhdon t\u00eb ruaj\u00eb pozicionin e saj karshi Serbis\u00eb n\u00eb raport me Kosov\u00ebn. Me nj\u00eb fjal\u00eb Shkupi d\u00ebshiron raporte t\u00eb mira edhe me Serbin\u00eb edhe Kosov\u00ebn. Presidenti Maqedonis\u00eb, Gjorgje Ivanov, n\u00eb nj\u00eb bised\u00eb p\u00ebr radion DW, duke folur p\u00ebr bashk\u00ebpunimin n\u00eb nivel rajonal, tha se shpreh gjith\u00eb angazhimin intelektual dhe kualitetin moral q\u00eb Maqedonia t\u00eb jet\u00eb partner i denj\u00eb i fqinj\u00ebve, por edhe t\u00ebr\u00eb bot\u00ebs. Pas kat\u00ebr muaj n\u00eb kolltukun e presidentit t\u00eb Maqedonis\u00eb, ai tha se raportet me shtetet fqinje jan\u00eb m\u00eb t\u00eb mira se m\u00eb par\u00eb: \u201cGjat\u00eb 4 muajve t\u00eb kaluar jam takuar pes\u00eb her\u00eb me presidentin shqiptar Topi, kat\u00ebr her\u00eb me presidentin serb Tadiq, kat\u00ebr her\u00eb me at\u00eb bullgar Parvanov dhe ende nuk jam takuar me presidentin grek\u201d. Ai tha se raportet nd\u00ebrfqinj\u00ebsore jan\u00eb duke u zhvilluar n\u00eb parimet e bashk\u00ebpunimit reciprok dhe t\u00eb hapur ndaj t\u00eb gjith\u00ebve, por Maqedonia ende ka probleme n\u00eb raport me Serbin\u00eb p\u00ebr shkak t\u00eb njohjes s\u00eb Kosov\u00ebs.<\/p>\n<p><strong>Ftohja e raporteve me Kosov\u00ebn, nxeh ato me Serbin\u00eb<\/strong><br \/>\nAi tha se inaugurimi i tij presidencial, n\u00eb t\u00eb cil\u00ebn nuk ka ftuar presidentin e Kosov\u00ebs, Fatmir Sejdiu, ka qen\u00eb nj\u00eb mund\u00ebsi e shk\u00eblqyeshme p\u00ebr t\u00eb p\u00ebrmir\u00ebsuar raportet me Serbin\u00eb. Por nga ana tjet\u00ebr ai ka ftohur raportet me Kosov\u00ebn n\u00eb t\u00eb cil\u00ebn \u00ebsht\u00eb dashur po ashtu t\u00eb angazhohet. \u201cInaugurimin e kemi shfryt\u00ebzuar si nj\u00eb moment q\u00eb p\u00ebrs\u00ebri t\u00eb vendosim raporte t\u00eb mira nd\u00ebrfqinj\u00ebsore me Serbin\u00eb. Mosmarr\u00ebveshjet me Kosov\u00ebn i kemi tejkaluar me vizit\u00ebn e Sejdiut n\u00eb Maqedoni. Me t\u00eb jam takuar dy her\u00eb n\u00eb Vlor\u00eb dhe Oh\u00ebr dhe kemi biseduar n\u00eb m\u00ebnyr\u00eb t\u00eb hapur dhe sinqert\u00eb p\u00ebr t\u00eb gjitha \u00e7\u00ebshtjet\u201d, tha Ivanov.<\/p>\n<p><strong>Mali i Zi do riatdhesimin e refugjat\u00ebve rom\u00eb<\/strong><br \/>\nP\u00ebr sa i p\u00ebrket Mali i Zi, ky vend ende nuk ka artikuluar qart\u00eb q\u00ebndrimin e saj rreth vendosjes s\u00eb raporteve diplomatike. Tash s\u00eb fundi e p\u00ebrballur me refugjat\u00ebt rom\u00eb nga Kosova ajo n\u00eb kontakte joformale ka sinjalizuar vendosjen e raporteve diplomatike, por paraprakisht q\u00eb Kosova t\u00eb b\u00ebj\u00eb riatdhesimin e refugjat\u00ebve rom\u00eb. Nj\u00eb sinjal t\u00eb till\u00eb i \u00ebsht\u00eb kumtuar an\u00ebtares s\u00eb Komisionit parlamentar p\u00ebr integrime evropiane gjat\u00eb nj\u00eb konference n\u00eb Kroaci jav\u00ebn e kaluar. Nj\u00eb zyrtare e lart\u00eb e partis\u00eb s\u00eb kryeministrit Gjukanoviq, gjat\u00eb nj\u00eb bisede joformale, citohet t\u2019i ket\u00eb shprehur problemin e riatdhesimit t\u00eb refugjat\u00ebve rom\u00eb nga Kosova. T\u00eb zhvendosurit e komunitetit rom nga Kosova n\u00eb Mali i Zi koh\u00eb m\u00eb par\u00eb jan\u00eb kthyer n\u00eb vend, mir\u00ebpo n\u00eb munges\u00eb t\u00eb strehimit s\u00ebrish jan\u00eb kthyer prapa. Por tashm\u00eb ata kan\u00eb mbetur n\u00eb rrug\u00eb, pasi vendstrehimet e tyre jan\u00eb z\u00ebn\u00eb.<\/p>\n<p><strong>I.K.<br \/>\nKosova Sot<\/strong><\/p>\n","protected":false},"excerpt":{"rendered":"<p>Nd\u00ebrsa Kosova \u00ebsht\u00eb duke iu afruar fundit t\u00eb dekretimit t\u00eb ambasador\u00ebve p\u00ebr misionet e reja, aktualisht jan\u00eb dy vende Maqedonia dhe Mali i Zi me t\u00eb cilat ende nuk jan\u00eb vendosur raportet n\u00eb nivel diplomatik. K\u00ebto dy vende kan\u00eb njohur pavar\u00ebsin\u00eb e Kosov\u00ebs me 9 tetor t\u00eb viti t\u00eb kaluar, hap ky i cili \u00ebsht\u00eb [&hellip;]<\/p>\n","protected":false},"author":1,"featured_media":0,"comment_status":"open","ping_status":"closed","sticky":false,"template":"","format":"standard","meta":{"spay_email":"","jetpack_publicize_message":"","jetpack_is_tweetstorm":false,"jetpack_publicize_feature_enabled":true},"categories":[12],"tags":[95,12458],"jetpack_publicize_connections":[],"yoast_head":"<!-- This site is optimized with the Yoast SEO plugin v19.1 - https:\/\/yoast.com\/wordpress\/plugins\/seo\/ -->\n<title>Diplomacia n\u00eb udh\u00ebkryq - Lajme nga Ulqini<\/title>\n<meta name=\"description\" content=\"Nd\u00ebrsa Kosova \u00ebsht\u00eb duke iu afruar fundit t\u00eb dekretimit t\u00eb ambasador\u00ebve p\u00ebr misionet e reja, aktualisht jan\u00eb dy vende Maqedonia dhe Mali i Zi me t\u00eb cilat\" \/>\n<meta name=\"robots\" content=\"index, follow, max-snippet:-1, max-image-preview:large, max-video-preview:-1\" \/>\n<link rel=\"canonical\" href=\"https:\/\/www.visit-ulcinj.com\/blog\/2009\/09\/17\/diplomacia-ne-udhekryq\/\" \/>\n<meta property=\"og:locale\" content=\"en_US\" \/>\n<meta property=\"og:type\" content=\"article\" \/>\n<meta property=\"og:title\" content=\"Diplomacia n\u00eb udh\u00ebkryq - Lajme nga Ulqini\" \/>\n<meta property=\"og:description\" content=\"Nd\u00ebrsa Kosova \u00ebsht\u00eb duke iu afruar fundit t\u00eb dekretimit t\u00eb ambasador\u00ebve p\u00ebr misionet e reja, aktualisht jan\u00eb dy vende Maqedonia dhe Mali i Zi me t\u00eb cilat\" \/>\n<meta property=\"og:url\" content=\"https:\/\/www.visit-ulcinj.com\/blog\/2009\/09\/17\/diplomacia-ne-udhekryq\/\" \/>\n<meta property=\"og:site_name\" content=\"Lajme nga Ulqini\" \/>\n<meta property=\"article:published_time\" content=\"2009-09-17T18:40:55+00:00\" \/>\n<meta property=\"article:modified_time\" content=\"2009-09-18T20:29:29+00:00\" \/>\n<meta property=\"og:image\" content=\"http:\/\/www.visit-ulcinj.com\/blog\/wp-content\/uploads\/2009\/09\/refugjatet-nga-kosova.jpg\" \/>\n<meta name=\"twitter:label1\" content=\"Written by\" \/>\n\t<meta name=\"twitter:data1\" content=\"ulqini\" \/>\n\t<meta name=\"twitter:label2\" content=\"Est. reading time\" \/>\n\t<meta name=\"twitter:data2\" content=\"3 minutes\" \/>\n<script type=\"application\/ld+json\" class=\"yoast-schema-graph\">{\"@context\":\"https:\/\/schema.org\",\"@graph\":[{\"@type\":\"WebSite\",\"@id\":\"https:\/\/www.visit-ulcinj.com\/blog\/#website\",\"url\":\"https:\/\/www.visit-ulcinj.com\/blog\/\",\"name\":\"Lajme nga Ulqini\",\"description\":\"Lajme,Vijesti,Ulqini,Ulqin,Crna Gora,Mali i Zi\",\"potentialAction\":[{\"@type\":\"SearchAction\",\"target\":{\"@type\":\"EntryPoint\",\"urlTemplate\":\"https:\/\/www.visit-ulcinj.com\/blog\/?s={search_term_string}\"},\"query-input\":\"required name=search_term_string\"}],\"inLanguage\":\"en-US\"},{\"@type\":\"ImageObject\",\"inLanguage\":\"en-US\",\"@id\":\"https:\/\/www.visit-ulcinj.com\/blog\/2009\/09\/17\/diplomacia-ne-udhekryq\/#primaryimage\",\"url\":\"https:\/\/www.visit-ulcinj.com\/blog\/wp-content\/uploads\/2009\/09\/refugjatet-nga-kosova.jpg\",\"contentUrl\":\"https:\/\/www.visit-ulcinj.com\/blog\/wp-content\/uploads\/2009\/09\/refugjatet-nga-kosova.jpg\",\"width\":\"400\",\"height\":\"300\"},{\"@type\":\"WebPage\",\"@id\":\"https:\/\/www.visit-ulcinj.com\/blog\/2009\/09\/17\/diplomacia-ne-udhekryq\/#webpage\",\"url\":\"https:\/\/www.visit-ulcinj.com\/blog\/2009\/09\/17\/diplomacia-ne-udhekryq\/\",\"name\":\"Diplomacia n\u00eb udh\u00ebkryq - Lajme nga Ulqini\",\"isPartOf\":{\"@id\":\"https:\/\/www.visit-ulcinj.com\/blog\/#website\"},\"primaryImageOfPage\":{\"@id\":\"https:\/\/www.visit-ulcinj.com\/blog\/2009\/09\/17\/diplomacia-ne-udhekryq\/#primaryimage\"},\"datePublished\":\"2009-09-17T18:40:55+00:00\",\"dateModified\":\"2009-09-18T20:29:29+00:00\",\"author\":{\"@id\":\"https:\/\/www.visit-ulcinj.com\/blog\/#\/schema\/person\/dcab619c614d3038751c63bc2aadc06d\"},\"description\":\"Nd\u00ebrsa Kosova \u00ebsht\u00eb duke iu afruar fundit t\u00eb dekretimit t\u00eb ambasador\u00ebve p\u00ebr misionet e reja, aktualisht jan\u00eb dy vende Maqedonia dhe Mali i Zi me t\u00eb cilat\",\"breadcrumb\":{\"@id\":\"https:\/\/www.visit-ulcinj.com\/blog\/2009\/09\/17\/diplomacia-ne-udhekryq\/#breadcrumb\"},\"inLanguage\":\"en-US\",\"potentialAction\":[{\"@type\":\"ReadAction\",\"target\":[\"https:\/\/www.visit-ulcinj.com\/blog\/2009\/09\/17\/diplomacia-ne-udhekryq\/\"]}]},{\"@type\":\"BreadcrumbList\",\"@id\":\"https:\/\/www.visit-ulcinj.com\/blog\/2009\/09\/17\/diplomacia-ne-udhekryq\/#breadcrumb\",\"itemListElement\":[{\"@type\":\"ListItem\",\"position\":1,\"name\":\"Diplomacia n\u00eb udh\u00ebkryq\"}]},{\"@type\":\"Person\",\"@id\":\"https:\/\/www.visit-ulcinj.com\/blog\/#\/schema\/person\/dcab619c614d3038751c63bc2aadc06d\",\"name\":\"ulqini\",\"sameAs\":[\"http:\/\/www.visit-ulcinj.com\"],\"url\":\"https:\/\/www.visit-ulcinj.com\/blog\/author\/admin\/\"}]}<\/script>\n<!-- \/ Yoast SEO plugin. -->","yoast_head_json":{"title":"Diplomacia n\u00eb udh\u00ebkryq - Lajme nga Ulqini","description":"Nd\u00ebrsa Kosova \u00ebsht\u00eb duke iu afruar fundit t\u00eb dekretimit t\u00eb ambasador\u00ebve p\u00ebr misionet e reja, aktualisht jan\u00eb dy vende Maqedonia dhe Mali i Zi me t\u00eb cilat","robots":{"index":"index","follow":"follow","max-snippet":"max-snippet:-1","max-image-preview":"max-image-preview:large","max-video-preview":"max-video-preview:-1"},"canonical":"https:\/\/www.visit-ulcinj.com\/blog\/2009\/09\/17\/diplomacia-ne-udhekryq\/","og_locale":"en_US","og_type":"article","og_title":"Diplomacia n\u00eb udh\u00ebkryq - Lajme nga Ulqini","og_description":"Nd\u00ebrsa Kosova \u00ebsht\u00eb duke iu afruar fundit t\u00eb dekretimit t\u00eb ambasador\u00ebve p\u00ebr misionet e reja, aktualisht jan\u00eb dy vende Maqedonia dhe Mali i Zi me t\u00eb cilat","og_url":"https:\/\/www.visit-ulcinj.com\/blog\/2009\/09\/17\/diplomacia-ne-udhekryq\/","og_site_name":"Lajme nga Ulqini","article_published_time":"2009-09-17T18:40:55+00:00","article_modified_time":"2009-09-18T20:29:29+00:00","og_image":[{"url":"http:\/\/www.visit-ulcinj.com\/blog\/wp-content\/uploads\/2009\/09\/refugjatet-nga-kosova.jpg"}],"twitter_misc":{"Written by":"ulqini","Est. reading time":"3 minutes"},"schema":{"@context":"https:\/\/schema.org","@graph":[{"@type":"WebSite","@id":"https:\/\/www.visit-ulcinj.com\/blog\/#website","url":"https:\/\/www.visit-ulcinj.com\/blog\/","name":"Lajme nga Ulqini","description":"Lajme,Vijesti,Ulqini,Ulqin,Crna Gora,Mali i Zi","potentialAction":[{"@type":"SearchAction","target":{"@type":"EntryPoint","urlTemplate":"https:\/\/www.visit-ulcinj.com\/blog\/?s={search_term_string}"},"query-input":"required name=search_term_string"}],"inLanguage":"en-US"},{"@type":"ImageObject","inLanguage":"en-US","@id":"https:\/\/www.visit-ulcinj.com\/blog\/2009\/09\/17\/diplomacia-ne-udhekryq\/#primaryimage","url":"https:\/\/www.visit-ulcinj.com\/blog\/wp-content\/uploads\/2009\/09\/refugjatet-nga-kosova.jpg","contentUrl":"https:\/\/www.visit-ulcinj.com\/blog\/wp-content\/uploads\/2009\/09\/refugjatet-nga-kosova.jpg","width":"400","height":"300"},{"@type":"WebPage","@id":"https:\/\/www.visit-ulcinj.com\/blog\/2009\/09\/17\/diplomacia-ne-udhekryq\/#webpage","url":"https:\/\/www.visit-ulcinj.com\/blog\/2009\/09\/17\/diplomacia-ne-udhekryq\/","name":"Diplomacia n\u00eb udh\u00ebkryq - Lajme nga Ulqini","isPartOf":{"@id":"https:\/\/www.visit-ulcinj.com\/blog\/#website"},"primaryImageOfPage":{"@id":"https:\/\/www.visit-ulcinj.com\/blog\/2009\/09\/17\/diplomacia-ne-udhekryq\/#primaryimage"},"datePublished":"2009-09-17T18:40:55+00:00","dateModified":"2009-09-18T20:29:29+00:00","author":{"@id":"https:\/\/www.visit-ulcinj.com\/blog\/#\/schema\/person\/dcab619c614d3038751c63bc2aadc06d"},"description":"Nd\u00ebrsa Kosova \u00ebsht\u00eb duke iu afruar fundit t\u00eb dekretimit t\u00eb ambasador\u00ebve p\u00ebr misionet e reja, aktualisht jan\u00eb dy vende Maqedonia dhe Mali i Zi me t\u00eb cilat","breadcrumb":{"@id":"https:\/\/www.visit-ulcinj.com\/blog\/2009\/09\/17\/diplomacia-ne-udhekryq\/#breadcrumb"},"inLanguage":"en-US","potentialAction":[{"@type":"ReadAction","target":["https:\/\/www.visit-ulcinj.com\/blog\/2009\/09\/17\/diplomacia-ne-udhekryq\/"]}]},{"@type":"BreadcrumbList","@id":"https:\/\/www.visit-ulcinj.com\/blog\/2009\/09\/17\/diplomacia-ne-udhekryq\/#breadcrumb","itemListElement":[{"@type":"ListItem","position":1,"name":"Diplomacia n\u00eb udh\u00ebkryq"}]},{"@type":"Person","@id":"https:\/\/www.visit-ulcinj.com\/blog\/#\/schema\/person\/dcab619c614d3038751c63bc2aadc06d","name":"ulqini","sameAs":["http:\/\/www.visit-ulcinj.com"],"url":"https:\/\/www.visit-ulcinj.com\/blog\/author\/admin\/"}]}},"jetpack_featured_media_url":"","jetpack_sharing_enabled":true,"jetpack_shortlink":"https:\/\/wp.me\/pe6lTn-6Fs","_links":{"self":[{"href":"https:\/\/www.visit-ulcinj.com\/blog\/wp-json\/wp\/v2\/posts\/25634"}],"collection":[{"href":"https:\/\/www.visit-ulcinj.com\/blog\/wp-json\/wp\/v2\/posts"}],"about":[{"href":"https:\/\/www.visit-ulcinj.com\/blog\/wp-json\/wp\/v2\/types\/post"}],"author":[{"embeddable":true,"href":"https:\/\/www.visit-ulcinj.com\/blog\/wp-json\/wp\/v2\/users\/1"}],"replies":[{"embeddable":true,"href":"https:\/\/www.visit-ulcinj.com\/blog\/wp-json\/wp\/v2\/comments?post=25634"}],"version-history":[{"count":0,"href":"https:\/\/www.visit-ulcinj.com\/blog\/wp-json\/wp\/v2\/posts\/25634\/revisions"}],"wp:attachment":[{"href":"https:\/\/www.visit-ulcinj.com\/blog\/wp-json\/wp\/v2\/media?parent=25634"}],"wp:term":[{"taxonomy":"category","embeddable":true,"href":"https:\/\/www.visit-ulcinj.com\/blog\/wp-json\/wp\/v2\/categories?post=25634"},{"taxonomy":"post_tag","embeddable":true,"href":"https:\/\/www.visit-ulcinj.com\/blog\/wp-json\/wp\/v2\/tags?post=25634"}],"curies":[{"name":"wp","href":"https:\/\/api.w.org\/{rel}","templated":true}]}}