{"id":25643,"date":"2009-09-18T19:33:37","date_gmt":"2009-09-18T17:33:37","guid":{"rendered":"http:\/\/www.visit-ulcinj.com\/blog\/?p=25643"},"modified":"2009-09-19T22:35:20","modified_gmt":"2009-09-19T20:35:20","slug":"urime-fiter-bajrami-nga-knsh-ne-mal-te-zi","status":"publish","type":"post","link":"https:\/\/www.visit-ulcinj.com\/blog\/2009\/09\/18\/urime-fiter-bajrami-nga-knsh-ne-mal-te-zi\/","title":{"rendered":"Urime Fiter Bajrami nga KNSH n\u00eb Mal t\u00eb Zi"},"content":{"rendered":"<p><strong><a href=\"http:\/\/www.visit-ulcinj.com\/blog\/wp-content\/uploads\/2009\/09\/URime-Fiter-Bajrami.jpg\"><img loading=\"lazy\" class=\"alignleft size-full wp-image-25644\" title=\"URime Fiter Bajrami\" src=\"http:\/\/www.visit-ulcinj.com\/blog\/wp-content\/uploads\/2009\/09\/URime-Fiter-Bajrami.jpg\" alt=\"URime Fiter Bajrami\" width=\"580\" height=\"400\" \/><\/a>K\u00cbSHILLI NACIONAL I SHQIPTAR\u00cbVE N\u00cb MALIN E ZI<\/strong><\/p>\n<p><strong>NACIONALNI SAVJET ALBANACA U CRNOJ GORI<\/strong><\/p>\n<p><strong>NATIONAL CONCIL ALBANIANS IN MONTENEGRO<\/strong><\/p>\n<p>Ulqin, m\u00eb 18. 09. 2009<\/p>\n<p><strong>URIM P\u00cbR FEST\u00cbN E BAJRAMIT\u00a0 T\u00cb MADH <\/strong><\/p>\n<p>K\u00ebshilli Nacional i Shqiptar\u00ebve n\u00eb Malin e Zi t\u00eb gjith\u00eb besimtar\u00ebve t\u00eb fes\u00eb Islame Ju uron g\u00ebzuar Bajramin e Madh me d\u00ebshir\u00ebn q\u00eb kjo Fest\u00eb q\u00eb vjen pas muajit t\u00eb shenjt\u00eb t\u00eb Ramazanit, muajit t\u00eb forcimit t\u00eb besimit, t\u00eb toleranc\u00ebs, e t\u00eb pastrimit shpirt\u00ebror\u00eb, t\u00eb na bashkoj\u00eb akoma mes veti duke m\u00ebnjanuar ndarjet\u00a0 e\u00a0 duke\u00a0 kultivuar unitetin,\u00a0\u00a0 si domosdoshm\u00ebri edhe sot aktuale p\u00ebr ne shqiptar\u00ebt.<\/p>\n<p>E b\u00ebft\u00eb Zoti q\u00eb\u00a0 Festa e Fit\u00ebr Bajramit\u00a0 ti stolis\u00eb familjet\u00a0 tona me sa m\u00eb shum\u00eb g\u00ebzim, dashuri, mir\u00ebkuptim\u00a0 e\u00a0 solidaritet\u00a0 t\u00eb nd\u00ebrsjellt\u00eb.<\/p>\n<p><strong>Kryetari,<\/strong><\/p>\n<p><strong>Tahir Tahiri d.v.<\/strong><\/p>\n<p><strong>Mozaiku &#8211; 12 09 2009<\/strong><\/p>\n<p><strong>[flv width=&#8221;580&#8243; height=&#8221;400&#8243;]http:\/\/www.rtcg.me\/images\/biblioteka\/audio_video_arhiva\/Mozaiku-12092009.flv[\/flv]<br \/>\n<\/strong><\/p>\n","protected":false},"excerpt":{"rendered":"<p>K\u00cbSHILLI NACIONAL I SHQIPTAR\u00cbVE N\u00cb MALIN E ZI NACIONALNI SAVJET ALBANACA U CRNOJ GORI NATIONAL CONCIL ALBANIANS IN MONTENEGRO Ulqin, m\u00eb 18. 09. 2009 URIM P\u00cbR FEST\u00cbN E BAJRAMIT\u00a0 T\u00cb MADH K\u00ebshilli Nacional i Shqiptar\u00ebve n\u00eb Malin e Zi t\u00eb gjith\u00eb besimtar\u00ebve t\u00eb fes\u00eb Islame Ju uron g\u00ebzuar Bajramin e Madh me d\u00ebshir\u00ebn q\u00eb kjo [&hellip;]<\/p>\n","protected":false},"author":1,"featured_media":0,"comment_status":"open","ping_status":"closed","sticky":false,"template":"","format":"standard","meta":{"spay_email":"","jetpack_publicize_message":"","jetpack_is_tweetstorm":false,"jetpack_publicize_feature_enabled":true},"categories":[1,11],"tags":[12463,5913,12465,899,12464],"jetpack_publicize_connections":[],"yoast_head":"<!-- This site is optimized with the Yoast SEO plugin v19.1 - https:\/\/yoast.com\/wordpress\/plugins\/seo\/ -->\n<title>Urime Fiter Bajrami nga KNSH n\u00eb Mal t\u00eb Zi - Lajme nga Ulqini<\/title>\n<meta name=\"description\" content=\"K\u00cbSHILLI NACIONAL I SHQIPTAR\u00cbVE N\u00cb MALIN E ZI NACIONALNI SAVJET ALBANACA U CRNOJ GORI NATIONAL CONCIL ALBANIANS IN MONTENEGRO Ulqin, m\u00eb 18. 09. 2009 URIM\" \/>\n<meta name=\"robots\" content=\"index, follow, max-snippet:-1, max-image-preview:large, max-video-preview:-1\" \/>\n<link rel=\"canonical\" href=\"https:\/\/www.visit-ulcinj.com\/blog\/2009\/09\/18\/urime-fiter-bajrami-nga-knsh-ne-mal-te-zi\/\" \/>\n<meta property=\"og:locale\" content=\"en_US\" \/>\n<meta property=\"og:type\" content=\"article\" \/>\n<meta property=\"og:title\" content=\"Urime Fiter Bajrami nga KNSH n\u00eb Mal t\u00eb Zi - Lajme nga Ulqini\" \/>\n<meta property=\"og:description\" content=\"K\u00cbSHILLI NACIONAL I SHQIPTAR\u00cbVE N\u00cb MALIN E ZI NACIONALNI SAVJET ALBANACA U CRNOJ GORI NATIONAL CONCIL ALBANIANS IN MONTENEGRO Ulqin, m\u00eb 18. 09. 2009 URIM\" \/>\n<meta property=\"og:url\" content=\"https:\/\/www.visit-ulcinj.com\/blog\/2009\/09\/18\/urime-fiter-bajrami-nga-knsh-ne-mal-te-zi\/\" \/>\n<meta property=\"og:site_name\" content=\"Lajme nga Ulqini\" \/>\n<meta property=\"article:published_time\" content=\"2009-09-18T17:33:37+00:00\" \/>\n<meta property=\"article:modified_time\" content=\"2009-09-19T20:35:20+00:00\" \/>\n<meta property=\"og:image\" content=\"http:\/\/www.visit-ulcinj.com\/blog\/wp-content\/uploads\/2009\/09\/URime-Fiter-Bajrami.jpg\" \/>\n<meta name=\"twitter:label1\" content=\"Written by\" \/>\n\t<meta name=\"twitter:data1\" content=\"ulqini\" \/>\n\t<meta name=\"twitter:label2\" content=\"Est. reading time\" \/>\n\t<meta name=\"twitter:data2\" content=\"1 minute\" \/>\n<script type=\"application\/ld+json\" class=\"yoast-schema-graph\">{\"@context\":\"https:\/\/schema.org\",\"@graph\":[{\"@type\":\"WebSite\",\"@id\":\"https:\/\/www.visit-ulcinj.com\/blog\/#website\",\"url\":\"https:\/\/www.visit-ulcinj.com\/blog\/\",\"name\":\"Lajme nga Ulqini\",\"description\":\"Lajme,Vijesti,Ulqini,Ulqin,Crna Gora,Mali i Zi\",\"potentialAction\":[{\"@type\":\"SearchAction\",\"target\":{\"@type\":\"EntryPoint\",\"urlTemplate\":\"https:\/\/www.visit-ulcinj.com\/blog\/?s={search_term_string}\"},\"query-input\":\"required name=search_term_string\"}],\"inLanguage\":\"en-US\"},{\"@type\":\"ImageObject\",\"inLanguage\":\"en-US\",\"@id\":\"https:\/\/www.visit-ulcinj.com\/blog\/2009\/09\/18\/urime-fiter-bajrami-nga-knsh-ne-mal-te-zi\/#primaryimage\",\"url\":\"https:\/\/www.visit-ulcinj.com\/blog\/wp-content\/uploads\/2009\/09\/URime-Fiter-Bajrami.jpg\",\"contentUrl\":\"https:\/\/www.visit-ulcinj.com\/blog\/wp-content\/uploads\/2009\/09\/URime-Fiter-Bajrami.jpg\",\"width\":\"774\",\"height\":\"564\"},{\"@type\":\"WebPage\",\"@id\":\"https:\/\/www.visit-ulcinj.com\/blog\/2009\/09\/18\/urime-fiter-bajrami-nga-knsh-ne-mal-te-zi\/#webpage\",\"url\":\"https:\/\/www.visit-ulcinj.com\/blog\/2009\/09\/18\/urime-fiter-bajrami-nga-knsh-ne-mal-te-zi\/\",\"name\":\"Urime Fiter Bajrami nga KNSH n\u00eb Mal t\u00eb Zi - Lajme nga Ulqini\",\"isPartOf\":{\"@id\":\"https:\/\/www.visit-ulcinj.com\/blog\/#website\"},\"primaryImageOfPage\":{\"@id\":\"https:\/\/www.visit-ulcinj.com\/blog\/2009\/09\/18\/urime-fiter-bajrami-nga-knsh-ne-mal-te-zi\/#primaryimage\"},\"datePublished\":\"2009-09-18T17:33:37+00:00\",\"dateModified\":\"2009-09-19T20:35:20+00:00\",\"author\":{\"@id\":\"https:\/\/www.visit-ulcinj.com\/blog\/#\/schema\/person\/dcab619c614d3038751c63bc2aadc06d\"},\"description\":\"K\u00cbSHILLI NACIONAL I SHQIPTAR\u00cbVE N\u00cb MALIN E ZI NACIONALNI SAVJET ALBANACA U CRNOJ GORI NATIONAL CONCIL ALBANIANS IN MONTENEGRO Ulqin, m\u00eb 18. 09. 2009 URIM\",\"breadcrumb\":{\"@id\":\"https:\/\/www.visit-ulcinj.com\/blog\/2009\/09\/18\/urime-fiter-bajrami-nga-knsh-ne-mal-te-zi\/#breadcrumb\"},\"inLanguage\":\"en-US\",\"potentialAction\":[{\"@type\":\"ReadAction\",\"target\":[\"https:\/\/www.visit-ulcinj.com\/blog\/2009\/09\/18\/urime-fiter-bajrami-nga-knsh-ne-mal-te-zi\/\"]}]},{\"@type\":\"BreadcrumbList\",\"@id\":\"https:\/\/www.visit-ulcinj.com\/blog\/2009\/09\/18\/urime-fiter-bajrami-nga-knsh-ne-mal-te-zi\/#breadcrumb\",\"itemListElement\":[{\"@type\":\"ListItem\",\"position\":1,\"name\":\"Urime Fiter Bajrami nga KNSH n\u00eb Mal t\u00eb Zi\"}]},{\"@type\":\"Person\",\"@id\":\"https:\/\/www.visit-ulcinj.com\/blog\/#\/schema\/person\/dcab619c614d3038751c63bc2aadc06d\",\"name\":\"ulqini\",\"sameAs\":[\"http:\/\/www.visit-ulcinj.com\"],\"url\":\"https:\/\/www.visit-ulcinj.com\/blog\/author\/admin\/\"}]}<\/script>\n<!-- \/ Yoast SEO plugin. -->","yoast_head_json":{"title":"Urime Fiter Bajrami nga KNSH n\u00eb Mal t\u00eb Zi - Lajme nga Ulqini","description":"K\u00cbSHILLI NACIONAL I SHQIPTAR\u00cbVE N\u00cb MALIN E ZI NACIONALNI SAVJET ALBANACA U CRNOJ GORI NATIONAL CONCIL ALBANIANS IN MONTENEGRO Ulqin, m\u00eb 18. 09. 2009 URIM","robots":{"index":"index","follow":"follow","max-snippet":"max-snippet:-1","max-image-preview":"max-image-preview:large","max-video-preview":"max-video-preview:-1"},"canonical":"https:\/\/www.visit-ulcinj.com\/blog\/2009\/09\/18\/urime-fiter-bajrami-nga-knsh-ne-mal-te-zi\/","og_locale":"en_US","og_type":"article","og_title":"Urime Fiter Bajrami nga KNSH n\u00eb Mal t\u00eb Zi - Lajme nga Ulqini","og_description":"K\u00cbSHILLI NACIONAL I SHQIPTAR\u00cbVE N\u00cb MALIN E ZI NACIONALNI SAVJET ALBANACA U CRNOJ GORI NATIONAL CONCIL ALBANIANS IN MONTENEGRO Ulqin, m\u00eb 18. 09. 2009 URIM","og_url":"https:\/\/www.visit-ulcinj.com\/blog\/2009\/09\/18\/urime-fiter-bajrami-nga-knsh-ne-mal-te-zi\/","og_site_name":"Lajme nga Ulqini","article_published_time":"2009-09-18T17:33:37+00:00","article_modified_time":"2009-09-19T20:35:20+00:00","og_image":[{"url":"http:\/\/www.visit-ulcinj.com\/blog\/wp-content\/uploads\/2009\/09\/URime-Fiter-Bajrami.jpg"}],"twitter_misc":{"Written by":"ulqini","Est. reading time":"1 minute"},"schema":{"@context":"https:\/\/schema.org","@graph":[{"@type":"WebSite","@id":"https:\/\/www.visit-ulcinj.com\/blog\/#website","url":"https:\/\/www.visit-ulcinj.com\/blog\/","name":"Lajme nga Ulqini","description":"Lajme,Vijesti,Ulqini,Ulqin,Crna Gora,Mali i Zi","potentialAction":[{"@type":"SearchAction","target":{"@type":"EntryPoint","urlTemplate":"https:\/\/www.visit-ulcinj.com\/blog\/?s={search_term_string}"},"query-input":"required name=search_term_string"}],"inLanguage":"en-US"},{"@type":"ImageObject","inLanguage":"en-US","@id":"https:\/\/www.visit-ulcinj.com\/blog\/2009\/09\/18\/urime-fiter-bajrami-nga-knsh-ne-mal-te-zi\/#primaryimage","url":"https:\/\/www.visit-ulcinj.com\/blog\/wp-content\/uploads\/2009\/09\/URime-Fiter-Bajrami.jpg","contentUrl":"https:\/\/www.visit-ulcinj.com\/blog\/wp-content\/uploads\/2009\/09\/URime-Fiter-Bajrami.jpg","width":"774","height":"564"},{"@type":"WebPage","@id":"https:\/\/www.visit-ulcinj.com\/blog\/2009\/09\/18\/urime-fiter-bajrami-nga-knsh-ne-mal-te-zi\/#webpage","url":"https:\/\/www.visit-ulcinj.com\/blog\/2009\/09\/18\/urime-fiter-bajrami-nga-knsh-ne-mal-te-zi\/","name":"Urime Fiter Bajrami nga KNSH n\u00eb Mal t\u00eb Zi - Lajme nga Ulqini","isPartOf":{"@id":"https:\/\/www.visit-ulcinj.com\/blog\/#website"},"primaryImageOfPage":{"@id":"https:\/\/www.visit-ulcinj.com\/blog\/2009\/09\/18\/urime-fiter-bajrami-nga-knsh-ne-mal-te-zi\/#primaryimage"},"datePublished":"2009-09-18T17:33:37+00:00","dateModified":"2009-09-19T20:35:20+00:00","author":{"@id":"https:\/\/www.visit-ulcinj.com\/blog\/#\/schema\/person\/dcab619c614d3038751c63bc2aadc06d"},"description":"K\u00cbSHILLI NACIONAL I SHQIPTAR\u00cbVE N\u00cb MALIN E ZI NACIONALNI SAVJET ALBANACA U CRNOJ GORI NATIONAL CONCIL ALBANIANS IN MONTENEGRO Ulqin, m\u00eb 18. 09. 2009 URIM","breadcrumb":{"@id":"https:\/\/www.visit-ulcinj.com\/blog\/2009\/09\/18\/urime-fiter-bajrami-nga-knsh-ne-mal-te-zi\/#breadcrumb"},"inLanguage":"en-US","potentialAction":[{"@type":"ReadAction","target":["https:\/\/www.visit-ulcinj.com\/blog\/2009\/09\/18\/urime-fiter-bajrami-nga-knsh-ne-mal-te-zi\/"]}]},{"@type":"BreadcrumbList","@id":"https:\/\/www.visit-ulcinj.com\/blog\/2009\/09\/18\/urime-fiter-bajrami-nga-knsh-ne-mal-te-zi\/#breadcrumb","itemListElement":[{"@type":"ListItem","position":1,"name":"Urime Fiter Bajrami nga KNSH n\u00eb Mal t\u00eb Zi"}]},{"@type":"Person","@id":"https:\/\/www.visit-ulcinj.com\/blog\/#\/schema\/person\/dcab619c614d3038751c63bc2aadc06d","name":"ulqini","sameAs":["http:\/\/www.visit-ulcinj.com"],"url":"https:\/\/www.visit-ulcinj.com\/blog\/author\/admin\/"}]}},"jetpack_featured_media_url":"","jetpack_sharing_enabled":true,"jetpack_shortlink":"https:\/\/wp.me\/pe6lTn-6FB","_links":{"self":[{"href":"https:\/\/www.visit-ulcinj.com\/blog\/wp-json\/wp\/v2\/posts\/25643"}],"collection":[{"href":"https:\/\/www.visit-ulcinj.com\/blog\/wp-json\/wp\/v2\/posts"}],"about":[{"href":"https:\/\/www.visit-ulcinj.com\/blog\/wp-json\/wp\/v2\/types\/post"}],"author":[{"embeddable":true,"href":"https:\/\/www.visit-ulcinj.com\/blog\/wp-json\/wp\/v2\/users\/1"}],"replies":[{"embeddable":true,"href":"https:\/\/www.visit-ulcinj.com\/blog\/wp-json\/wp\/v2\/comments?post=25643"}],"version-history":[{"count":0,"href":"https:\/\/www.visit-ulcinj.com\/blog\/wp-json\/wp\/v2\/posts\/25643\/revisions"}],"wp:attachment":[{"href":"https:\/\/www.visit-ulcinj.com\/blog\/wp-json\/wp\/v2\/media?parent=25643"}],"wp:term":[{"taxonomy":"category","embeddable":true,"href":"https:\/\/www.visit-ulcinj.com\/blog\/wp-json\/wp\/v2\/categories?post=25643"},{"taxonomy":"post_tag","embeddable":true,"href":"https:\/\/www.visit-ulcinj.com\/blog\/wp-json\/wp\/v2\/tags?post=25643"}],"curies":[{"name":"wp","href":"https:\/\/api.w.org\/{rel}","templated":true}]}}