{"id":25665,"date":"2009-09-18T22:14:47","date_gmt":"2009-09-18T20:14:47","guid":{"rendered":"http:\/\/www.visit-ulcinj.com\/blog\/?p=25665"},"modified":"2009-09-18T23:12:13","modified_gmt":"2009-09-18T21:12:13","slug":"presidenti-topi-takohet-me-perfaqesues-politike-te-pushtetit-vendor-dhe-parlamentare-ne-mal-te-zi","status":"publish","type":"post","link":"https:\/\/www.visit-ulcinj.com\/blog\/2009\/09\/18\/presidenti-topi-takohet-me-perfaqesues-politike-te-pushtetit-vendor-dhe-parlamentare-ne-mal-te-zi\/","title":{"rendered":"Presidenti Topi takohet me p\u00ebrfaq\u00ebsues politik\u00eb, t\u00eb pushtetit vendor dhe parlamentar\u00eb n\u00eb Mal t\u00eb Zi"},"content":{"rendered":"<p><a href=\"http:\/\/www.visit-ulcinj.com\/blog\/wp-content\/uploads\/2009\/09\/Presidenti-Topi-n\u00eb-takim-me-z.-Mehmet-Bardhi-Kryetar-i-Lidhjes-Demokratike-t\u00eb-Shqiptar\u00ebve.jpg\"><img loading=\"lazy\" class=\"alignleft size-full wp-image-25666\" title=\"Presidenti Topi n\u00eb takim me z. Mehmet Bardhi, Kryetar i Lidhjes Demokratike t\u00eb Shqiptar\u00ebve\" src=\"http:\/\/www.visit-ulcinj.com\/blog\/wp-content\/uploads\/2009\/09\/Presidenti-Topi-n\u00eb-takim-me-z.-Mehmet-Bardhi-Kryetar-i-Lidhjes-Demokratike-t\u00eb-Shqiptar\u00ebve.jpg\" alt=\"Presidenti Topi n\u00eb takim me z. Mehmet Bardhi, Kryetar i Lidhjes Demokratike t\u00eb Shqiptar\u00ebve\" width=\"580\" height=\"400\" \/><\/a>N\u00eb kuad\u00ebr t\u00eb vizit\u00ebs s\u00eb tij zyrtare n\u00eb Malin e Zi, Presidenti i Republik\u00ebs, Prof. Dr. Bamir Topi, zhvilloi sot bisedime me p\u00ebrfaq\u00ebsues t\u00eb komunitetit shqiptar n\u00eb shtetin fqinj: politik\u00eb, paralamentar\u00eb dhe t\u00eb pushtetit lokal. Kryetari i Shtetit pati takime t\u00eb ve\u00e7anta me z. Mehmet Bardhi, Kryetar i Lidhjes Demokratike t\u00eb Shqiptar\u00ebve, me z. Ferhat Dinosha, Kryetar i Partis\u00eb Unioni Demokratik i Shqiptar\u00ebve dhe Minist\u00ebr p\u00ebr Minoritetet n\u00eb Qeverin\u00eb e Malit t\u00eb Zi, me z. Nazif Cungu, Kryetar i Forc\u00ebs s\u00eb Re Demokratike t\u00eb Shqiptar\u00ebve n\u00eb Malin e Zi dhe deputet n\u00eb Parlament bashk\u00eb me z. Gjergj Camaj, Kryetar i Partis\u00eb Alternative Qytetare, z. Amir Hollaj \u2013 deputet dhe z. Vasil Sinishtaj.<\/p>\n<p><a href=\"http:\/\/www.visit-ulcinj.com\/blog\/wp-content\/uploads\/2009\/09\/Presidenti-Topi-n\u00eb-takim-me-Kryetarin-e-Komun\u00ebs-s\u00eb-Tuzit-Smajl-\u00c7unmulaj.jpg\"><img loading=\"lazy\" class=\"alignleft size-medium wp-image-25667\" title=\"Presidenti Topi n\u00eb takim me Kryetarin e Komun\u00ebs s\u00eb Tuzit, Smajl \u00c7unmulaj\" src=\"http:\/\/www.visit-ulcinj.com\/blog\/wp-content\/uploads\/2009\/09\/Presidenti-Topi-n\u00eb-takim-me-Kryetarin-e-Komun\u00ebs-s\u00eb-Tuzit-Smajl-\u00c7unmulaj-300x200.jpg\" alt=\"Presidenti Topi n\u00eb takim me Kryetarin e Komun\u00ebs s\u00eb Tuzit, Smajl \u00c7unmulaj\" width=\"300\" height=\"200\" \/><\/a>Gjithashtu, u takuan dhe biseduan me Presidentin e Republik\u00ebs sot dhe p\u00ebrfaq\u00ebsuesit e Komun\u00ebs s\u00eb Tuzit, z. Smajl \u00c7unmulaj, Kryetar i Komun\u00ebs dhe z. Nikoll\u00eb Camaj, Sekretar i K\u00ebshillit Komunal.<\/p>\n<p>N\u00eb k\u00ebto takime, Presidenti Topi ritheksoi se shqiptar\u00ebt n\u00eb Malin e Zi i konsiderojm\u00eb si ur\u00eb lidh\u00ebse dhe miq\u00ebsie, t\u00eb cil\u00ebt ndikojn\u00eb pozitivisht n\u00eb stabilitetin, bashk\u00ebpunimin e kohezionin e brendsh\u00ebm. Kryetari i Shtetit shprehu bindjen se pakica shqiptare n\u00eb Mal t\u00eb Zi, n\u00ebp\u00ebrmjet institucioneve, p\u00ebrfaq\u00ebsuesve t\u00eb saj n\u00eb Parlament dhe organeve t\u00eb zgjedhura t\u00eb pushtetit vendor, ka qen\u00eb dhe do t\u00eb vazhdoj\u00eb t\u00eb jet\u00eb luajale n\u00eb k\u00ebrkesat e saj n\u00eb p\u00ebrputhje me ligjet dhe Kushtetut\u00ebn e vendit dhe me Konvent\u00ebn e K\u00ebshillit t\u00eb Evrop\u00ebs p\u00ebr Minoritetet. \u201cN\u00eb k\u00ebt\u00eb kuad\u00ebr, mendojm\u00eb se disa k\u00ebrkesa administrative, kulturore, arsimore, infrastrukturore ose t\u00eb funksionimit t\u00eb pushtetit vendor, do t\u00eb zgjidhen me dialog demokratik\u201d, &#8211; tha Presidenti Topi.<\/p>\n<p><a href=\"http:\/\/www.visit-ulcinj.com\/blog\/wp-content\/uploads\/2009\/09\/Presidenti-Topi-n\u00eb-takim-me-deputetin-Amir-Hollaj.jpg\"><img loading=\"lazy\" class=\"alignright size-medium wp-image-25668\" title=\"Presidenti Topi n\u00eb takim me deputetin Amir Hollaj\" src=\"http:\/\/www.visit-ulcinj.com\/blog\/wp-content\/uploads\/2009\/09\/Presidenti-Topi-n\u00eb-takim-me-deputetin-Amir-Hollaj-300x200.jpg\" alt=\"Presidenti Topi n\u00eb takim me deputetin Amir Hollaj\" width=\"300\" height=\"200\" \/><\/a>P\u00ebrgjat\u00eb bisedave me p\u00ebrfaq\u00ebsuesit e m\u00ebsip\u00ebrm politik\u00eb, parlamentar\u00eb dhe t\u00eb pushtetit lokal, Presidenti Topi konstatoi se shum\u00eb nga problemet e ngritura jan\u00eb t\u00eb p\u00ebrbashk\u00ebta dhe kjo \u00ebsht\u00eb arsye e fort\u00eb p\u00ebr gjetjen e nj\u00eb gjuhe t\u00eb p\u00ebrbashk\u00ebt mes tyre, pasi \u201cn\u00ebse bashk\u00ebpunohet mes forcave politike do t\u00eb jet\u00eb edhe m\u00eb e leht\u00eb t\u00eb gjenden zgjidhje t\u00eb k\u00ebnaqshme\u201d, &#8211; vuri n\u00eb dukje Kreu i shtetit shqiptar. N\u00eb k\u00ebt\u00eb kontekst, Presidenti Topi n\u00ebnvizoi se shfryt\u00ebzimi i t\u00eb gjitha hap\u00ebsirave q\u00eb ofron legjislacioni i vendit p\u00ebr arritjen e q\u00ebllimeve n\u00eb interes t\u00eb shqiptar\u00ebve n\u00eb p\u00ebrputhje me kushtetut\u00ebn dhe ligjet e vendit, si dhe nd\u00ebrmarrja e iniciativave t\u00eb p\u00ebrbashk\u00ebta n\u00eb parlamentin malazez p\u00ebr \u00e7\u00ebshtje t\u00eb caktuara, q\u00eb preokupojn\u00eb komunitetin shqiptar jan\u00eb t\u00eb r\u00ebnd\u00ebsishme.<\/p>\n<p><a href=\"http:\/\/www.visit-ulcinj.com\/blog\/wp-content\/uploads\/2009\/09\/Presidenti-Topi-takon-z.-Nazif-Cungu-Kryetar-i-Forc\u00ebs-s\u00eb-Re-Demokratike-t\u00eb-Shqiptar\u00ebve-n\u00eb-Malin-e-Zi-dhe-deputet-n\u00eb-Parlament.jpg\"><img loading=\"lazy\" class=\"alignleft size-medium wp-image-25669\" title=\"Presidenti Topi takon z. Nazif Cungu, Kryetar i Forc\u00ebs s\u00eb Re Demokratike t\u00eb Shqiptar\u00ebve n\u00eb Malin e Zi dhe deputet n\u00eb Parlament\" src=\"http:\/\/www.visit-ulcinj.com\/blog\/wp-content\/uploads\/2009\/09\/Presidenti-Topi-takon-z.-Nazif-Cungu-Kryetar-i-Forc\u00ebs-s\u00eb-Re-Demokratike-t\u00eb-Shqiptar\u00ebve-n\u00eb-Malin-e-Zi-dhe-deputet-n\u00eb-Parlament-300x200.jpg\" alt=\"Presidenti Topi takon z. Nazif Cungu, Kryetar i Forc\u00ebs s\u00eb Re Demokratike t\u00eb Shqiptar\u00ebve n\u00eb Malin e Zi dhe deputet n\u00eb Parlament\" width=\"300\" height=\"200\" \/><\/a>Nd\u00ebrsa p\u00ebrfaq\u00ebsuesit e forcave politike shqiptare n\u00eb Malin e Zi, pasi shpreh\u00ebn mir\u00ebnjohjen p\u00ebr takimet dhe koh\u00ebn e rezervuar p\u00ebr ta nga Kreu i shtetit shqiptar, vler\u00ebsuan p\u00ebrparimin dhe arritjet e sh\u00ebnuara nga Shqip\u00ebria n\u00eb drejtim t\u00eb b\u00ebrjes s\u00eb reformave t\u00eb suksesshme dhe p\u00ebrmbushjes s\u00eb aspiratave integruese euro-atlantike, duke n\u00ebnvizuar edhe rolin e r\u00ebnd\u00ebsish\u00ebm dhe moderator t\u00eb faktorit shqiptar n\u00eb rajon. Ata i shpreh\u00ebn Presidentit Topi vler\u00ebsimin e lart\u00eb p\u00ebr rolin dhe influenc\u00ebn e tij personale n\u00eb k\u00ebt\u00eb drejtim duke shtruar e diskutuar me t\u00eb edhe shum\u00eb \u00e7\u00ebshtje q\u00eb shqet\u00ebsojn\u00eb bashk\u00ebkombasit tan\u00eb n\u00eb shtetin fqinj si \u00e7\u00ebshtja e arsimit n\u00eb shqip, rritja e numrit t\u00eb student\u00ebve, zbatimi i procesit t\u00eb decentralizimit t\u00eb pushtetit vendor, p\u00ebrfaq\u00ebsimi i shqiptar\u00ebve n\u00eb parlament dhe respektimi i t\u00eb drejtave t\u00eb tyre sipas kushtetut\u00ebs dhe ligjeve n\u00eb fuqi.<\/p>\n<p>N\u00eb p\u00ebrfundim t\u00eb takimeve me p\u00ebrfaq\u00ebsues t\u00eb partive politike dhe pushtetit vendor t\u00eb shqiptar\u00ebve t\u00eb Malit t\u00eb Zi, Presidenti Topi u shpreh p\u00ebr mediat e pranishme: \u2018\u2019\u00cbsht\u00eb normale q\u00eb n\u00eb nj\u00eb vizit\u00eb zyrtare q\u00eb zhvillohet n\u00eb Mal t\u00eb Zi, un\u00eb t\u00eb marr kontakt me edhe me p\u00ebrfaq\u00ebsues politik\u00eb t\u00eb partive shqiptare. Natyrisht organizimi politik presupozon q\u00eb partit\u00eb politike mund t\u00eb ken\u00eb k\u00ebndv\u00ebshtrime t\u00eb ndryshme p\u00ebrsa u p\u00ebrket problemeve, por \u00ebsht\u00eb n\u00eb natyr\u00ebn e pun\u00ebs s\u00eb Kryetarit t\u00eb shtetit am\u00eb q\u00eb t\u2019i d\u00ebgjoj\u00eb t\u00eb t\u00eb gjith\u00eb, t\u00eb marr\u00eb situat\u00ebn n\u00eb k\u00ebndv\u00ebshtrimin e tyre, pastaj t\u00eb jap\u00eb mesazhe p\u00ebr nj\u00eb koherenc\u00eb q\u00eb duhet t\u00eb ekzistoj\u00eb mes partive politike shqiptare p\u00ebr t\u00eb qen\u00eb me mendime t\u00eb sinkronizuara p\u00ebrsa u p\u00ebrket \u00e7\u00ebshtjeve m\u00eb esenciale.<\/p>\n<p><a href=\"http:\/\/www.visit-ulcinj.com\/blog\/wp-content\/uploads\/2009\/09\/Presidenti-Topi-takon-z.-Ferhat-Dinosha-Kryetar-i-Partis\u00eb-Unioni-Demokratik-i-Shqiptar\u00ebve-dhe-Minist\u00ebr-p\u00ebr-Minoritetet-n\u00eb-Qeverin\u00eb-e-Malit-t\u00eb-Zi.jpg\"><img loading=\"lazy\" class=\"alignright size-medium wp-image-25670\" title=\"Presidenti Topi takon z. Ferhat Dinosha, Kryetar i Partis\u00eb Unioni Demokratik i Shqiptar\u00ebve dhe Minist\u00ebr p\u00ebr Minoritetet n\u00eb Qeverin\u00eb e Malit t\u00eb Zi\" src=\"http:\/\/www.visit-ulcinj.com\/blog\/wp-content\/uploads\/2009\/09\/Presidenti-Topi-takon-z.-Ferhat-Dinosha-Kryetar-i-Partis\u00eb-Unioni-Demokratik-i-Shqiptar\u00ebve-dhe-Minist\u00ebr-p\u00ebr-Minoritetet-n\u00eb-Qeverin\u00eb-e-Malit-t\u00eb-Zi-300x200.jpg\" alt=\"Presidenti Topi takon z. Ferhat Dinosha, Kryetar i Partis\u00eb Unioni Demokratik i Shqiptar\u00ebve dhe Minist\u00ebr p\u00ebr Minoritetet n\u00eb Qeverin\u00eb e Malit t\u00eb Zi\" width=\"300\" height=\"200\" \/><\/a>Pastaj p\u00ebr \u00e7\u00ebshtje t\u00eb karakterit dyt\u00ebsor apo tret\u00ebsor \u00e7do parti politike ka t\u00eb drejt\u00ebn q\u00eb t\u00eb shpalos\u00eb vizionin e vet, por natyrisht mesazhi kryesor \u00ebsht\u00eb q\u00eb partite politike shqiptare duhet t\u00eb jen\u00eb n\u00eb sintoni sikurse thash\u00eb p\u00ebr \u00e7\u00ebshtje esenciale q\u00eb kan\u00eb t\u00eb b\u00ebjn\u00eb me t\u00eb drejtat e minoritetit, q\u00eb jan\u00eb t\u00eb drejta t\u00eb sanksionuara nga standardet e K\u00ebshillit t\u00eb Evrop\u00ebs dhe besoj q\u00eb k\u00ebto jan\u00eb mesazhe q\u00eb \u00e7do parti politike duhet t\u2019i ket\u00eb n\u00eb konsiderat\u00eb.<\/p>\n<p>Sigurisht q\u00eb ky \u00ebsht\u00eb mesazhi q\u00eb vjen natyrsh\u00ebm q\u00eb t\u00eb gjith\u00eb shqiptar\u00ebt n\u00eb Malin e Zi duhet t\u00eb bashk\u00ebpunojn\u00eb pik\u00ebrisht p\u00ebr t\u00eb arritur \u00ebndrr\u00ebn e mbar\u00eb popullit shqiptar q\u00eb edhe Shqip\u00ebria edhe Mali i Zi t\u00eb integrohen n\u00eb Bashkimin Evropian! T\u2019i kapin sa m\u00eb shpejt k\u00ebto standarde dhe mesa shikoj, ne jemi n\u00eb rrug\u00eb t\u00eb mbar\u00eb. Duke qen\u00eb an\u00ebtar\u00eb t\u00eb familjes evropiane, besoj se do t\u2019i kemi plot\u00ebsuar edhe ato standarde, t\u00eb cilat natyrsh\u00ebm k\u00ebrkohen edhe nga minoriteti. Urime m\u00eb t\u00eb mira p\u00ebr \u00e7do shqiptar n\u00eb Malin e Zi dhe besoj se e ardhmja \u00ebsht\u00eb e sigurt\u00eb n\u00eb Bashkimin Evropian\u2019\u2019!<\/p>\n<p><strong>Nga Kabineti i\u00a0 Presidentit t\u00eb Republik\u00ebs, Prof. Dr. Bamir Topi<\/strong><\/p>\n<p><strong>[flv width=&#8221;580&#8243; height=&#8221;400&#8243;]http:\/\/video1.top-channel.tv\/18754796\/flv\/kronika\/topi-maliizi.flv[\/flv]<br \/>\n<\/strong><\/p>\n","protected":false},"excerpt":{"rendered":"<p>N\u00eb kuad\u00ebr t\u00eb vizit\u00ebs s\u00eb tij zyrtare n\u00eb Malin e Zi, Presidenti i Republik\u00ebs, Prof. Dr. Bamir Topi, zhvilloi sot bisedime me p\u00ebrfaq\u00ebsues t\u00eb komunitetit shqiptar n\u00eb shtetin fqinj: politik\u00eb, paralamentar\u00eb dhe t\u00eb pushtetit lokal. Kryetari i Shtetit pati takime t\u00eb ve\u00e7anta me z. Mehmet Bardhi, Kryetar i Lidhjes Demokratike t\u00eb Shqiptar\u00ebve, me z. Ferhat [&hellip;]<\/p>\n","protected":false},"author":1,"featured_media":0,"comment_status":"open","ping_status":"closed","sticky":false,"template":"","format":"standard","meta":{"spay_email":"","jetpack_publicize_message":"","jetpack_is_tweetstorm":false,"jetpack_publicize_feature_enabled":true},"categories":[6],"tags":[12473,12469,12474,12471,12470,12472,10978,10979,12475,2484],"jetpack_publicize_connections":[],"yoast_head":"<!-- This site is optimized with the Yoast SEO plugin v19.1 - https:\/\/yoast.com\/wordpress\/plugins\/seo\/ -->\n<title>Presidenti Topi takohet me p\u00ebrfaq\u00ebsues politik\u00eb, t\u00eb pushtetit vendor dhe parlamentar\u00eb n\u00eb Mal t\u00eb Zi - Lajme nga Ulqini<\/title>\n<meta name=\"description\" content=\"N\u00eb kuad\u00ebr t\u00eb vizit\u00ebs s\u00eb tij zyrtare n\u00eb Malin e Zi, Presidenti i Republik\u00ebs, Prof. Dr. Bamir Topi, zhvilloi sot bisedime me p\u00ebrfaq\u00ebsues t\u00eb komunitetit\" \/>\n<meta name=\"robots\" content=\"index, follow, max-snippet:-1, max-image-preview:large, max-video-preview:-1\" \/>\n<link rel=\"canonical\" href=\"https:\/\/www.visit-ulcinj.com\/blog\/2009\/09\/18\/presidenti-topi-takohet-me-perfaqesues-politike-te-pushtetit-vendor-dhe-parlamentare-ne-mal-te-zi\/\" \/>\n<meta property=\"og:locale\" content=\"en_US\" \/>\n<meta property=\"og:type\" content=\"article\" \/>\n<meta property=\"og:title\" content=\"Presidenti Topi takohet me p\u00ebrfaq\u00ebsues politik\u00eb, t\u00eb pushtetit vendor dhe parlamentar\u00eb n\u00eb Mal t\u00eb Zi - Lajme nga Ulqini\" \/>\n<meta property=\"og:description\" content=\"N\u00eb kuad\u00ebr t\u00eb vizit\u00ebs s\u00eb tij zyrtare n\u00eb Malin e Zi, Presidenti i Republik\u00ebs, Prof. Dr. Bamir Topi, zhvilloi sot bisedime me p\u00ebrfaq\u00ebsues t\u00eb komunitetit\" \/>\n<meta property=\"og:url\" content=\"https:\/\/www.visit-ulcinj.com\/blog\/2009\/09\/18\/presidenti-topi-takohet-me-perfaqesues-politike-te-pushtetit-vendor-dhe-parlamentare-ne-mal-te-zi\/\" \/>\n<meta property=\"og:site_name\" content=\"Lajme nga Ulqini\" \/>\n<meta property=\"article:published_time\" content=\"2009-09-18T20:14:47+00:00\" \/>\n<meta property=\"article:modified_time\" content=\"2009-09-18T21:12:13+00:00\" \/>\n<meta name=\"twitter:label1\" content=\"Written by\" \/>\n\t<meta name=\"twitter:data1\" content=\"ulqini\" \/>\n\t<meta name=\"twitter:label2\" content=\"Est. reading time\" \/>\n\t<meta name=\"twitter:data2\" content=\"5 minutes\" \/>\n<script type=\"application\/ld+json\" class=\"yoast-schema-graph\">{\"@context\":\"https:\/\/schema.org\",\"@graph\":[{\"@type\":\"WebSite\",\"@id\":\"https:\/\/www.visit-ulcinj.com\/blog\/#website\",\"url\":\"https:\/\/www.visit-ulcinj.com\/blog\/\",\"name\":\"Lajme nga Ulqini\",\"description\":\"Lajme,Vijesti,Ulqini,Ulqin,Crna Gora,Mali i Zi\",\"potentialAction\":[{\"@type\":\"SearchAction\",\"target\":{\"@type\":\"EntryPoint\",\"urlTemplate\":\"https:\/\/www.visit-ulcinj.com\/blog\/?s={search_term_string}\"},\"query-input\":\"required name=search_term_string\"}],\"inLanguage\":\"en-US\"},{\"@type\":\"WebPage\",\"@id\":\"https:\/\/www.visit-ulcinj.com\/blog\/2009\/09\/18\/presidenti-topi-takohet-me-perfaqesues-politike-te-pushtetit-vendor-dhe-parlamentare-ne-mal-te-zi\/#webpage\",\"url\":\"https:\/\/www.visit-ulcinj.com\/blog\/2009\/09\/18\/presidenti-topi-takohet-me-perfaqesues-politike-te-pushtetit-vendor-dhe-parlamentare-ne-mal-te-zi\/\",\"name\":\"Presidenti Topi takohet me p\u00ebrfaq\u00ebsues politik\u00eb, t\u00eb pushtetit vendor dhe parlamentar\u00eb n\u00eb Mal t\u00eb Zi - Lajme nga Ulqini\",\"isPartOf\":{\"@id\":\"https:\/\/www.visit-ulcinj.com\/blog\/#website\"},\"datePublished\":\"2009-09-18T20:14:47+00:00\",\"dateModified\":\"2009-09-18T21:12:13+00:00\",\"author\":{\"@id\":\"https:\/\/www.visit-ulcinj.com\/blog\/#\/schema\/person\/dcab619c614d3038751c63bc2aadc06d\"},\"description\":\"N\u00eb kuad\u00ebr t\u00eb vizit\u00ebs s\u00eb tij zyrtare n\u00eb Malin e Zi, Presidenti i Republik\u00ebs, Prof. Dr. Bamir Topi, zhvilloi sot bisedime me p\u00ebrfaq\u00ebsues t\u00eb komunitetit\",\"breadcrumb\":{\"@id\":\"https:\/\/www.visit-ulcinj.com\/blog\/2009\/09\/18\/presidenti-topi-takohet-me-perfaqesues-politike-te-pushtetit-vendor-dhe-parlamentare-ne-mal-te-zi\/#breadcrumb\"},\"inLanguage\":\"en-US\",\"potentialAction\":[{\"@type\":\"ReadAction\",\"target\":[\"https:\/\/www.visit-ulcinj.com\/blog\/2009\/09\/18\/presidenti-topi-takohet-me-perfaqesues-politike-te-pushtetit-vendor-dhe-parlamentare-ne-mal-te-zi\/\"]}]},{\"@type\":\"BreadcrumbList\",\"@id\":\"https:\/\/www.visit-ulcinj.com\/blog\/2009\/09\/18\/presidenti-topi-takohet-me-perfaqesues-politike-te-pushtetit-vendor-dhe-parlamentare-ne-mal-te-zi\/#breadcrumb\",\"itemListElement\":[{\"@type\":\"ListItem\",\"position\":1,\"name\":\"Presidenti Topi takohet me p\u00ebrfaq\u00ebsues politik\u00eb, t\u00eb pushtetit vendor dhe parlamentar\u00eb n\u00eb Mal t\u00eb Zi\"}]},{\"@type\":\"Person\",\"@id\":\"https:\/\/www.visit-ulcinj.com\/blog\/#\/schema\/person\/dcab619c614d3038751c63bc2aadc06d\",\"name\":\"ulqini\",\"sameAs\":[\"http:\/\/www.visit-ulcinj.com\"],\"url\":\"https:\/\/www.visit-ulcinj.com\/blog\/author\/admin\/\"}]}<\/script>\n<!-- \/ Yoast SEO plugin. -->","yoast_head_json":{"title":"Presidenti Topi takohet me p\u00ebrfaq\u00ebsues politik\u00eb, t\u00eb pushtetit vendor dhe parlamentar\u00eb n\u00eb Mal t\u00eb Zi - Lajme nga Ulqini","description":"N\u00eb kuad\u00ebr t\u00eb vizit\u00ebs s\u00eb tij zyrtare n\u00eb Malin e Zi, Presidenti i Republik\u00ebs, Prof. Dr. Bamir Topi, zhvilloi sot bisedime me p\u00ebrfaq\u00ebsues t\u00eb komunitetit","robots":{"index":"index","follow":"follow","max-snippet":"max-snippet:-1","max-image-preview":"max-image-preview:large","max-video-preview":"max-video-preview:-1"},"canonical":"https:\/\/www.visit-ulcinj.com\/blog\/2009\/09\/18\/presidenti-topi-takohet-me-perfaqesues-politike-te-pushtetit-vendor-dhe-parlamentare-ne-mal-te-zi\/","og_locale":"en_US","og_type":"article","og_title":"Presidenti Topi takohet me p\u00ebrfaq\u00ebsues politik\u00eb, t\u00eb pushtetit vendor dhe parlamentar\u00eb n\u00eb Mal t\u00eb Zi - Lajme nga Ulqini","og_description":"N\u00eb kuad\u00ebr t\u00eb vizit\u00ebs s\u00eb tij zyrtare n\u00eb Malin e Zi, Presidenti i Republik\u00ebs, Prof. Dr. Bamir Topi, zhvilloi sot bisedime me p\u00ebrfaq\u00ebsues t\u00eb komunitetit","og_url":"https:\/\/www.visit-ulcinj.com\/blog\/2009\/09\/18\/presidenti-topi-takohet-me-perfaqesues-politike-te-pushtetit-vendor-dhe-parlamentare-ne-mal-te-zi\/","og_site_name":"Lajme nga Ulqini","article_published_time":"2009-09-18T20:14:47+00:00","article_modified_time":"2009-09-18T21:12:13+00:00","twitter_misc":{"Written by":"ulqini","Est. reading time":"5 minutes"},"schema":{"@context":"https:\/\/schema.org","@graph":[{"@type":"WebSite","@id":"https:\/\/www.visit-ulcinj.com\/blog\/#website","url":"https:\/\/www.visit-ulcinj.com\/blog\/","name":"Lajme nga Ulqini","description":"Lajme,Vijesti,Ulqini,Ulqin,Crna Gora,Mali i Zi","potentialAction":[{"@type":"SearchAction","target":{"@type":"EntryPoint","urlTemplate":"https:\/\/www.visit-ulcinj.com\/blog\/?s={search_term_string}"},"query-input":"required name=search_term_string"}],"inLanguage":"en-US"},{"@type":"WebPage","@id":"https:\/\/www.visit-ulcinj.com\/blog\/2009\/09\/18\/presidenti-topi-takohet-me-perfaqesues-politike-te-pushtetit-vendor-dhe-parlamentare-ne-mal-te-zi\/#webpage","url":"https:\/\/www.visit-ulcinj.com\/blog\/2009\/09\/18\/presidenti-topi-takohet-me-perfaqesues-politike-te-pushtetit-vendor-dhe-parlamentare-ne-mal-te-zi\/","name":"Presidenti Topi takohet me p\u00ebrfaq\u00ebsues politik\u00eb, t\u00eb pushtetit vendor dhe parlamentar\u00eb n\u00eb Mal t\u00eb Zi - Lajme nga Ulqini","isPartOf":{"@id":"https:\/\/www.visit-ulcinj.com\/blog\/#website"},"datePublished":"2009-09-18T20:14:47+00:00","dateModified":"2009-09-18T21:12:13+00:00","author":{"@id":"https:\/\/www.visit-ulcinj.com\/blog\/#\/schema\/person\/dcab619c614d3038751c63bc2aadc06d"},"description":"N\u00eb kuad\u00ebr t\u00eb vizit\u00ebs s\u00eb tij zyrtare n\u00eb Malin e Zi, Presidenti i Republik\u00ebs, Prof. Dr. Bamir Topi, zhvilloi sot bisedime me p\u00ebrfaq\u00ebsues t\u00eb komunitetit","breadcrumb":{"@id":"https:\/\/www.visit-ulcinj.com\/blog\/2009\/09\/18\/presidenti-topi-takohet-me-perfaqesues-politike-te-pushtetit-vendor-dhe-parlamentare-ne-mal-te-zi\/#breadcrumb"},"inLanguage":"en-US","potentialAction":[{"@type":"ReadAction","target":["https:\/\/www.visit-ulcinj.com\/blog\/2009\/09\/18\/presidenti-topi-takohet-me-perfaqesues-politike-te-pushtetit-vendor-dhe-parlamentare-ne-mal-te-zi\/"]}]},{"@type":"BreadcrumbList","@id":"https:\/\/www.visit-ulcinj.com\/blog\/2009\/09\/18\/presidenti-topi-takohet-me-perfaqesues-politike-te-pushtetit-vendor-dhe-parlamentare-ne-mal-te-zi\/#breadcrumb","itemListElement":[{"@type":"ListItem","position":1,"name":"Presidenti Topi takohet me p\u00ebrfaq\u00ebsues politik\u00eb, t\u00eb pushtetit vendor dhe parlamentar\u00eb n\u00eb Mal t\u00eb Zi"}]},{"@type":"Person","@id":"https:\/\/www.visit-ulcinj.com\/blog\/#\/schema\/person\/dcab619c614d3038751c63bc2aadc06d","name":"ulqini","sameAs":["http:\/\/www.visit-ulcinj.com"],"url":"https:\/\/www.visit-ulcinj.com\/blog\/author\/admin\/"}]}},"jetpack_featured_media_url":"","jetpack_sharing_enabled":true,"jetpack_shortlink":"https:\/\/wp.me\/pe6lTn-6FX","_links":{"self":[{"href":"https:\/\/www.visit-ulcinj.com\/blog\/wp-json\/wp\/v2\/posts\/25665"}],"collection":[{"href":"https:\/\/www.visit-ulcinj.com\/blog\/wp-json\/wp\/v2\/posts"}],"about":[{"href":"https:\/\/www.visit-ulcinj.com\/blog\/wp-json\/wp\/v2\/types\/post"}],"author":[{"embeddable":true,"href":"https:\/\/www.visit-ulcinj.com\/blog\/wp-json\/wp\/v2\/users\/1"}],"replies":[{"embeddable":true,"href":"https:\/\/www.visit-ulcinj.com\/blog\/wp-json\/wp\/v2\/comments?post=25665"}],"version-history":[{"count":0,"href":"https:\/\/www.visit-ulcinj.com\/blog\/wp-json\/wp\/v2\/posts\/25665\/revisions"}],"wp:attachment":[{"href":"https:\/\/www.visit-ulcinj.com\/blog\/wp-json\/wp\/v2\/media?parent=25665"}],"wp:term":[{"taxonomy":"category","embeddable":true,"href":"https:\/\/www.visit-ulcinj.com\/blog\/wp-json\/wp\/v2\/categories?post=25665"},{"taxonomy":"post_tag","embeddable":true,"href":"https:\/\/www.visit-ulcinj.com\/blog\/wp-json\/wp\/v2\/tags?post=25665"}],"curies":[{"name":"wp","href":"https:\/\/api.w.org\/{rel}","templated":true}]}}