{"id":2567,"date":"2008-08-19T07:32:04","date_gmt":"2008-08-19T12:32:04","guid":{"rendered":"http:\/\/www.visit-ulcinj.com\/blog\/?p=2567"},"modified":"2008-08-19T07:38:08","modified_gmt":"2008-08-19T12:38:08","slug":"te-mesojme-nga-te-tjeret","status":"publish","type":"post","link":"https:\/\/www.visit-ulcinj.com\/blog\/2008\/08\/19\/te-mesojme-nga-te-tjeret\/","title":{"rendered":"T\u00eb m\u00ebsojm\u00eb nga t\u00eb tjer\u00ebt"},"content":{"rendered":"<p><a href=\"http:\/\/213.149.103.11\/download\/prava_manjina.jpg\"><img loading=\"lazy\" class=\"alignleft\" title=\"Nansen Dialog \" src=\"http:\/\/213.149.103.11\/download\/prava_manjina.jpg\" alt=\"\" width=\"420\" height=\"280\" \/><\/a><strong>Paradigma norvegjeze<\/strong><br \/>\nVendet si kjo monarki parlamentare (Norvegjia) jan\u00eb t\u00eb destinuara n\u00eb p\u00ebrjet\u00ebsi. P\u00ebr t\u00eb par\u00eb se si m\u00eb s\u00eb mirit mund t\u00eb mbrojn\u00eb pakic\u00ebn e vet lapone, ata kan\u00eb studiuar dhe kan\u00eb hulumtuar shembujt m\u00eb t\u00eb mir\u00eb dhe kan\u00eb shkuar deri aty sa q\u00eb sot kjo pakic\u00eb autoktone ka parlamentin e vet t\u00eb garantuar, gjuh\u00ebn e vet dhe nj\u00eb mori mjetesh t\u00eb tjera mbrojt\u00ebse p\u00ebr k\u00ebt\u00eb popullsi prej jo m\u00eb shum\u00eb se 70.000 vet\u00ebve n\u00eb t\u00eb gjith\u00eb vendin. Testi m\u00eb i mir\u00eb p\u00ebr nj\u00eb vend dhe demokracin\u00eb e tij jan\u00eb gjithsesi pakicat. Norvegjia, p\u00ebr dallim nga ne, ka gjetur m\u00ebnyr\u00eb shum\u00eb t\u00eb mira.<br \/>\nN\u00ebn organizimin e Qendr\u00ebs Nansen Dialog isha pjes\u00ebmarres i shkoll\u00ebs verore me tem\u00ebn antikorrupsioni dhe vet\u00ebqeverisja lokale, e cila organizohet \u00e7do vit n\u00eb Norvegji. Atje, nd\u00ebr t\u00eb tjera, m\u00ebsuam se personaliteti m\u00eb i madh norvegjez i shek. 20 ishte Fridtjof Nansen, aventurier, hulumtues, shkenc\u00ebtar, politikan dhe fitues i \u00c7mimit Nobel p\u00ebr Paqen n\u00eb vitin 1922. Kur n\u00eb Oslo na pyet\u00ebn se a e njihnim F. Nansenin, t\u00eb gjith\u00eb hesht\u00ebm. Ligj\u00ebruesi, pak p\u00ebr t\u00eb na relaksuar, tha se norgvegjez\u00ebt mendojn\u00eb se e gjith\u00eb bota duhet ta njoh\u00eb Nansenin. Ky vend skandinav e kishte heroin e vet dhe madje at\u00eb e kishte shpallur si njeriun m\u00eb t\u00eb madh t\u00eb shek. 20, por shtrohet pyetja: kush jan\u00eb heronjt\u00eb tan\u00eb dhe cilat dimensione i kapin ata?<br \/>\nThjesht\u00eb, n\u00ebse dikujt do t\u00eb d\u00ebshironim t`i japim nj\u00eb informacion jo m\u00eb t\u00eb vjet\u00ebr se 100 vje\u00e7ar, e t\u00eb pyetemi se kush do t\u00eb ishte p\u00ebr ne njeriu m\u00eb i madh, nuk do ndodhte asgj\u00eb tjet\u00ebr ve\u00e7 do futeshim n\u00eb telashe. Heroi yn\u00eb dhe idhulli yn\u00eb i p\u00ebrbashk\u00ebt e mbar\u00ebkomb\u00ebtar nuk ekziston! Edhe p\u00ebr k\u00ebt\u00eb \u00e7\u00ebshtje si p\u00ebr shum\u00eb t\u00eb tjera do t\u00eb ndaheshim n\u00eb taborre.<br \/>\nHeroi yn\u00eb \u00ebsht\u00eb idhulli i paarritsh\u00ebm, ne duam t\u00eb pagabuarit, kurse vet\u00eb \u00e7do dit\u00eb nuk b\u00ebjm\u00eb gj\u00eb tjet\u00ebr ve\u00e7 etiketojm\u00eb, turbullojm\u00eb dhe n\u00eb fund humbim edhe vet\u00eb.<br \/>\nKur Norvegjia u shpall shtet, F. Nansenit i ofruan t\u00eb behej president por ai e refuzoi dhe propozoi q\u00eb ky vend t\u00eb b\u00ebhet monarki. Ashtu edhe ndodhi, kurse ai mbeti njeriu m\u00eb i dashur i kombit t\u00eb vet, madje edhe i p\u00ebrmasave nd\u00ebrkomb\u00ebtare duke shpikur pasaport\u00ebn Nansen, q\u00eb mund\u00ebsoi evakuimin e shum\u00eb t\u00eb p\u00ebrndjekurve nga regjimet e err\u00ebta t\u00eb koh\u00ebs s\u00eb vet, q\u00eb kaplonin Europ\u00ebn dhe apolid\u00ebve, q\u00eb nuk u njihej shtet\u00ebsia nga asnj\u00eb vend.<br \/>\nNorvegjia, si\u00e7 m\u00ebsuam, zgjodhi si personalitetin e vet njeriun q\u00eb i kontribuoi jo ve\u00e7 vendit t\u00eb vet por edhe kombeve dhe vendeve t\u00eb tjera.<br \/>\nGjithsesi ne jemi t\u00eb hersh\u00ebm n\u00eb histori por t\u00eb vonuar n\u00eb koh\u00eb. Treni yn\u00eb \u00e7do her\u00eb niset pa pasagjerin shqiptar, ne humbim koh\u00eb n\u00eb gj\u00ebra t\u00eb kota, ne mbrohemi dhe arsyetohemi me gj\u00ebra t\u00eb kota. Koh\u00ebn e kemi shnd\u00ebrruar n\u00eb kot\u00ebsi. Por gjithsesi nuk ia vlen t\u00eb faj\u00ebsojm\u00eb, por t\u00eb tentojm\u00eb t\u00eb p\u00ebrmir\u00ebsohemi. Politikan\u00ebt tan\u00eb nuk kan\u00eb biografi, e arsyetojn\u00eb at\u00eb edhe kur do t\u00eb duhej t\u00eb thon\u00eb: isha n\u00eb udh\u00eb t\u00eb gabuar! Politikan\u00ebt tan\u00eb nuk kan\u00eb t\u00eb kaluar, at\u00eb e cil\u00ebsojn\u00eb si private, edhe pse ishte gjith\u00e7ka tjet\u00ebr, por jo private. Ne interesxhinjt\u00eb e k\u00ebsaj bote dyshojm\u00eb n\u00eb gjithk\u00ebnd, por jo n\u00eb veten, edhe pse jemi vet\u00ebtradh\u00ebtuar me dhjetra her\u00eb p\u00ebrs\u00ebri vazhdojm\u00eb me t\u00eb nj\u00ebjtin tempo, duke mos e kuptuar se po i shkaktojm\u00eb d\u00ebm shoq\u00ebris\u00eb.<br \/>\nNe shqiptar\u00ebt n\u00eb Mal t\u00eb Zi nuk kemi solidaritet mes vetes. I kemi hallet e ndara. Ne nuk kemi koordinim p\u00ebr asnj\u00eb \u00e7\u00ebshtje, edhe pse kemi aq shume telashe t\u00eb p\u00ebrbashk\u00ebta, t\u00eb cilat ve\u00e7 me nj\u00eb unanimitet do t\u00eb duhej t\u00eb zgjidheshin, si\u00e7 jan\u00eb planprogramet shkollore, \u00e7\u00ebshtja e gjuh\u00ebs, e decentralizimit, privatizimet.<br \/>\nSa hesht\u00ebm ne p\u00ebr privatizimet n\u00eb Ulqin, aq hesht\u00ebn ata p\u00ebr nacionalizimin e pyjeve n\u00eb Guci, kurse p\u00ebr arrestimet fam\u00ebkeqe t\u00eb &#8220;Fluturimit t\u00eb shqiponj\u00ebs&#8221; as t\u00eb mos flasim: as nj\u00eb protest\u00eb, as nj\u00eb z\u00eb, as nj\u00eb shkrim, as nj\u00eb shenj\u00eb se Ulqini \u00ebsht\u00eb me Mal\u00ebsin\u00eb&#8230;! A keni v\u00ebn\u00eb re se n\u00eb Panairin e Librit n\u00eb Ulqin Mal\u00ebsia nuk ekzistonte as n\u00eb stenda, as n\u00eb podium, as nuk p\u00ebrmendej? Si mund ta kap\u00ebrdijm\u00eb se Ulqini \u00ebsht\u00eb qendra e shqiptar\u00ebve n\u00eb Mal t\u00eb Zi, kur ne aty nuk jemi prezent\u00eb, apo si mund Ulqini ta b\u00ebj\u00eb t\u00eb nj\u00ebjt\u00ebn gj\u00eb, kur Tuzi i rri larg?<br \/>\nBesimi se \u00e7do gj\u00eb nuk \u00ebsht\u00eb e humbur dhe se gj\u00ebrat mund t\u00eb ndryshojn\u00eb gjithsesi jan\u00eb demokracit\u00eb e vjetra. Mbret\u00ebria e Norvegjis\u00eb \u00ebsht\u00eb nj\u00eb shembull i till\u00eb. Vendet skandinave jan\u00eb t\u00eb njohura p\u00ebr konstruksionin e vet dhe mir\u00ebqenien sociale e ekonomike. N\u00eb k\u00ebto vende njeriu ndihet i sigurt dhe i pranuar.<br \/>\nAskund nuk mund t\u00eb gjesh m\u00eb pak objekte kulti sesa n\u00eb Oslo, por askund m\u00eb shum\u00eb shpirt, p\u00ebr dallim nga ne q\u00eb jemi t\u00eb bombarduar prej tyre, kurse humaniz\u00ebm kemi aq pak. Norvegjia: nj\u00eb vend q\u00eb vler\u00ebson dhe \u00e7mon njohurit\u00eb, p\u00ebrvoj\u00ebn dhe shkenc\u00ebn, qendra e \u00c7mimit Nobel, e parlamentarizmit, decentralizimit dhe bukurive t\u00eb pafundme natyrore. \u00c7do gj\u00eb \u00ebsht\u00eb nd\u00ebrtuar me aq shum\u00eb gjelbrim dhe me shum\u00eb harmoni me natyr\u00ebn. Ata m\u00ebsojn\u00eb \u00e7do dit\u00eb dhe sot jan\u00eb vendi m\u00eb i pasur n\u00eb bot\u00eb. Pasuria e tyre tepron aq sa kan\u00eb hapur dhjetra fonde t\u00eb deponuara n\u00eb t\u00eb gjith\u00eb bot\u00ebn, q\u00eb akumulojn\u00eb pasurin\u00eb p\u00ebr gjeneratat e ardhshme.<br \/>\nVendet si kjo monarki parlamentare jan\u00eb t\u00eb destinuara n\u00eb p\u00ebrjet\u00ebsi. P\u00ebr t\u00eb par\u00eb se si m\u00eb s\u00eb mirit mund t\u00eb mbrojn\u00eb pakic\u00ebn e vet lapone, ata kan\u00eb studiuar dhe kan\u00eb hulumtuar shembujt m\u00eb t\u00eb mir\u00eb dhe kan\u00eb shkuar deri aty sa q\u00eb sot kjo pakic\u00eb autoktone ka parlamentin e vet t\u00eb garantuar, gjuh\u00ebn e vet dhe nj\u00eb mori mjetesh t\u00eb tjera mbrojt\u00ebse p\u00ebr k\u00ebt\u00eb popullsi prej jo m\u00eb shum\u00eb se 70.000 vet\u00ebve n\u00eb t\u00eb gjith\u00eb vendin. Testi m\u00eb i mir\u00eb p\u00ebr nj\u00eb vend dhe demokracin\u00eb e tij jan\u00eb gjithsesi pakicat, Norvegjia, p\u00ebr dallim nga ne, ka gjetur m\u00ebnyr\u00eb shum\u00eb t\u00eb mira<br \/>\nKy vend t\u00eb meson t\u00eb thuash at\u00eb \u00e7far\u00eb mendon, por edhe t\u00eb mendosh at\u00eb se \u00e7far\u00eb thua, koncept ky ende i larg\u00ebt p\u00ebr ne. Gjithsesi kemi shum\u00eb vlera, por ato duhet t\u00eb \u00e7lirohen nga defektet dhe t\u00eb p\u00ebrshtaten me koh\u00ebn.<br \/>\n<strong>Autor \/ Robert Camaj<br \/>\nBurimi \/ Koha Javore<\/strong><\/p>\n","protected":false},"excerpt":{"rendered":"<p><img loading=\"lazy\" class=\"alignleft\" title=\"Nansen Dialog Podgoric\u00eb\" src=\"http:\/\/213.149.103.11\/download\/prava_manjina.jpg\" alt=\"\" width=\"140\" height=\"140\" \/><\/p>\n","protected":false},"author":1,"featured_media":0,"comment_status":"open","ping_status":"closed","sticky":false,"template":"","format":"standard","meta":{"spay_email":"","jetpack_publicize_message":"","jetpack_is_tweetstorm":false,"jetpack_publicize_feature_enabled":true},"categories":[8,12],"tags":[4378,2450,200],"jetpack_publicize_connections":[],"yoast_head":"<!-- This site is optimized with the Yoast SEO plugin v19.1 - https:\/\/yoast.com\/wordpress\/plugins\/seo\/ -->\n<title>T\u00eb m\u00ebsojm\u00eb nga t\u00eb tjer\u00ebt - Lajme nga Ulqini<\/title>\n<meta name=\"robots\" content=\"index, follow, max-snippet:-1, max-image-preview:large, max-video-preview:-1\" \/>\n<link rel=\"canonical\" href=\"https:\/\/www.visit-ulcinj.com\/blog\/2008\/08\/19\/te-mesojme-nga-te-tjeret\/\" \/>\n<meta property=\"og:locale\" content=\"en_US\" \/>\n<meta property=\"og:type\" content=\"article\" \/>\n<meta property=\"og:title\" content=\"T\u00eb m\u00ebsojm\u00eb nga t\u00eb tjer\u00ebt - Lajme nga Ulqini\" \/>\n<meta property=\"og:url\" content=\"https:\/\/www.visit-ulcinj.com\/blog\/2008\/08\/19\/te-mesojme-nga-te-tjeret\/\" \/>\n<meta property=\"og:site_name\" content=\"Lajme nga Ulqini\" \/>\n<meta property=\"article:published_time\" content=\"2008-08-19T12:32:04+00:00\" \/>\n<meta property=\"article:modified_time\" content=\"2008-08-19T12:38:08+00:00\" \/>\n<meta property=\"og:image\" content=\"http:\/\/213.149.103.11\/download\/prava_manjina.jpg\" \/>\n<meta name=\"twitter:label1\" content=\"Written by\" \/>\n\t<meta name=\"twitter:data1\" content=\"ulqini\" \/>\n\t<meta name=\"twitter:label2\" content=\"Est. reading time\" \/>\n\t<meta name=\"twitter:data2\" content=\"6 minutes\" \/>\n<script type=\"application\/ld+json\" class=\"yoast-schema-graph\">{\"@context\":\"https:\/\/schema.org\",\"@graph\":[{\"@type\":\"WebSite\",\"@id\":\"https:\/\/www.visit-ulcinj.com\/blog\/#website\",\"url\":\"https:\/\/www.visit-ulcinj.com\/blog\/\",\"name\":\"Lajme nga Ulqini\",\"description\":\"Lajme,Vijesti,Ulqini,Ulqin,Crna Gora,Mali i Zi\",\"potentialAction\":[{\"@type\":\"SearchAction\",\"target\":{\"@type\":\"EntryPoint\",\"urlTemplate\":\"https:\/\/www.visit-ulcinj.com\/blog\/?s={search_term_string}\"},\"query-input\":\"required name=search_term_string\"}],\"inLanguage\":\"en-US\"},{\"@type\":\"ImageObject\",\"inLanguage\":\"en-US\",\"@id\":\"https:\/\/www.visit-ulcinj.com\/blog\/2008\/08\/19\/te-mesojme-nga-te-tjeret\/#primaryimage\",\"url\":\"http:\/\/213.149.103.11\/download\/prava_manjina.jpg\",\"contentUrl\":\"http:\/\/213.149.103.11\/download\/prava_manjina.jpg\"},{\"@type\":\"WebPage\",\"@id\":\"https:\/\/www.visit-ulcinj.com\/blog\/2008\/08\/19\/te-mesojme-nga-te-tjeret\/#webpage\",\"url\":\"https:\/\/www.visit-ulcinj.com\/blog\/2008\/08\/19\/te-mesojme-nga-te-tjeret\/\",\"name\":\"T\u00eb m\u00ebsojm\u00eb nga t\u00eb tjer\u00ebt - Lajme nga Ulqini\",\"isPartOf\":{\"@id\":\"https:\/\/www.visit-ulcinj.com\/blog\/#website\"},\"primaryImageOfPage\":{\"@id\":\"https:\/\/www.visit-ulcinj.com\/blog\/2008\/08\/19\/te-mesojme-nga-te-tjeret\/#primaryimage\"},\"datePublished\":\"2008-08-19T12:32:04+00:00\",\"dateModified\":\"2008-08-19T12:38:08+00:00\",\"author\":{\"@id\":\"https:\/\/www.visit-ulcinj.com\/blog\/#\/schema\/person\/dcab619c614d3038751c63bc2aadc06d\"},\"breadcrumb\":{\"@id\":\"https:\/\/www.visit-ulcinj.com\/blog\/2008\/08\/19\/te-mesojme-nga-te-tjeret\/#breadcrumb\"},\"inLanguage\":\"en-US\",\"potentialAction\":[{\"@type\":\"ReadAction\",\"target\":[\"https:\/\/www.visit-ulcinj.com\/blog\/2008\/08\/19\/te-mesojme-nga-te-tjeret\/\"]}]},{\"@type\":\"BreadcrumbList\",\"@id\":\"https:\/\/www.visit-ulcinj.com\/blog\/2008\/08\/19\/te-mesojme-nga-te-tjeret\/#breadcrumb\",\"itemListElement\":[{\"@type\":\"ListItem\",\"position\":1,\"name\":\"T\u00eb m\u00ebsojm\u00eb nga t\u00eb tjer\u00ebt\"}]},{\"@type\":\"Person\",\"@id\":\"https:\/\/www.visit-ulcinj.com\/blog\/#\/schema\/person\/dcab619c614d3038751c63bc2aadc06d\",\"name\":\"ulqini\",\"sameAs\":[\"http:\/\/www.visit-ulcinj.com\"],\"url\":\"https:\/\/www.visit-ulcinj.com\/blog\/author\/admin\/\"}]}<\/script>\n<!-- \/ Yoast SEO plugin. -->","yoast_head_json":{"title":"T\u00eb m\u00ebsojm\u00eb nga t\u00eb tjer\u00ebt - Lajme nga Ulqini","robots":{"index":"index","follow":"follow","max-snippet":"max-snippet:-1","max-image-preview":"max-image-preview:large","max-video-preview":"max-video-preview:-1"},"canonical":"https:\/\/www.visit-ulcinj.com\/blog\/2008\/08\/19\/te-mesojme-nga-te-tjeret\/","og_locale":"en_US","og_type":"article","og_title":"T\u00eb m\u00ebsojm\u00eb nga t\u00eb tjer\u00ebt - Lajme nga Ulqini","og_url":"https:\/\/www.visit-ulcinj.com\/blog\/2008\/08\/19\/te-mesojme-nga-te-tjeret\/","og_site_name":"Lajme nga Ulqini","article_published_time":"2008-08-19T12:32:04+00:00","article_modified_time":"2008-08-19T12:38:08+00:00","og_image":[{"url":"http:\/\/213.149.103.11\/download\/prava_manjina.jpg"}],"twitter_misc":{"Written by":"ulqini","Est. reading time":"6 minutes"},"schema":{"@context":"https:\/\/schema.org","@graph":[{"@type":"WebSite","@id":"https:\/\/www.visit-ulcinj.com\/blog\/#website","url":"https:\/\/www.visit-ulcinj.com\/blog\/","name":"Lajme nga Ulqini","description":"Lajme,Vijesti,Ulqini,Ulqin,Crna Gora,Mali i Zi","potentialAction":[{"@type":"SearchAction","target":{"@type":"EntryPoint","urlTemplate":"https:\/\/www.visit-ulcinj.com\/blog\/?s={search_term_string}"},"query-input":"required name=search_term_string"}],"inLanguage":"en-US"},{"@type":"ImageObject","inLanguage":"en-US","@id":"https:\/\/www.visit-ulcinj.com\/blog\/2008\/08\/19\/te-mesojme-nga-te-tjeret\/#primaryimage","url":"http:\/\/213.149.103.11\/download\/prava_manjina.jpg","contentUrl":"http:\/\/213.149.103.11\/download\/prava_manjina.jpg"},{"@type":"WebPage","@id":"https:\/\/www.visit-ulcinj.com\/blog\/2008\/08\/19\/te-mesojme-nga-te-tjeret\/#webpage","url":"https:\/\/www.visit-ulcinj.com\/blog\/2008\/08\/19\/te-mesojme-nga-te-tjeret\/","name":"T\u00eb m\u00ebsojm\u00eb nga t\u00eb tjer\u00ebt - Lajme nga Ulqini","isPartOf":{"@id":"https:\/\/www.visit-ulcinj.com\/blog\/#website"},"primaryImageOfPage":{"@id":"https:\/\/www.visit-ulcinj.com\/blog\/2008\/08\/19\/te-mesojme-nga-te-tjeret\/#primaryimage"},"datePublished":"2008-08-19T12:32:04+00:00","dateModified":"2008-08-19T12:38:08+00:00","author":{"@id":"https:\/\/www.visit-ulcinj.com\/blog\/#\/schema\/person\/dcab619c614d3038751c63bc2aadc06d"},"breadcrumb":{"@id":"https:\/\/www.visit-ulcinj.com\/blog\/2008\/08\/19\/te-mesojme-nga-te-tjeret\/#breadcrumb"},"inLanguage":"en-US","potentialAction":[{"@type":"ReadAction","target":["https:\/\/www.visit-ulcinj.com\/blog\/2008\/08\/19\/te-mesojme-nga-te-tjeret\/"]}]},{"@type":"BreadcrumbList","@id":"https:\/\/www.visit-ulcinj.com\/blog\/2008\/08\/19\/te-mesojme-nga-te-tjeret\/#breadcrumb","itemListElement":[{"@type":"ListItem","position":1,"name":"T\u00eb m\u00ebsojm\u00eb nga t\u00eb tjer\u00ebt"}]},{"@type":"Person","@id":"https:\/\/www.visit-ulcinj.com\/blog\/#\/schema\/person\/dcab619c614d3038751c63bc2aadc06d","name":"ulqini","sameAs":["http:\/\/www.visit-ulcinj.com"],"url":"https:\/\/www.visit-ulcinj.com\/blog\/author\/admin\/"}]}},"jetpack_featured_media_url":"","jetpack_sharing_enabled":true,"jetpack_shortlink":"https:\/\/wp.me\/pe6lTn-Fp","_links":{"self":[{"href":"https:\/\/www.visit-ulcinj.com\/blog\/wp-json\/wp\/v2\/posts\/2567"}],"collection":[{"href":"https:\/\/www.visit-ulcinj.com\/blog\/wp-json\/wp\/v2\/posts"}],"about":[{"href":"https:\/\/www.visit-ulcinj.com\/blog\/wp-json\/wp\/v2\/types\/post"}],"author":[{"embeddable":true,"href":"https:\/\/www.visit-ulcinj.com\/blog\/wp-json\/wp\/v2\/users\/1"}],"replies":[{"embeddable":true,"href":"https:\/\/www.visit-ulcinj.com\/blog\/wp-json\/wp\/v2\/comments?post=2567"}],"version-history":[{"count":0,"href":"https:\/\/www.visit-ulcinj.com\/blog\/wp-json\/wp\/v2\/posts\/2567\/revisions"}],"wp:attachment":[{"href":"https:\/\/www.visit-ulcinj.com\/blog\/wp-json\/wp\/v2\/media?parent=2567"}],"wp:term":[{"taxonomy":"category","embeddable":true,"href":"https:\/\/www.visit-ulcinj.com\/blog\/wp-json\/wp\/v2\/categories?post=2567"},{"taxonomy":"post_tag","embeddable":true,"href":"https:\/\/www.visit-ulcinj.com\/blog\/wp-json\/wp\/v2\/tags?post=2567"}],"curies":[{"name":"wp","href":"https:\/\/api.w.org\/{rel}","templated":true}]}}