{"id":25683,"date":"2009-09-19T00:26:44","date_gmt":"2009-09-18T22:26:44","guid":{"rendered":"http:\/\/www.visit-ulcinj.com\/blog\/?p=25683"},"modified":"2009-09-19T00:26:44","modified_gmt":"2009-09-18T22:26:44","slug":"sinan-vllasaliu-viti-2011-do-me-gjeje-ne-amerike","status":"publish","type":"post","link":"https:\/\/www.visit-ulcinj.com\/blog\/2009\/09\/19\/sinan-vllasaliu-viti-2011-do-me-gjeje-ne-amerike\/","title":{"rendered":"Sinan Vllasaliu: Viti 2011 do m\u00eb gjej\u00eb n\u00eb Amerik\u00eb"},"content":{"rendered":"<p><a href=\"http:\/\/www.visit-ulcinj.com\/blog\/wp-content\/uploads\/2009\/09\/Sinan-Vllasaliu.jpg\"><img loading=\"lazy\" class=\"alignleft size-full wp-image-25684\" title=\"Sinan Vllasaliu\" src=\"http:\/\/www.visit-ulcinj.com\/blog\/wp-content\/uploads\/2009\/09\/Sinan-Vllasaliu.jpg\" alt=\"Sinan Vllasaliu\" width=\"580\" height=\"401\" \/><\/a>Numri 11 i kujton vdekjen e n\u00ebn\u00ebs dhe tragjedin\u00eb e Amerik\u00ebs. K\u00ebshtu ka zbulu ar pak dit\u00eb pas p\u00ebrvjetorit t\u00eb tragjedis\u00eb s\u00eb kullave binjake n\u00eb Amerik\u00eb k\u00ebng\u00ebtari i mir\u00ebnjohur kosovar Sinan Vllasaliu, duke supozuar m\u00eb tej se viti 2011 me siguri se do ta gjej\u00eb n\u00eb SHBA. N\u00eb nj\u00eb tjet\u00ebr intervist\u00eb, k\u00ebng\u00ebtari q\u00eb shumic\u00ebn e koh\u00ebs k\u00ebndon n\u00ebp\u00ebr mbr\u00ebmje muzikore n\u00eb diaspor\u00eb nuk ka dashur t\u00eb flas\u00eb p\u00ebr koleg\u00ebt e tij q\u00eb k\u00ebndojn\u00eb play-back. \u201cMund t\u00eb flas vet\u00ebm p\u00ebr ata q\u00eb k\u00ebndojn\u00eb live, dhe ata mund t\u2019i quaj\u00eb estrad\u00eb, sepse ata q\u00eb k\u00ebndojn\u00eb play-back nuk jan\u00eb estrad\u00eb\u201d, \u00ebsht\u00eb shprehur ai, duke shtuar se n\u00eb Amerik\u00eb \u00ebsht\u00eb e ndaluar t\u00eb k\u00ebndohet play-back n\u00ebp\u00ebr koncerte, por n\u00eb Kosov\u00eb, sipas tij, ndodh gjith\u00e7ka.<\/p>\n<p><strong>Infopress<\/strong><\/p>\n<p><strong><!--YouTube Error: bad URL entered--><br \/>\n<\/strong><\/p>\n","protected":false},"excerpt":{"rendered":"<p>Numri 11 i kujton vdekjen e n\u00ebn\u00ebs dhe tragjedin\u00eb e Amerik\u00ebs. K\u00ebshtu ka zbulu ar pak dit\u00eb pas p\u00ebrvjetorit t\u00eb tragjedis\u00eb s\u00eb kullave binjake n\u00eb Amerik\u00eb k\u00ebng\u00ebtari i mir\u00ebnjohur kosovar Sinan Vllasaliu, duke supozuar m\u00eb tej se viti 2011 me siguri se do ta gjej\u00eb n\u00eb SHBA. N\u00eb nj\u00eb tjet\u00ebr intervist\u00eb, k\u00ebng\u00ebtari q\u00eb shumic\u00ebn e [&hellip;]<\/p>\n","protected":false},"author":1,"featured_media":0,"comment_status":"open","ping_status":"closed","sticky":false,"template":"","format":"standard","meta":{"spay_email":"","jetpack_publicize_message":"","jetpack_is_tweetstorm":false,"jetpack_publicize_feature_enabled":true},"categories":[1],"tags":[5048],"jetpack_publicize_connections":[],"yoast_head":"<!-- This site is optimized with the Yoast SEO plugin v19.1 - https:\/\/yoast.com\/wordpress\/plugins\/seo\/ -->\n<title>Sinan Vllasaliu: Viti 2011 do m\u00eb gjej\u00eb n\u00eb Amerik\u00eb - Lajme nga Ulqini<\/title>\n<meta name=\"description\" content=\"Numri 11 i kujton vdekjen e n\u00ebn\u00ebs dhe tragjedin\u00eb e Amerik\u00ebs. K\u00ebshtu ka zbulu ar pak dit\u00eb pas p\u00ebrvjetorit t\u00eb tragjedis\u00eb s\u00eb kullave binjake n\u00eb Amerik\u00eb\" \/>\n<meta name=\"robots\" content=\"index, follow, max-snippet:-1, max-image-preview:large, max-video-preview:-1\" \/>\n<link rel=\"canonical\" href=\"https:\/\/www.visit-ulcinj.com\/blog\/2009\/09\/19\/sinan-vllasaliu-viti-2011-do-me-gjeje-ne-amerike\/\" \/>\n<meta property=\"og:locale\" content=\"en_US\" \/>\n<meta property=\"og:type\" content=\"article\" \/>\n<meta property=\"og:title\" content=\"Sinan Vllasaliu: Viti 2011 do m\u00eb gjej\u00eb n\u00eb Amerik\u00eb - Lajme nga Ulqini\" \/>\n<meta property=\"og:description\" content=\"Numri 11 i kujton vdekjen e n\u00ebn\u00ebs dhe tragjedin\u00eb e Amerik\u00ebs. K\u00ebshtu ka zbulu ar pak dit\u00eb pas p\u00ebrvjetorit t\u00eb tragjedis\u00eb s\u00eb kullave binjake n\u00eb Amerik\u00eb\" \/>\n<meta property=\"og:url\" content=\"https:\/\/www.visit-ulcinj.com\/blog\/2009\/09\/19\/sinan-vllasaliu-viti-2011-do-me-gjeje-ne-amerike\/\" \/>\n<meta property=\"og:site_name\" content=\"Lajme nga Ulqini\" \/>\n<meta property=\"article:published_time\" content=\"2009-09-18T22:26:44+00:00\" \/>\n<meta property=\"og:image\" content=\"http:\/\/www.visit-ulcinj.com\/blog\/wp-content\/uploads\/2009\/09\/Sinan-Vllasaliu.jpg\" \/>\n<meta name=\"twitter:label1\" content=\"Written by\" \/>\n\t<meta name=\"twitter:data1\" content=\"ulqini\" \/>\n\t<meta name=\"twitter:label2\" content=\"Est. reading time\" \/>\n\t<meta name=\"twitter:data2\" content=\"1 minute\" \/>\n<script type=\"application\/ld+json\" class=\"yoast-schema-graph\">{\"@context\":\"https:\/\/schema.org\",\"@graph\":[{\"@type\":\"WebSite\",\"@id\":\"https:\/\/www.visit-ulcinj.com\/blog\/#website\",\"url\":\"https:\/\/www.visit-ulcinj.com\/blog\/\",\"name\":\"Lajme nga Ulqini\",\"description\":\"Lajme,Vijesti,Ulqini,Ulqin,Crna Gora,Mali i Zi\",\"potentialAction\":[{\"@type\":\"SearchAction\",\"target\":{\"@type\":\"EntryPoint\",\"urlTemplate\":\"https:\/\/www.visit-ulcinj.com\/blog\/?s={search_term_string}\"},\"query-input\":\"required name=search_term_string\"}],\"inLanguage\":\"en-US\"},{\"@type\":\"ImageObject\",\"inLanguage\":\"en-US\",\"@id\":\"https:\/\/www.visit-ulcinj.com\/blog\/2009\/09\/19\/sinan-vllasaliu-viti-2011-do-me-gjeje-ne-amerike\/#primaryimage\",\"url\":\"https:\/\/www.visit-ulcinj.com\/blog\/wp-content\/uploads\/2009\/09\/Sinan-Vllasaliu.jpg\",\"contentUrl\":\"https:\/\/www.visit-ulcinj.com\/blog\/wp-content\/uploads\/2009\/09\/Sinan-Vllasaliu.jpg\",\"width\":\"604\",\"height\":\"401\"},{\"@type\":\"WebPage\",\"@id\":\"https:\/\/www.visit-ulcinj.com\/blog\/2009\/09\/19\/sinan-vllasaliu-viti-2011-do-me-gjeje-ne-amerike\/#webpage\",\"url\":\"https:\/\/www.visit-ulcinj.com\/blog\/2009\/09\/19\/sinan-vllasaliu-viti-2011-do-me-gjeje-ne-amerike\/\",\"name\":\"Sinan Vllasaliu: Viti 2011 do m\u00eb gjej\u00eb n\u00eb Amerik\u00eb - Lajme nga Ulqini\",\"isPartOf\":{\"@id\":\"https:\/\/www.visit-ulcinj.com\/blog\/#website\"},\"primaryImageOfPage\":{\"@id\":\"https:\/\/www.visit-ulcinj.com\/blog\/2009\/09\/19\/sinan-vllasaliu-viti-2011-do-me-gjeje-ne-amerike\/#primaryimage\"},\"datePublished\":\"2009-09-18T22:26:44+00:00\",\"dateModified\":\"2009-09-18T22:26:44+00:00\",\"author\":{\"@id\":\"https:\/\/www.visit-ulcinj.com\/blog\/#\/schema\/person\/dcab619c614d3038751c63bc2aadc06d\"},\"description\":\"Numri 11 i kujton vdekjen e n\u00ebn\u00ebs dhe tragjedin\u00eb e Amerik\u00ebs. K\u00ebshtu ka zbulu ar pak dit\u00eb pas p\u00ebrvjetorit t\u00eb tragjedis\u00eb s\u00eb kullave binjake n\u00eb Amerik\u00eb\",\"breadcrumb\":{\"@id\":\"https:\/\/www.visit-ulcinj.com\/blog\/2009\/09\/19\/sinan-vllasaliu-viti-2011-do-me-gjeje-ne-amerike\/#breadcrumb\"},\"inLanguage\":\"en-US\",\"potentialAction\":[{\"@type\":\"ReadAction\",\"target\":[\"https:\/\/www.visit-ulcinj.com\/blog\/2009\/09\/19\/sinan-vllasaliu-viti-2011-do-me-gjeje-ne-amerike\/\"]}]},{\"@type\":\"BreadcrumbList\",\"@id\":\"https:\/\/www.visit-ulcinj.com\/blog\/2009\/09\/19\/sinan-vllasaliu-viti-2011-do-me-gjeje-ne-amerike\/#breadcrumb\",\"itemListElement\":[{\"@type\":\"ListItem\",\"position\":1,\"name\":\"Sinan Vllasaliu: Viti 2011 do m\u00eb gjej\u00eb n\u00eb Amerik\u00eb\"}]},{\"@type\":\"Person\",\"@id\":\"https:\/\/www.visit-ulcinj.com\/blog\/#\/schema\/person\/dcab619c614d3038751c63bc2aadc06d\",\"name\":\"ulqini\",\"sameAs\":[\"http:\/\/www.visit-ulcinj.com\"],\"url\":\"https:\/\/www.visit-ulcinj.com\/blog\/author\/admin\/\"}]}<\/script>\n<!-- \/ Yoast SEO plugin. -->","yoast_head_json":{"title":"Sinan Vllasaliu: Viti 2011 do m\u00eb gjej\u00eb n\u00eb Amerik\u00eb - Lajme nga Ulqini","description":"Numri 11 i kujton vdekjen e n\u00ebn\u00ebs dhe tragjedin\u00eb e Amerik\u00ebs. K\u00ebshtu ka zbulu ar pak dit\u00eb pas p\u00ebrvjetorit t\u00eb tragjedis\u00eb s\u00eb kullave binjake n\u00eb Amerik\u00eb","robots":{"index":"index","follow":"follow","max-snippet":"max-snippet:-1","max-image-preview":"max-image-preview:large","max-video-preview":"max-video-preview:-1"},"canonical":"https:\/\/www.visit-ulcinj.com\/blog\/2009\/09\/19\/sinan-vllasaliu-viti-2011-do-me-gjeje-ne-amerike\/","og_locale":"en_US","og_type":"article","og_title":"Sinan Vllasaliu: Viti 2011 do m\u00eb gjej\u00eb n\u00eb Amerik\u00eb - Lajme nga Ulqini","og_description":"Numri 11 i kujton vdekjen e n\u00ebn\u00ebs dhe tragjedin\u00eb e Amerik\u00ebs. K\u00ebshtu ka zbulu ar pak dit\u00eb pas p\u00ebrvjetorit t\u00eb tragjedis\u00eb s\u00eb kullave binjake n\u00eb Amerik\u00eb","og_url":"https:\/\/www.visit-ulcinj.com\/blog\/2009\/09\/19\/sinan-vllasaliu-viti-2011-do-me-gjeje-ne-amerike\/","og_site_name":"Lajme nga Ulqini","article_published_time":"2009-09-18T22:26:44+00:00","og_image":[{"url":"http:\/\/www.visit-ulcinj.com\/blog\/wp-content\/uploads\/2009\/09\/Sinan-Vllasaliu.jpg"}],"twitter_misc":{"Written by":"ulqini","Est. reading time":"1 minute"},"schema":{"@context":"https:\/\/schema.org","@graph":[{"@type":"WebSite","@id":"https:\/\/www.visit-ulcinj.com\/blog\/#website","url":"https:\/\/www.visit-ulcinj.com\/blog\/","name":"Lajme nga Ulqini","description":"Lajme,Vijesti,Ulqini,Ulqin,Crna Gora,Mali i Zi","potentialAction":[{"@type":"SearchAction","target":{"@type":"EntryPoint","urlTemplate":"https:\/\/www.visit-ulcinj.com\/blog\/?s={search_term_string}"},"query-input":"required name=search_term_string"}],"inLanguage":"en-US"},{"@type":"ImageObject","inLanguage":"en-US","@id":"https:\/\/www.visit-ulcinj.com\/blog\/2009\/09\/19\/sinan-vllasaliu-viti-2011-do-me-gjeje-ne-amerike\/#primaryimage","url":"https:\/\/www.visit-ulcinj.com\/blog\/wp-content\/uploads\/2009\/09\/Sinan-Vllasaliu.jpg","contentUrl":"https:\/\/www.visit-ulcinj.com\/blog\/wp-content\/uploads\/2009\/09\/Sinan-Vllasaliu.jpg","width":"604","height":"401"},{"@type":"WebPage","@id":"https:\/\/www.visit-ulcinj.com\/blog\/2009\/09\/19\/sinan-vllasaliu-viti-2011-do-me-gjeje-ne-amerike\/#webpage","url":"https:\/\/www.visit-ulcinj.com\/blog\/2009\/09\/19\/sinan-vllasaliu-viti-2011-do-me-gjeje-ne-amerike\/","name":"Sinan Vllasaliu: Viti 2011 do m\u00eb gjej\u00eb n\u00eb Amerik\u00eb - Lajme nga Ulqini","isPartOf":{"@id":"https:\/\/www.visit-ulcinj.com\/blog\/#website"},"primaryImageOfPage":{"@id":"https:\/\/www.visit-ulcinj.com\/blog\/2009\/09\/19\/sinan-vllasaliu-viti-2011-do-me-gjeje-ne-amerike\/#primaryimage"},"datePublished":"2009-09-18T22:26:44+00:00","dateModified":"2009-09-18T22:26:44+00:00","author":{"@id":"https:\/\/www.visit-ulcinj.com\/blog\/#\/schema\/person\/dcab619c614d3038751c63bc2aadc06d"},"description":"Numri 11 i kujton vdekjen e n\u00ebn\u00ebs dhe tragjedin\u00eb e Amerik\u00ebs. K\u00ebshtu ka zbulu ar pak dit\u00eb pas p\u00ebrvjetorit t\u00eb tragjedis\u00eb s\u00eb kullave binjake n\u00eb Amerik\u00eb","breadcrumb":{"@id":"https:\/\/www.visit-ulcinj.com\/blog\/2009\/09\/19\/sinan-vllasaliu-viti-2011-do-me-gjeje-ne-amerike\/#breadcrumb"},"inLanguage":"en-US","potentialAction":[{"@type":"ReadAction","target":["https:\/\/www.visit-ulcinj.com\/blog\/2009\/09\/19\/sinan-vllasaliu-viti-2011-do-me-gjeje-ne-amerike\/"]}]},{"@type":"BreadcrumbList","@id":"https:\/\/www.visit-ulcinj.com\/blog\/2009\/09\/19\/sinan-vllasaliu-viti-2011-do-me-gjeje-ne-amerike\/#breadcrumb","itemListElement":[{"@type":"ListItem","position":1,"name":"Sinan Vllasaliu: Viti 2011 do m\u00eb gjej\u00eb n\u00eb Amerik\u00eb"}]},{"@type":"Person","@id":"https:\/\/www.visit-ulcinj.com\/blog\/#\/schema\/person\/dcab619c614d3038751c63bc2aadc06d","name":"ulqini","sameAs":["http:\/\/www.visit-ulcinj.com"],"url":"https:\/\/www.visit-ulcinj.com\/blog\/author\/admin\/"}]}},"jetpack_featured_media_url":"","jetpack_sharing_enabled":true,"jetpack_shortlink":"https:\/\/wp.me\/pe6lTn-6Gf","_links":{"self":[{"href":"https:\/\/www.visit-ulcinj.com\/blog\/wp-json\/wp\/v2\/posts\/25683"}],"collection":[{"href":"https:\/\/www.visit-ulcinj.com\/blog\/wp-json\/wp\/v2\/posts"}],"about":[{"href":"https:\/\/www.visit-ulcinj.com\/blog\/wp-json\/wp\/v2\/types\/post"}],"author":[{"embeddable":true,"href":"https:\/\/www.visit-ulcinj.com\/blog\/wp-json\/wp\/v2\/users\/1"}],"replies":[{"embeddable":true,"href":"https:\/\/www.visit-ulcinj.com\/blog\/wp-json\/wp\/v2\/comments?post=25683"}],"version-history":[{"count":0,"href":"https:\/\/www.visit-ulcinj.com\/blog\/wp-json\/wp\/v2\/posts\/25683\/revisions"}],"wp:attachment":[{"href":"https:\/\/www.visit-ulcinj.com\/blog\/wp-json\/wp\/v2\/media?parent=25683"}],"wp:term":[{"taxonomy":"category","embeddable":true,"href":"https:\/\/www.visit-ulcinj.com\/blog\/wp-json\/wp\/v2\/categories?post=25683"},{"taxonomy":"post_tag","embeddable":true,"href":"https:\/\/www.visit-ulcinj.com\/blog\/wp-json\/wp\/v2\/tags?post=25683"}],"curies":[{"name":"wp","href":"https:\/\/api.w.org\/{rel}","templated":true}]}}