{"id":25688,"date":"2009-09-19T06:59:46","date_gmt":"2009-09-19T04:59:46","guid":{"rendered":"http:\/\/www.visit-ulcinj.com\/blog\/?p=25688"},"modified":"2009-09-19T22:26:04","modified_gmt":"2009-09-19T20:26:04","slug":"ligjerate-e-edin-ef-gjonit-me-rastin-e-muajit-te-ramazanit-video","status":"publish","type":"post","link":"https:\/\/www.visit-ulcinj.com\/blog\/2009\/09\/19\/ligjerate-e-edin-ef-gjonit-me-rastin-e-muajit-te-ramazanit-video\/","title":{"rendered":"Ligj\u00ebrat\u00eb e Edin ef. Gjonit me rastin e muajit t\u00eb ramazanit &#8211; Video"},"content":{"rendered":"<p><strong><a href=\"http:\/\/www.visit-ulcinj.com\/blog\/wp-content\/uploads\/2009\/09\/Edin-ef.-Gjonit.jpg\"><img loading=\"lazy\" class=\"alignleft size-full wp-image-25689\" title=\"Edin ef. Gjoni\" src=\"http:\/\/www.visit-ulcinj.com\/blog\/wp-content\/uploads\/2009\/09\/Edin-ef.-Gjonit.jpg\" alt=\"Edin ef. Gjoni\" width=\"394\" height=\"361\" srcset=\"https:\/\/www.visit-ulcinj.com\/blog\/wp-content\/uploads\/2009\/09\/Edin-ef.-Gjonit.jpg 394w, https:\/\/www.visit-ulcinj.com\/blog\/wp-content\/uploads\/2009\/09\/Edin-ef.-Gjonit-300x274.jpg 300w\" sizes=\"(max-width: 394px) 100vw, 394px\" \/><\/a>Njeriu brenda vizionit Kur\u2019anor<\/strong><br \/>\nUlqin \u2013 \u201cNjeriu \u00ebsht\u00eb kurora e krijimit t\u00eb Zotit dhe krijesa e vetme p\u00ebr t\u00eb luajtur rolin e m\u00ebk\u00ebmb\u00ebsit t\u00eb Zotit n\u00eb tok\u00eb\u201d, tha Edin ef. Gjoni, n\u00eb ligj\u00ebrat\u00ebn e tij me titull \u201cNjeriu brenda vizionit Kur\u2019anor\u201d (Periudha para r\u00ebnies), q\u00eb u mbajt t\u00eb shtun\u00ebn n\u00eb Qendr\u00ebn e Kultur\u00ebs n\u00eb Ulqin.<br \/>\nAi tha se Zoti ka pasur besim te njeriu, por q\u00eb krijesat e tjera nuk kan\u00eb qen\u00eb t\u00eb lumtura q\u00eb njeriu do t\u00eb jet\u00eb m\u00ebk\u00ebmb\u00ebs i tij n\u00eb tok\u00eb.<br \/>\n\u201cKur shohim gjakderdhje, etj., at\u00ebher\u00eb shohim se shqet\u00ebsimet e melek\u00ebve (engjujve) dhe krijesave t\u00eb tjera nuk kan\u00eb qen\u00eb t\u00eb pabaza\u201d, tha ai.<br \/>\nSipas tij, \u201cekzistenca e njeriut n\u00eb tok\u00eb \u00ebsht\u00eb shprehje e dashuris\u00eb s\u00eb Zotit dhe secili njeri ka misionin e vet\u201d.<br \/>\nGjoni tha se njeriu p\u00ebrmban dy elemente: trupin dhe shpirtin, pra edhe tok\u00ebn edhe qiellin.<br \/>\n\u201cShpirti \u00ebsht\u00eb ai q\u00eb i jep jet\u00eb njeriut. Shpirti e ka t\u00eb huaj tok\u00ebn. Toka \u00ebsht\u00eb ekzil dhe gyrbet p\u00ebr shpirtin (njeriun)\u201d, tha ai.<br \/>\nSipas tij, ideja p\u00ebr Zotin dhe bot\u00ebn tjet\u00ebr jan\u00eb imanente te njeriu.<br \/>\n\u201cFeja gjithmon\u00eb ka ekzistuar te njeriu dhe njeriu nuk ka ekzistuar kurr\u00eb i ndar\u00eb nga feja\u201d, tha ai.<br \/>\nLigj\u00ebrata kishte p\u00ebr q\u00ebllim, si\u00e7 tha Gjoni, t\u00eb p\u00ebrgjigjet n\u00eb pyetjen \u201ckush \u00ebsht\u00eb njeriu?\u201d dhe \u201cp\u00ebr t\u2019u njohur m\u00eb mir\u00eb me veten ton\u00eb\u201d.<br \/>\nGjoni tha se nuk mendon se mund t\u00eb jap\u00eb p\u00ebrgjigje p\u00ebrfundimtare n\u00eb k\u00ebto pyetje pasi q\u00eb i kupton kufizimet e tij n\u00eb kuptimin e Kur\u2019anit.<br \/>\nEdin ef. Gjoni ka mbaruar Fakultetin Teologjik dhe studimet e magjistratur\u00ebs n\u00eb Kajro. Ai aktualisht ushtron detyr\u00ebn e imamit n\u00eb Qendr\u00ebn Islame n\u00eb Queens t\u00eb Nju Jorkut.<br \/>\nMbr\u00ebmja u organizua nga Bashk\u00ebsia Islame e Ulqinit me rastin e muajit t\u00eb Ramazanit.<br \/>\n<strong><br \/>\nI.Kallaba<br \/>\nKoha Javore<\/strong><br \/>\n<div id=\"attachment_2841\" style=\"width: 310px\" class=\"wp-caption alignleft\"><a href=\"http:\/\/www.visit-ulcinj.com\/blog\/wp-content\/uploads\/2008\/08\/ndertimi-i-xhamis-ne-fushe-te-ulqinit11.jpg\"><img aria-describedby=\"caption-attachment-2841\" loading=\"lazy\" class=\"size-medium wp-image-2841\" title=\"ndertimi-i-xhamis-ne-fushe-te-ulqinit11\" src=\"http:\/\/www.visit-ulcinj.com\/blog\/wp-content\/uploads\/2008\/08\/ndertimi-i-xhamis-ne-fushe-te-ulqinit11-300x220.jpg\" alt=\"Pamja e Projektit t\u00eb xhamis\u00eb n\u00eb Fush\u00eb t\u00eb Ulqinit\" width=\"300\" height=\"220\" srcset=\"https:\/\/www.visit-ulcinj.com\/blog\/wp-content\/uploads\/2008\/08\/ndertimi-i-xhamis-ne-fushe-te-ulqinit11-300x220.jpg 300w, https:\/\/www.visit-ulcinj.com\/blog\/wp-content\/uploads\/2008\/08\/ndertimi-i-xhamis-ne-fushe-te-ulqinit11.jpg 585w\" sizes=\"(max-width: 300px) 100vw, 300px\" \/><\/a><p id=\"caption-attachment-2841\" class=\"wp-caption-text\">Pamja e Projektit t\u00eb xhamis\u00eb n\u00eb Fush\u00eb t\u00eb Ulqinit<\/p><\/div><\/p>\n<p><strong>Ka nisur grumbullimi i mjeteve financiare p\u00ebr nd\u00ebrtimin e xhamis\u00eb n\u00eb Fush\u00eb t\u00eb Ulqinit.<\/strong><\/p>\n<p>Xhamia do t\u00eb jet\u00eb shum\u00eb funksionale: 1 mij\u00eb vende p\u00ebr falje, vend p\u00ebr mir\u00ebmbajtjen dhe pregaditjen e xhenazes (gasulhanja), mejtep, bibliotek\u00eb,sall\u00eb, kafiteri, vende p\u00ebr parkim etj.<br \/>\nDeri m\u00eb tash \u00ebsht\u00eb bler\u00eb trolli i xhamis\u00eb dhe \u00ebsht\u00eb punuar projekti ideor.Lusim Allahun Fuqiplot\u00eb q\u00eb \u00e7do ndihm\u00eb tuaj\u00ebn ta radhis\u00eb n\u00eb vepra t\u00eb mira.<\/p>\n<p><strong>BASHK\u00cbSIJA ISLAME E ULQINIT<\/strong><\/p>\n<p><a href=\"http:\/\/www.visit-ulcinj.com\/blog\/wp-content\/uploads\/2008\/08\/bashkesija-islame-e-ulqinit.gif\"><img loading=\"lazy\" class=\"size-medium wp-image-2842 alignright\" title=\"bashkesija-islame-e-ulqinit\" src=\"http:\/\/www.visit-ulcinj.com\/blog\/wp-content\/uploads\/2008\/08\/bashkesija-islame-e-ulqinit.gif\" alt=\"Bashkesija Islame e Uqinit\" width=\"117\" height=\"114\" \/><\/a><\/p>\n<p><strong>Xhirollogaria:510-12295-15<\/strong><\/p>\n<p><strong>Informatat n\u00eb tel\/fax:<br \/>\nTel\/fax:+382 30 413-257<br \/>\nMobil :+382 69 037-681<br \/>\nMobil :+382 69 473-400<\/strong><\/p>\n<p><strong>Mozaiku &#8211; 12 09 2009<\/strong><\/p>\n<p><strong>[flv width=&#8221;580&#8243; height=&#8221;400&#8243;]http:\/\/www.rtcg.me\/images\/biblioteka\/audio_video_arhiva\/Mozaiku-12092009.flv[\/flv]<\/strong><\/p>\n","protected":false},"excerpt":{"rendered":"<p>Njeriu brenda vizionit Kur\u2019anor Ulqin \u2013 \u201cNjeriu \u00ebsht\u00eb kurora e krijimit t\u00eb Zotit dhe krijesa e vetme p\u00ebr t\u00eb luajtur rolin e m\u00ebk\u00ebmb\u00ebsit t\u00eb Zotit n\u00eb tok\u00eb\u201d, tha Edin ef. Gjoni, n\u00eb ligj\u00ebrat\u00ebn e tij me titull \u201cNjeriu brenda vizionit Kur\u2019anor\u201d (Periudha para r\u00ebnies), q\u00eb u mbajt t\u00eb shtun\u00ebn n\u00eb Qendr\u00ebn e Kultur\u00ebs n\u00eb Ulqin. [&hellip;]<\/p>\n","protected":false},"author":1,"featured_media":0,"comment_status":"open","ping_status":"closed","sticky":false,"template":"","format":"standard","meta":{"spay_email":"","jetpack_publicize_message":"","jetpack_is_tweetstorm":false,"jetpack_publicize_feature_enabled":true},"categories":[12],"tags":[12477],"jetpack_publicize_connections":[],"yoast_head":"<!-- This site is optimized with the Yoast SEO plugin v19.1 - https:\/\/yoast.com\/wordpress\/plugins\/seo\/ -->\n<title>Ligj\u00ebrat\u00eb e Edin ef. Gjonit me rastin e muajit t\u00eb ramazanit - Video - Lajme nga Ulqini<\/title>\n<meta name=\"description\" content=\"Njeriu brenda vizionit Kur\u2019anor Ulqin \u2013 \u201cNjeriu \u00ebsht\u00eb kurora e krijimit t\u00eb Zotit dhe krijesa e vetme p\u00ebr t\u00eb luajtur rolin e m\u00ebk\u00ebmb\u00ebsit t\u00eb Zotit n\u00eb tok\u00eb\u201d,\" \/>\n<meta name=\"robots\" content=\"index, follow, max-snippet:-1, max-image-preview:large, max-video-preview:-1\" \/>\n<link rel=\"canonical\" href=\"https:\/\/www.visit-ulcinj.com\/blog\/2009\/09\/19\/ligjerate-e-edin-ef-gjonit-me-rastin-e-muajit-te-ramazanit-video\/\" \/>\n<meta property=\"og:locale\" content=\"en_US\" \/>\n<meta property=\"og:type\" content=\"article\" \/>\n<meta property=\"og:title\" content=\"Ligj\u00ebrat\u00eb e Edin ef. Gjonit me rastin e muajit t\u00eb ramazanit - Video - Lajme nga Ulqini\" \/>\n<meta property=\"og:description\" content=\"Njeriu brenda vizionit Kur\u2019anor Ulqin \u2013 \u201cNjeriu \u00ebsht\u00eb kurora e krijimit t\u00eb Zotit dhe krijesa e vetme p\u00ebr t\u00eb luajtur rolin e m\u00ebk\u00ebmb\u00ebsit t\u00eb Zotit n\u00eb tok\u00eb\u201d,\" \/>\n<meta property=\"og:url\" content=\"https:\/\/www.visit-ulcinj.com\/blog\/2009\/09\/19\/ligjerate-e-edin-ef-gjonit-me-rastin-e-muajit-te-ramazanit-video\/\" \/>\n<meta property=\"og:site_name\" content=\"Lajme nga Ulqini\" \/>\n<meta property=\"article:published_time\" content=\"2009-09-19T04:59:46+00:00\" \/>\n<meta property=\"article:modified_time\" content=\"2009-09-19T20:26:04+00:00\" \/>\n<meta property=\"og:image\" content=\"http:\/\/www.visit-ulcinj.com\/blog\/wp-content\/uploads\/2009\/09\/Edin-ef.-Gjonit.jpg\" \/>\n<meta name=\"twitter:label1\" content=\"Written by\" \/>\n\t<meta name=\"twitter:data1\" content=\"ulqini\" \/>\n\t<meta name=\"twitter:label2\" content=\"Est. reading time\" \/>\n\t<meta name=\"twitter:data2\" content=\"2 minutes\" \/>\n<script type=\"application\/ld+json\" class=\"yoast-schema-graph\">{\"@context\":\"https:\/\/schema.org\",\"@graph\":[{\"@type\":\"WebSite\",\"@id\":\"https:\/\/www.visit-ulcinj.com\/blog\/#website\",\"url\":\"https:\/\/www.visit-ulcinj.com\/blog\/\",\"name\":\"Lajme nga Ulqini\",\"description\":\"Lajme,Vijesti,Ulqini,Ulqin,Crna Gora,Mali i Zi\",\"potentialAction\":[{\"@type\":\"SearchAction\",\"target\":{\"@type\":\"EntryPoint\",\"urlTemplate\":\"https:\/\/www.visit-ulcinj.com\/blog\/?s={search_term_string}\"},\"query-input\":\"required name=search_term_string\"}],\"inLanguage\":\"en-US\"},{\"@type\":\"ImageObject\",\"inLanguage\":\"en-US\",\"@id\":\"https:\/\/www.visit-ulcinj.com\/blog\/2009\/09\/19\/ligjerate-e-edin-ef-gjonit-me-rastin-e-muajit-te-ramazanit-video\/#primaryimage\",\"url\":\"https:\/\/www.visit-ulcinj.com\/blog\/wp-content\/uploads\/2009\/09\/Edin-ef.-Gjonit.jpg\",\"contentUrl\":\"https:\/\/www.visit-ulcinj.com\/blog\/wp-content\/uploads\/2009\/09\/Edin-ef.-Gjonit.jpg\",\"width\":\"394\",\"height\":\"361\"},{\"@type\":\"WebPage\",\"@id\":\"https:\/\/www.visit-ulcinj.com\/blog\/2009\/09\/19\/ligjerate-e-edin-ef-gjonit-me-rastin-e-muajit-te-ramazanit-video\/#webpage\",\"url\":\"https:\/\/www.visit-ulcinj.com\/blog\/2009\/09\/19\/ligjerate-e-edin-ef-gjonit-me-rastin-e-muajit-te-ramazanit-video\/\",\"name\":\"Ligj\u00ebrat\u00eb e Edin ef. Gjonit me rastin e muajit t\u00eb ramazanit - Video - Lajme nga Ulqini\",\"isPartOf\":{\"@id\":\"https:\/\/www.visit-ulcinj.com\/blog\/#website\"},\"primaryImageOfPage\":{\"@id\":\"https:\/\/www.visit-ulcinj.com\/blog\/2009\/09\/19\/ligjerate-e-edin-ef-gjonit-me-rastin-e-muajit-te-ramazanit-video\/#primaryimage\"},\"datePublished\":\"2009-09-19T04:59:46+00:00\",\"dateModified\":\"2009-09-19T20:26:04+00:00\",\"author\":{\"@id\":\"https:\/\/www.visit-ulcinj.com\/blog\/#\/schema\/person\/dcab619c614d3038751c63bc2aadc06d\"},\"description\":\"Njeriu brenda vizionit Kur\u2019anor Ulqin \u2013 \u201cNjeriu \u00ebsht\u00eb kurora e krijimit t\u00eb Zotit dhe krijesa e vetme p\u00ebr t\u00eb luajtur rolin e m\u00ebk\u00ebmb\u00ebsit t\u00eb Zotit n\u00eb tok\u00eb\u201d,\",\"breadcrumb\":{\"@id\":\"https:\/\/www.visit-ulcinj.com\/blog\/2009\/09\/19\/ligjerate-e-edin-ef-gjonit-me-rastin-e-muajit-te-ramazanit-video\/#breadcrumb\"},\"inLanguage\":\"en-US\",\"potentialAction\":[{\"@type\":\"ReadAction\",\"target\":[\"https:\/\/www.visit-ulcinj.com\/blog\/2009\/09\/19\/ligjerate-e-edin-ef-gjonit-me-rastin-e-muajit-te-ramazanit-video\/\"]}]},{\"@type\":\"BreadcrumbList\",\"@id\":\"https:\/\/www.visit-ulcinj.com\/blog\/2009\/09\/19\/ligjerate-e-edin-ef-gjonit-me-rastin-e-muajit-te-ramazanit-video\/#breadcrumb\",\"itemListElement\":[{\"@type\":\"ListItem\",\"position\":1,\"name\":\"Ligj\u00ebrat\u00eb e Edin ef. Gjonit me rastin e muajit t\u00eb ramazanit &#8211; Video\"}]},{\"@type\":\"Person\",\"@id\":\"https:\/\/www.visit-ulcinj.com\/blog\/#\/schema\/person\/dcab619c614d3038751c63bc2aadc06d\",\"name\":\"ulqini\",\"sameAs\":[\"http:\/\/www.visit-ulcinj.com\"],\"url\":\"https:\/\/www.visit-ulcinj.com\/blog\/author\/admin\/\"}]}<\/script>\n<!-- \/ Yoast SEO plugin. -->","yoast_head_json":{"title":"Ligj\u00ebrat\u00eb e Edin ef. Gjonit me rastin e muajit t\u00eb ramazanit - Video - Lajme nga Ulqini","description":"Njeriu brenda vizionit Kur\u2019anor Ulqin \u2013 \u201cNjeriu \u00ebsht\u00eb kurora e krijimit t\u00eb Zotit dhe krijesa e vetme p\u00ebr t\u00eb luajtur rolin e m\u00ebk\u00ebmb\u00ebsit t\u00eb Zotit n\u00eb tok\u00eb\u201d,","robots":{"index":"index","follow":"follow","max-snippet":"max-snippet:-1","max-image-preview":"max-image-preview:large","max-video-preview":"max-video-preview:-1"},"canonical":"https:\/\/www.visit-ulcinj.com\/blog\/2009\/09\/19\/ligjerate-e-edin-ef-gjonit-me-rastin-e-muajit-te-ramazanit-video\/","og_locale":"en_US","og_type":"article","og_title":"Ligj\u00ebrat\u00eb e Edin ef. Gjonit me rastin e muajit t\u00eb ramazanit - Video - Lajme nga Ulqini","og_description":"Njeriu brenda vizionit Kur\u2019anor Ulqin \u2013 \u201cNjeriu \u00ebsht\u00eb kurora e krijimit t\u00eb Zotit dhe krijesa e vetme p\u00ebr t\u00eb luajtur rolin e m\u00ebk\u00ebmb\u00ebsit t\u00eb Zotit n\u00eb tok\u00eb\u201d,","og_url":"https:\/\/www.visit-ulcinj.com\/blog\/2009\/09\/19\/ligjerate-e-edin-ef-gjonit-me-rastin-e-muajit-te-ramazanit-video\/","og_site_name":"Lajme nga Ulqini","article_published_time":"2009-09-19T04:59:46+00:00","article_modified_time":"2009-09-19T20:26:04+00:00","og_image":[{"url":"http:\/\/www.visit-ulcinj.com\/blog\/wp-content\/uploads\/2009\/09\/Edin-ef.-Gjonit.jpg"}],"twitter_misc":{"Written by":"ulqini","Est. reading time":"2 minutes"},"schema":{"@context":"https:\/\/schema.org","@graph":[{"@type":"WebSite","@id":"https:\/\/www.visit-ulcinj.com\/blog\/#website","url":"https:\/\/www.visit-ulcinj.com\/blog\/","name":"Lajme nga Ulqini","description":"Lajme,Vijesti,Ulqini,Ulqin,Crna Gora,Mali i Zi","potentialAction":[{"@type":"SearchAction","target":{"@type":"EntryPoint","urlTemplate":"https:\/\/www.visit-ulcinj.com\/blog\/?s={search_term_string}"},"query-input":"required name=search_term_string"}],"inLanguage":"en-US"},{"@type":"ImageObject","inLanguage":"en-US","@id":"https:\/\/www.visit-ulcinj.com\/blog\/2009\/09\/19\/ligjerate-e-edin-ef-gjonit-me-rastin-e-muajit-te-ramazanit-video\/#primaryimage","url":"https:\/\/www.visit-ulcinj.com\/blog\/wp-content\/uploads\/2009\/09\/Edin-ef.-Gjonit.jpg","contentUrl":"https:\/\/www.visit-ulcinj.com\/blog\/wp-content\/uploads\/2009\/09\/Edin-ef.-Gjonit.jpg","width":"394","height":"361"},{"@type":"WebPage","@id":"https:\/\/www.visit-ulcinj.com\/blog\/2009\/09\/19\/ligjerate-e-edin-ef-gjonit-me-rastin-e-muajit-te-ramazanit-video\/#webpage","url":"https:\/\/www.visit-ulcinj.com\/blog\/2009\/09\/19\/ligjerate-e-edin-ef-gjonit-me-rastin-e-muajit-te-ramazanit-video\/","name":"Ligj\u00ebrat\u00eb e Edin ef. Gjonit me rastin e muajit t\u00eb ramazanit - Video - Lajme nga Ulqini","isPartOf":{"@id":"https:\/\/www.visit-ulcinj.com\/blog\/#website"},"primaryImageOfPage":{"@id":"https:\/\/www.visit-ulcinj.com\/blog\/2009\/09\/19\/ligjerate-e-edin-ef-gjonit-me-rastin-e-muajit-te-ramazanit-video\/#primaryimage"},"datePublished":"2009-09-19T04:59:46+00:00","dateModified":"2009-09-19T20:26:04+00:00","author":{"@id":"https:\/\/www.visit-ulcinj.com\/blog\/#\/schema\/person\/dcab619c614d3038751c63bc2aadc06d"},"description":"Njeriu brenda vizionit Kur\u2019anor Ulqin \u2013 \u201cNjeriu \u00ebsht\u00eb kurora e krijimit t\u00eb Zotit dhe krijesa e vetme p\u00ebr t\u00eb luajtur rolin e m\u00ebk\u00ebmb\u00ebsit t\u00eb Zotit n\u00eb tok\u00eb\u201d,","breadcrumb":{"@id":"https:\/\/www.visit-ulcinj.com\/blog\/2009\/09\/19\/ligjerate-e-edin-ef-gjonit-me-rastin-e-muajit-te-ramazanit-video\/#breadcrumb"},"inLanguage":"en-US","potentialAction":[{"@type":"ReadAction","target":["https:\/\/www.visit-ulcinj.com\/blog\/2009\/09\/19\/ligjerate-e-edin-ef-gjonit-me-rastin-e-muajit-te-ramazanit-video\/"]}]},{"@type":"BreadcrumbList","@id":"https:\/\/www.visit-ulcinj.com\/blog\/2009\/09\/19\/ligjerate-e-edin-ef-gjonit-me-rastin-e-muajit-te-ramazanit-video\/#breadcrumb","itemListElement":[{"@type":"ListItem","position":1,"name":"Ligj\u00ebrat\u00eb e Edin ef. Gjonit me rastin e muajit t\u00eb ramazanit &#8211; Video"}]},{"@type":"Person","@id":"https:\/\/www.visit-ulcinj.com\/blog\/#\/schema\/person\/dcab619c614d3038751c63bc2aadc06d","name":"ulqini","sameAs":["http:\/\/www.visit-ulcinj.com"],"url":"https:\/\/www.visit-ulcinj.com\/blog\/author\/admin\/"}]}},"jetpack_featured_media_url":"","jetpack_sharing_enabled":true,"jetpack_shortlink":"https:\/\/wp.me\/pe6lTn-6Gk","_links":{"self":[{"href":"https:\/\/www.visit-ulcinj.com\/blog\/wp-json\/wp\/v2\/posts\/25688"}],"collection":[{"href":"https:\/\/www.visit-ulcinj.com\/blog\/wp-json\/wp\/v2\/posts"}],"about":[{"href":"https:\/\/www.visit-ulcinj.com\/blog\/wp-json\/wp\/v2\/types\/post"}],"author":[{"embeddable":true,"href":"https:\/\/www.visit-ulcinj.com\/blog\/wp-json\/wp\/v2\/users\/1"}],"replies":[{"embeddable":true,"href":"https:\/\/www.visit-ulcinj.com\/blog\/wp-json\/wp\/v2\/comments?post=25688"}],"version-history":[{"count":0,"href":"https:\/\/www.visit-ulcinj.com\/blog\/wp-json\/wp\/v2\/posts\/25688\/revisions"}],"wp:attachment":[{"href":"https:\/\/www.visit-ulcinj.com\/blog\/wp-json\/wp\/v2\/media?parent=25688"}],"wp:term":[{"taxonomy":"category","embeddable":true,"href":"https:\/\/www.visit-ulcinj.com\/blog\/wp-json\/wp\/v2\/categories?post=25688"},{"taxonomy":"post_tag","embeddable":true,"href":"https:\/\/www.visit-ulcinj.com\/blog\/wp-json\/wp\/v2\/tags?post=25688"}],"curies":[{"name":"wp","href":"https:\/\/api.w.org\/{rel}","templated":true}]}}