{"id":257,"date":"2008-01-24T13:20:24","date_gmt":"2008-01-24T18:20:24","guid":{"rendered":"http:\/\/www.visit-ulcinj.com\/blog\/2008\/01\/24\/slozno-za-deponiju\/"},"modified":"2008-02-12T19:40:02","modified_gmt":"2008-02-13T00:40:02","slug":"slozno-za-deponiju","status":"publish","type":"post","link":"https:\/\/www.visit-ulcinj.com\/blog\/2008\/01\/24\/slozno-za-deponiju\/","title":{"rendered":"Slo\u017eno za deponiju"},"content":{"rendered":"<p align=\"justify\"><a href=\"http:\/\/www.visit-ulcinj.com\/blog\/2008\/01\/24\/slozno-za-deponiju\/pjeter-ljuljduraj\/\" rel=\"attachment wp-att-256\" title=\"Pjeter Ljulj?uraj\"><img loading=\"lazy\" src=\"http:\/\/www.visit-ulcinj.com\/blog\/wp-content\/uploads\/2008\/01\/pjeter-ljuljduraj.jpg\" alt=\"Pjeter Ljulj?uraj\" align=\"left\" height=\"149\" hspace=\"2\" vspace=\"2\" width=\"121\" \/><\/a><font style=\"font-size: 8pt; font-family: Verdana\">Ulcinj &#8211; Odbornici u ulcinjskom parlamentu ju?e su, nakon petosatne rasprave, jednoglasno usvojili odluke o zajedni?kom organizovanju poslova odlaganja komunalnog otpada za op\u0161tine Bar i Ulcinj i o osnivanju privrednog dru\u0161tva za upravljanje me?uop\u0161tinskom sanitarnom deponijom &#8220;Mo\u017eura&#8221;.<!--more--><br \/>\nOdluke su usvojene sa primjedbama i sugestijama odbornika &#8220;Force&#8221;, koje je predlaga? u zavr\u0161noj rije?i prihvatio.<br \/>\nTime su se stekli uslovi za realizaciju jednog od najzna?ajnijih projekata u novijoj istoriji Ulcinja budu?i da je kvalitetno odlaganje otpada u najju\u017enijoj op\u0161tini bila nerje\u0161iva enigma svih ranijih struktura vlasti.<br \/>\nIstovremeno, odlukom je predvi?eno zatvaranje aktuelnog smetli\u0161ta u mjestu Hije nadomak Kru?a i konzerviranje tog atraktivnog lokaliteta.<br \/>\nNova deponija gradi?e se na milion i trista pedeset hiljada kvadrata u mjestu Kunje na obroncima Mo\u017eure koji pripadaju barskoj op\u0161tini.<br \/>\nKako je kazao glavni administrator Pjeter Ljulj?uraj, Svjetska banka pomno prati sudbinu odluke o sanitarnoj deponiji.<br \/>\n&#8211; Zato nema potrebe da uzalud tro\u0161imo vrijeme, jer ?emo u suprotnom izgubiti izuzetno povoljne kredite za rje\u0161enje jednog od najve?ih problema koji ve? godinama optere?uje na\u0161u op\u0161tinu &#8211; kazao je Ljulj?uraj.<br \/>\nObrazla\u017eu?i odluku, sekretar za komunalne djelatnosti ?or?e Dabovi? rekao je da savremeni zahtjevi i potrebe gra?ana ne trpe odlaganje rje\u0161avanja tog problema.<br \/>\n&#8211; Izgradnjom i eksploatacijom ove deponije na predlo\u017eenom lokalitetu, pretpostavljamo da ?emo trajno rije\u0161iti problem deponovanja otpada za Bar i Ulcinj &#8211; kazao je Dabovi?.<br \/>\nSkup\u0161tina nastavlja zasjedanje u petak.<br \/>\n<\/font><\/p>\n<p>www.vijesti.cg.yu<\/p>\n<p align=\"right\"><font style=\"font-size: 8pt; font-family: Verdana\"><em>S.A.<\/em><\/font><\/p>\n","protected":false},"excerpt":{"rendered":"<p><img loading=\"lazy\" src=\"http:\/\/www.visit-ulcinj.com\/blog\/wp-content\/uploads\/2008\/01\/pjeter-ljuljduraj.jpg\" alt=\"Pjeter Ljulj?uraj\" height=\"140\" width=\"140\" \/><\/p>\n","protected":false},"author":1,"featured_media":0,"comment_status":"open","ping_status":"closed","sticky":false,"template":"","format":"standard","meta":{"spay_email":"","jetpack_publicize_message":"","jetpack_is_tweetstorm":false,"jetpack_publicize_feature_enabled":true},"categories":[1],"tags":[1235,747,748,117,749,746,19],"jetpack_publicize_connections":[],"yoast_head":"<!-- This site is optimized with the Yoast SEO plugin v19.1 - https:\/\/yoast.com\/wordpress\/plugins\/seo\/ -->\n<title>Slo\u017eno za deponiju - Lajme nga Ulqini<\/title>\n<meta name=\"robots\" content=\"index, follow, max-snippet:-1, max-image-preview:large, max-video-preview:-1\" \/>\n<link rel=\"canonical\" href=\"https:\/\/www.visit-ulcinj.com\/blog\/2008\/01\/24\/slozno-za-deponiju\/\" \/>\n<meta property=\"og:locale\" content=\"en_US\" \/>\n<meta property=\"og:type\" content=\"article\" \/>\n<meta property=\"og:title\" content=\"Slo\u017eno za deponiju - Lajme nga Ulqini\" \/>\n<meta property=\"og:url\" content=\"https:\/\/www.visit-ulcinj.com\/blog\/2008\/01\/24\/slozno-za-deponiju\/\" \/>\n<meta property=\"og:site_name\" content=\"Lajme nga Ulqini\" \/>\n<meta property=\"article:published_time\" content=\"2008-01-24T18:20:24+00:00\" \/>\n<meta property=\"article:modified_time\" content=\"2008-02-13T00:40:02+00:00\" \/>\n<meta property=\"og:image\" content=\"http:\/\/www.visit-ulcinj.com\/blog\/wp-content\/uploads\/2008\/01\/pjeter-ljuljduraj.jpg\" \/>\n<meta name=\"twitter:label1\" content=\"Written by\" \/>\n\t<meta name=\"twitter:data1\" content=\"ulqini\" \/>\n\t<meta name=\"twitter:label2\" content=\"Est. reading time\" \/>\n\t<meta name=\"twitter:data2\" content=\"1 minute\" \/>\n<script type=\"application\/ld+json\" class=\"yoast-schema-graph\">{\"@context\":\"https:\/\/schema.org\",\"@graph\":[{\"@type\":\"WebSite\",\"@id\":\"https:\/\/www.visit-ulcinj.com\/blog\/#website\",\"url\":\"https:\/\/www.visit-ulcinj.com\/blog\/\",\"name\":\"Lajme nga Ulqini\",\"description\":\"Lajme,Vijesti,Ulqini,Ulqin,Crna Gora,Mali i Zi\",\"potentialAction\":[{\"@type\":\"SearchAction\",\"target\":{\"@type\":\"EntryPoint\",\"urlTemplate\":\"https:\/\/www.visit-ulcinj.com\/blog\/?s={search_term_string}\"},\"query-input\":\"required name=search_term_string\"}],\"inLanguage\":\"en-US\"},{\"@type\":\"ImageObject\",\"inLanguage\":\"en-US\",\"@id\":\"https:\/\/www.visit-ulcinj.com\/blog\/2008\/01\/24\/slozno-za-deponiju\/#primaryimage\",\"url\":\"http:\/\/www.visit-ulcinj.com\/blog\/wp-content\/uploads\/2008\/01\/pjeter-ljuljduraj.jpg\",\"contentUrl\":\"http:\/\/www.visit-ulcinj.com\/blog\/wp-content\/uploads\/2008\/01\/pjeter-ljuljduraj.jpg\"},{\"@type\":\"WebPage\",\"@id\":\"https:\/\/www.visit-ulcinj.com\/blog\/2008\/01\/24\/slozno-za-deponiju\/#webpage\",\"url\":\"https:\/\/www.visit-ulcinj.com\/blog\/2008\/01\/24\/slozno-za-deponiju\/\",\"name\":\"Slo\u017eno za deponiju - Lajme nga Ulqini\",\"isPartOf\":{\"@id\":\"https:\/\/www.visit-ulcinj.com\/blog\/#website\"},\"primaryImageOfPage\":{\"@id\":\"https:\/\/www.visit-ulcinj.com\/blog\/2008\/01\/24\/slozno-za-deponiju\/#primaryimage\"},\"datePublished\":\"2008-01-24T18:20:24+00:00\",\"dateModified\":\"2008-02-13T00:40:02+00:00\",\"author\":{\"@id\":\"https:\/\/www.visit-ulcinj.com\/blog\/#\/schema\/person\/dcab619c614d3038751c63bc2aadc06d\"},\"breadcrumb\":{\"@id\":\"https:\/\/www.visit-ulcinj.com\/blog\/2008\/01\/24\/slozno-za-deponiju\/#breadcrumb\"},\"inLanguage\":\"en-US\",\"potentialAction\":[{\"@type\":\"ReadAction\",\"target\":[\"https:\/\/www.visit-ulcinj.com\/blog\/2008\/01\/24\/slozno-za-deponiju\/\"]}]},{\"@type\":\"BreadcrumbList\",\"@id\":\"https:\/\/www.visit-ulcinj.com\/blog\/2008\/01\/24\/slozno-za-deponiju\/#breadcrumb\",\"itemListElement\":[{\"@type\":\"ListItem\",\"position\":1,\"name\":\"Slo\u017eno za deponiju\"}]},{\"@type\":\"Person\",\"@id\":\"https:\/\/www.visit-ulcinj.com\/blog\/#\/schema\/person\/dcab619c614d3038751c63bc2aadc06d\",\"name\":\"ulqini\",\"sameAs\":[\"http:\/\/www.visit-ulcinj.com\"],\"url\":\"https:\/\/www.visit-ulcinj.com\/blog\/author\/admin\/\"}]}<\/script>\n<!-- \/ Yoast SEO plugin. -->","yoast_head_json":{"title":"Slo\u017eno za deponiju - Lajme nga Ulqini","robots":{"index":"index","follow":"follow","max-snippet":"max-snippet:-1","max-image-preview":"max-image-preview:large","max-video-preview":"max-video-preview:-1"},"canonical":"https:\/\/www.visit-ulcinj.com\/blog\/2008\/01\/24\/slozno-za-deponiju\/","og_locale":"en_US","og_type":"article","og_title":"Slo\u017eno za deponiju - Lajme nga Ulqini","og_url":"https:\/\/www.visit-ulcinj.com\/blog\/2008\/01\/24\/slozno-za-deponiju\/","og_site_name":"Lajme nga Ulqini","article_published_time":"2008-01-24T18:20:24+00:00","article_modified_time":"2008-02-13T00:40:02+00:00","og_image":[{"url":"http:\/\/www.visit-ulcinj.com\/blog\/wp-content\/uploads\/2008\/01\/pjeter-ljuljduraj.jpg"}],"twitter_misc":{"Written by":"ulqini","Est. reading time":"1 minute"},"schema":{"@context":"https:\/\/schema.org","@graph":[{"@type":"WebSite","@id":"https:\/\/www.visit-ulcinj.com\/blog\/#website","url":"https:\/\/www.visit-ulcinj.com\/blog\/","name":"Lajme nga Ulqini","description":"Lajme,Vijesti,Ulqini,Ulqin,Crna Gora,Mali i Zi","potentialAction":[{"@type":"SearchAction","target":{"@type":"EntryPoint","urlTemplate":"https:\/\/www.visit-ulcinj.com\/blog\/?s={search_term_string}"},"query-input":"required name=search_term_string"}],"inLanguage":"en-US"},{"@type":"ImageObject","inLanguage":"en-US","@id":"https:\/\/www.visit-ulcinj.com\/blog\/2008\/01\/24\/slozno-za-deponiju\/#primaryimage","url":"http:\/\/www.visit-ulcinj.com\/blog\/wp-content\/uploads\/2008\/01\/pjeter-ljuljduraj.jpg","contentUrl":"http:\/\/www.visit-ulcinj.com\/blog\/wp-content\/uploads\/2008\/01\/pjeter-ljuljduraj.jpg"},{"@type":"WebPage","@id":"https:\/\/www.visit-ulcinj.com\/blog\/2008\/01\/24\/slozno-za-deponiju\/#webpage","url":"https:\/\/www.visit-ulcinj.com\/blog\/2008\/01\/24\/slozno-za-deponiju\/","name":"Slo\u017eno za deponiju - Lajme nga Ulqini","isPartOf":{"@id":"https:\/\/www.visit-ulcinj.com\/blog\/#website"},"primaryImageOfPage":{"@id":"https:\/\/www.visit-ulcinj.com\/blog\/2008\/01\/24\/slozno-za-deponiju\/#primaryimage"},"datePublished":"2008-01-24T18:20:24+00:00","dateModified":"2008-02-13T00:40:02+00:00","author":{"@id":"https:\/\/www.visit-ulcinj.com\/blog\/#\/schema\/person\/dcab619c614d3038751c63bc2aadc06d"},"breadcrumb":{"@id":"https:\/\/www.visit-ulcinj.com\/blog\/2008\/01\/24\/slozno-za-deponiju\/#breadcrumb"},"inLanguage":"en-US","potentialAction":[{"@type":"ReadAction","target":["https:\/\/www.visit-ulcinj.com\/blog\/2008\/01\/24\/slozno-za-deponiju\/"]}]},{"@type":"BreadcrumbList","@id":"https:\/\/www.visit-ulcinj.com\/blog\/2008\/01\/24\/slozno-za-deponiju\/#breadcrumb","itemListElement":[{"@type":"ListItem","position":1,"name":"Slo\u017eno za deponiju"}]},{"@type":"Person","@id":"https:\/\/www.visit-ulcinj.com\/blog\/#\/schema\/person\/dcab619c614d3038751c63bc2aadc06d","name":"ulqini","sameAs":["http:\/\/www.visit-ulcinj.com"],"url":"https:\/\/www.visit-ulcinj.com\/blog\/author\/admin\/"}]}},"jetpack_featured_media_url":"","jetpack_sharing_enabled":true,"jetpack_shortlink":"https:\/\/wp.me\/pe6lTn-49","_links":{"self":[{"href":"https:\/\/www.visit-ulcinj.com\/blog\/wp-json\/wp\/v2\/posts\/257"}],"collection":[{"href":"https:\/\/www.visit-ulcinj.com\/blog\/wp-json\/wp\/v2\/posts"}],"about":[{"href":"https:\/\/www.visit-ulcinj.com\/blog\/wp-json\/wp\/v2\/types\/post"}],"author":[{"embeddable":true,"href":"https:\/\/www.visit-ulcinj.com\/blog\/wp-json\/wp\/v2\/users\/1"}],"replies":[{"embeddable":true,"href":"https:\/\/www.visit-ulcinj.com\/blog\/wp-json\/wp\/v2\/comments?post=257"}],"version-history":[{"count":0,"href":"https:\/\/www.visit-ulcinj.com\/blog\/wp-json\/wp\/v2\/posts\/257\/revisions"}],"wp:attachment":[{"href":"https:\/\/www.visit-ulcinj.com\/blog\/wp-json\/wp\/v2\/media?parent=257"}],"wp:term":[{"taxonomy":"category","embeddable":true,"href":"https:\/\/www.visit-ulcinj.com\/blog\/wp-json\/wp\/v2\/categories?post=257"},{"taxonomy":"post_tag","embeddable":true,"href":"https:\/\/www.visit-ulcinj.com\/blog\/wp-json\/wp\/v2\/tags?post=257"}],"curies":[{"name":"wp","href":"https:\/\/api.w.org\/{rel}","templated":true}]}}