{"id":25706,"date":"2009-09-19T08:48:30","date_gmt":"2009-09-19T06:48:30","guid":{"rendered":"http:\/\/www.visit-ulcinj.com\/blog\/?p=25706"},"modified":"2009-09-19T17:40:03","modified_gmt":"2009-09-19T15:40:03","slug":"lajm-nga-klubi-basketbollistik%e2%80%8b-ulqini","status":"publish","type":"post","link":"https:\/\/www.visit-ulcinj.com\/blog\/2009\/09\/19\/lajm-nga-klubi-basketbollistik%e2%80%8b-ulqini\/","title":{"rendered":"Lajm nga Klubi Basketbollistik? &#8220;Ulqini&#8221;"},"content":{"rendered":"<p><strong><a href=\"http:\/\/www.visit-ulcinj.com\/blog\/wp-content\/uploads\/2009\/09\/Basketball-team-Ulcinj_Ulqin_Montenegro.jpg\"><img loading=\"lazy\" class=\"alignleft size-full wp-image-25707\" title=\"Basketball team Ulcinj_Ulqin_Montenegro\" src=\"http:\/\/www.visit-ulcinj.com\/blog\/wp-content\/uploads\/2009\/09\/Basketball-team-Ulcinj_Ulqin_Montenegro.jpg\" alt=\"Basketball team Ulcinj_Ulqin_Montenegro\" width=\"580\" height=\"767\" \/><\/a>Lajm nga KB Ulqin<\/strong><br \/>\nT\u00eb Shtunden m\u00eb, 19 Shtator 2009 basketbollst\u00ebt e jon\u00eb p\u00ebrfundojne pregaditjet dhjet\u00eb dit\u00ebshe n\u00eb Mojkovac dhe n\u00eb t\u00eb nj\u00ebjt\u00ebn dit\u00eb n\u00eb Podgoric\u00eb do te luajn ndeshjen e gjys\u00ebm finales turnirit\u00eb t\u00eb Podgoric\u00ebs me ekipin e Mornarit.<br \/>\n<strong>E Shtun\u00eb 19\/09\/2009 n\u00eb 17:30H \u2013 Palestra n\u00eb Donji Kokoti.<\/strong><\/p>\n<p><strong>P\u00ebrsh\u00ebndetje Sportive !<\/strong><\/p>\n<p><strong><!--YouTube Error: bad URL entered--><br \/>\n<\/strong><\/p>\n","protected":false},"excerpt":{"rendered":"<p>Lajm nga KB Ulqin T\u00eb Shtunden m\u00eb, 19 Shtator 2009 basketbollst\u00ebt e jon\u00eb p\u00ebrfundojne pregaditjet dhjet\u00eb dit\u00ebshe n\u00eb Mojkovac dhe n\u00eb t\u00eb nj\u00ebjt\u00ebn dit\u00eb n\u00eb Podgoric\u00eb do te luajn ndeshjen e gjys\u00ebm finales turnirit\u00eb t\u00eb Podgoric\u00ebs me ekipin e Mornarit. E Shtun\u00eb 19\/09\/2009 n\u00eb 17:30H \u2013 Palestra n\u00eb Donji Kokoti. P\u00ebrsh\u00ebndetje Sportive !<\/p>\n","protected":false},"author":1,"featured_media":0,"comment_status":"open","ping_status":"closed","sticky":false,"template":"","format":"standard","meta":{"spay_email":"","jetpack_publicize_message":"","jetpack_is_tweetstorm":false,"jetpack_publicize_feature_enabled":true},"categories":[6950],"tags":[12411,12479,12480],"jetpack_publicize_connections":[],"yoast_head":"<!-- This site is optimized with the Yoast SEO plugin v19.1 - https:\/\/yoast.com\/wordpress\/plugins\/seo\/ -->\n<title>Lajm nga Klubi Basketbollistik? &quot;Ulqini&quot; - Lajme nga Ulqini<\/title>\n<meta name=\"description\" content=\"Lajm nga KB Ulqin T\u00eb Shtunden m\u00eb, 19 Shtator 2009 basketbollst\u00ebt e jon\u00eb p\u00ebrfundojne pregaditjet dhjet\u00eb dit\u00ebshe n\u00eb Mojkovac dhe n\u00eb t\u00eb nj\u00ebjt\u00ebn dit\u00eb n\u00eb\" \/>\n<meta name=\"robots\" content=\"index, follow, max-snippet:-1, max-image-preview:large, max-video-preview:-1\" \/>\n<link rel=\"canonical\" href=\"https:\/\/www.visit-ulcinj.com\/blog\/2009\/09\/19\/lajm-nga-klubi-basketbollistik\u200b-ulqini\/\" \/>\n<meta property=\"og:locale\" content=\"en_US\" \/>\n<meta property=\"og:type\" content=\"article\" \/>\n<meta property=\"og:title\" content=\"Lajm nga Klubi Basketbollistik? &quot;Ulqini&quot; - Lajme nga Ulqini\" \/>\n<meta property=\"og:description\" content=\"Lajm nga KB Ulqin T\u00eb Shtunden m\u00eb, 19 Shtator 2009 basketbollst\u00ebt e jon\u00eb p\u00ebrfundojne pregaditjet dhjet\u00eb dit\u00ebshe n\u00eb Mojkovac dhe n\u00eb t\u00eb nj\u00ebjt\u00ebn dit\u00eb n\u00eb\" \/>\n<meta property=\"og:url\" content=\"https:\/\/www.visit-ulcinj.com\/blog\/2009\/09\/19\/lajm-nga-klubi-basketbollistik\u200b-ulqini\/\" \/>\n<meta property=\"og:site_name\" content=\"Lajme nga Ulqini\" \/>\n<meta property=\"article:published_time\" content=\"2009-09-19T06:48:30+00:00\" \/>\n<meta property=\"article:modified_time\" content=\"2009-09-19T15:40:03+00:00\" \/>\n<meta property=\"og:image\" content=\"http:\/\/www.visit-ulcinj.com\/blog\/wp-content\/uploads\/2009\/09\/Basketball-team-Ulcinj_Ulqin_Montenegro.jpg\" \/>\n<meta name=\"twitter:label1\" content=\"Written by\" \/>\n\t<meta name=\"twitter:data1\" content=\"ulqini\" \/>\n<script type=\"application\/ld+json\" class=\"yoast-schema-graph\">{\"@context\":\"https:\/\/schema.org\",\"@graph\":[{\"@type\":\"WebSite\",\"@id\":\"https:\/\/www.visit-ulcinj.com\/blog\/#website\",\"url\":\"https:\/\/www.visit-ulcinj.com\/blog\/\",\"name\":\"Lajme nga Ulqini\",\"description\":\"Lajme,Vijesti,Ulqini,Ulqin,Crna Gora,Mali i Zi\",\"potentialAction\":[{\"@type\":\"SearchAction\",\"target\":{\"@type\":\"EntryPoint\",\"urlTemplate\":\"https:\/\/www.visit-ulcinj.com\/blog\/?s={search_term_string}\"},\"query-input\":\"required name=search_term_string\"}],\"inLanguage\":\"en-US\"},{\"@type\":\"ImageObject\",\"inLanguage\":\"en-US\",\"@id\":\"https:\/\/www.visit-ulcinj.com\/blog\/2009\/09\/19\/lajm-nga-klubi-basketbollistik%e2%80%8b-ulqini\/#primaryimage\",\"url\":\"https:\/\/www.visit-ulcinj.com\/blog\/wp-content\/uploads\/2009\/09\/Basketball-team-Ulcinj_Ulqin_Montenegro.jpg\",\"contentUrl\":\"https:\/\/www.visit-ulcinj.com\/blog\/wp-content\/uploads\/2009\/09\/Basketball-team-Ulcinj_Ulqin_Montenegro.jpg\",\"width\":\"862\",\"height\":\"767\"},{\"@type\":\"WebPage\",\"@id\":\"https:\/\/www.visit-ulcinj.com\/blog\/2009\/09\/19\/lajm-nga-klubi-basketbollistik%e2%80%8b-ulqini\/#webpage\",\"url\":\"https:\/\/www.visit-ulcinj.com\/blog\/2009\/09\/19\/lajm-nga-klubi-basketbollistik%e2%80%8b-ulqini\/\",\"name\":\"Lajm nga Klubi Basketbollistik? \\\"Ulqini\\\" - Lajme nga Ulqini\",\"isPartOf\":{\"@id\":\"https:\/\/www.visit-ulcinj.com\/blog\/#website\"},\"primaryImageOfPage\":{\"@id\":\"https:\/\/www.visit-ulcinj.com\/blog\/2009\/09\/19\/lajm-nga-klubi-basketbollistik%e2%80%8b-ulqini\/#primaryimage\"},\"datePublished\":\"2009-09-19T06:48:30+00:00\",\"dateModified\":\"2009-09-19T15:40:03+00:00\",\"author\":{\"@id\":\"https:\/\/www.visit-ulcinj.com\/blog\/#\/schema\/person\/dcab619c614d3038751c63bc2aadc06d\"},\"description\":\"Lajm nga KB Ulqin T\u00eb Shtunden m\u00eb, 19 Shtator 2009 basketbollst\u00ebt e jon\u00eb p\u00ebrfundojne pregaditjet dhjet\u00eb dit\u00ebshe n\u00eb Mojkovac dhe n\u00eb t\u00eb nj\u00ebjt\u00ebn dit\u00eb n\u00eb\",\"breadcrumb\":{\"@id\":\"https:\/\/www.visit-ulcinj.com\/blog\/2009\/09\/19\/lajm-nga-klubi-basketbollistik%e2%80%8b-ulqini\/#breadcrumb\"},\"inLanguage\":\"en-US\",\"potentialAction\":[{\"@type\":\"ReadAction\",\"target\":[\"https:\/\/www.visit-ulcinj.com\/blog\/2009\/09\/19\/lajm-nga-klubi-basketbollistik%e2%80%8b-ulqini\/\"]}]},{\"@type\":\"BreadcrumbList\",\"@id\":\"https:\/\/www.visit-ulcinj.com\/blog\/2009\/09\/19\/lajm-nga-klubi-basketbollistik%e2%80%8b-ulqini\/#breadcrumb\",\"itemListElement\":[{\"@type\":\"ListItem\",\"position\":1,\"name\":\"Lajm nga Klubi Basketbollistik? &#8220;Ulqini&#8221;\"}]},{\"@type\":\"Person\",\"@id\":\"https:\/\/www.visit-ulcinj.com\/blog\/#\/schema\/person\/dcab619c614d3038751c63bc2aadc06d\",\"name\":\"ulqini\",\"sameAs\":[\"http:\/\/www.visit-ulcinj.com\"],\"url\":\"https:\/\/www.visit-ulcinj.com\/blog\/author\/admin\/\"}]}<\/script>\n<!-- \/ Yoast SEO plugin. -->","yoast_head_json":{"title":"Lajm nga Klubi Basketbollistik? \"Ulqini\" - Lajme nga Ulqini","description":"Lajm nga KB Ulqin T\u00eb Shtunden m\u00eb, 19 Shtator 2009 basketbollst\u00ebt e jon\u00eb p\u00ebrfundojne pregaditjet dhjet\u00eb dit\u00ebshe n\u00eb Mojkovac dhe n\u00eb t\u00eb nj\u00ebjt\u00ebn dit\u00eb n\u00eb","robots":{"index":"index","follow":"follow","max-snippet":"max-snippet:-1","max-image-preview":"max-image-preview:large","max-video-preview":"max-video-preview:-1"},"canonical":"https:\/\/www.visit-ulcinj.com\/blog\/2009\/09\/19\/lajm-nga-klubi-basketbollistik\u200b-ulqini\/","og_locale":"en_US","og_type":"article","og_title":"Lajm nga Klubi Basketbollistik? \"Ulqini\" - Lajme nga Ulqini","og_description":"Lajm nga KB Ulqin T\u00eb Shtunden m\u00eb, 19 Shtator 2009 basketbollst\u00ebt e jon\u00eb p\u00ebrfundojne pregaditjet dhjet\u00eb dit\u00ebshe n\u00eb Mojkovac dhe n\u00eb t\u00eb nj\u00ebjt\u00ebn dit\u00eb n\u00eb","og_url":"https:\/\/www.visit-ulcinj.com\/blog\/2009\/09\/19\/lajm-nga-klubi-basketbollistik\u200b-ulqini\/","og_site_name":"Lajme nga Ulqini","article_published_time":"2009-09-19T06:48:30+00:00","article_modified_time":"2009-09-19T15:40:03+00:00","og_image":[{"url":"http:\/\/www.visit-ulcinj.com\/blog\/wp-content\/uploads\/2009\/09\/Basketball-team-Ulcinj_Ulqin_Montenegro.jpg"}],"twitter_misc":{"Written by":"ulqini"},"schema":{"@context":"https:\/\/schema.org","@graph":[{"@type":"WebSite","@id":"https:\/\/www.visit-ulcinj.com\/blog\/#website","url":"https:\/\/www.visit-ulcinj.com\/blog\/","name":"Lajme nga Ulqini","description":"Lajme,Vijesti,Ulqini,Ulqin,Crna Gora,Mali i Zi","potentialAction":[{"@type":"SearchAction","target":{"@type":"EntryPoint","urlTemplate":"https:\/\/www.visit-ulcinj.com\/blog\/?s={search_term_string}"},"query-input":"required name=search_term_string"}],"inLanguage":"en-US"},{"@type":"ImageObject","inLanguage":"en-US","@id":"https:\/\/www.visit-ulcinj.com\/blog\/2009\/09\/19\/lajm-nga-klubi-basketbollistik%e2%80%8b-ulqini\/#primaryimage","url":"https:\/\/www.visit-ulcinj.com\/blog\/wp-content\/uploads\/2009\/09\/Basketball-team-Ulcinj_Ulqin_Montenegro.jpg","contentUrl":"https:\/\/www.visit-ulcinj.com\/blog\/wp-content\/uploads\/2009\/09\/Basketball-team-Ulcinj_Ulqin_Montenegro.jpg","width":"862","height":"767"},{"@type":"WebPage","@id":"https:\/\/www.visit-ulcinj.com\/blog\/2009\/09\/19\/lajm-nga-klubi-basketbollistik%e2%80%8b-ulqini\/#webpage","url":"https:\/\/www.visit-ulcinj.com\/blog\/2009\/09\/19\/lajm-nga-klubi-basketbollistik%e2%80%8b-ulqini\/","name":"Lajm nga Klubi Basketbollistik? \"Ulqini\" - Lajme nga Ulqini","isPartOf":{"@id":"https:\/\/www.visit-ulcinj.com\/blog\/#website"},"primaryImageOfPage":{"@id":"https:\/\/www.visit-ulcinj.com\/blog\/2009\/09\/19\/lajm-nga-klubi-basketbollistik%e2%80%8b-ulqini\/#primaryimage"},"datePublished":"2009-09-19T06:48:30+00:00","dateModified":"2009-09-19T15:40:03+00:00","author":{"@id":"https:\/\/www.visit-ulcinj.com\/blog\/#\/schema\/person\/dcab619c614d3038751c63bc2aadc06d"},"description":"Lajm nga KB Ulqin T\u00eb Shtunden m\u00eb, 19 Shtator 2009 basketbollst\u00ebt e jon\u00eb p\u00ebrfundojne pregaditjet dhjet\u00eb dit\u00ebshe n\u00eb Mojkovac dhe n\u00eb t\u00eb nj\u00ebjt\u00ebn dit\u00eb n\u00eb","breadcrumb":{"@id":"https:\/\/www.visit-ulcinj.com\/blog\/2009\/09\/19\/lajm-nga-klubi-basketbollistik%e2%80%8b-ulqini\/#breadcrumb"},"inLanguage":"en-US","potentialAction":[{"@type":"ReadAction","target":["https:\/\/www.visit-ulcinj.com\/blog\/2009\/09\/19\/lajm-nga-klubi-basketbollistik%e2%80%8b-ulqini\/"]}]},{"@type":"BreadcrumbList","@id":"https:\/\/www.visit-ulcinj.com\/blog\/2009\/09\/19\/lajm-nga-klubi-basketbollistik%e2%80%8b-ulqini\/#breadcrumb","itemListElement":[{"@type":"ListItem","position":1,"name":"Lajm nga Klubi Basketbollistik? &#8220;Ulqini&#8221;"}]},{"@type":"Person","@id":"https:\/\/www.visit-ulcinj.com\/blog\/#\/schema\/person\/dcab619c614d3038751c63bc2aadc06d","name":"ulqini","sameAs":["http:\/\/www.visit-ulcinj.com"],"url":"https:\/\/www.visit-ulcinj.com\/blog\/author\/admin\/"}]}},"jetpack_featured_media_url":"","jetpack_sharing_enabled":true,"jetpack_shortlink":"https:\/\/wp.me\/pe6lTn-6GC","_links":{"self":[{"href":"https:\/\/www.visit-ulcinj.com\/blog\/wp-json\/wp\/v2\/posts\/25706"}],"collection":[{"href":"https:\/\/www.visit-ulcinj.com\/blog\/wp-json\/wp\/v2\/posts"}],"about":[{"href":"https:\/\/www.visit-ulcinj.com\/blog\/wp-json\/wp\/v2\/types\/post"}],"author":[{"embeddable":true,"href":"https:\/\/www.visit-ulcinj.com\/blog\/wp-json\/wp\/v2\/users\/1"}],"replies":[{"embeddable":true,"href":"https:\/\/www.visit-ulcinj.com\/blog\/wp-json\/wp\/v2\/comments?post=25706"}],"version-history":[{"count":0,"href":"https:\/\/www.visit-ulcinj.com\/blog\/wp-json\/wp\/v2\/posts\/25706\/revisions"}],"wp:attachment":[{"href":"https:\/\/www.visit-ulcinj.com\/blog\/wp-json\/wp\/v2\/media?parent=25706"}],"wp:term":[{"taxonomy":"category","embeddable":true,"href":"https:\/\/www.visit-ulcinj.com\/blog\/wp-json\/wp\/v2\/categories?post=25706"},{"taxonomy":"post_tag","embeddable":true,"href":"https:\/\/www.visit-ulcinj.com\/blog\/wp-json\/wp\/v2\/tags?post=25706"}],"curies":[{"name":"wp","href":"https:\/\/api.w.org\/{rel}","templated":true}]}}