{"id":25714,"date":"2009-09-19T10:14:16","date_gmt":"2009-09-19T08:14:16","guid":{"rendered":"http:\/\/www.visit-ulcinj.com\/blog\/?p=25714"},"modified":"2009-09-19T10:20:19","modified_gmt":"2009-09-19T08:20:19","slug":"bamir-topi-albancima-poboljsati-status","status":"publish","type":"post","link":"https:\/\/www.visit-ulcinj.com\/blog\/2009\/09\/19\/bamir-topi-albancima-poboljsati-status\/","title":{"rendered":"Bamir Topi: Albancima pobolj\u0161ati status"},"content":{"rendered":"<p><strong><a href=\"http:\/\/www.visit-ulcinj.com\/blog\/wp-content\/uploads\/2009\/09\/Presidenti-Topi-dhe-Presidenti-Vujanovic-gjate-konferences-per-shtyp.jpg\"><img loading=\"lazy\" class=\"alignleft size-full wp-image-25655\" title=\"Presidenti Topi dhe Presidenti Vujanovic gjate konferences per shtyp\" src=\"http:\/\/www.visit-ulcinj.com\/blog\/wp-content\/uploads\/2009\/09\/Presidenti-Topi-dhe-Presidenti-Vujanovic-gjate-konferences-per-shtyp.jpg\" alt=\"Presidenti Topi dhe Presidenti Vujanovic gjate konferences per shtyp\" width=\"580\" height=\"397\" \/><\/a>Bamir Topi smatra da bi decentralizacijom Crna Gora obezbijedila ve?a prava nacionalnim manjinama<\/strong><br \/>\nU kontekstu prava albanske nacionalne zajednice u Crnoj Gori, treba ostvariti decentralizaciju po principima Savjeta Evrope, izjavio je ju?e predsjednik Albanije Bamir Topi. On je to kazao na konferenciji za medije na Cetinju, nakon sastanka sa \u0161efom crnogorske dr\u017eave Filipom Vujanovi?em.<br \/>\n&#8211; Albanska zajednica trebalo bi da bude most saradnje izme?u na\u0161e dvije zemlje, koje dijele iste ciljeve i ba\u0161tine iste vrijednosti &#8211; diplomatski je saop\u0161tio Bamir Topi, prethodno upitan &#8220;da li Albanija ?ini sve da pomogne albanski narod koji \u017eivi u Crnoj Gori&#8221;.<br \/>\nDvojica predsjednika nijesu pominjali status Kosova ni odluku Vlade Crne Gore da ga prizna kao nezavisnu dr\u017eavu, ali su naglasili da &#8220;obje dr\u017eave \u017eele dobrosusjedsku saradnju sa svim susjedima&#8221;.<br \/>\nIna?e, albanski politi?ki predstavnici stalno optu\u017euju crnogorsku vlast da zasad ne sprovodi proces decentralizacije na na?in na koji to predvi?a evropska praksa. Topi, ocjenjuju?i &#8220;povoljnim&#8221; status Albanaca koji \u017eive na crnogorskoj teritoriji, potvrdio je da je tokom njegove dvodnevne posjete Crnoj Gori planiran i susret sa liderima albanskih stranaka koje u?estvuju u ovda\u0161njem politi?kom \u017eivotu.<br \/>\nVujanovi? je novinarima kazao da je &#8220;?estitao predsjedniku Topiju, koji kao \u0161ef dr\u017eave pravi prvu zvani?nu posjetu Crnoj Gori, nedavni ulazak Albanije u NATO&#8221;.<br \/>\n&#8211; Na\u0161e dvije zemlje, prijateljske, primjer su dobrosusjedske saradnje i saglasili smo se da postoji niz oblasti u kojima mo\u017eemo da razvijamo odnose. Evroatlantske integracije su budu?nost regiona &#8211; ka\u017ee Vujanovi?.<br \/>\nTopi je poru?io da je od izuzetne va\u017enosti da Crna Gora i Albanija postignu dogovor o zajedni?kom upravljanju i kontroli granice, navode?i da treba ja?ati ljudske kontakte i privrednu saradnju.<br \/>\n&#8211; Zajedni?ka kontrola i upravljanje treba da budu prioritet na Skadarskom jezeru, rijeci Bojani i morskoj granici kod Ulcinja. Za to smo zainteresovani, i zaista mislim da je na\u0161 razgovor dobrodo\u0161ao u tom pravcu &#8211; naglasio je Topi.<br \/>\nCrnogorski predsjednik, s druge strane, nagla\u0161ava da Crna Gora ima poseban interes na albanskoj teritoriji.<br \/>\n&#8211; Veoma smo zainteresovani za izgradnju puta od Podgorice do Plava, ?iji bi dio i\u0161ao preko albanske teritorije. Ura?ene su studije koje potvr?uju da se radi o vrlo dobrom projektu koji bi bio pozitivan dodatak odnosima dvije zemlje &#8211; procjenjuje Vujanovi?.<br \/>\nOsim sa crnogorskim predsjednikom, Bamir Topi je razgovarao i sa drugim najvi\u0161im dr\u017eavnim funkcionerima.<\/p>\n<p><strong>M.V.<br \/>\n<a href=\"http:\/\/www.dan.co.me\/index.php?nivo=3&amp;rubrika=Politika&amp;datum=2009-09-18&amp;clanak=201428\" target=\"_blank\">Izvor \/ DAN<\/a><\/strong><\/p>\n","protected":false},"excerpt":{"rendered":"<p>Bamir Topi smatra da bi decentralizacijom Crna Gora obezbijedila ve?a prava nacionalnim manjinama U kontekstu prava albanske nacionalne zajednice u Crnoj Gori, treba ostvariti decentralizaciju po principima Savjeta Evrope, izjavio je ju?e predsjednik Albanije Bamir Topi. On je to kazao na konferenciji za medije na Cetinju, nakon sastanka sa \u0161efom crnogorske dr\u017eave Filipom Vujanovi?em. &#8211; [&hellip;]<\/p>\n","protected":false},"author":1,"featured_media":0,"comment_status":"open","ping_status":"closed","sticky":false,"template":"","format":"standard","meta":{"spay_email":"","jetpack_publicize_message":"","jetpack_is_tweetstorm":false,"jetpack_publicize_feature_enabled":true},"categories":[8337],"tags":[12481,2689],"jetpack_publicize_connections":[],"yoast_head":"<!-- This site is optimized with the Yoast SEO plugin v19.1 - https:\/\/yoast.com\/wordpress\/plugins\/seo\/ -->\n<title>Bamir Topi: Albancima pobolj\u0161ati status - Lajme nga Ulqini<\/title>\n<meta name=\"description\" content=\"Bamir Topi smatra da bi decentralizacijom Crna Gora obezbijedila ve?a prava nacionalnim manjinama U kontekstu prava albanske nacionalne zajednice u Crnoj\" \/>\n<meta name=\"robots\" content=\"index, follow, max-snippet:-1, max-image-preview:large, max-video-preview:-1\" \/>\n<link rel=\"canonical\" href=\"https:\/\/www.visit-ulcinj.com\/blog\/2009\/09\/19\/bamir-topi-albancima-poboljsati-status\/\" \/>\n<meta property=\"og:locale\" content=\"en_US\" \/>\n<meta property=\"og:type\" content=\"article\" \/>\n<meta property=\"og:title\" content=\"Bamir Topi: Albancima pobolj\u0161ati status - Lajme nga Ulqini\" \/>\n<meta property=\"og:description\" content=\"Bamir Topi smatra da bi decentralizacijom Crna Gora obezbijedila ve?a prava nacionalnim manjinama U kontekstu prava albanske nacionalne zajednice u Crnoj\" \/>\n<meta property=\"og:url\" content=\"https:\/\/www.visit-ulcinj.com\/blog\/2009\/09\/19\/bamir-topi-albancima-poboljsati-status\/\" \/>\n<meta property=\"og:site_name\" content=\"Lajme nga Ulqini\" \/>\n<meta property=\"article:published_time\" content=\"2009-09-19T08:14:16+00:00\" \/>\n<meta property=\"article:modified_time\" content=\"2009-09-19T08:20:19+00:00\" \/>\n<meta property=\"og:image\" content=\"http:\/\/www.visit-ulcinj.com\/blog\/wp-content\/uploads\/2009\/09\/Presidenti-Topi-dhe-Presidenti-Vujanovic-gjate-konferences-per-shtyp.jpg\" \/>\n<meta name=\"twitter:label1\" content=\"Written by\" \/>\n\t<meta name=\"twitter:data1\" content=\"ulqini\" \/>\n\t<meta name=\"twitter:label2\" content=\"Est. reading time\" \/>\n\t<meta name=\"twitter:data2\" content=\"2 minutes\" \/>\n<script type=\"application\/ld+json\" class=\"yoast-schema-graph\">{\"@context\":\"https:\/\/schema.org\",\"@graph\":[{\"@type\":\"WebSite\",\"@id\":\"https:\/\/www.visit-ulcinj.com\/blog\/#website\",\"url\":\"https:\/\/www.visit-ulcinj.com\/blog\/\",\"name\":\"Lajme nga Ulqini\",\"description\":\"Lajme,Vijesti,Ulqini,Ulqin,Crna Gora,Mali i Zi\",\"potentialAction\":[{\"@type\":\"SearchAction\",\"target\":{\"@type\":\"EntryPoint\",\"urlTemplate\":\"https:\/\/www.visit-ulcinj.com\/blog\/?s={search_term_string}\"},\"query-input\":\"required name=search_term_string\"}],\"inLanguage\":\"en-US\"},{\"@type\":\"ImageObject\",\"inLanguage\":\"en-US\",\"@id\":\"https:\/\/www.visit-ulcinj.com\/blog\/2009\/09\/19\/bamir-topi-albancima-poboljsati-status\/#primaryimage\",\"url\":\"https:\/\/www.visit-ulcinj.com\/blog\/wp-content\/uploads\/2009\/09\/Presidenti-Topi-dhe-Presidenti-Vujanovic-gjate-konferences-per-shtyp.jpg\",\"contentUrl\":\"https:\/\/www.visit-ulcinj.com\/blog\/wp-content\/uploads\/2009\/09\/Presidenti-Topi-dhe-Presidenti-Vujanovic-gjate-konferences-per-shtyp.jpg\",\"width\":\"600\",\"height\":\"397\"},{\"@type\":\"WebPage\",\"@id\":\"https:\/\/www.visit-ulcinj.com\/blog\/2009\/09\/19\/bamir-topi-albancima-poboljsati-status\/#webpage\",\"url\":\"https:\/\/www.visit-ulcinj.com\/blog\/2009\/09\/19\/bamir-topi-albancima-poboljsati-status\/\",\"name\":\"Bamir Topi: Albancima pobolj\u0161ati status - Lajme nga Ulqini\",\"isPartOf\":{\"@id\":\"https:\/\/www.visit-ulcinj.com\/blog\/#website\"},\"primaryImageOfPage\":{\"@id\":\"https:\/\/www.visit-ulcinj.com\/blog\/2009\/09\/19\/bamir-topi-albancima-poboljsati-status\/#primaryimage\"},\"datePublished\":\"2009-09-19T08:14:16+00:00\",\"dateModified\":\"2009-09-19T08:20:19+00:00\",\"author\":{\"@id\":\"https:\/\/www.visit-ulcinj.com\/blog\/#\/schema\/person\/dcab619c614d3038751c63bc2aadc06d\"},\"description\":\"Bamir Topi smatra da bi decentralizacijom Crna Gora obezbijedila ve?a prava nacionalnim manjinama U kontekstu prava albanske nacionalne zajednice u Crnoj\",\"breadcrumb\":{\"@id\":\"https:\/\/www.visit-ulcinj.com\/blog\/2009\/09\/19\/bamir-topi-albancima-poboljsati-status\/#breadcrumb\"},\"inLanguage\":\"en-US\",\"potentialAction\":[{\"@type\":\"ReadAction\",\"target\":[\"https:\/\/www.visit-ulcinj.com\/blog\/2009\/09\/19\/bamir-topi-albancima-poboljsati-status\/\"]}]},{\"@type\":\"BreadcrumbList\",\"@id\":\"https:\/\/www.visit-ulcinj.com\/blog\/2009\/09\/19\/bamir-topi-albancima-poboljsati-status\/#breadcrumb\",\"itemListElement\":[{\"@type\":\"ListItem\",\"position\":1,\"name\":\"Bamir Topi: Albancima pobolj\u0161ati status\"}]},{\"@type\":\"Person\",\"@id\":\"https:\/\/www.visit-ulcinj.com\/blog\/#\/schema\/person\/dcab619c614d3038751c63bc2aadc06d\",\"name\":\"ulqini\",\"sameAs\":[\"http:\/\/www.visit-ulcinj.com\"],\"url\":\"https:\/\/www.visit-ulcinj.com\/blog\/author\/admin\/\"}]}<\/script>\n<!-- \/ Yoast SEO plugin. -->","yoast_head_json":{"title":"Bamir Topi: Albancima pobolj\u0161ati status - Lajme nga Ulqini","description":"Bamir Topi smatra da bi decentralizacijom Crna Gora obezbijedila ve?a prava nacionalnim manjinama U kontekstu prava albanske nacionalne zajednice u Crnoj","robots":{"index":"index","follow":"follow","max-snippet":"max-snippet:-1","max-image-preview":"max-image-preview:large","max-video-preview":"max-video-preview:-1"},"canonical":"https:\/\/www.visit-ulcinj.com\/blog\/2009\/09\/19\/bamir-topi-albancima-poboljsati-status\/","og_locale":"en_US","og_type":"article","og_title":"Bamir Topi: Albancima pobolj\u0161ati status - Lajme nga Ulqini","og_description":"Bamir Topi smatra da bi decentralizacijom Crna Gora obezbijedila ve?a prava nacionalnim manjinama U kontekstu prava albanske nacionalne zajednice u Crnoj","og_url":"https:\/\/www.visit-ulcinj.com\/blog\/2009\/09\/19\/bamir-topi-albancima-poboljsati-status\/","og_site_name":"Lajme nga Ulqini","article_published_time":"2009-09-19T08:14:16+00:00","article_modified_time":"2009-09-19T08:20:19+00:00","og_image":[{"url":"http:\/\/www.visit-ulcinj.com\/blog\/wp-content\/uploads\/2009\/09\/Presidenti-Topi-dhe-Presidenti-Vujanovic-gjate-konferences-per-shtyp.jpg"}],"twitter_misc":{"Written by":"ulqini","Est. reading time":"2 minutes"},"schema":{"@context":"https:\/\/schema.org","@graph":[{"@type":"WebSite","@id":"https:\/\/www.visit-ulcinj.com\/blog\/#website","url":"https:\/\/www.visit-ulcinj.com\/blog\/","name":"Lajme nga Ulqini","description":"Lajme,Vijesti,Ulqini,Ulqin,Crna Gora,Mali i Zi","potentialAction":[{"@type":"SearchAction","target":{"@type":"EntryPoint","urlTemplate":"https:\/\/www.visit-ulcinj.com\/blog\/?s={search_term_string}"},"query-input":"required name=search_term_string"}],"inLanguage":"en-US"},{"@type":"ImageObject","inLanguage":"en-US","@id":"https:\/\/www.visit-ulcinj.com\/blog\/2009\/09\/19\/bamir-topi-albancima-poboljsati-status\/#primaryimage","url":"https:\/\/www.visit-ulcinj.com\/blog\/wp-content\/uploads\/2009\/09\/Presidenti-Topi-dhe-Presidenti-Vujanovic-gjate-konferences-per-shtyp.jpg","contentUrl":"https:\/\/www.visit-ulcinj.com\/blog\/wp-content\/uploads\/2009\/09\/Presidenti-Topi-dhe-Presidenti-Vujanovic-gjate-konferences-per-shtyp.jpg","width":"600","height":"397"},{"@type":"WebPage","@id":"https:\/\/www.visit-ulcinj.com\/blog\/2009\/09\/19\/bamir-topi-albancima-poboljsati-status\/#webpage","url":"https:\/\/www.visit-ulcinj.com\/blog\/2009\/09\/19\/bamir-topi-albancima-poboljsati-status\/","name":"Bamir Topi: Albancima pobolj\u0161ati status - Lajme nga Ulqini","isPartOf":{"@id":"https:\/\/www.visit-ulcinj.com\/blog\/#website"},"primaryImageOfPage":{"@id":"https:\/\/www.visit-ulcinj.com\/blog\/2009\/09\/19\/bamir-topi-albancima-poboljsati-status\/#primaryimage"},"datePublished":"2009-09-19T08:14:16+00:00","dateModified":"2009-09-19T08:20:19+00:00","author":{"@id":"https:\/\/www.visit-ulcinj.com\/blog\/#\/schema\/person\/dcab619c614d3038751c63bc2aadc06d"},"description":"Bamir Topi smatra da bi decentralizacijom Crna Gora obezbijedila ve?a prava nacionalnim manjinama U kontekstu prava albanske nacionalne zajednice u Crnoj","breadcrumb":{"@id":"https:\/\/www.visit-ulcinj.com\/blog\/2009\/09\/19\/bamir-topi-albancima-poboljsati-status\/#breadcrumb"},"inLanguage":"en-US","potentialAction":[{"@type":"ReadAction","target":["https:\/\/www.visit-ulcinj.com\/blog\/2009\/09\/19\/bamir-topi-albancima-poboljsati-status\/"]}]},{"@type":"BreadcrumbList","@id":"https:\/\/www.visit-ulcinj.com\/blog\/2009\/09\/19\/bamir-topi-albancima-poboljsati-status\/#breadcrumb","itemListElement":[{"@type":"ListItem","position":1,"name":"Bamir Topi: Albancima pobolj\u0161ati status"}]},{"@type":"Person","@id":"https:\/\/www.visit-ulcinj.com\/blog\/#\/schema\/person\/dcab619c614d3038751c63bc2aadc06d","name":"ulqini","sameAs":["http:\/\/www.visit-ulcinj.com"],"url":"https:\/\/www.visit-ulcinj.com\/blog\/author\/admin\/"}]}},"jetpack_featured_media_url":"","jetpack_sharing_enabled":true,"jetpack_shortlink":"https:\/\/wp.me\/pe6lTn-6GK","_links":{"self":[{"href":"https:\/\/www.visit-ulcinj.com\/blog\/wp-json\/wp\/v2\/posts\/25714"}],"collection":[{"href":"https:\/\/www.visit-ulcinj.com\/blog\/wp-json\/wp\/v2\/posts"}],"about":[{"href":"https:\/\/www.visit-ulcinj.com\/blog\/wp-json\/wp\/v2\/types\/post"}],"author":[{"embeddable":true,"href":"https:\/\/www.visit-ulcinj.com\/blog\/wp-json\/wp\/v2\/users\/1"}],"replies":[{"embeddable":true,"href":"https:\/\/www.visit-ulcinj.com\/blog\/wp-json\/wp\/v2\/comments?post=25714"}],"version-history":[{"count":0,"href":"https:\/\/www.visit-ulcinj.com\/blog\/wp-json\/wp\/v2\/posts\/25714\/revisions"}],"wp:attachment":[{"href":"https:\/\/www.visit-ulcinj.com\/blog\/wp-json\/wp\/v2\/media?parent=25714"}],"wp:term":[{"taxonomy":"category","embeddable":true,"href":"https:\/\/www.visit-ulcinj.com\/blog\/wp-json\/wp\/v2\/categories?post=25714"},{"taxonomy":"post_tag","embeddable":true,"href":"https:\/\/www.visit-ulcinj.com\/blog\/wp-json\/wp\/v2\/tags?post=25714"}],"curies":[{"name":"wp","href":"https:\/\/api.w.org\/{rel}","templated":true}]}}