{"id":25731,"date":"2009-09-19T19:08:29","date_gmt":"2009-09-19T17:08:29","guid":{"rendered":"http:\/\/www.visit-ulcinj.com\/blog\/?p=25731"},"modified":"2009-09-19T19:10:11","modified_gmt":"2009-09-19T17:10:11","slug":"leonora-poloska-aventurat-e-pushimeve-ne-ishujt-e-greqise","status":"publish","type":"post","link":"https:\/\/www.visit-ulcinj.com\/blog\/2009\/09\/19\/leonora-poloska-aventurat-e-pushimeve-ne-ishujt-e-greqise\/","title":{"rendered":"Leonora Poloska:&#8221; Aventurat e pushimeve n\u00eb ishujt e Greqis\u00eb&#8221;"},"content":{"rendered":"<p><a href=\"http:\/\/www.visit-ulcinj.com\/blog\/wp-content\/uploads\/2009\/09\/Leonora-Poloska.6.jpg\"><img loading=\"lazy\" class=\"alignright size-full wp-image-25732\" title=\"Leonora Poloska.6\" src=\"http:\/\/www.visit-ulcinj.com\/blog\/wp-content\/uploads\/2009\/09\/Leonora-Poloska.6.jpg\" alt=\"Leonora Poloska.6\" width=\"337\" height=\"506\" \/><\/a>Sapo \u00ebsht\u00eb kthyer nga pushimet, ku kaloi disa dit\u00eb t\u00eb bukura n\u00eb plazhin e nj\u00eb ishulli shum\u00eb t\u00eb bukur grek, k\u00ebng\u00ebtarja menj\u00ebher\u00eb ka filluar pun\u00ebn p\u00ebr realizimin e k\u00ebng\u00ebve t\u00eb reja, t\u00eb cilat do t\u00eb publikohen gjat\u00eb muajve t\u00eb vazhdim. Pasi publikoi k\u00ebng\u00ebn \u201cS\u2019kam faj\u201d, t\u00eb cil\u00ebn e vizualizoi me videoklip, k\u00ebng\u00eb kjo q\u00eb u b\u00eb hit brenda nj\u00eb kohe shum\u00eb t\u00eb shkurt\u00ebr, Leonora p\u00ebrgatitet p\u00ebr hite t\u00eb radh\u00ebs. Ajo ka pushuar nj\u00eb koh\u00eb t\u00eb shkurt\u00ebr duke mbledhur energjit\u00eb p\u00ebr t\u2019u rikthyer akoma m\u00eb aktive n\u00eb sken\u00eb. Karakteristik\u00eb e ve\u00e7ant\u00eb e k\u00ebng\u00ebtares \u00ebsht\u00eb z\u00ebri, pasi cil\u00ebsohet si vokali m\u00eb i bukur n\u00eb estrad\u00ebn shqiptare. Sensualiteti dhe nj\u00eb doz\u00eb e vog\u00ebl ekstravagance dominon edhe tek klipet e Leonor\u00ebs, gj\u00eb q\u00eb shihet edhe tek klipi i fundit \u201cS\u2019kam faj\u201d, n\u00eb k\u00ebt\u00eb k\u00ebng\u00eb l\u00ebshohet nj\u00eb mesazh p\u00ebr t\u00eb gjith\u00eb femrat q\u00eb dashurojn\u00eb marr\u00ebzisht, q\u00eb t\u00eb luftojn\u00eb p\u00ebr dashurin\u00eb e jet\u00ebs s\u00eb tyre, derisa edhe n\u00eb jet\u00ebn private t\u00eb k\u00ebng\u00ebtares po ndodh di\u00e7ka e re, por vet\u00eb ajo nuk zbulon shum\u00eb detaje, pasi d\u00ebshiron q\u00eb jet\u00ebn private mos e p\u00ebrziej\u00eb m\u00eb at\u00eb publike. P\u00ebr karrier\u00ebn muzikore dhe disa gj\u00ebra t\u00eb ndryshme t\u00eb cilat u interesojn\u00eb lexuesve, Leonora Poloska rr\u00ebfehet n\u00eb nj\u00eb bised\u00eb t\u00eb cil\u00ebn e realizuam p\u00ebr \u201cPanorama plus\u201d.<\/p>\n<p><strong>BLERAND REXHEPI<\/strong><\/p>\n<p><strong>Sapo je kthyer nga pushimi, na trego ku ishe dhe si kalove?<a href=\"http:\/\/www.visit-ulcinj.com\/blog\/wp-content\/uploads\/2009\/09\/Leonora-Poloska..jpg\"><img loading=\"lazy\" class=\"alignleft size-full wp-image-25733\" title=\"Leonora Poloska.\" src=\"http:\/\/www.visit-ulcinj.com\/blog\/wp-content\/uploads\/2009\/09\/Leonora-Poloska..jpg\" alt=\"Leonora Poloska.\" width=\"375\" height=\"250\" \/><\/a><\/strong><br \/>\nIsha n\u00eb Greqi n\u00eb nj\u00eb ishull, kalova shum\u00eb bukur si dhe n\u00eb vende t\u00eb tjera shum\u00eb egzotike, kalova bukur pasi kisha nevoj\u00eb p\u00ebr nj\u00eb qet\u00ebsi shpirt\u00ebrore.<\/p>\n<p><strong>Nje fem\u00ebr e bukur si ju sigurisht q\u00eb nuk i ka kaluar pushimet vet\u00ebm?<\/strong><br \/>\n(Qesh) Kuptohet., me shoq\u00ebri dhe familjen m\u00eb t\u00eb ngusht\u00eb.<\/p>\n<p><strong>Po nga jeta private ka di\u00e7ka t\u00eb re tek Leonora?<\/strong><br \/>\nKa gj\u00ebra t\u00eb reja..<br \/>\n<a href=\"http:\/\/www.visit-ulcinj.com\/blog\/wp-content\/uploads\/2009\/09\/Leonora-Poloska..2.jpg\"><img loading=\"lazy\" class=\"alignleft size-medium wp-image-25735\" title=\"Leonora Poloska..2\" src=\"http:\/\/www.visit-ulcinj.com\/blog\/wp-content\/uploads\/2009\/09\/Leonora-Poloska..2-300x199.jpg\" alt=\"Leonora Poloska..2\" width=\"300\" height=\"199\" \/><\/a><br \/>\n<strong>Vitet kalojn\u00eb.. si thua, kur \u00ebsht\u00eb koha m\u00eb e p\u00ebrshtatshme p\u00ebr martes\u00eb?<\/strong><br \/>\nPo vitet kalojn\u00eb. Ne plakemi, martesa obligim jet\u00ebsor, por ja q\u00eb koh\u00eb t\u00eb p\u00ebrshtatshme nuk ka dhe nuk i dihet n\u00eb koh\u00ebn e sotme.<\/p>\n<p><strong>Thon\u00eb se k\u00ebng\u00ebtaret t\u00eb cilat martohen nuk kan\u00eb sukses t\u00eb mjaftuesh\u00ebm n\u00eb karrier\u00eb, \u00ebsht\u00eb e v\u00ebrtet\u00eb kjo gj\u00eb?<\/strong><br \/>\n(Qesh) Kur t\u00eb martohem do ta zbuloj.<\/p>\n<p><strong>Shum\u00eb artist\u00eb mendojn\u00eb se \u00ebsht\u00eb e v\u00ebshtir\u00eb t\u00eb kesh nj\u00eb lidhje dashurie me nj\u00eb partner q\u00eb po ashtu \u00ebsht\u00eb artist?<\/strong><br \/>\nP\u00ebr mua \u00ebsht\u00eb e pabesushme, njoh shum\u00eb \u00e7ifte t\u00eb t\u00eb nj\u00ebjtit profesion dhe jet\u00ebn e kan\u00eb ART.<\/p>\n<p><strong>Momenti apo rasti m\u00eb romantik q\u00eb i ke falur dikujt dhe e kund\u00ebrta?<\/strong><br \/>\nP\u00ebr nga romantika nuk jam edhe aq shum\u00eb e dh\u00ebn\u00eb, ka gj\u00ebra q\u00eb nuk do t\u00eb<br \/>\nishin edhe aq romantike p\u00ebr dik\u00ebnd, por p\u00ebr mua mbeten t\u00eb paharruara.<\/p>\n<p><strong><a href=\"http:\/\/www.visit-ulcinj.com\/blog\/wp-content\/uploads\/2009\/09\/Leonora-Poloska..4.jpg\"><img loading=\"lazy\" class=\"alignright size-full wp-image-25734\" title=\"Leonora Poloska..4\" src=\"http:\/\/www.visit-ulcinj.com\/blog\/wp-content\/uploads\/2009\/09\/Leonora-Poloska..4.jpg\" alt=\"Leonora Poloska..4\" width=\"172\" height=\"320\" \/><\/a>Cila \u00ebsht\u00eb k\u00ebnga m\u00eb e p\u00ebrzemert q\u00eb keni nga repertori juaj dhe nga koleg\u00ebt e tjer\u00eb q\u00eb ju p\u00eblqejn\u00eb m\u00eb shum\u00eb?<\/strong><br \/>\nHmmm, e ve\u00e7oj nga k\u00ebng\u00ebt e mia \u201cFati im\u201d, m\u00eb duket se edhe koleg\u00ebve kjo u p\u00eblqen pak m\u00eb tep\u00ebr.<\/p>\n<p><strong>Momentalisht pas pushimeve n\u00eb \u00e7ka je fokusuar m\u00eb shum\u00eb?<\/strong><br \/>\nN\u00eb p\u00ebrkushtim maksimal rreth k\u00ebng\u00ebve t\u00eb reja q\u00eb duhet t\u00eb realizohen.<\/p>\n<p><strong>Ke k\u00ebnduar n\u00ebp\u00ebr mbr\u00ebmje muzikore, sa ke qen\u00eb e angazhuar k\u00ebt\u00eb ver\u00eb?<\/strong><br \/>\nPo, kam qen\u00eb e pranishme n\u00eb Maqedoni dhe m\u00eb s\u00eb shumti n\u00eb Kosov\u00eb.<\/p>\n<p><strong>Ndonj\u00eb plan m\u00eb konkret p\u00ebrve\u00e7 muzik\u00ebs n\u00eb aspektin profesional?<\/strong><br \/>\nMuzika \u00ebsht\u00eb hobi im por edhe profesion, tani p\u00ebr tani ende do t\u00eb merrem me k\u00ebndim, e ndoshta me von\u00eb filloj pun\u00ebn si profesoresh\u00eb e muzik\u00ebs, por m\u00eb von\u00eb.<\/p>\n<!--YouTube Error: bad URL entered-->\n","protected":false},"excerpt":{"rendered":"<p>Sapo \u00ebsht\u00eb kthyer nga pushimet, ku kaloi disa dit\u00eb t\u00eb bukura n\u00eb plazhin e nj\u00eb ishulli shum\u00eb t\u00eb bukur grek, k\u00ebng\u00ebtarja menj\u00ebher\u00eb ka filluar pun\u00ebn p\u00ebr realizimin e k\u00ebng\u00ebve t\u00eb reja, t\u00eb cilat do t\u00eb publikohen gjat\u00eb muajve t\u00eb vazhdim. Pasi publikoi k\u00ebng\u00ebn \u201cS\u2019kam faj\u201d, t\u00eb cil\u00ebn e vizualizoi me videoklip, k\u00ebng\u00eb kjo q\u00eb u [&hellip;]<\/p>\n","protected":false},"author":1,"featured_media":0,"comment_status":"open","ping_status":"closed","sticky":false,"template":"","format":"standard","meta":{"spay_email":"","jetpack_publicize_message":"","jetpack_is_tweetstorm":false,"jetpack_publicize_feature_enabled":true},"categories":[1],"tags":[12483],"jetpack_publicize_connections":[],"yoast_head":"<!-- This site is optimized with the Yoast SEO plugin v19.1 - https:\/\/yoast.com\/wordpress\/plugins\/seo\/ -->\n<title>Leonora Poloska:&quot; Aventurat e pushimeve n\u00eb ishujt e Greqis\u00eb&quot; - Lajme nga Ulqini<\/title>\n<meta name=\"description\" content=\"Sapo \u00ebsht\u00eb kthyer nga pushimet, ku kaloi disa dit\u00eb t\u00eb bukura n\u00eb plazhin e nj\u00eb ishulli shum\u00eb t\u00eb bukur grek, k\u00ebng\u00ebtarja menj\u00ebher\u00eb ka filluar pun\u00ebn p\u00ebr\" \/>\n<meta name=\"robots\" content=\"index, follow, max-snippet:-1, max-image-preview:large, max-video-preview:-1\" \/>\n<link rel=\"canonical\" href=\"https:\/\/www.visit-ulcinj.com\/blog\/2009\/09\/19\/leonora-poloska-aventurat-e-pushimeve-ne-ishujt-e-greqise\/\" \/>\n<meta property=\"og:locale\" content=\"en_US\" \/>\n<meta property=\"og:type\" content=\"article\" \/>\n<meta property=\"og:title\" content=\"Leonora Poloska:&quot; Aventurat e pushimeve n\u00eb ishujt e Greqis\u00eb&quot; - Lajme nga Ulqini\" \/>\n<meta property=\"og:description\" content=\"Sapo \u00ebsht\u00eb kthyer nga pushimet, ku kaloi disa dit\u00eb t\u00eb bukura n\u00eb plazhin e nj\u00eb ishulli shum\u00eb t\u00eb bukur grek, k\u00ebng\u00ebtarja menj\u00ebher\u00eb ka filluar pun\u00ebn p\u00ebr\" \/>\n<meta property=\"og:url\" content=\"https:\/\/www.visit-ulcinj.com\/blog\/2009\/09\/19\/leonora-poloska-aventurat-e-pushimeve-ne-ishujt-e-greqise\/\" \/>\n<meta property=\"og:site_name\" content=\"Lajme nga Ulqini\" \/>\n<meta property=\"article:published_time\" content=\"2009-09-19T17:08:29+00:00\" \/>\n<meta property=\"article:modified_time\" content=\"2009-09-19T17:10:11+00:00\" \/>\n<meta property=\"og:image\" content=\"http:\/\/www.visit-ulcinj.com\/blog\/wp-content\/uploads\/2009\/09\/Leonora-Poloska.6.jpg\" \/>\n<meta name=\"twitter:label1\" content=\"Written by\" \/>\n\t<meta name=\"twitter:data1\" content=\"ulqini\" \/>\n\t<meta name=\"twitter:label2\" content=\"Est. reading time\" \/>\n\t<meta name=\"twitter:data2\" content=\"3 minutes\" \/>\n<script type=\"application\/ld+json\" class=\"yoast-schema-graph\">{\"@context\":\"https:\/\/schema.org\",\"@graph\":[{\"@type\":\"WebSite\",\"@id\":\"https:\/\/www.visit-ulcinj.com\/blog\/#website\",\"url\":\"https:\/\/www.visit-ulcinj.com\/blog\/\",\"name\":\"Lajme nga Ulqini\",\"description\":\"Lajme,Vijesti,Ulqini,Ulqin,Crna Gora,Mali i Zi\",\"potentialAction\":[{\"@type\":\"SearchAction\",\"target\":{\"@type\":\"EntryPoint\",\"urlTemplate\":\"https:\/\/www.visit-ulcinj.com\/blog\/?s={search_term_string}\"},\"query-input\":\"required name=search_term_string\"}],\"inLanguage\":\"en-US\"},{\"@type\":\"ImageObject\",\"inLanguage\":\"en-US\",\"@id\":\"https:\/\/www.visit-ulcinj.com\/blog\/2009\/09\/19\/leonora-poloska-aventurat-e-pushimeve-ne-ishujt-e-greqise\/#primaryimage\",\"url\":\"http:\/\/www.visit-ulcinj.com\/blog\/wp-content\/uploads\/2009\/09\/Leonora-Poloska.6.jpg\",\"contentUrl\":\"http:\/\/www.visit-ulcinj.com\/blog\/wp-content\/uploads\/2009\/09\/Leonora-Poloska.6.jpg\"},{\"@type\":\"WebPage\",\"@id\":\"https:\/\/www.visit-ulcinj.com\/blog\/2009\/09\/19\/leonora-poloska-aventurat-e-pushimeve-ne-ishujt-e-greqise\/#webpage\",\"url\":\"https:\/\/www.visit-ulcinj.com\/blog\/2009\/09\/19\/leonora-poloska-aventurat-e-pushimeve-ne-ishujt-e-greqise\/\",\"name\":\"Leonora Poloska:\\\" Aventurat e pushimeve n\u00eb ishujt e Greqis\u00eb\\\" - Lajme nga Ulqini\",\"isPartOf\":{\"@id\":\"https:\/\/www.visit-ulcinj.com\/blog\/#website\"},\"primaryImageOfPage\":{\"@id\":\"https:\/\/www.visit-ulcinj.com\/blog\/2009\/09\/19\/leonora-poloska-aventurat-e-pushimeve-ne-ishujt-e-greqise\/#primaryimage\"},\"datePublished\":\"2009-09-19T17:08:29+00:00\",\"dateModified\":\"2009-09-19T17:10:11+00:00\",\"author\":{\"@id\":\"https:\/\/www.visit-ulcinj.com\/blog\/#\/schema\/person\/dcab619c614d3038751c63bc2aadc06d\"},\"description\":\"Sapo \u00ebsht\u00eb kthyer nga pushimet, ku kaloi disa dit\u00eb t\u00eb bukura n\u00eb plazhin e nj\u00eb ishulli shum\u00eb t\u00eb bukur grek, k\u00ebng\u00ebtarja menj\u00ebher\u00eb ka filluar pun\u00ebn p\u00ebr\",\"breadcrumb\":{\"@id\":\"https:\/\/www.visit-ulcinj.com\/blog\/2009\/09\/19\/leonora-poloska-aventurat-e-pushimeve-ne-ishujt-e-greqise\/#breadcrumb\"},\"inLanguage\":\"en-US\",\"potentialAction\":[{\"@type\":\"ReadAction\",\"target\":[\"https:\/\/www.visit-ulcinj.com\/blog\/2009\/09\/19\/leonora-poloska-aventurat-e-pushimeve-ne-ishujt-e-greqise\/\"]}]},{\"@type\":\"BreadcrumbList\",\"@id\":\"https:\/\/www.visit-ulcinj.com\/blog\/2009\/09\/19\/leonora-poloska-aventurat-e-pushimeve-ne-ishujt-e-greqise\/#breadcrumb\",\"itemListElement\":[{\"@type\":\"ListItem\",\"position\":1,\"name\":\"Leonora Poloska:&#8221; Aventurat e pushimeve n\u00eb ishujt e Greqis\u00eb&#8221;\"}]},{\"@type\":\"Person\",\"@id\":\"https:\/\/www.visit-ulcinj.com\/blog\/#\/schema\/person\/dcab619c614d3038751c63bc2aadc06d\",\"name\":\"ulqini\",\"sameAs\":[\"http:\/\/www.visit-ulcinj.com\"],\"url\":\"https:\/\/www.visit-ulcinj.com\/blog\/author\/admin\/\"}]}<\/script>\n<!-- \/ Yoast SEO plugin. -->","yoast_head_json":{"title":"Leonora Poloska:\" Aventurat e pushimeve n\u00eb ishujt e Greqis\u00eb\" - Lajme nga Ulqini","description":"Sapo \u00ebsht\u00eb kthyer nga pushimet, ku kaloi disa dit\u00eb t\u00eb bukura n\u00eb plazhin e nj\u00eb ishulli shum\u00eb t\u00eb bukur grek, k\u00ebng\u00ebtarja menj\u00ebher\u00eb ka filluar pun\u00ebn p\u00ebr","robots":{"index":"index","follow":"follow","max-snippet":"max-snippet:-1","max-image-preview":"max-image-preview:large","max-video-preview":"max-video-preview:-1"},"canonical":"https:\/\/www.visit-ulcinj.com\/blog\/2009\/09\/19\/leonora-poloska-aventurat-e-pushimeve-ne-ishujt-e-greqise\/","og_locale":"en_US","og_type":"article","og_title":"Leonora Poloska:\" Aventurat e pushimeve n\u00eb ishujt e Greqis\u00eb\" - Lajme nga Ulqini","og_description":"Sapo \u00ebsht\u00eb kthyer nga pushimet, ku kaloi disa dit\u00eb t\u00eb bukura n\u00eb plazhin e nj\u00eb ishulli shum\u00eb t\u00eb bukur grek, k\u00ebng\u00ebtarja menj\u00ebher\u00eb ka filluar pun\u00ebn p\u00ebr","og_url":"https:\/\/www.visit-ulcinj.com\/blog\/2009\/09\/19\/leonora-poloska-aventurat-e-pushimeve-ne-ishujt-e-greqise\/","og_site_name":"Lajme nga Ulqini","article_published_time":"2009-09-19T17:08:29+00:00","article_modified_time":"2009-09-19T17:10:11+00:00","og_image":[{"url":"http:\/\/www.visit-ulcinj.com\/blog\/wp-content\/uploads\/2009\/09\/Leonora-Poloska.6.jpg"}],"twitter_misc":{"Written by":"ulqini","Est. reading time":"3 minutes"},"schema":{"@context":"https:\/\/schema.org","@graph":[{"@type":"WebSite","@id":"https:\/\/www.visit-ulcinj.com\/blog\/#website","url":"https:\/\/www.visit-ulcinj.com\/blog\/","name":"Lajme nga Ulqini","description":"Lajme,Vijesti,Ulqini,Ulqin,Crna Gora,Mali i Zi","potentialAction":[{"@type":"SearchAction","target":{"@type":"EntryPoint","urlTemplate":"https:\/\/www.visit-ulcinj.com\/blog\/?s={search_term_string}"},"query-input":"required name=search_term_string"}],"inLanguage":"en-US"},{"@type":"ImageObject","inLanguage":"en-US","@id":"https:\/\/www.visit-ulcinj.com\/blog\/2009\/09\/19\/leonora-poloska-aventurat-e-pushimeve-ne-ishujt-e-greqise\/#primaryimage","url":"http:\/\/www.visit-ulcinj.com\/blog\/wp-content\/uploads\/2009\/09\/Leonora-Poloska.6.jpg","contentUrl":"http:\/\/www.visit-ulcinj.com\/blog\/wp-content\/uploads\/2009\/09\/Leonora-Poloska.6.jpg"},{"@type":"WebPage","@id":"https:\/\/www.visit-ulcinj.com\/blog\/2009\/09\/19\/leonora-poloska-aventurat-e-pushimeve-ne-ishujt-e-greqise\/#webpage","url":"https:\/\/www.visit-ulcinj.com\/blog\/2009\/09\/19\/leonora-poloska-aventurat-e-pushimeve-ne-ishujt-e-greqise\/","name":"Leonora Poloska:\" Aventurat e pushimeve n\u00eb ishujt e Greqis\u00eb\" - Lajme nga Ulqini","isPartOf":{"@id":"https:\/\/www.visit-ulcinj.com\/blog\/#website"},"primaryImageOfPage":{"@id":"https:\/\/www.visit-ulcinj.com\/blog\/2009\/09\/19\/leonora-poloska-aventurat-e-pushimeve-ne-ishujt-e-greqise\/#primaryimage"},"datePublished":"2009-09-19T17:08:29+00:00","dateModified":"2009-09-19T17:10:11+00:00","author":{"@id":"https:\/\/www.visit-ulcinj.com\/blog\/#\/schema\/person\/dcab619c614d3038751c63bc2aadc06d"},"description":"Sapo \u00ebsht\u00eb kthyer nga pushimet, ku kaloi disa dit\u00eb t\u00eb bukura n\u00eb plazhin e nj\u00eb ishulli shum\u00eb t\u00eb bukur grek, k\u00ebng\u00ebtarja menj\u00ebher\u00eb ka filluar pun\u00ebn p\u00ebr","breadcrumb":{"@id":"https:\/\/www.visit-ulcinj.com\/blog\/2009\/09\/19\/leonora-poloska-aventurat-e-pushimeve-ne-ishujt-e-greqise\/#breadcrumb"},"inLanguage":"en-US","potentialAction":[{"@type":"ReadAction","target":["https:\/\/www.visit-ulcinj.com\/blog\/2009\/09\/19\/leonora-poloska-aventurat-e-pushimeve-ne-ishujt-e-greqise\/"]}]},{"@type":"BreadcrumbList","@id":"https:\/\/www.visit-ulcinj.com\/blog\/2009\/09\/19\/leonora-poloska-aventurat-e-pushimeve-ne-ishujt-e-greqise\/#breadcrumb","itemListElement":[{"@type":"ListItem","position":1,"name":"Leonora Poloska:&#8221; Aventurat e pushimeve n\u00eb ishujt e Greqis\u00eb&#8221;"}]},{"@type":"Person","@id":"https:\/\/www.visit-ulcinj.com\/blog\/#\/schema\/person\/dcab619c614d3038751c63bc2aadc06d","name":"ulqini","sameAs":["http:\/\/www.visit-ulcinj.com"],"url":"https:\/\/www.visit-ulcinj.com\/blog\/author\/admin\/"}]}},"jetpack_featured_media_url":"","jetpack_sharing_enabled":true,"jetpack_shortlink":"https:\/\/wp.me\/pe6lTn-6H1","_links":{"self":[{"href":"https:\/\/www.visit-ulcinj.com\/blog\/wp-json\/wp\/v2\/posts\/25731"}],"collection":[{"href":"https:\/\/www.visit-ulcinj.com\/blog\/wp-json\/wp\/v2\/posts"}],"about":[{"href":"https:\/\/www.visit-ulcinj.com\/blog\/wp-json\/wp\/v2\/types\/post"}],"author":[{"embeddable":true,"href":"https:\/\/www.visit-ulcinj.com\/blog\/wp-json\/wp\/v2\/users\/1"}],"replies":[{"embeddable":true,"href":"https:\/\/www.visit-ulcinj.com\/blog\/wp-json\/wp\/v2\/comments?post=25731"}],"version-history":[{"count":0,"href":"https:\/\/www.visit-ulcinj.com\/blog\/wp-json\/wp\/v2\/posts\/25731\/revisions"}],"wp:attachment":[{"href":"https:\/\/www.visit-ulcinj.com\/blog\/wp-json\/wp\/v2\/media?parent=25731"}],"wp:term":[{"taxonomy":"category","embeddable":true,"href":"https:\/\/www.visit-ulcinj.com\/blog\/wp-json\/wp\/v2\/categories?post=25731"},{"taxonomy":"post_tag","embeddable":true,"href":"https:\/\/www.visit-ulcinj.com\/blog\/wp-json\/wp\/v2\/tags?post=25731"}],"curies":[{"name":"wp","href":"https:\/\/api.w.org\/{rel}","templated":true}]}}